{"id":36512,"date":"2024-07-05T08:00:53","date_gmt":"2024-07-05T06:00:53","guid":{"rendered":"https:\/\/www.brw.pl\/blog\/?p=36512"},"modified":"2024-07-29T15:23:43","modified_gmt":"2024-07-29T13:23:43","slug":"jak-urzadzic-funkcjonalny-pokoj-dla-nastolatka-postaw-na-meble-homeland","status":"publish","type":"post","link":"https:\/\/www.brw.pl\/blog\/jak-urzadzic-funkcjonalny-pokoj-dla-nastolatka-postaw-na-meble-homeland\/","title":{"rendered":"Jak urz\u0105dzi\u0107 funkcjonalny pok\u00f3j dla nastolatka? Postaw na meble Homeland!"},"content":{"rendered":"<p><strong>W jaki spos\u00f3b zaaran\u017cowa\u0107 pok\u00f3j dla kilkunastolatka? Nastoletni lokator ma inne potrzeby ni\u017c przedszkolak. Nale\u017c\u0105ca do niego przestrze\u0144 powinna odzwierciedla\u0107 jego pasje i osobowo\u015b\u0107, ale przede wszystkim musi by\u0107 funkcjonalna. Jak urz\u0105dzi\u0107 pok\u00f3j m\u0142odzie\u017cowy? Z pomoc\u0105 przyjdzie Ci kolekcja Homeland od Black Red White. Dodatkowo zaprezentujemy kilka innych nowo\u015bci z oferty BRW.\u00a0<\/strong><\/p>\n<p><!--more--><\/p>\n<p><center><img decoding=\"async\" class=\"alignnone size-medium wp-image-36513 lazyload\" data-src=\"https:\/\/www.brw.pl\/blog\/wp-content\/uploads\/2024\/07\/glowne-lozko-homeland-100x200-z-szufladami-bialy-dab-artisan-xlargeb-800x450.jpg\" alt=\"Kolekcja Homeland - aran\u017cacja pokoju m\u0142odzie\u017cowego\" width=\"800\" height=\"450\" data-srcset=\"https:\/\/www.brw.pl\/blog\/wp-content\/uploads\/2024\/07\/glowne-lozko-homeland-100x200-z-szufladami-bialy-dab-artisan-xlargeb-800x450.jpg 800w, https:\/\/www.brw.pl\/blog\/wp-content\/uploads\/2024\/07\/glowne-lozko-homeland-100x200-z-szufladami-bialy-dab-artisan-xlargeb-768x432.jpg 768w, https:\/\/www.brw.pl\/blog\/wp-content\/uploads\/2024\/07\/glowne-lozko-homeland-100x200-z-szufladami-bialy-dab-artisan-xlargeb-1536x864.jpg 1536w, https:\/\/www.brw.pl\/blog\/wp-content\/uploads\/2024\/07\/glowne-lozko-homeland-100x200-z-szufladami-bialy-dab-artisan-xlargeb.jpg 1920w\" data-sizes=\"(max-width: 800px) 100vw, 800px\" src=\"data:image\/svg+xml;base64,PHN2ZyB3aWR0aD0iMSIgaGVpZ2h0PSIxIiB4bWxucz0iaHR0cDovL3d3dy53My5vcmcvMjAwMC9zdmciPjwvc3ZnPg==\" style=\"--smush-placeholder-width: 800px; --smush-placeholder-aspect-ratio: 800\/450;\" \/><\/center><\/p>\n<p style=\"text-align: center;\">Meble z <a href=\"https:\/\/www.brw.pl\/kolekcja-homeland,873\" target=\"_blank\" rel=\"noopener\"><strong>KOLEKCJI HOMELAND<\/strong><\/a><\/p>\n<h2><strong>Pok\u00f3j m\u0142odzie\u017cowy dla nastolatka: jak sprosta\u0107 temu wyzwaniu?<\/strong><\/h2>\n<p>Wystr\u00f3j pokoju przeznaczonego dla m\u0142odego cz\u0142owieka w wieku dojrzewania jest specyficzny. Na pewno nie mo\u017cesz urz\u0105dza\u0107 takiego wn\u0119trza bez konsultacji z synem. Pami\u0119taj, aby wzi\u0105\u0107 pod uwag\u0119 jego zdanie, je\u015bli chcesz, aby dobrze czu\u0142 si\u0119 w swoim pokoju.<\/p>\n<p><strong>Za funkcjonalno\u015b\u0107 prywatnego azylu nastolatka odpowiadaj\u0105 g\u0142\u00f3wnie meble. Powinny by\u0107 starannie wykonane z materia\u0142\u00f3w dobrej jako\u015bci, aby pos\u0142u\u017cy\u0142y jak najd\u0142u\u017cej. Musz\u0105 by\u0107 tak\u017ce ergonomiczne, zapewnia\u0107 wystarczaj\u0105co du\u017co miejsca do przechowywania oraz pasowa\u0107 do siebie, \u017ceby aran\u017cacja by\u0142a sp\u00f3jna.<\/strong> Je\u017celi ch\u0142opak lubi industrialny klimat, warto postawi\u0107 na drewniane meble z metalowymi, czarnymi komponentami. Woli jasne wn\u0119trza w stylu skandynawskim? Drewno w naturalnym kolorze z widocznym rysunkiem us\u0142ojenia zestaw z bia\u0142ymi powierzchniami.\u00a0Gotowe kolekcje mebli m\u0142odzie\u017cowych z pewno\u015bci\u0105 zdadz\u0105 egzamin.<\/p>\n<p><strong>W\u00a0pokoju dziecka dorastaj\u0105cego bardzo wa\u017cne s\u0105 te\u017c dodatki. To one nadaj\u0105 przestrzeni indywidualny charakter i pobudzaj\u0105 do bycia bardziej kreatywnym. Pozwalaj\u0105 nastolatkowi wyrazi\u0107 siebie &#8211; zdradzaj\u0105 jego pogl\u0105dy oraz zainteresowania.<\/strong> Dlatego aran\u017cuj\u0105c wn\u0119trze, nie zapomnij uwzgl\u0119dni\u0107 dekoracyjnych przedmiot\u00f3w tak, \u017ceby Twoja latoro\u015bl mia\u0142a gdzie powiesi\u0107 <a href=\"https:\/\/www.brw.pl\/dekoracje\/dekoracje-scienne\/plakaty\/\" target=\"_blank\" rel=\"noopener\">plakat<\/a> czy wyeksponowa\u0107 kolekcj\u0119 w\u0142asnor\u0119cznie sklejonych modeli pojazd\u00f3w.<\/p>\n<div style=\"display: flex; align-items: center; justify-content: center; text-align: center;\">\n<figure id=\"attachment_36646\" aria-describedby=\"caption-attachment-36646\" style=\"width: 402px\" class=\"wp-caption aligncenter\"><a href=\"https:\/\/www.brw.pl\/obraz-stairs-50x50cm,193788\" target=\"_blank\" rel=\"noopener noreferrer\"><img decoding=\"async\" class=\"wp-image-36646 lazyload\" data-src=\"https:\/\/www.brw.pl\/blog\/wp-content\/uploads\/2024\/07\/obraz-stairs-50x50cm-slargea.jpg\" alt=\"Obraz Stairs\" width=\"402\" height=\"302\" data-srcset=\"https:\/\/www.brw.pl\/blog\/wp-content\/uploads\/2024\/07\/obraz-stairs-50x50cm-slargea.jpg 798w, https:\/\/www.brw.pl\/blog\/wp-content\/uploads\/2024\/07\/obraz-stairs-50x50cm-slargea-768x577.jpg 768w\" data-sizes=\"(max-width: 402px) 100vw, 402px\" src=\"data:image\/svg+xml;base64,PHN2ZyB3aWR0aD0iMSIgaGVpZ2h0PSIxIiB4bWxucz0iaHR0cDovL3d3dy53My5vcmcvMjAwMC9zdmciPjwvc3ZnPg==\" style=\"--smush-placeholder-width: 402px; --smush-placeholder-aspect-ratio: 402\/302;\" \/><\/a><figcaption id=\"caption-attachment-36646\" class=\"wp-caption-text\"><a href=\"https:\/\/www.brw.pl\/obraz-stairs-50x50cm,193788\" target=\"_blank\" rel=\"noopener noreferrer\"><span style=\"font-weight: 400;\">OBRAZ &#8222;STAIRS&#8221;<\/span><\/a><\/figcaption><\/figure>\n<\/div>\n<p>&nbsp;<\/p>\n<div style=\"display: flex; align-items: center; justify-content: center; text-align: center;\">\n<figure id=\"attachment_32761\" aria-describedby=\"caption-attachment-32761\" style=\"width: 402px\" class=\"wp-caption aligncenter\"><a href=\"https:\/\/www.brw.pl\/podporka-do-ksiazek-ha-ha-hermes,54100\" target=\"_blank\" rel=\"noopener noreferrer\"><img decoding=\"async\" class=\"wp-image-32761 lazyload\" data-src=\"https:\/\/www.brw.pl\/blog\/wp-content\/uploads\/2023\/05\/podporka-do-ksiazek-ha-hermes.jpg\" alt=\"Podp\u00f3rka do ksi\u0105\u017cek Ha Hermes\" width=\"402\" height=\"302\" src=\"data:image\/svg+xml;base64,PHN2ZyB3aWR0aD0iMSIgaGVpZ2h0PSIxIiB4bWxucz0iaHR0cDovL3d3dy53My5vcmcvMjAwMC9zdmciPjwvc3ZnPg==\" style=\"--smush-placeholder-width: 402px; --smush-placeholder-aspect-ratio: 402\/302;\" \/><\/a><figcaption id=\"caption-attachment-32761\" class=\"wp-caption-text\"><a href=\"https:\/\/www.brw.pl\/podporka-do-ksiazek-ha-ha-hermes,54100\" target=\"_blank\" rel=\"noopener noreferrer\"><span style=\"font-weight: 400;\">PODP\u00d3RKA DO KSI\u0104\u017bEK HA HA HERMES<\/span><\/a><\/figcaption><\/figure>\n<\/div>\n<h2><strong>Funkcjonalne meble w pokoju nastolatka, czyli jakie?<\/strong><\/h2>\n<p>W pierwszej kolejno\u015bci\u00a0zastan\u00f3wcie si\u0119, jak podzieli\u0107 pomieszczenie na strefy.<\/p>\n<p>Przyda si\u0119\u00a0k\u0105cik wypoczynkowy z <a href=\"https:\/\/www.brw.pl\/meble\/lozka\/\" target=\"_blank\" rel=\"noopener\"><strong>\u0142\u00f3\u017ckiem<\/strong><\/a> b\u0105d\u017a <strong>kanap\u0105<\/strong>. Gdy metra\u017c na to pozwala, dodatkowo zainwestuj w wygodny <a href=\"https:\/\/www.brw.pl\/meble\/meble-wypoczynkowe\/fotele\/\" target=\"_blank\" rel=\"noopener\"><strong>fotel<\/strong><\/a>, kt\u00f3ry sprawi, \u017ce czytanie lektur szkolnych stanie si\u0119 znacznie przyjemniejsze. Strza\u0142em w dziesi\u0105tk\u0119 b\u0119d\u0105 r\u00f3wnie\u017c <a href=\"https:\/\/www.brw.pl\/meble\/meble-wypoczynkowe\/pufy\/\" target=\"_blank\" rel=\"noopener\"><strong>pufy<\/strong><\/a> &#8211; zagwarantuj\u0105\u00a0dodatkowe miejsca do siedzenia podczas spotka\u0144 z przyjaci\u00f3\u0142mi.<\/p>\n<div style=\"display: flex; align-items: center; justify-content: center; text-align: center;\">\n<figure id=\"attachment_29731\" aria-describedby=\"caption-attachment-29731\" style=\"width: 400px\" class=\"wp-caption aligncenter\"><a href=\"https:\/\/www.brw.pl\/fotel-z-funkcja-relaks-turku,46487\" target=\"_blank\" rel=\"noopener noreferrer\"><img decoding=\"async\" class=\"wp-image-29731 lazyload\" data-src=\"https:\/\/www.brw.pl\/blog\/wp-content\/uploads\/2023\/01\/fotel-turku-mediumb.jpg\" alt=\"Fotel Turku\" width=\"400\" height=\"300\" src=\"data:image\/svg+xml;base64,PHN2ZyB3aWR0aD0iMSIgaGVpZ2h0PSIxIiB4bWxucz0iaHR0cDovL3d3dy53My5vcmcvMjAwMC9zdmciPjwvc3ZnPg==\" style=\"--smush-placeholder-width: 400px; --smush-placeholder-aspect-ratio: 400\/300;\" \/><\/a><figcaption id=\"caption-attachment-29731\" class=\"wp-caption-text\"><a href=\"https:\/\/www.brw.pl\/fotel-z-funkcja-relaks-turku,46487\" target=\"_blank\" rel=\"noopener noreferrer\"><span style=\"font-weight: 400;\">FOTEL TURKU<\/span><\/a><\/figcaption><\/figure>\n<\/div>\n<p>&nbsp;<\/p>\n<div style=\"display: flex; align-items: center; justify-content: center; text-align: center;\">\n<figure id=\"attachment_36529\" aria-describedby=\"caption-attachment-36529\" style=\"width: 402px\" class=\"wp-caption aligncenter\"><a href=\"https:\/\/www.brw.pl\/puf-worek-sako-amor-zielony,78334\" target=\"_blank\" rel=\"noopener noreferrer\"><img decoding=\"async\" class=\"wp-image-36529 lazyload\" data-src=\"https:\/\/www.brw.pl\/blog\/wp-content\/uploads\/2024\/07\/puf-worek-sako-amor-zielony-slargeb.jpg\" alt=\"Puf Amor\" width=\"402\" height=\"302\" data-srcset=\"https:\/\/www.brw.pl\/blog\/wp-content\/uploads\/2024\/07\/puf-worek-sako-amor-zielony-slargeb.jpg 798w, https:\/\/www.brw.pl\/blog\/wp-content\/uploads\/2024\/07\/puf-worek-sako-amor-zielony-slargeb-768x577.jpg 768w\" data-sizes=\"(max-width: 402px) 100vw, 402px\" src=\"data:image\/svg+xml;base64,PHN2ZyB3aWR0aD0iMSIgaGVpZ2h0PSIxIiB4bWxucz0iaHR0cDovL3d3dy53My5vcmcvMjAwMC9zdmciPjwvc3ZnPg==\" style=\"--smush-placeholder-width: 402px; --smush-placeholder-aspect-ratio: 402\/302;\" \/><\/a><figcaption id=\"caption-attachment-36529\" class=\"wp-caption-text\"><a href=\"https:\/\/www.brw.pl\/puf-worek-sako-amor-zielony,78334\" target=\"_blank\" rel=\"noopener noreferrer\"><span style=\"font-weight: 400;\">PUF AMOR<\/span><\/a><\/figcaption><\/figure>\n<\/div>\n<p>Strefa s\u0142u\u017c\u0105ca do nauki jest nie mniej istotna. Ulokuj w niej <a href=\"https:\/\/www.brw.pl\/meble\/meble-biurowe\/biurka\/\" target=\"_blank\" rel=\"noopener\"><strong>biurko<\/strong><\/a>, na kt\u00f3rym zmieszcz\u0105 si\u0119 podr\u0119czniki, zeszyty, r\u00f3\u017cne akcesoria do pisania, rysowania, liczenia, mierzenia oraz laptop. Poszukaj modelu wyposa\u017conego w szuflady i szafki lub zadbaj o to, by w pobli\u017cu stan\u0119\u0142a\u00a0<a href=\"https:\/\/www.brw.pl\/meble\/przechowywanie\/komody\/\" target=\"_blank\" rel=\"noopener\"><strong>komoda<\/strong><\/a>, gdzie nastolatek ukryje swoje przybory do nauki. Do biurka dobierz jeszcze odpowiednio wyprofilowany <a href=\"https:\/\/www.brw.pl\/meble\/meble-biurowe\/fotele-i-krzesla-biurowe\/\" target=\"_blank\" rel=\"noopener\"><strong>fotel obrotowy<\/strong><\/a>.<\/p>\n<div style=\"display: flex; align-items: center; justify-content: center; text-align: center;\">\n<figure id=\"attachment_36530\" aria-describedby=\"caption-attachment-36530\" style=\"width: 402px\" class=\"wp-caption aligncenter\"><a href=\"https:\/\/www.brw.pl\/biurko-lamea-120-cm-z-drzwiami-i-szuflada-dab-artisan,209885\" target=\"_blank\" rel=\"noopener noreferrer\"><img decoding=\"async\" class=\"wp-image-36530 lazyload\" data-src=\"https:\/\/www.brw.pl\/blog\/wp-content\/uploads\/2024\/07\/biurko-lamea-120-cm-z-drzwiami-i-szuflada-dab-artisan-slargeb.jpg\" alt=\"Biurko Lamea\" width=\"402\" height=\"302\" data-srcset=\"https:\/\/www.brw.pl\/blog\/wp-content\/uploads\/2024\/07\/biurko-lamea-120-cm-z-drzwiami-i-szuflada-dab-artisan-slargeb.jpg 798w, https:\/\/www.brw.pl\/blog\/wp-content\/uploads\/2024\/07\/biurko-lamea-120-cm-z-drzwiami-i-szuflada-dab-artisan-slargeb-768x577.jpg 768w\" data-sizes=\"(max-width: 402px) 100vw, 402px\" src=\"data:image\/svg+xml;base64,PHN2ZyB3aWR0aD0iMSIgaGVpZ2h0PSIxIiB4bWxucz0iaHR0cDovL3d3dy53My5vcmcvMjAwMC9zdmciPjwvc3ZnPg==\" style=\"--smush-placeholder-width: 402px; --smush-placeholder-aspect-ratio: 402\/302;\" \/><\/a><figcaption id=\"caption-attachment-36530\" class=\"wp-caption-text\"><a href=\"https:\/\/www.brw.pl\/biurko-lamea-120-cm-z-drzwiami-i-szuflada-dab-artisan,209885\" target=\"_blank\" rel=\"noopener noreferrer\"><span style=\"font-weight: 400;\">BIURKO LAMEA<\/span><\/a><\/figcaption><\/figure>\n<\/div>\n<p>&nbsp;<\/p>\n<div style=\"display: flex; align-items: center; justify-content: center; text-align: center;\">\n<div class=\"mceTemp\"><\/div>\n<div style=\"display: flex; align-items: center; justify-content: center; text-align: center;\">\n<figure id=\"attachment_36621\" aria-describedby=\"caption-attachment-36621\" style=\"width: 401px\" class=\"wp-caption aligncenter\"><a href=\"https:\/\/www.brw.pl\/fotel-obrotowy-porta-bis-szary,75932\" target=\"_blank\" rel=\"noopener noreferrer\"><img decoding=\"async\" class=\"wp-image-36621 lazyload\" data-src=\"https:\/\/www.brw.pl\/blog\/wp-content\/uploads\/2024\/07\/fotel-obrotowy-porta-bis-szary-slargeb.jpg\" alt=\"Fotel obrotowy Porta Bis szary\" width=\"401\" height=\"302\" data-srcset=\"https:\/\/www.brw.pl\/blog\/wp-content\/uploads\/2024\/07\/fotel-obrotowy-porta-bis-szary-slargeb.jpg 798w, https:\/\/www.brw.pl\/blog\/wp-content\/uploads\/2024\/07\/fotel-obrotowy-porta-bis-szary-slargeb-768x577.jpg 768w\" data-sizes=\"(max-width: 401px) 100vw, 401px\" src=\"data:image\/svg+xml;base64,PHN2ZyB3aWR0aD0iMSIgaGVpZ2h0PSIxIiB4bWxucz0iaHR0cDovL3d3dy53My5vcmcvMjAwMC9zdmciPjwvc3ZnPg==\" style=\"--smush-placeholder-width: 401px; --smush-placeholder-aspect-ratio: 401\/302;\" \/><\/a><figcaption id=\"caption-attachment-36621\" class=\"wp-caption-text\"><a href=\"https:\/\/www.brw.pl\/fotel-obrotowy-porta-bis-szary,75932\" target=\"_blank\" rel=\"noopener noreferrer\"><span style=\"font-weight: 400;\">FOTEL OBROTOWY PORTA BIS<\/span><\/a><\/figcaption><\/figure>\n<\/div>\n<\/div>\n<p>&nbsp;<\/p>\n<div style=\"display: flex; align-items: center; justify-content: center; text-align: center;\">\n<figure id=\"attachment_36531\" aria-describedby=\"caption-attachment-36531\" style=\"width: 400px\" class=\"wp-caption aligncenter\"><a href=\"https:\/\/www.brw.pl\/komoda-bellano-94-cm-z-2-drzwiami-i-2-szufladami-dab-evok-czarny,260530\" target=\"_blank\" rel=\"noopener noreferrer\"><img decoding=\"async\" class=\"wp-image-36531 lazyload\" data-src=\"https:\/\/www.brw.pl\/blog\/wp-content\/uploads\/2024\/07\/komoda-bellano-94-cm-z-2-drzwiami-i-2-szufladami-dab-evok-czarny-slargeb.jpg\" alt=\"Komoda Bellano\" width=\"400\" height=\"301\" data-srcset=\"https:\/\/www.brw.pl\/blog\/wp-content\/uploads\/2024\/07\/komoda-bellano-94-cm-z-2-drzwiami-i-2-szufladami-dab-evok-czarny-slargeb.jpg 798w, https:\/\/www.brw.pl\/blog\/wp-content\/uploads\/2024\/07\/komoda-bellano-94-cm-z-2-drzwiami-i-2-szufladami-dab-evok-czarny-slargeb-768x577.jpg 768w\" data-sizes=\"(max-width: 400px) 100vw, 400px\" src=\"data:image\/svg+xml;base64,PHN2ZyB3aWR0aD0iMSIgaGVpZ2h0PSIxIiB4bWxucz0iaHR0cDovL3d3dy53My5vcmcvMjAwMC9zdmciPjwvc3ZnPg==\" style=\"--smush-placeholder-width: 400px; --smush-placeholder-aspect-ratio: 400\/301;\" \/><\/a><figcaption id=\"caption-attachment-36531\" class=\"wp-caption-text\"><a href=\"https:\/\/www.brw.pl\/komoda-bellano-94-cm-z-2-drzwiami-i-2-szufladami-dab-evok-czarny,260530\" target=\"_blank\" rel=\"noopener noreferrer\"><span style=\"font-weight: 400;\">KOMODA BELLANO<\/span><\/a><\/figcaption><\/figure>\n<\/div>\n<p>Rozejrzyj si\u0119 za du\u017c\u0105 <a href=\"https:\/\/www.brw.pl\/meble\/szafy\/\" target=\"_blank\" rel=\"noopener\"><strong>szaf\u0105<\/strong><\/a> na ubrania, najlepiej na tyle pojemn\u0105, \u017ceby znalaz\u0142o si\u0119 w niej miejsce na dodatkowe rzeczy, na przyk\u0142ad sprz\u0119t sportowy (pi\u0142ki do koszyk\u00f3wki, siatk\u00f3wki czy footballu, rolki, hantle&#8230;). Dobrym pomys\u0142em b\u0119dzie <a href=\"https:\/\/www.brw.pl\/meble\/przechowywanie\/regaly\/\" target=\"_blank\" rel=\"noopener\"><strong>rega\u0142<\/strong><\/a> na ksi\u0105\u017cki i rozmaite drobiazgi.<\/p>\n<div style=\"display: flex; align-items: center; justify-content: center; text-align: center;\">\n<figure id=\"attachment_36532\" aria-describedby=\"caption-attachment-36532\" style=\"width: 402px\" class=\"wp-caption aligncenter\"><a href=\"https:\/\/www.brw.pl\/szafa-trzydrzwiowa-raven-144-cm-z-3-szufladami-dab-szlachetny,242550\" target=\"_blank\" rel=\"noopener noreferrer\"><img decoding=\"async\" class=\"wp-image-36532 lazyload\" data-src=\"https:\/\/www.brw.pl\/blog\/wp-content\/uploads\/2024\/07\/szafa-trzydrzwiowa-raven-144-cm-z-3-szufladami-dab-szlachetny-slargeb.jpg\" alt=\"Szafa Raven\" width=\"402\" height=\"302\" data-srcset=\"https:\/\/www.brw.pl\/blog\/wp-content\/uploads\/2024\/07\/szafa-trzydrzwiowa-raven-144-cm-z-3-szufladami-dab-szlachetny-slargeb.jpg 798w, https:\/\/www.brw.pl\/blog\/wp-content\/uploads\/2024\/07\/szafa-trzydrzwiowa-raven-144-cm-z-3-szufladami-dab-szlachetny-slargeb-768x577.jpg 768w\" data-sizes=\"(max-width: 402px) 100vw, 402px\" src=\"data:image\/svg+xml;base64,PHN2ZyB3aWR0aD0iMSIgaGVpZ2h0PSIxIiB4bWxucz0iaHR0cDovL3d3dy53My5vcmcvMjAwMC9zdmciPjwvc3ZnPg==\" style=\"--smush-placeholder-width: 402px; --smush-placeholder-aspect-ratio: 402\/302;\" \/><\/a><figcaption id=\"caption-attachment-36532\" class=\"wp-caption-text\"><a href=\"https:\/\/www.brw.pl\/szafa-trzydrzwiowa-raven-144-cm-z-3-szufladami-dab-szlachetny,242550\" target=\"_blank\" rel=\"noopener noreferrer\"><span style=\"font-weight: 400;\">SZAFA RAVEN<\/span><\/a><\/figcaption><\/figure>\n<\/div>\n<p>&nbsp;<\/p>\n<div style=\"display: flex; align-items: center; justify-content: center; text-align: center;\">\n<figure id=\"attachment_36533\" aria-describedby=\"caption-attachment-36533\" style=\"width: 402px\" class=\"wp-caption aligncenter\"><a href=\"https:\/\/www.brw.pl\/regal-ricciano-65-cm-z-drzwiami-i-polkami-beton-ciemnoszary-dab-klepkowy,242579\" target=\"_blank\" rel=\"noopener noreferrer\"><img decoding=\"async\" class=\"wp-image-36533 lazyload\" data-src=\"https:\/\/www.brw.pl\/blog\/wp-content\/uploads\/2024\/07\/regal-ricciano-65-cm-z-drzwiami-i-polkami-beton-ciemnoszary-dab-klepkowy-slargeb.jpg\" alt=\"Rega\u0142 Ricciano\" width=\"402\" height=\"302\" data-srcset=\"https:\/\/www.brw.pl\/blog\/wp-content\/uploads\/2024\/07\/regal-ricciano-65-cm-z-drzwiami-i-polkami-beton-ciemnoszary-dab-klepkowy-slargeb.jpg 798w, https:\/\/www.brw.pl\/blog\/wp-content\/uploads\/2024\/07\/regal-ricciano-65-cm-z-drzwiami-i-polkami-beton-ciemnoszary-dab-klepkowy-slargeb-768x577.jpg 768w\" data-sizes=\"(max-width: 402px) 100vw, 402px\" src=\"data:image\/svg+xml;base64,PHN2ZyB3aWR0aD0iMSIgaGVpZ2h0PSIxIiB4bWxucz0iaHR0cDovL3d3dy53My5vcmcvMjAwMC9zdmciPjwvc3ZnPg==\" style=\"--smush-placeholder-width: 402px; --smush-placeholder-aspect-ratio: 402\/302;\" \/><\/a><figcaption id=\"caption-attachment-36533\" class=\"wp-caption-text\"><a href=\"https:\/\/www.brw.pl\/regal-ricciano-65-cm-z-drzwiami-i-polkami-beton-ciemnoszary-dab-klepkowy,242579\" target=\"_blank\" rel=\"noopener noreferrer\"><span style=\"font-weight: 400;\">REGA\u0141 RICCIANO<\/span><\/a><\/figcaption><\/figure>\n<\/div>\n<p>Metra\u017c pokoju Twojego dziecka jest raczej skromny, ale pomieszczenie ma wysoki sufit? Zastan\u00f3w si\u0119 nad antresol\u0105. Mo\u017cesz j\u0105 wykorzysta\u0107 jako sypialni\u0119 i umie\u015bci\u0107 na niej \u0142\u00f3\u017cko, a pod ni\u0105 zorganizowa\u0107 stref\u0119 nauki z biurkiem.<\/p>\n<blockquote><p>M\u0142odzie\u017cowy pok\u00f3j o niewielkim metra\u017cu wymaga zastosowania niejednego optycznego triku, kt\u00f3ry sprawi, \u017ce przestrze\u0144 wyda si\u0119 wi\u0119ksza. Pomog\u0105 Ci w tym lustra, jasna paleta barw, minimalizm w odniesieniu do dodatk\u00f3w &#8211; podpowiada ekspert Black Red White.<\/p><\/blockquote>\n<h2><strong>Homeland: meble, z kt\u00f3rymi urz\u0105dzisz praktyczn\u0105 sypialni\u0119 m\u0142odzie\u017cow\u0105<\/strong><\/h2>\n<p><center><img decoding=\"async\" class=\"alignnone size-medium wp-image-36514 lazyload\" data-src=\"https:\/\/www.brw.pl\/blog\/wp-content\/uploads\/2024\/07\/biurko-z-komoda-homeland-150-cm-dab-artisan-bialy-grafit-xlargeb-800x450.jpg\" alt=\"Biurko z komod\u0105 Homeland - aran\u017cacja\" width=\"800\" height=\"450\" data-srcset=\"https:\/\/www.brw.pl\/blog\/wp-content\/uploads\/2024\/07\/biurko-z-komoda-homeland-150-cm-dab-artisan-bialy-grafit-xlargeb-800x450.jpg 800w, https:\/\/www.brw.pl\/blog\/wp-content\/uploads\/2024\/07\/biurko-z-komoda-homeland-150-cm-dab-artisan-bialy-grafit-xlargeb-768x432.jpg 768w, https:\/\/www.brw.pl\/blog\/wp-content\/uploads\/2024\/07\/biurko-z-komoda-homeland-150-cm-dab-artisan-bialy-grafit-xlargeb-1536x864.jpg 1536w, https:\/\/www.brw.pl\/blog\/wp-content\/uploads\/2024\/07\/biurko-z-komoda-homeland-150-cm-dab-artisan-bialy-grafit-xlargeb.jpg 1920w\" data-sizes=\"(max-width: 800px) 100vw, 800px\" src=\"data:image\/svg+xml;base64,PHN2ZyB3aWR0aD0iMSIgaGVpZ2h0PSIxIiB4bWxucz0iaHR0cDovL3d3dy53My5vcmcvMjAwMC9zdmciPjwvc3ZnPg==\" style=\"--smush-placeholder-width: 800px; --smush-placeholder-aspect-ratio: 800\/450;\" \/><\/center>&nbsp;<\/p>\n<p>Homeland to kolekcja stworzona z my\u015bl\u0105 o m\u0142odzie\u017cy. U\u0142atwi\u00a0Ci zaaran\u017cowanie zar\u00f3wno ma\u0142ego, minimalistycznego wn\u0119trza, jak i bardziej przestronnego pokoju. <strong>Wizyt\u00f3wk\u0105 mebli Homeland jest funkcjonalno\u015b\u0107 oraz nowoczesny design ze skandynawsk\u0105 nut\u0105. <\/strong>Kolekcja zwraca uwag\u0119 efektownym po\u0142\u0105czeniem jasnego, naturalnie us\u0142ojonego drewna w odcieniu\u00a0<em>d\u0105b artisan<\/em> z bia\u0142ymi elementami.<\/p>\n<h3 style=\"text-align: center;\"><strong>\u0141\u00f3\u017cko dla nastolatka: wygoda spania, funkcjonalno\u015b\u0107 przechowywania<\/strong><\/h3>\n<div style=\"display: flex; align-items: center; justify-content: center; text-align: center;\">\n<figure id=\"attachment_36534\" aria-describedby=\"caption-attachment-36534\" style=\"width: 402px\" class=\"wp-caption aligncenter\"><a href=\"https:\/\/www.brw.pl\/lozko-homeland-100x200-z-szufladami-bialy-dab-artisan,243095\" target=\"_blank\" rel=\"noopener noreferrer\"><img decoding=\"async\" class=\"wp-image-36534 lazyload\" data-src=\"https:\/\/www.brw.pl\/blog\/wp-content\/uploads\/2024\/07\/lozko-homeland-100x200-z-szufladami-bialy-dab-artisan-slargeb.jpg\" alt=\"\u0141\u00f3\u017cko Homeland\" width=\"402\" height=\"302\" data-srcset=\"https:\/\/www.brw.pl\/blog\/wp-content\/uploads\/2024\/07\/lozko-homeland-100x200-z-szufladami-bialy-dab-artisan-slargeb.jpg 798w, https:\/\/www.brw.pl\/blog\/wp-content\/uploads\/2024\/07\/lozko-homeland-100x200-z-szufladami-bialy-dab-artisan-slargeb-768x577.jpg 768w\" data-sizes=\"(max-width: 402px) 100vw, 402px\" src=\"data:image\/svg+xml;base64,PHN2ZyB3aWR0aD0iMSIgaGVpZ2h0PSIxIiB4bWxucz0iaHR0cDovL3d3dy53My5vcmcvMjAwMC9zdmciPjwvc3ZnPg==\" style=\"--smush-placeholder-width: 402px; --smush-placeholder-aspect-ratio: 402\/302;\" \/><\/a><figcaption id=\"caption-attachment-36534\" class=\"wp-caption-text\"><a href=\"https:\/\/www.brw.pl\/lozko-homeland-100x200-z-szufladami-bialy-dab-artisan,243095\" target=\"_blank\" rel=\"noopener noreferrer\"><span style=\"font-weight: 400;\">\u0141\u00d3\u017bKO HOMELAND<\/span><\/a><\/figcaption><\/figure>\n<\/div>\n<p>Je\u015bli chodzi o miejsce do spania, <strong>\u0142\u00f3\u017cko Homeland o wymiarach 105 x 205 cm<\/strong> powinno spe\u0142ni\u0107 wszystkie potrzeby Twojej pociechy. Posiada dwie wbudowane szuflady pe\u0142ni\u0105ce funkcj\u0119 pojemnika na po\u015bciel oraz otwart\u0105 p\u00f3\u0142k\u0119 np. na ksi\u0105\u017cki, czasopisma, urz\u0105dzenia elektroniczne. Nie spos\u00f3b nie doceni\u0107 takiego rozwi\u0105zania.<\/p>\n<h3 style=\"text-align: center;\"><strong>2w1, czyli biurko z komod\u0105 Homeland<\/strong><\/h3>\n<div style=\"display: flex; align-items: center; justify-content: center; text-align: center;\">\n<figure id=\"attachment_36535\" aria-describedby=\"caption-attachment-36535\" style=\"width: 402px\" class=\"wp-caption aligncenter\"><a href=\"https:\/\/www.brw.pl\/biurko-z-komoda-homeland-150-cm-dab-artisan-bialy-grafit,243114\" target=\"_blank\" rel=\"noopener noreferrer\"><img decoding=\"async\" class=\"wp-image-36535 lazyload\" data-src=\"https:\/\/www.brw.pl\/blog\/wp-content\/uploads\/2024\/07\/biurko-z-komoda-homeland-150-cm-dab-artisan-bialy-grafit-slargeb.jpg\" alt=\"Biurko z komod\u0105 Homeland\" width=\"402\" height=\"302\" data-srcset=\"https:\/\/www.brw.pl\/blog\/wp-content\/uploads\/2024\/07\/biurko-z-komoda-homeland-150-cm-dab-artisan-bialy-grafit-slargeb.jpg 798w, https:\/\/www.brw.pl\/blog\/wp-content\/uploads\/2024\/07\/biurko-z-komoda-homeland-150-cm-dab-artisan-bialy-grafit-slargeb-768x577.jpg 768w\" data-sizes=\"(max-width: 402px) 100vw, 402px\" src=\"data:image\/svg+xml;base64,PHN2ZyB3aWR0aD0iMSIgaGVpZ2h0PSIxIiB4bWxucz0iaHR0cDovL3d3dy53My5vcmcvMjAwMC9zdmciPjwvc3ZnPg==\" style=\"--smush-placeholder-width: 402px; --smush-placeholder-aspect-ratio: 402\/302;\" \/><\/a><figcaption id=\"caption-attachment-36535\" class=\"wp-caption-text\"><a href=\"https:\/\/www.brw.pl\/biurko-z-komoda-homeland-150-cm-dab-artisan-bialy-grafit,243114\" target=\"_blank\" rel=\"noopener noreferrer\"><span style=\"font-weight: 400;\">BIURKO Z KOMOD\u0104 HOMELAND<\/span><\/a><\/figcaption><\/figure>\n<\/div>\n<p>Biurko po\u0142\u0105czone z komod\u0105 Homeland to idealne rozwi\u0105zanie w miejscu do nauki. Spory, wygodny <strong>blat o wymiarach 150 x 60 cm<\/strong>, osadzony na masywnych, stabilnych nogach, umo\u017cliwia komfortowe odrabianie lekcji. <strong>Komoda w rozmiarze 155 x 59 x 38 cm<\/strong> oferuje du\u017co miejsca do przechowywania podr\u0119cznik\u00f3w, zeszyt\u00f3w i innych akcesori\u00f3w niezb\u0119dnych w zdobywaniu wiedzy. Warto podkre\u015bli\u0107, \u017ce taki zestaw 2w1 sprawdzi si\u0119 zw\u0142aszcza w niewielkim pomieszczeniu, poniewa\u017c pozwoli zaoszcz\u0119dzi\u0107 przestrze\u0144.<\/p>\n<p><a href=\"https:\/\/www.brw.pl\/komoda-homeland-z-2-drzwiami-i-3-szufladami-bialy-dab-artisan,243094\" target=\"_blank\" rel=\"noopener\"><strong>Komod\u0119<\/strong><\/a> mo\u017cesz kupi\u0107 r\u00f3wnie\u017c osobno.<\/p>\n<h3 style=\"text-align: center;\"><strong>Praktyczna garderoba: rega\u0142 po\u0142\u0105czony z szaf\u0105<\/strong><\/h3>\n<div style=\"display: flex; align-items: center; justify-content: center; text-align: center;\">\n<figure id=\"attachment_36536\" aria-describedby=\"caption-attachment-36536\" style=\"width: 400px\" class=\"wp-caption aligncenter\"><a href=\"https:\/\/www.brw.pl\/regal-lewostronny-homeland-136-cm-z-2-drzwiami-i-3-szufladami-bialy-dab-artisan,243097\" target=\"_blank\" rel=\"noopener noreferrer\"><img decoding=\"async\" class=\"wp-image-36536 lazyload\" data-src=\"https:\/\/www.brw.pl\/blog\/wp-content\/uploads\/2024\/07\/regal-lewostronny-homeland-136-cm-z-2-drzwiami-i-3-szufladami-bialy-dab-artisan-slargeb.jpg\" alt=\"Rega\u0142 lewostronny Homeland\" width=\"400\" height=\"301\" data-srcset=\"https:\/\/www.brw.pl\/blog\/wp-content\/uploads\/2024\/07\/regal-lewostronny-homeland-136-cm-z-2-drzwiami-i-3-szufladami-bialy-dab-artisan-slargeb.jpg 798w, https:\/\/www.brw.pl\/blog\/wp-content\/uploads\/2024\/07\/regal-lewostronny-homeland-136-cm-z-2-drzwiami-i-3-szufladami-bialy-dab-artisan-slargeb-768x577.jpg 768w\" data-sizes=\"(max-width: 400px) 100vw, 400px\" src=\"data:image\/svg+xml;base64,PHN2ZyB3aWR0aD0iMSIgaGVpZ2h0PSIxIiB4bWxucz0iaHR0cDovL3d3dy53My5vcmcvMjAwMC9zdmciPjwvc3ZnPg==\" style=\"--smush-placeholder-width: 400px; --smush-placeholder-aspect-ratio: 400\/301;\" \/><\/a><figcaption id=\"caption-attachment-36536\" class=\"wp-caption-text\"><a href=\"https:\/\/www.brw.pl\/regal-lewostronny-homeland-136-cm-z-2-drzwiami-i-3-szufladami-bialy-dab-artisan,243097\" target=\"_blank\" rel=\"noopener noreferrer\"><span style=\"font-weight: 400;\">REGA\u0141 LEWOSTRONNY HOMELAND<\/span><\/a><\/figcaption><\/figure>\n<\/div>\n<p>Rega\u0142 Homeland to wyj\u0105tkowo pomys\u0142owy duet rega\u0142u z szaf\u0105, a w\u0142a\u015bciwie garderob\u0105. Jego <strong>ca\u0142kowity rozmiar wynosi 136 x 135 x 216 cm<\/strong>. Dzi\u0119ki niemu nastolatkowi b\u0119dzie \u0142atwiej zapanowa\u0107 nad ba\u0142aganem, bo w tym samym miejscu przechowa ubrania, biblioteczk\u0119, ulubione gad\u017cety. Co wi\u0119cej uk\u0142ad mebla zapewnia wi\u0119ksz\u0105 prywatno\u015b\u0107 &#8211; do szafy da si\u0119 wej\u015b\u0107, aby zmieni\u0107 ubranie.<\/p>\n<p><strong>Rega\u0142 jest dost\u0119pny w dw\u00f3ch wersjach: lewostronnej oraz <a href=\"https:\/\/www.brw.pl\/regal-prawostronny-homeland-136-cm-z-2-drzwiami-i-3-szufladami-bialy-dab-artisan,243098\" target=\"_blank\" rel=\"noopener\">prawostronnej<\/a>.<\/strong><\/p>\n<h2><strong>Pok\u00f3j dla nastolatka &#8211; inspiracje czekaj\u0105 na Ciebie w Black Red White<\/strong><\/h2>\n<p>W ofercie <a href=\"https:\/\/www.brw.pl\/\" target=\"_blank\" rel=\"noopener\"><strong>sklepu internetowego Black Red White<\/strong><\/a> znajdziesz znacznie wi\u0119cej mebli i dodatk\u00f3w, kt\u00f3re umo\u017cliwi\u0105 Ci zaaran\u017cowanie funkcjonalnego oraz estetycznego pokoju ch\u0142opca w ka\u017cdym wieku.<\/p>\n<p>Potrzebujesz wskaz\u00f3wek dotycz\u0105cych urz\u0105dzenia pokoju m\u0142odzie\u017cowego dla Twojego syna na poddaszu? Mo\u017cemy zaproponowa\u0107 lektur\u0119 artyku\u0142u <a href=\"https:\/\/www.brw.pl\/blog\/nowoczesny-pokoj-dla-chlopca-na-poddaszu-aranzacje\/\" target=\"_blank\" rel=\"noopener\"><strong>&#8222;Nowoczesny pok\u00f3j dla ch\u0142opca na poddaszu \u2013 aran\u017cacje&#8221;<\/strong><\/a>.<\/p>\n<p>&nbsp;<\/p>\n","protected":false},"excerpt":{"rendered":"<p>W jaki spos\u00f3b zaaran\u017cowa\u0107 pok\u00f3j dla kilkunastolatka? Nastoletni lokator ma inne potrzeby ni\u017c przedszkolak. Nale\u017c\u0105ca do niego przestrze\u0144 powinna odzwierciedla\u0107 jego pasje i osobowo\u015b\u0107, ale przede wszystkim musi by\u0107 funkcjonalna. Jak urz\u0105dzi\u0107 pok\u00f3j m\u0142odzie\u017cowy? Z pomoc\u0105 przyjdzie Ci kolekcja Homeland od Black Red White. Dodatkowo zaprezentujemy kilka innych nowo\u015bci z oferty BRW.\u00a0<\/p>\n","protected":false},"author":29,"featured_media":36513,"comment_status":"closed","ping_status":"open","sticky":false,"template":"","format":"standard","meta":{"footnotes":""},"categories":[39,9,574],"tags":[],"aioseo_notices":[],"_links":{"self":[{"href":"https:\/\/www.brw.pl\/blog\/wp-json\/wp\/v2\/posts\/36512"}],"collection":[{"href":"https:\/\/www.brw.pl\/blog\/wp-json\/wp\/v2\/posts"}],"about":[{"href":"https:\/\/www.brw.pl\/blog\/wp-json\/wp\/v2\/types\/post"}],"author":[{"embeddable":true,"href":"https:\/\/www.brw.pl\/blog\/wp-json\/wp\/v2\/users\/29"}],"replies":[{"embeddable":true,"href":"https:\/\/www.brw.pl\/blog\/wp-json\/wp\/v2\/comments?post=36512"}],"version-history":[{"count":6,"href":"https:\/\/www.brw.pl\/blog\/wp-json\/wp\/v2\/posts\/36512\/revisions"}],"predecessor-version":[{"id":36647,"href":"https:\/\/www.brw.pl\/blog\/wp-json\/wp\/v2\/posts\/36512\/revisions\/36647"}],"wp:featuredmedia":[{"embeddable":true,"href":"https:\/\/www.brw.pl\/blog\/wp-json\/wp\/v2\/media\/36513"}],"wp:attachment":[{"href":"https:\/\/www.brw.pl\/blog\/wp-json\/wp\/v2\/media?parent=36512"}],"wp:term":[{"taxonomy":"category","embeddable":true,"href":"https:\/\/www.brw.pl\/blog\/wp-json\/wp\/v2\/categories?post=36512"},{"taxonomy":"post_tag","embeddable":true,"href":"https:\/\/www.brw.pl\/blog\/wp-json\/wp\/v2\/tags?post=36512"}],"curies":[{"name":"wp","href":"https:\/\/api.w.org\/{rel}","templated":true}]}}