{"id":36690,"date":"2024-08-07T17:55:54","date_gmt":"2024-08-07T15:55:54","guid":{"rendered":"https:\/\/www.brw.pl\/blog\/?p=36690"},"modified":"2024-08-07T17:55:54","modified_gmt":"2024-08-07T15:55:54","slug":"akcesoria-na-biurko-sposob-na-organizacje-przestrzeni-kazdego-ucznia","status":"publish","type":"post","link":"https:\/\/www.brw.pl\/blog\/akcesoria-na-biurko-sposob-na-organizacje-przestrzeni-kazdego-ucznia\/","title":{"rendered":"Akcesoria na biurko: spos\u00f3b na organizacj\u0119 przestrzeni ka\u017cdego ucznia"},"content":{"rendered":"<p><strong>Porz\u0105dek i dobra organizacja to klucz do zapewnienia optymalnych warunk\u00f3w do nauki. Jak wprowadzi\u0107 je do pokoju dziecka? Istnieje wiele rozwi\u0105za\u0144, kt\u00f3re mog\u0105 to u\u0142atwia\u0107. Najwa\u017cniejszym z nich jest odpowiednie zagospodarowanie biurka i jego okolic. Jakie akcesoria powinny tam si\u0119 znale\u017a\u0107? Sprawd\u017a!<\/strong><\/p>\n<p><!--more--><\/p>\n<p><center><img decoding=\"async\" class=\"alignnone size-medium wp-image-36691 lazyload\" data-src=\"https:\/\/www.brw.pl\/blog\/wp-content\/uploads\/2024\/08\/glowne-RAVEN_DASZ-SZW-BI-CZ-2-800x345.jpg\" alt=\"Kolekcja Raven - aran\u017cacja pokoju m\u0142odzie\u017cowego\" width=\"800\" height=\"345\" data-srcset=\"https:\/\/www.brw.pl\/blog\/wp-content\/uploads\/2024\/08\/glowne-RAVEN_DASZ-SZW-BI-CZ-2-800x345.jpg 800w, https:\/\/www.brw.pl\/blog\/wp-content\/uploads\/2024\/08\/glowne-RAVEN_DASZ-SZW-BI-CZ-2-768x331.jpg 768w, https:\/\/www.brw.pl\/blog\/wp-content\/uploads\/2024\/08\/glowne-RAVEN_DASZ-SZW-BI-CZ-2-1536x662.jpg 1536w, https:\/\/www.brw.pl\/blog\/wp-content\/uploads\/2024\/08\/glowne-RAVEN_DASZ-SZW-BI-CZ-2.jpg 1920w\" data-sizes=\"(max-width: 800px) 100vw, 800px\" src=\"data:image\/svg+xml;base64,PHN2ZyB3aWR0aD0iMSIgaGVpZ2h0PSIxIiB4bWxucz0iaHR0cDovL3d3dy53My5vcmcvMjAwMC9zdmciPjwvc3ZnPg==\" style=\"--smush-placeholder-width: 800px; --smush-placeholder-aspect-ratio: 800\/345;\" \/><\/center><\/p>\n<p style=\"text-align: center;\"><a href=\"https:\/\/www.brw.pl\/biurko-raven-150-cm-z-2-drzwiami-i-szuflada-dab-szlachetny,242568\" target=\"_blank\" rel=\"noopener\"><strong>BIURKO RAVEN<\/strong><\/a><\/p>\n<h2><strong>Organizacja przestrzeni ucznia: dlaczego jest tak wa\u017cna?<\/strong><\/h2>\n<p>Dziecko w wieku szkolnym\u00a0sp\u0119dza wi\u0119kszo\u015b\u0107 czasu na nauce nie tylko w szkole, lecz tak\u017ce w domu. <strong>Zadaniem rodzica jest wyposa\u017cenie pokoju swojej pociechy we wszystkie potrzebne rzeczy, kt\u00f3re sprawiaj\u0105, \u017ce odrabianie lekcji oraz przygotowywanie si\u0119 do egzamin\u00f3w jest komfortowe.<\/strong> Przemy\u015blana aran\u017cacja k\u0105cika do nauki pozytywnie wp\u0142ynie na jej efektywno\u015b\u0107, a tak\u017ce na koncentracj\u0119 i samopoczucie m\u0142odego cz\u0142owieka.<\/p>\n<p>Wygodne <a href=\"https:\/\/www.brw.pl\/meble\/meble-biurowe\/biurka\/\" target=\"_blank\" rel=\"noopener\">biurko<\/a> i ergonomiczny <a href=\"https:\/\/www.brw.pl\/meble\/meble-biurowe\/fotele-i-krzesla-biurowe\/\" target=\"_blank\" rel=\"noopener\">fotel<\/a> to podstawa, ale diabe\u0142 tkwi w szczeg\u00f3\u0142ach. Koniecznie zadbaj o to, by na biurku ucznia znalaz\u0142y si\u0119 w\u0142a\u015bciwe akcesoria. W\u0142a\u015bciwe, czyli jakie? Tego dowiesz si\u0119 z dalszej cz\u0119\u015bci artyku\u0142u.<\/p>\n<h2><strong>Akcesoria na biurko: po jakie warto si\u0119gn\u0105\u0107, urz\u0105dzaj\u0105c przestrze\u0144 dziecka?<\/strong><\/h2>\n<p><center><img decoding=\"async\" class=\"alignnone size-medium wp-image-36514 lazyload\" data-src=\"https:\/\/www.brw.pl\/blog\/wp-content\/uploads\/2024\/07\/biurko-z-komoda-homeland-150-cm-dab-artisan-bialy-grafit-xlargeb-800x450.jpg\" alt=\"Biurko z komod\u0105 Homeland - aran\u017cacja\" width=\"800\" height=\"450\" data-srcset=\"https:\/\/www.brw.pl\/blog\/wp-content\/uploads\/2024\/07\/biurko-z-komoda-homeland-150-cm-dab-artisan-bialy-grafit-xlargeb-800x450.jpg 800w, https:\/\/www.brw.pl\/blog\/wp-content\/uploads\/2024\/07\/biurko-z-komoda-homeland-150-cm-dab-artisan-bialy-grafit-xlargeb-768x432.jpg 768w, https:\/\/www.brw.pl\/blog\/wp-content\/uploads\/2024\/07\/biurko-z-komoda-homeland-150-cm-dab-artisan-bialy-grafit-xlargeb-1536x864.jpg 1536w, https:\/\/www.brw.pl\/blog\/wp-content\/uploads\/2024\/07\/biurko-z-komoda-homeland-150-cm-dab-artisan-bialy-grafit-xlargeb.jpg 1920w\" data-sizes=\"(max-width: 800px) 100vw, 800px\" src=\"data:image\/svg+xml;base64,PHN2ZyB3aWR0aD0iMSIgaGVpZ2h0PSIxIiB4bWxucz0iaHR0cDovL3d3dy53My5vcmcvMjAwMC9zdmciPjwvc3ZnPg==\" style=\"--smush-placeholder-width: 800px; --smush-placeholder-aspect-ratio: 800\/450;\" \/><\/center><\/p>\n<p style=\"text-align: center;\"><a href=\"https:\/\/www.brw.pl\/biurko-z-komoda-homeland-150-cm-dab-artisan-bialy-grafit,243114\" target=\"_blank\" rel=\"noopener\"><strong>BIURKO Z KOMOD\u0104 HOMELAND<\/strong><\/a><\/p>\n<p>Blat biurka to powierzchnia, na kt\u00f3rej musz\u0105 zmie\u015bci\u0107 si\u0119 zar\u00f3wno podr\u0119czniki oraz zeszyty, jak i laptop z podk\u0142adk\u0105 na mysz czy przybory s\u0142u\u017c\u0105ce do pisania, rysowania, zakre\u015blania i tak dalej.<\/p>\n<p>W jaki spos\u00f3b je przechowa\u0107, by unikn\u0105\u0107 ba\u0142aganu? Co zapobiegnie przem\u0119czaniu si\u0119, a w dalszej perspektywie pogarszaniu si\u0119 wzroku? Jak nie zapomnie\u0107, kiedy wypada sprawdzian z matematyki albo dyktando z polskiego? Co zrobi\u0107, \u017ceby wsta\u0107 na czas, je\u015bli nie ma si\u0119 dost\u0119pu do smartfona?<\/p>\n<p>Odpowiedzi na te pytania czekaj\u0105 na Ciebie poni\u017cej!<\/p>\n<h3 style=\"text-align: center;\"><strong>O\u015bwietlenie ma znaczenie, czyli dlaczego lampka biurkowa to konieczno\u015b\u0107<\/strong><\/h3>\n<p><center><img decoding=\"async\" class=\"alignnone size-full wp-image-36692 lazyload\" data-src=\"https:\/\/www.brw.pl\/blog\/wp-content\/uploads\/2024\/08\/lampa-biurkowa-samson-slargea.jpg\" alt=\"Lampa biurkowa Samson - aran\u017cacja\" width=\"440\" height=\"437\" data-srcset=\"https:\/\/www.brw.pl\/blog\/wp-content\/uploads\/2024\/08\/lampa-biurkowa-samson-slargea.jpg 440w, https:\/\/www.brw.pl\/blog\/wp-content\/uploads\/2024\/08\/lampa-biurkowa-samson-slargea-150x150.jpg 150w, https:\/\/www.brw.pl\/blog\/wp-content\/uploads\/2024\/08\/lampa-biurkowa-samson-slargea-165x165.jpg 165w, https:\/\/www.brw.pl\/blog\/wp-content\/uploads\/2024\/08\/lampa-biurkowa-samson-slargea-120x120.jpg 120w\" data-sizes=\"(max-width: 440px) 100vw, 440px\" src=\"data:image\/svg+xml;base64,PHN2ZyB3aWR0aD0iMSIgaGVpZ2h0PSIxIiB4bWxucz0iaHR0cDovL3d3dy53My5vcmcvMjAwMC9zdmciPjwvc3ZnPg==\" style=\"--smush-placeholder-width: 440px; --smush-placeholder-aspect-ratio: 440\/437;\" \/><\/center><\/p>\n<p style=\"text-align: center;\"><a href=\"https:\/\/www.brw.pl\/lampa-biurkowa-samson,46240\" target=\"_blank\" rel=\"noopener\"><strong>LAMPA BIURKOWA SAMSON<\/strong><\/a><\/p>\n<p><a href=\"https:\/\/www.brw.pl\/oswietlenie\/oswietlenie-wewnetrzne\/lampy-stojace\/lampki-biurkowe\/\" target=\"_blank\" rel=\"noopener\">Lampa biurkowa<\/a> jest jest nieodzowna i w biurze, i w domowym gabinecie, i w pokoju ucznia. Pami\u0119taj, aby zaopatrzy\u0107 w ni\u0105 swoje dziecko. Dzi\u0119ki niej biurko b\u0119dzie dobrze do\u015bwietlone podczas nauki. <strong>W ci\u0105gu dnia wystarczy zdrowsze dla oczu \u015bwiat\u0142o s\u0142oneczne. Jednak po zmierzchu to sztuczne o\u015bwietlenie przejmuje pa\u0142eczk\u0119. G\u00f3rnemu \u015bwiat\u0142u powinno towarzyszy\u0107 punktowe, w\u0142a\u015bnie w postaci lampy biurkowej.<\/strong> Strony podr\u0119cznika b\u0119d\u0105 w\u00f3wczas wyra\u017anie widoczne, co zwi\u0119kszy komfort czytania, poniewa\u017c wzrok nie b\u0119dzie si\u0119 m\u0119czy\u0142.<\/p>\n<blockquote><p>Jak wybra\u0107 lamp\u0119 biurkow\u0105? Na pewno dobrym wyj\u015bciem jest zakup modelu z regulacj\u0105 barwy i nat\u0119\u017cenia \u015bwiat\u0142a oraz k\u0105ta nachylenia. Ucze\u0144 b\u0119dzie m\u00f3g\u0142 w pe\u0142ni dopasowa\u0107 go do swoich potrzeb. Warto\u015bci\u0105 dodan\u0105 b\u0119dzie wbudowana energooszcz\u0119dna \u017car\u00f3wka LED &#8211; wyja\u015bnia ekspert Black Red White.<\/p><\/blockquote>\n<p>W przypadku tradycyjnej lampy biurkowej bez dodatkowych funkcji, z wymiennym \u017ar\u00f3d\u0142em \u015bwiat\u0142a, zainwestuj w <a href=\"https:\/\/www.brw.pl\/oswietlenie\/zrodla-swiatla\/zarowki-tradycyjne\/barwa-swiatla-bialy-neutralny\/\" target=\"_blank\" rel=\"noopener\">\u017car\u00f3wki o neutralnej barwie<\/a>. Jest ona najbardziej zbli\u017cona do naturalnego.<\/p>\n<div style=\"display: flex; align-items: center; justify-content: center; text-align: center;\">\n<figure id=\"attachment_36706\" aria-describedby=\"caption-attachment-36706\" style=\"width: 401px\" class=\"wp-caption aligncenter\"><a href=\"https:\/\/www.brw.pl\/lampa-biurkowa-astral,38697\" target=\"_blank\" rel=\"noopener noreferrer\"><img decoding=\"async\" class=\"wp-image-36706 lazyload\" data-src=\"https:\/\/www.brw.pl\/blog\/wp-content\/uploads\/2024\/08\/lampa-biurkowa-astral-xlargea-800x601.jpg\" alt=\"Lampa biurkowa Astral\" width=\"401\" height=\"301\" data-srcset=\"https:\/\/www.brw.pl\/blog\/wp-content\/uploads\/2024\/08\/lampa-biurkowa-astral-xlargea-800x601.jpg 800w, https:\/\/www.brw.pl\/blog\/wp-content\/uploads\/2024\/08\/lampa-biurkowa-astral-xlargea-768x577.jpg 768w, https:\/\/www.brw.pl\/blog\/wp-content\/uploads\/2024\/08\/lampa-biurkowa-astral-xlargea.jpg 1438w\" data-sizes=\"(max-width: 401px) 100vw, 401px\" src=\"data:image\/svg+xml;base64,PHN2ZyB3aWR0aD0iMSIgaGVpZ2h0PSIxIiB4bWxucz0iaHR0cDovL3d3dy53My5vcmcvMjAwMC9zdmciPjwvc3ZnPg==\" style=\"--smush-placeholder-width: 401px; --smush-placeholder-aspect-ratio: 401\/301;\" \/><\/a><figcaption id=\"caption-attachment-36706\" class=\"wp-caption-text\"><a href=\"https:\/\/www.brw.pl\/lampa-biurkowa-astral,38697\" target=\"_blank\" rel=\"noopener noreferrer\"><span style=\"font-weight: 400;\">LAMPA BIURKOWA ASTRAL<\/span><\/a><\/figcaption><\/figure>\n<\/div>\n<p>&nbsp;<\/p>\n<div style=\"display: flex; align-items: center; justify-content: center; text-align: center;\">\n<figure id=\"attachment_19971\" aria-describedby=\"caption-attachment-19971\" style=\"width: 401px\" class=\"wp-caption aligncenter\"><a href=\"https:\/\/www.brw.pl\/lampa-biurkowa-lumen,38692\" target=\"_blank\" rel=\"noopener noreferrer\"><img decoding=\"async\" class=\"wp-image-19971 lazyload\" data-src=\"https:\/\/www.brw.pl\/blog\/wp-content\/uploads\/2021\/09\/Lampka-Lumen-led.jpg\" alt=\"Lampka Lumen led\" width=\"401\" height=\"301\" src=\"data:image\/svg+xml;base64,PHN2ZyB3aWR0aD0iMSIgaGVpZ2h0PSIxIiB4bWxucz0iaHR0cDovL3d3dy53My5vcmcvMjAwMC9zdmciPjwvc3ZnPg==\" style=\"--smush-placeholder-width: 401px; --smush-placeholder-aspect-ratio: 401\/301;\" \/><\/a><figcaption id=\"caption-attachment-19971\" class=\"wp-caption-text\"><a href=\"https:\/\/www.brw.pl\/lampa-biurkowa-lumen,38692\" target=\"_blank\" rel=\"noopener noreferrer\"><span style=\"font-weight: 400;\">LAMPA BIURKOWA LUMEN<\/span><\/a><\/figcaption><\/figure>\n<\/div>\n<h3 style=\"text-align: center;\"><strong>Kratka na zdj\u0119cia lub notatki: element dla zapominalskich<\/strong><\/h3>\n<p><center><img decoding=\"async\" class=\"alignnone size-full wp-image-36693 lazyload\" data-src=\"https:\/\/www.brw.pl\/blog\/wp-content\/uploads\/2024\/08\/THK-093102_THK-094796_THK-081501_THK-075596mFWcwmGjaVOE6tCTiHtf.jpg\" alt=\"Kratka na zdj\u0119cia Grid - aran\u017cacja\" width=\"476\" height=\"477\" data-srcset=\"https:\/\/www.brw.pl\/blog\/wp-content\/uploads\/2024\/08\/THK-093102_THK-094796_THK-081501_THK-075596mFWcwmGjaVOE6tCTiHtf.jpg 476w, https:\/\/www.brw.pl\/blog\/wp-content\/uploads\/2024\/08\/THK-093102_THK-094796_THK-081501_THK-075596mFWcwmGjaVOE6tCTiHtf-150x150.jpg 150w, https:\/\/www.brw.pl\/blog\/wp-content\/uploads\/2024\/08\/THK-093102_THK-094796_THK-081501_THK-075596mFWcwmGjaVOE6tCTiHtf-165x165.jpg 165w, https:\/\/www.brw.pl\/blog\/wp-content\/uploads\/2024\/08\/THK-093102_THK-094796_THK-081501_THK-075596mFWcwmGjaVOE6tCTiHtf-120x120.jpg 120w\" data-sizes=\"(max-width: 476px) 100vw, 476px\" src=\"data:image\/svg+xml;base64,PHN2ZyB3aWR0aD0iMSIgaGVpZ2h0PSIxIiB4bWxucz0iaHR0cDovL3d3dy53My5vcmcvMjAwMC9zdmciPjwvc3ZnPg==\" style=\"--smush-placeholder-width: 476px; --smush-placeholder-aspect-ratio: 476\/477;\" \/><\/center><\/p>\n<p style=\"text-align: center;\"><a href=\"https:\/\/www.brw.pl\/kratka-na-zdjecia-grid,35898\" target=\"_blank\" rel=\"noopener\"><strong>KRATKA NA ZDJ\u0118CIA GRID<\/strong><\/a><\/p>\n<p>Twoja pociecha ma tendencj\u0119 do zapominania o terminach klas\u00f3wek i sprawdzian\u00f3w? Podaruj jej specjaln\u0105 kratk\u0119 na notatki. Warto przymocowa\u0107 j\u0105 do \u015bciany tu\u017c nad biurkiem. To dobre miejsce tak\u017ce na plan lekcji,\u00a0karteczk\u0119 z numerami telefon\u00f3w alarmowych, zdj\u0119cia przyjaci\u00f3\u0142, motywacyjne cytaty.<\/p>\n<p>Niez\u0142\u0105 alternatyw\u0105 dla kratki jest <strong><a href=\"https:\/\/www.brw.pl\/dekoracje\/dekoracje-scienne\/tablice-korkowe-i-dekoracyjne\/\" target=\"_blank\" rel=\"noopener\">tablica korkowa<\/a><\/strong>. Ewentualnie rozwa\u017c <strong>karteczki samoprzylepne<\/strong>, kt\u00f3re ucze\u0144 b\u0119dzie m\u00f3g\u0142 przyklei\u0107 bezpo\u015brednio na \u015bcianie nad blatem.<\/p>\n<h3 style=\"text-align: center;\"><strong>Organizer: na d\u0142ugopisy, kredki, podkre\u015blacze i nie tylko<\/strong><\/h3>\n<p><center><img decoding=\"async\" class=\"size-full wp-image-36694 lazyload\" data-src=\"https:\/\/www.brw.pl\/blog\/wp-content\/uploads\/2024\/08\/THK-078508_THK-094794_THK-077387mFWcwmGjaVOE6tCTiHtf.jpg\" alt=\"Organizer Kyoto - aran\u017cacja biurka\" width=\"479\" height=\"476\" data-srcset=\"https:\/\/www.brw.pl\/blog\/wp-content\/uploads\/2024\/08\/THK-078508_THK-094794_THK-077387mFWcwmGjaVOE6tCTiHtf.jpg 479w, https:\/\/www.brw.pl\/blog\/wp-content\/uploads\/2024\/08\/THK-078508_THK-094794_THK-077387mFWcwmGjaVOE6tCTiHtf-150x150.jpg 150w, https:\/\/www.brw.pl\/blog\/wp-content\/uploads\/2024\/08\/THK-078508_THK-094794_THK-077387mFWcwmGjaVOE6tCTiHtf-165x165.jpg 165w, https:\/\/www.brw.pl\/blog\/wp-content\/uploads\/2024\/08\/THK-078508_THK-094794_THK-077387mFWcwmGjaVOE6tCTiHtf-120x120.jpg 120w\" data-sizes=\"(max-width: 479px) 100vw, 479px\" src=\"data:image\/svg+xml;base64,PHN2ZyB3aWR0aD0iMSIgaGVpZ2h0PSIxIiB4bWxucz0iaHR0cDovL3d3dy53My5vcmcvMjAwMC9zdmciPjwvc3ZnPg==\" style=\"--smush-placeholder-width: 479px; --smush-placeholder-aspect-ratio: 479\/476;\" \/><\/center><\/p>\n<p style=\"text-align: center;\"><a href=\"https:\/\/www.brw.pl\/organizer-kyoto,42375\" target=\"_blank\" rel=\"noopener\"><strong>ORGANIZER KYOTO<\/strong><\/a><\/p>\n<p>Dokumenty warto przechowywa\u0107 w <strong>teczce<\/strong> b\u0105d\u017a <strong>segregatorze<\/strong>. Co z artyku\u0142ami szkolnymi takimi jak d\u0142ugopisy, o\u0142\u00f3wki, gumki do \u015bcierania, linijki, cyrkle itd.? Z pomoc\u0105 przyjdzie zwyk\u0142y pojemnik, ale specjalny <strong>organizer z r\u00f3\u017cnymi przegr\u00f3dkami<\/strong> szybciej pomo\u017ce znale\u017a\u0107 konkretny przedmiot. Mo\u017ce to by\u0107 dedykowany uczniowi model o bardziej m\u0142odzie\u017cowym designie albo uniwersalny organizer biurowy.<\/p>\n<div style=\"display: flex; align-items: center; justify-content: center; text-align: center;\">\n<figure id=\"attachment_36707\" aria-describedby=\"caption-attachment-36707\" style=\"width: 402px\" class=\"wp-caption aligncenter\"><a href=\"https:\/\/www.brw.pl\/organizer-kyoto,42376\" target=\"_blank\" rel=\"noopener noreferrer\"><img decoding=\"async\" class=\"wp-image-36707 lazyload\" data-src=\"https:\/\/www.brw.pl\/blog\/wp-content\/uploads\/2024\/08\/organizer-kyoto-slargea.jpg\" alt=\"Organizer Kyoto\" width=\"402\" height=\"302\" data-srcset=\"https:\/\/www.brw.pl\/blog\/wp-content\/uploads\/2024\/08\/organizer-kyoto-slargea.jpg 798w, https:\/\/www.brw.pl\/blog\/wp-content\/uploads\/2024\/08\/organizer-kyoto-slargea-768x577.jpg 768w\" data-sizes=\"(max-width: 402px) 100vw, 402px\" src=\"data:image\/svg+xml;base64,PHN2ZyB3aWR0aD0iMSIgaGVpZ2h0PSIxIiB4bWxucz0iaHR0cDovL3d3dy53My5vcmcvMjAwMC9zdmciPjwvc3ZnPg==\" style=\"--smush-placeholder-width: 402px; --smush-placeholder-aspect-ratio: 402\/302;\" \/><\/a><figcaption id=\"caption-attachment-36707\" class=\"wp-caption-text\"><a href=\"https:\/\/www.brw.pl\/organizer-kyoto,42376\" target=\"_blank\" rel=\"noopener noreferrer\"><span style=\"font-weight: 400;\">ORGANIZER KYOTO<\/span><\/a><\/figcaption><\/figure>\n<\/div>\n<h3 style=\"text-align: center;\"><strong>Zegar z budzikiem \u2014 must have ka\u017cdego ucznia<\/strong><\/h3>\n<p><center><img decoding=\"async\" class=\"alignnone size-full wp-image-36695 lazyload\" data-src=\"https:\/\/www.brw.pl\/blog\/wp-content\/uploads\/2024\/08\/THK-094797mFWcwmGjaVOE6tCTiHtf.webp\" alt=\"Zegar budzik - aran\u017cacja biurka\" width=\"476\" height=\"473\" data-srcset=\"https:\/\/www.brw.pl\/blog\/wp-content\/uploads\/2024\/08\/THK-094797mFWcwmGjaVOE6tCTiHtf.webp 476w, https:\/\/www.brw.pl\/blog\/wp-content\/uploads\/2024\/08\/THK-094797mFWcwmGjaVOE6tCTiHtf-150x150.webp 150w, https:\/\/www.brw.pl\/blog\/wp-content\/uploads\/2024\/08\/THK-094797mFWcwmGjaVOE6tCTiHtf-165x165.webp 165w, https:\/\/www.brw.pl\/blog\/wp-content\/uploads\/2024\/08\/THK-094797mFWcwmGjaVOE6tCTiHtf-120x120.webp 120w\" data-sizes=\"(max-width: 476px) 100vw, 476px\" src=\"data:image\/svg+xml;base64,PHN2ZyB3aWR0aD0iMSIgaGVpZ2h0PSIxIiB4bWxucz0iaHR0cDovL3d3dy53My5vcmcvMjAwMC9zdmciPjwvc3ZnPg==\" style=\"--smush-placeholder-width: 476px; --smush-placeholder-aspect-ratio: 476\/473;\" \/><\/center><\/p>\n<p style=\"text-align: center;\"><a href=\"https:\/\/www.brw.pl\/zegar-budzik-stojacy-lososiowy,256822\" target=\"_blank\" rel=\"noopener\"><strong>ZEGAR BUDZIK STOJ\u0104CY<\/strong><\/a><\/p>\n<p>W pokoju ucznia absolutnie\u00a0niezb\u0119dny jest <a href=\"https:\/\/www.brw.pl\/dekoracje\/zegary\/rodzaj-budzik\/\" target=\"_blank\" rel=\"noopener\">zegar z budzikiem<\/a>, zw\u0142aszcza gdy ograniczasz nastolatkowi kontakt ze smartfonem, rekwiruj\u0105c telefon na noc. <strong>Budzik zapobiegnie sp\u00f3\u017anieniu si\u0119 do szko\u0142y. W ci\u0105gu dnia zegar u\u0142atwi planowanie czasu oraz pilnowanie harmonogramu dnia. <\/strong><\/p>\n<p>Czytaj r\u00f3wnie\u017c:\u00a0<a href=\"https:\/\/www.brw.pl\/blog\/jak-urzadzic-funkcjonalny-pokoj-dla-nastolatka-postaw-na-meble-homeland\/\" target=\"_blank\" rel=\"noopener\"><strong>&#8222;Jak urz\u0105dzi\u0107 funkcjonalny pok\u00f3j dla nastolatka? Postaw na meble Homeland!&#8221;<\/strong><\/a>. W artykule podpowiadamy, jakie dodatki i meble pomog\u0105 Ci urz\u0105dzi\u0107 praktyczny pok\u00f3j dla nastolatka. Przy okazji prezentujemy nasz\u0105 now\u0105 kolekcj\u0119 mebli Homeland stworzon\u0105 z my\u015bl\u0105 o potrzebach dorastaj\u0105cego m\u0142odego cz\u0142owieka. Zainspiruj si\u0119!<\/p>\n<div style=\"display: flex; align-items: center; justify-content: center; text-align: center;\">\n<figure id=\"attachment_36710\" aria-describedby=\"caption-attachment-36710\" style=\"width: 402px\" class=\"wp-caption aligncenter\"><a href=\"https:\/\/www.brw.pl\/zegar-budzik-30-cm-srebrny,32929\" target=\"_blank\" rel=\"noopener noreferrer\"><img decoding=\"async\" class=\"wp-image-36710 lazyload\" data-src=\"https:\/\/www.brw.pl\/blog\/wp-content\/uploads\/2024\/08\/zegar-budzik-30-cm-srebrny-slargea.jpg\" alt=\"Zegar Budzik\" width=\"402\" height=\"302\" data-srcset=\"https:\/\/www.brw.pl\/blog\/wp-content\/uploads\/2024\/08\/zegar-budzik-30-cm-srebrny-slargea.jpg 798w, https:\/\/www.brw.pl\/blog\/wp-content\/uploads\/2024\/08\/zegar-budzik-30-cm-srebrny-slargea-768x577.jpg 768w\" data-sizes=\"(max-width: 402px) 100vw, 402px\" src=\"data:image\/svg+xml;base64,PHN2ZyB3aWR0aD0iMSIgaGVpZ2h0PSIxIiB4bWxucz0iaHR0cDovL3d3dy53My5vcmcvMjAwMC9zdmciPjwvc3ZnPg==\" style=\"--smush-placeholder-width: 402px; --smush-placeholder-aspect-ratio: 402\/302;\" \/><\/a><figcaption id=\"caption-attachment-36710\" class=\"wp-caption-text\"><a href=\"https:\/\/www.brw.pl\/zegar-budzik-30-cm-srebrny,32929\" target=\"_blank\" rel=\"noopener noreferrer\"><span style=\"font-weight: 400;\">ZEGAR BUDZIK<\/span><\/a><\/figcaption><\/figure>\n<\/div>\n<h3 style=\"text-align: center;\"><strong>Kinkiet LED: spos\u00f3b na dope\u0142nienie wn\u0119trza<\/strong><\/h3>\n<p><center><img decoding=\"async\" class=\"alignnone size-full wp-image-36708 lazyload\" data-src=\"https:\/\/www.brw.pl\/blog\/wp-content\/uploads\/2024\/08\/kinkiet-neonowy-dzieciecy-game-room-led-mix-kolorow-slargea.jpg\" alt=\"Kinkiet neonowy Game Room - aran\u017cacja\" width=\"798\" height=\"600\" data-srcset=\"https:\/\/www.brw.pl\/blog\/wp-content\/uploads\/2024\/08\/kinkiet-neonowy-dzieciecy-game-room-led-mix-kolorow-slargea.jpg 798w, https:\/\/www.brw.pl\/blog\/wp-content\/uploads\/2024\/08\/kinkiet-neonowy-dzieciecy-game-room-led-mix-kolorow-slargea-768x577.jpg 768w\" data-sizes=\"(max-width: 798px) 100vw, 798px\" src=\"data:image\/svg+xml;base64,PHN2ZyB3aWR0aD0iMSIgaGVpZ2h0PSIxIiB4bWxucz0iaHR0cDovL3d3dy53My5vcmcvMjAwMC9zdmciPjwvc3ZnPg==\" style=\"--smush-placeholder-width: 798px; --smush-placeholder-aspect-ratio: 798\/600;\" \/><\/center><\/p>\n<p style=\"text-align: center;\"><a href=\"https:\/\/www.brw.pl\/kinkiet-neonowy-dzieciecy-game-room-led-mix-kolorow,233819\" target=\"_blank\" rel=\"noopener\"><strong>KINKIET NEONOWY GAME ROOM<\/strong><\/a><\/p>\n<p>Nowoczesny <a href=\"https:\/\/www.brw.pl\/oswietlenie\/oswietlenie-wewnetrzne\/kinkiety\/\" target=\"_blank\" rel=\"noopener\">kinkiet<\/a> nad biurkiem to funkcjonalny dodatek oraz gad\u017cet w jednym. Kolorowy neon i zabawna forma urozmaic\u0105 wystr\u00f3j wn\u0119trza, a ponadto lampa do\u015bwietli miejsce do nauki.<\/p>\n<p>Twoje dziecko lubi gry komputerowe? Neonowa LED-owa dekoracja zbuduje nastrojowy klimat, kiedy wieczorem syn lub c\u00f3rka w\u0142\u0105cz\u0105 swoj\u0105 ulubion\u0105 gr\u0119 i rozpoczn\u0105 kolejn\u0105 przygod\u0119 w wirtualnym \u015bwiecie.<\/p>\n<div style=\"display: flex; align-items: center; justify-content: center; text-align: center;\">\n<figure id=\"attachment_36709\" aria-describedby=\"caption-attachment-36709\" style=\"width: 402px\" class=\"wp-caption aligncenter\"><a href=\"https:\/\/www.brw.pl\/kinkiet-neonowy-dzieciecy-planeta-led-niebiesko-zolty,233743\" target=\"_blank\" rel=\"noopener noreferrer\"><img decoding=\"async\" class=\"wp-image-36709 lazyload\" data-src=\"https:\/\/www.brw.pl\/blog\/wp-content\/uploads\/2024\/08\/kinkiet-neonowy-dzieciecy-planeta-led-niebiesko-zolty-slargea.jpg\" alt=\"Kinkiet neonowy Planeta\" width=\"402\" height=\"302\" data-srcset=\"https:\/\/www.brw.pl\/blog\/wp-content\/uploads\/2024\/08\/kinkiet-neonowy-dzieciecy-planeta-led-niebiesko-zolty-slargea.jpg 798w, https:\/\/www.brw.pl\/blog\/wp-content\/uploads\/2024\/08\/kinkiet-neonowy-dzieciecy-planeta-led-niebiesko-zolty-slargea-768x577.jpg 768w\" data-sizes=\"(max-width: 402px) 100vw, 402px\" src=\"data:image\/svg+xml;base64,PHN2ZyB3aWR0aD0iMSIgaGVpZ2h0PSIxIiB4bWxucz0iaHR0cDovL3d3dy53My5vcmcvMjAwMC9zdmciPjwvc3ZnPg==\" style=\"--smush-placeholder-width: 402px; --smush-placeholder-aspect-ratio: 402\/302;\" \/><\/a><figcaption id=\"caption-attachment-36709\" class=\"wp-caption-text\"><a href=\"https:\/\/www.brw.pl\/kinkiet-neonowy-dzieciecy-planeta-led-niebiesko-zolty,233743\" target=\"_blank\" rel=\"noopener noreferrer\"><span style=\"font-weight: 400;\">KINKIET NEONOWY PLANETA<\/span><\/a><\/figcaption><\/figure>\n<\/div>\n<h2><strong>Porz\u0105dek na biurku &#8211; porz\u0105dek w g\u0142owie<\/strong><\/h2>\n<p><center><img decoding=\"async\" class=\"alignnone size-full wp-image-36697 lazyload\" data-src=\"https:\/\/www.brw.pl\/blog\/wp-content\/uploads\/2024\/08\/biurko-azteca-trio-120-cm-z-drzwiami-i-szufladami-bialy-slargeb.jpg\" alt=\"Kolekcja Azteca Trio - pok\u00f3j m\u0142odzie\u017cowy\" width=\"456\" height=\"600\" src=\"data:image\/svg+xml;base64,PHN2ZyB3aWR0aD0iMSIgaGVpZ2h0PSIxIiB4bWxucz0iaHR0cDovL3d3dy53My5vcmcvMjAwMC9zdmciPjwvc3ZnPg==\" style=\"--smush-placeholder-width: 456px; --smush-placeholder-aspect-ratio: 456\/600;\" \/><\/center><\/p>\n<p style=\"text-align: center;\"><a href=\"https:\/\/www.brw.pl\/biurko-azteca-trio-120-cm-z-drzwiami-i-szufladami-bialy,29618\" target=\"_blank\" rel=\"noopener\"><strong>BIURKO AZTECA TRIO<\/strong><\/a><\/p>\n<p>Biurko to mebel, kt\u00f3ry niepodzielnie kr\u00f3luje w strefie nauki w pokoju m\u0142odzie\u017cowym. Przemy\u015blane zagospodarowanie jego szafek, p\u00f3\u0142ek, a przede wszystkim blatu, jest gwarancj\u0105 komfortu w czasie zdobywania wiedzy. Ba\u0142agan rozprasza, utrudnia koncentracj\u0119. W\u00f3wczas odrabianie lekcji staje si\u0119 mniej efektywne, m\u0142ody cz\u0142owiek \u0142atwiej irytuje si\u0119, a ostatecznie zniech\u0119ca. Dlatego utrzymanie porz\u0105dku jest tak istotne, a drog\u0105 do niego jest wyposa\u017cenie biurka w odpowiednie akcesoria.<\/p>\n<p>Biurka, fotele i krzes\u0142a biurowe, lampy, organizery, zegary z budzikiem znajdziesz w <a href=\"https:\/\/www.brw.pl\/\" target=\"_blank\" rel=\"noopener\"><strong>sklepie internetowym Black Red White<\/strong><\/a>. \u017byczymy powodzenia podczas urz\u0105dzania pokoju m\u0142odego cz\u0142owieka!<\/p>\n<p>Widoczne na ostatnim zdj\u0119ciu <strong>biurko Azteca Trio<\/strong> obejrzysz dok\u0142adniej na <a href=\"https:\/\/www.youtube.com\/@brwmeble\" target=\"_blank\" rel=\"noopener\"><strong>kanale BRW<\/strong><\/a> w serwisie YouTube:<\/p>\n<div class=\"videoWrapper\"><iframe title=\"Biurko Azteca Trio\" data-src=\"https:\/\/www.youtube.com\/embed\/f-56uPIRiik\" frameborder=\"0\" allowfullscreen=\"allowfullscreen\" src=\"data:image\/svg+xml;base64,PHN2ZyB3aWR0aD0iMSIgaGVpZ2h0PSIxIiB4bWxucz0iaHR0cDovL3d3dy53My5vcmcvMjAwMC9zdmciPjwvc3ZnPg==\" data-load-mode=\"1\"><span data-mce-type=\"bookmark\" style=\"display: inline-block; width: 0px; overflow: hidden; line-height: 0;\" class=\"mce_SELRES_start lazyload\">\ufeff<\/span><\/iframe><\/div>\n<p>&nbsp;<\/p>\n","protected":false},"excerpt":{"rendered":"<p>Porz\u0105dek i dobra organizacja to klucz do zapewnienia optymalnych warunk\u00f3w do nauki. Jak wprowadzi\u0107 je do pokoju dziecka? Istnieje wiele rozwi\u0105za\u0144, kt\u00f3re mog\u0105 to u\u0142atwia\u0107. Najwa\u017cniejszym z nich jest odpowiednie zagospodarowanie biurka i jego okolic. Jakie akcesoria powinny tam si\u0119 znale\u017a\u0107? Sprawd\u017a!<\/p>\n","protected":false},"author":29,"featured_media":36691,"comment_status":"closed","ping_status":"open","sticky":false,"template":"","format":"standard","meta":{"footnotes":""},"categories":[9,574],"tags":[],"aioseo_notices":[],"_links":{"self":[{"href":"https:\/\/www.brw.pl\/blog\/wp-json\/wp\/v2\/posts\/36690"}],"collection":[{"href":"https:\/\/www.brw.pl\/blog\/wp-json\/wp\/v2\/posts"}],"about":[{"href":"https:\/\/www.brw.pl\/blog\/wp-json\/wp\/v2\/types\/post"}],"author":[{"embeddable":true,"href":"https:\/\/www.brw.pl\/blog\/wp-json\/wp\/v2\/users\/29"}],"replies":[{"embeddable":true,"href":"https:\/\/www.brw.pl\/blog\/wp-json\/wp\/v2\/comments?post=36690"}],"version-history":[{"count":4,"href":"https:\/\/www.brw.pl\/blog\/wp-json\/wp\/v2\/posts\/36690\/revisions"}],"predecessor-version":[{"id":36713,"href":"https:\/\/www.brw.pl\/blog\/wp-json\/wp\/v2\/posts\/36690\/revisions\/36713"}],"wp:featuredmedia":[{"embeddable":true,"href":"https:\/\/www.brw.pl\/blog\/wp-json\/wp\/v2\/media\/36691"}],"wp:attachment":[{"href":"https:\/\/www.brw.pl\/blog\/wp-json\/wp\/v2\/media?parent=36690"}],"wp:term":[{"taxonomy":"category","embeddable":true,"href":"https:\/\/www.brw.pl\/blog\/wp-json\/wp\/v2\/categories?post=36690"},{"taxonomy":"post_tag","embeddable":true,"href":"https:\/\/www.brw.pl\/blog\/wp-json\/wp\/v2\/tags?post=36690"}],"curies":[{"name":"wp","href":"https:\/\/api.w.org\/{rel}","templated":true}]}}