{"id":36726,"date":"2024-08-14T18:21:24","date_gmt":"2024-08-14T16:21:24","guid":{"rendered":"https:\/\/www.brw.pl\/blog\/?p=36726"},"modified":"2024-10-02T14:22:19","modified_gmt":"2024-10-02T12:22:19","slug":"jaka-posciel-dla-dziecka-bedzie-najlepsza-sprawdz-o-czym-pamietac-przy-jej-wyborze","status":"publish","type":"post","link":"https:\/\/www.brw.pl\/blog\/jaka-posciel-dla-dziecka-bedzie-najlepsza-sprawdz-o-czym-pamietac-przy-jej-wyborze\/","title":{"rendered":"Jaka po\u015bciel dla dziecka b\u0119dzie najlepsza? Sprawd\u017a, o czym pami\u0119ta\u0107 przy jej wyborze!"},"content":{"rendered":"<p><strong>Urz\u0105dzaj\u0105c dzieci\u0119cy pok\u00f3j, musisz wzi\u0105\u0107 pod uwag\u0119 bezpiecze\u0144stwo i higien\u0119. Niezwykle istotne jest to, aby meble i dodatki spe\u0142nia\u0142y wszystkie konieczne wymogi. Szczeg\u00f3ln\u0105 uwag\u0119 powiniene\u015b (powinna\u015b) po\u015bwi\u0119ci\u0107 meblom, bez kt\u00f3rych nie obejd\u0105 si\u0119 ani maluch, ani starszak. W\u015br\u00f3d nich prym wiedzie \u0142\u00f3\u017cko wraz z ca\u0142ym wyposa\u017ceniem. W naszym poradniku skupimy si\u0119 na tym, jakie ko\u0142dry, poduszki, poszewki, prze\u015bcierad\u0142a i okrycia \u0142\u00f3\u017cka b\u0119d\u0105 dobre dla twojego dziecka.\u00a0<\/strong><\/p>\n<p><!--more--><\/p>\n<p><center><img decoding=\"async\" class=\"alignnone size-medium wp-image-36727 lazyload\" data-src=\"https:\/\/www.brw.pl\/blog\/wp-content\/uploads\/2024\/08\/glowne-Victor_Set_13-800x528.jpg\" alt=\"\u0141\u00f3\u017cko Victor - aran\u017cacja\" width=\"800\" height=\"528\" data-srcset=\"https:\/\/www.brw.pl\/blog\/wp-content\/uploads\/2024\/08\/glowne-Victor_Set_13-800x528.jpg 800w, https:\/\/www.brw.pl\/blog\/wp-content\/uploads\/2024\/08\/glowne-Victor_Set_13-768x507.jpg 768w, https:\/\/www.brw.pl\/blog\/wp-content\/uploads\/2024\/08\/glowne-Victor_Set_13-1536x1015.jpg 1536w, https:\/\/www.brw.pl\/blog\/wp-content\/uploads\/2024\/08\/glowne-Victor_Set_13.jpg 1617w\" data-sizes=\"(max-width: 800px) 100vw, 800px\" src=\"data:image\/svg+xml;base64,PHN2ZyB3aWR0aD0iMSIgaGVpZ2h0PSIxIiB4bWxucz0iaHR0cDovL3d3dy53My5vcmcvMjAwMC9zdmciPjwvc3ZnPg==\" style=\"--smush-placeholder-width: 800px; --smush-placeholder-aspect-ratio: 800\/528;\" \/><\/center><\/p>\n<p style=\"text-align: center;\"><a href=\"https:\/\/www.brw.pl\/lozko-victor-80x180-z-szuflada-biale,102427\" target=\"_blank\" rel=\"noopener\"><strong>\u0141\u00d3\u017bKO VICTOR<\/strong><\/a><\/p>\n<h2><strong>Aran\u017cacja \u0142\u00f3\u017cka pociechy: co b\u0119dzie niezb\u0119dne?<\/strong><\/h2>\n<p>Ka\u017cdy element wystroju <a href=\"https:\/\/www.brw.pl\/meble\/lozka\/\" target=\"_blank\" rel=\"noopener\">\u0142\u00f3\u017cka<\/a> musi by\u0107 dostosowany do wzrostu i\u00a0wieku dziecka (noworodek czy niemowl\u0119 maj\u0105 inne potrzeby ni\u017c przedszkolak b\u0105d\u017a nastolatek), a tak\u017ce do wielko\u015bci mebla. Og\u00f3lna zasada jest prosta. <strong>\u0141\u00f3\u017cko dopasuj do dziecka, <a href=\"https:\/\/www.brw.pl\/meble\/materace-i-stelaze\/\" target=\"_blank\" rel=\"noopener\">materac<\/a> do \u0142\u00f3\u017cka, <a href=\"https:\/\/www.brw.pl\/meble\/materace-i-stelaze\/ochraniacze-na-materace\/\" target=\"_blank\" rel=\"noopener\">ochraniacz<\/a>, <a href=\"https:\/\/www.brw.pl\/tekstylia\/posciel\/przescieradla\/\" target=\"_blank\" rel=\"noopener\">prze\u015bcierad\u0142o<\/a> oraz <a href=\"https:\/\/www.brw.pl\/tekstylia\/posciel\/koldry\/\" target=\"_blank\" rel=\"noopener\">ko\u0142dr\u0119<\/a>\u00a0do materaca, a <a href=\"https:\/\/www.brw.pl\/tekstylia\/posciel\/komplety-poscieli\/\" target=\"_blank\" rel=\"noopener\">poszewki<\/a> do ko\u0142dry i poduszki.<\/strong> Zastanawiaj\u0105c si\u0119 nad kolorystyk\u0105 i deseniem po\u015bcieli, uwzgl\u0119dnij aran\u017cacj\u0119 wn\u0119trza. Ca\u0142o\u015b\u0107 powinna by\u0107 sp\u00f3jna. Dzi\u0119ki temu przestrze\u0144 b\u0119dzie bardziej harmonijna, co korzystnie wp\u0142ynie na samopoczucie Twojej pociechy.<\/p>\n<p>Nie zapomnij o nakryciu na \u0142\u00f3\u017cko. Aby na po\u015bcieli nie zbiera\u0142 si\u0119 kurz, w ci\u0105gu dnia przyda si\u0119 przyjemna w dotyku <a href=\"https:\/\/www.brw.pl\/tekstylia\/narzuty\/\" target=\"_blank\" rel=\"noopener\">narzuta<\/a> lub <a href=\"https:\/\/www.brw.pl\/tekstylia\/koce-i-pledy\/\" target=\"_blank\" rel=\"noopener\">koc<\/a>. Dodaj jeszcze kilka kolorowych <a href=\"https:\/\/www.brw.pl\/tekstylia\/poduszki-dekoracyjne\/\" target=\"_blank\" rel=\"noopener\">poduszek dekoracyjnych<\/a>, a zwi\u0119kszysz nie tylko komfort u\u017cytkowania \u0142\u00f3\u017cka, ale r\u00f3wnie\u017c estetyk\u0119 pomieszczenia.<\/p>\n<div style=\"display: flex; align-items: center; justify-content: center; text-align: center;\">\n<figure id=\"attachment_23287\" aria-describedby=\"caption-attachment-23287\" style=\"width: 400px\" class=\"wp-caption aligncenter\"><a href=\"https:\/\/www.brw.pl\/koc-160x130,39956\" target=\"_blank\" rel=\"noopener noreferrer\"><img decoding=\"async\" class=\"wp-image-23287 lazyload\" data-src=\"https:\/\/www.brw.pl\/blog\/wp-content\/uploads\/2022\/05\/koc-z-mikrofibry.jpg\" alt=\"Koc z mikrofibry\" width=\"400\" height=\"300\" src=\"data:image\/svg+xml;base64,PHN2ZyB3aWR0aD0iMSIgaGVpZ2h0PSIxIiB4bWxucz0iaHR0cDovL3d3dy53My5vcmcvMjAwMC9zdmciPjwvc3ZnPg==\" style=\"--smush-placeholder-width: 400px; --smush-placeholder-aspect-ratio: 400\/300;\" \/><\/a><figcaption id=\"caption-attachment-23287\" class=\"wp-caption-text\"><a href=\"https:\/\/www.brw.pl\/koc-160x130,39956\" target=\"_blank\" rel=\"noopener noreferrer\"><span style=\"font-weight: 400;\">KOC Z MIKROFIBRY<\/span><\/a><\/figcaption><\/figure>\n<\/div>\n<p>&nbsp;<\/p>\n<div style=\"display: flex; align-items: center; justify-content: center; text-align: center;\">\n<figure id=\"attachment_29458\" aria-describedby=\"caption-attachment-29458\" style=\"width: 401px\" class=\"wp-caption aligncenter\"><a href=\"https:\/\/www.brw.pl\/narzuta-alexandria,40002\" target=\"_blank\" rel=\"noopener noreferrer\"><img decoding=\"async\" class=\"wp-image-29458 lazyload\" data-src=\"https:\/\/www.brw.pl\/blog\/wp-content\/uploads\/2023\/01\/Narzuta-Alexandria-800x540.png\" alt=\"Narzuta Alexandria\" width=\"401\" height=\"271\" data-srcset=\"https:\/\/www.brw.pl\/blog\/wp-content\/uploads\/2023\/01\/Narzuta-Alexandria-800x540.png 800w, https:\/\/www.brw.pl\/blog\/wp-content\/uploads\/2023\/01\/Narzuta-Alexandria-768x518.png 768w, https:\/\/www.brw.pl\/blog\/wp-content\/uploads\/2023\/01\/Narzuta-Alexandria-1536x1037.png 1536w, https:\/\/www.brw.pl\/blog\/wp-content\/uploads\/2023\/01\/Narzuta-Alexandria-368x250.png 368w, https:\/\/www.brw.pl\/blog\/wp-content\/uploads\/2023\/01\/Narzuta-Alexandria.png 1600w\" data-sizes=\"(max-width: 401px) 100vw, 401px\" src=\"data:image\/svg+xml;base64,PHN2ZyB3aWR0aD0iMSIgaGVpZ2h0PSIxIiB4bWxucz0iaHR0cDovL3d3dy53My5vcmcvMjAwMC9zdmciPjwvc3ZnPg==\" style=\"--smush-placeholder-width: 401px; --smush-placeholder-aspect-ratio: 401\/271;\" \/><\/a><figcaption id=\"caption-attachment-29458\" class=\"wp-caption-text\"><a href=\"https:\/\/www.brw.pl\/narzuta-alexandria,40002\" target=\"_blank\" rel=\"noopener noreferrer\"><span style=\"font-weight: 400;\">NARZUTA ALEXANDRIA<\/span><\/a><\/figcaption><\/figure>\n<\/div>\n<p>&nbsp;<\/p>\n<div style=\"display: flex; align-items: center; justify-content: center; text-align: center;\">\n<figure id=\"attachment_36731\" aria-describedby=\"caption-attachment-36731\" style=\"width: 401px\" class=\"wp-caption aligncenter\"><a href=\"https:\/\/www.brw.pl\/poduszka-dekoracyjna-melanie-40x40-cm-granatowa,78793\" target=\"_blank\" rel=\"noopener noreferrer\"><img decoding=\"async\" class=\"wp-image-36731 lazyload\" data-src=\"https:\/\/www.brw.pl\/blog\/wp-content\/uploads\/2024\/08\/poduszka-dekoracyjna-melanie-40x40-cm-granatowa-slargea.jpg\" alt=\"Poduszka dekoracyjna Melanie\" width=\"401\" height=\"401\" data-srcset=\"https:\/\/www.brw.pl\/blog\/wp-content\/uploads\/2024\/08\/poduszka-dekoracyjna-melanie-40x40-cm-granatowa-slargea.jpg 600w, https:\/\/www.brw.pl\/blog\/wp-content\/uploads\/2024\/08\/poduszka-dekoracyjna-melanie-40x40-cm-granatowa-slargea-150x150.jpg 150w, https:\/\/www.brw.pl\/blog\/wp-content\/uploads\/2024\/08\/poduszka-dekoracyjna-melanie-40x40-cm-granatowa-slargea-165x165.jpg 165w, https:\/\/www.brw.pl\/blog\/wp-content\/uploads\/2024\/08\/poduszka-dekoracyjna-melanie-40x40-cm-granatowa-slargea-120x120.jpg 120w\" data-sizes=\"(max-width: 401px) 100vw, 401px\" src=\"data:image\/svg+xml;base64,PHN2ZyB3aWR0aD0iMSIgaGVpZ2h0PSIxIiB4bWxucz0iaHR0cDovL3d3dy53My5vcmcvMjAwMC9zdmciPjwvc3ZnPg==\" style=\"--smush-placeholder-width: 401px; --smush-placeholder-aspect-ratio: 401\/401;\" \/><\/a><figcaption id=\"caption-attachment-36731\" class=\"wp-caption-text\"><a href=\"https:\/\/www.brw.pl\/poduszka-dekoracyjna-melanie-40x40-cm-granatowa,78793\" target=\"_blank\" rel=\"noopener noreferrer\"><span style=\"font-weight: 400;\">PODUSZKA DEKORACYJNA MELANIE NIEBIESKA<\/span><\/a><\/figcaption><\/figure>\n<\/div>\n<p>&nbsp;<\/p>\n<div style=\"display: flex; align-items: center; justify-content: center; text-align: center;\">\n<figure id=\"attachment_36732\" aria-describedby=\"caption-attachment-36732\" style=\"width: 401px\" class=\"wp-caption aligncenter\"><a href=\"https:\/\/www.brw.pl\/poduszka-dekoracyjna-melanie-40x40-rozowa,78796\" target=\"_blank\" rel=\"noopener noreferrer\"><img decoding=\"async\" class=\"wp-image-36732 lazyload\" data-src=\"https:\/\/www.brw.pl\/blog\/wp-content\/uploads\/2024\/08\/poduszka-dekoracyjna-melanie-40x40-rozowa-slargea.jpg\" alt=\"Poduszka dekoracyjna Melanie r\u00f3\u017cowa\" width=\"401\" height=\"401\" data-srcset=\"https:\/\/www.brw.pl\/blog\/wp-content\/uploads\/2024\/08\/poduszka-dekoracyjna-melanie-40x40-rozowa-slargea.jpg 600w, https:\/\/www.brw.pl\/blog\/wp-content\/uploads\/2024\/08\/poduszka-dekoracyjna-melanie-40x40-rozowa-slargea-150x150.jpg 150w, https:\/\/www.brw.pl\/blog\/wp-content\/uploads\/2024\/08\/poduszka-dekoracyjna-melanie-40x40-rozowa-slargea-165x165.jpg 165w, https:\/\/www.brw.pl\/blog\/wp-content\/uploads\/2024\/08\/poduszka-dekoracyjna-melanie-40x40-rozowa-slargea-120x120.jpg 120w\" data-sizes=\"(max-width: 401px) 100vw, 401px\" src=\"data:image\/svg+xml;base64,PHN2ZyB3aWR0aD0iMSIgaGVpZ2h0PSIxIiB4bWxucz0iaHR0cDovL3d3dy53My5vcmcvMjAwMC9zdmciPjwvc3ZnPg==\" style=\"--smush-placeholder-width: 401px; --smush-placeholder-aspect-ratio: 401\/401;\" \/><\/a><figcaption id=\"caption-attachment-36732\" class=\"wp-caption-text\"><a href=\"https:\/\/www.brw.pl\/poduszka-dekoracyjna-melanie-40x40-rozowa,78796\" target=\"_blank\" rel=\"noopener noreferrer\"><span style=\"font-weight: 400;\">PODUSZKA DEKORACYJNA MELANIE R\u00d3\u017bOWA<\/span><\/a><\/figcaption><\/figure>\n<\/div>\n<h2><strong>Po\u015bciel dla dzieci \u2013 na co zwr\u00f3ci\u0107 uwag\u0119 podczas zakupu?<\/strong><\/h2>\n<p><center><img decoding=\"async\" class=\"alignnone size-medium wp-image-36728 lazyload\" data-src=\"https:\/\/www.brw.pl\/blog\/wp-content\/uploads\/2024\/08\/FL-TA-ENERO-LBK-G1-COMO_19_Ar1_1-800x574.jpg\" alt=\"Tapczan Enero - aran\u017cacja\" width=\"800\" height=\"574\" data-srcset=\"https:\/\/www.brw.pl\/blog\/wp-content\/uploads\/2024\/08\/FL-TA-ENERO-LBK-G1-COMO_19_Ar1_1-800x574.jpg 800w, https:\/\/www.brw.pl\/blog\/wp-content\/uploads\/2024\/08\/FL-TA-ENERO-LBK-G1-COMO_19_Ar1_1-768x551.jpg 768w, https:\/\/www.brw.pl\/blog\/wp-content\/uploads\/2024\/08\/FL-TA-ENERO-LBK-G1-COMO_19_Ar1_1.jpg 1488w\" data-sizes=\"(max-width: 800px) 100vw, 800px\" src=\"data:image\/svg+xml;base64,PHN2ZyB3aWR0aD0iMSIgaGVpZ2h0PSIxIiB4bWxucz0iaHR0cDovL3d3dy53My5vcmcvMjAwMC9zdmciPjwvc3ZnPg==\" style=\"--smush-placeholder-width: 800px; --smush-placeholder-aspect-ratio: 800\/574;\" \/><\/center><\/p>\n<p style=\"text-align: center;\"><a href=\"https:\/\/www.brw.pl\/tapczan-jednoosobowy-enero-z-pojemnikiem-zielony,286274\" target=\"_blank\" rel=\"noopener\"><strong>TAPCZAN ENERO<\/strong><\/a><\/p>\n<p>Warto wybra\u0107 po\u015bciel,\u00a0bior\u0105c pod uwag\u0119 takie kryteria jak materia\u0142, rozmiar, kolor i wz\u00f3r. Om\u00f3wimy je szerzej w dalszej cz\u0119\u015bci artyku\u0142u.<\/p>\n<div style=\"display: flex; align-items: center; justify-content: center; text-align: center;\">\n<figure id=\"attachment_36733\" aria-describedby=\"caption-attachment-36733\" style=\"width: 402px\" class=\"wp-caption aligncenter\"><a href=\"https:\/\/www.brw.pl\/ochraniacz-na-materac-90x200-cm,30098\" target=\"_blank\" rel=\"noopener noreferrer\"><img decoding=\"async\" class=\"wp-image-36733 lazyload\" data-src=\"https:\/\/www.brw.pl\/blog\/wp-content\/uploads\/2024\/08\/ochraniacz-na-materac-90x200-cm-slargea.jpg\" alt=\"Ochraniacz na materac\" width=\"402\" height=\"302\" data-srcset=\"https:\/\/www.brw.pl\/blog\/wp-content\/uploads\/2024\/08\/ochraniacz-na-materac-90x200-cm-slargea.jpg 798w, https:\/\/www.brw.pl\/blog\/wp-content\/uploads\/2024\/08\/ochraniacz-na-materac-90x200-cm-slargea-768x577.jpg 768w\" data-sizes=\"(max-width: 402px) 100vw, 402px\" src=\"data:image\/svg+xml;base64,PHN2ZyB3aWR0aD0iMSIgaGVpZ2h0PSIxIiB4bWxucz0iaHR0cDovL3d3dy53My5vcmcvMjAwMC9zdmciPjwvc3ZnPg==\" style=\"--smush-placeholder-width: 402px; --smush-placeholder-aspect-ratio: 402\/302;\" \/><\/a><figcaption id=\"caption-attachment-36733\" class=\"wp-caption-text\"><a href=\"https:\/\/www.brw.pl\/ochraniacz-na-materac-90x200-cm,30098\" target=\"_blank\" rel=\"noopener noreferrer\"><span style=\"font-weight: 400;\">OCHRANIACZ NA MATERAC<\/span><\/a><\/figcaption><\/figure>\n<\/div>\n<p>&nbsp;<\/p>\n<div style=\"display: flex; align-items: center; justify-content: center; text-align: center;\">\n<figure id=\"attachment_36734\" aria-describedby=\"caption-attachment-36734\" style=\"width: 400px\" class=\"wp-caption aligncenter\"><a href=\"https:\/\/www.brw.pl\/przescieradlo-z-gumka-200x140-jass,35035\" target=\"_blank\" rel=\"noopener noreferrer\"><img decoding=\"async\" class=\"wp-image-36734 lazyload\" data-src=\"https:\/\/www.brw.pl\/blog\/wp-content\/uploads\/2024\/08\/przescieradlo-z-gumka-200x140-jass-slargea.jpg\" alt=\"Prze\u015bcierad\u0142o z gumk\u0105 Jass\" width=\"400\" height=\"301\" data-srcset=\"https:\/\/www.brw.pl\/blog\/wp-content\/uploads\/2024\/08\/przescieradlo-z-gumka-200x140-jass-slargea.jpg 798w, https:\/\/www.brw.pl\/blog\/wp-content\/uploads\/2024\/08\/przescieradlo-z-gumka-200x140-jass-slargea-768x577.jpg 768w\" data-sizes=\"(max-width: 400px) 100vw, 400px\" src=\"data:image\/svg+xml;base64,PHN2ZyB3aWR0aD0iMSIgaGVpZ2h0PSIxIiB4bWxucz0iaHR0cDovL3d3dy53My5vcmcvMjAwMC9zdmciPjwvc3ZnPg==\" style=\"--smush-placeholder-width: 400px; --smush-placeholder-aspect-ratio: 400\/301;\" \/><\/a><figcaption id=\"caption-attachment-36734\" class=\"wp-caption-text\"><a href=\"https:\/\/www.brw.pl\/przescieradlo-z-gumka-200x140-jass,35035\" target=\"_blank\" rel=\"noopener noreferrer\"><span style=\"font-weight: 400;\">PRZE\u015aCIERAD\u0141O Z GUMK\u0104 JASS<\/span><\/a><\/figcaption><\/figure>\n<\/div>\n<p><strong>Tapczan Enero<\/strong> widoczny na ostatnim zdj\u0119ciu aran\u017cacyjnym obejrzysz dok\u0142adniej na <a href=\"https:\/\/www.youtube.com\/@brwmeble\" target=\"_blank\" rel=\"noopener\"><strong>kanale BRW<\/strong><\/a> w serwisie YouTube:<\/p>\n<div class=\"videoWrapper\"><iframe title=\"Tapczan Enero\" data-src=\"https:\/\/www.youtube.com\/embed\/j923Wv5eRms\" frameborder=\"0\" allowfullscreen=\"allowfullscreen\" src=\"data:image\/svg+xml;base64,PHN2ZyB3aWR0aD0iMSIgaGVpZ2h0PSIxIiB4bWxucz0iaHR0cDovL3d3dy53My5vcmcvMjAwMC9zdmciPjwvc3ZnPg==\" data-load-mode=\"1\"><span data-mce-type=\"bookmark\" style=\"display: inline-block; width: 0px; overflow: hidden; line-height: 0;\" class=\"mce_SELRES_start lazyload\">\ufeff<\/span><\/iframe><\/div>\n<p>&nbsp;<\/p>\n<h3 style=\"text-align: center;\"><strong>Jaki materia\u0142 najlepszy na po\u015bciel dziecka?<\/strong><\/h3>\n<p>Tkanina i wype\u0142nienie, z jakich wykonano po\u015bciel dla niemowl\u0105t i dzieci, powinny by\u0107 wysokiej jako\u015bci, najlepiej certyfikowane. Certyfikat, na przyk\u0142ad Oeko-Tex Standard 100, gwarantuje, \u017ce po\u015bciel zosta\u0142a przetestowana pod k\u0105tem odporno\u015bci oraz bezpiecze\u0144stwa dla sk\u00f3ry dziecka.<\/p>\n<p><strong>Podczas zakupu po\u015bcieli do \u0142\u00f3\u017ceczka, rozwa\u017c poszewki wykonane z naturalnych materia\u0142\u00f3w &#8211; bawe\u0142ny, bambusa, kory.<\/strong> B\u0119d\u0105 \u015bwietnym pomys\u0142em i w odniesieniu do niemowlaka, i starszego brzd\u0105ca. Bawe\u0142niane poszewki &#8222;oddychaj\u0105&#8221;, s\u0105 przewiewne i dobrze ch\u0142on\u0105 wilgo\u0107, gdy maluszek poci si\u0119 w nocy. Podobne zalety posiadaj\u0105 po\u015bciele z bambusa i kory.<\/p>\n<p>Je\u015bli chodzi o wype\u0142nienie ko\u0142dry oraz <a href=\"https:\/\/www.brw.pl\/tekstylia\/posciel\/poduszki\/\" target=\"_blank\" rel=\"noopener\">poduszki<\/a>, <strong>po\u015bciel z wype\u0142nieniem\u00a0antyalergicznym, wytwarzana syntetycznie, b\u0119dzie wskazana w przypadku alergika<\/strong>. Roztocza jej niestraszne, co poprawi jako\u015b\u0107 snu szkraba.<\/p>\n<p>Czytaj r\u00f3wnie\u017c: <a href=\"https:\/\/www.brw.pl\/blog\/jaka-koldra-dla-dziecka-black-red-white-podpowiada\/\" target=\"_blank\" rel=\"noopener\"><strong>&#8222;Jaka ko\u0142dra dla dziecka? Black Red White podpowiada!&#8221;<\/strong><\/a>.<\/p>\n<div style=\"display: flex; align-items: center; justify-content: center; text-align: center;\">\n<figure id=\"attachment_36744\" aria-describedby=\"caption-attachment-36744\" style=\"width: 400px\" class=\"wp-caption aligncenter\"><a href=\"https:\/\/www.brw.pl\/koldra-155x200-bamboo,55755\" target=\"_blank\" rel=\"noopener noreferrer\"><img decoding=\"async\" class=\"wp-image-36744 lazyload\" data-src=\"https:\/\/www.brw.pl\/blog\/wp-content\/uploads\/2024\/08\/koldra-155x200-bamboo-slargea.jpg\" alt=\"Ko\u0142dra Bamboo\" width=\"400\" height=\"301\" data-srcset=\"https:\/\/www.brw.pl\/blog\/wp-content\/uploads\/2024\/08\/koldra-155x200-bamboo-slargea.jpg 798w, https:\/\/www.brw.pl\/blog\/wp-content\/uploads\/2024\/08\/koldra-155x200-bamboo-slargea-768x577.jpg 768w\" data-sizes=\"(max-width: 400px) 100vw, 400px\" src=\"data:image\/svg+xml;base64,PHN2ZyB3aWR0aD0iMSIgaGVpZ2h0PSIxIiB4bWxucz0iaHR0cDovL3d3dy53My5vcmcvMjAwMC9zdmciPjwvc3ZnPg==\" style=\"--smush-placeholder-width: 400px; --smush-placeholder-aspect-ratio: 400\/301;\" \/><\/a><figcaption id=\"caption-attachment-36744\" class=\"wp-caption-text\"><a href=\"https:\/\/www.brw.pl\/koldra-155x200-bamboo,55755\" target=\"_blank\" rel=\"noopener noreferrer\"><span style=\"font-weight: 400;\">KO\u0141DRA BAMBOO<\/span><\/a><\/figcaption><\/figure>\n<\/div>\n<p>&nbsp;<\/p>\n<div style=\"display: flex; align-items: center; justify-content: center; text-align: center;\">\n<figure id=\"attachment_36745\" aria-describedby=\"caption-attachment-36745\" style=\"width: 400px\" class=\"wp-caption aligncenter\"><a href=\"https:\/\/www.brw.pl\/poduszka-50x60-bamboo,55758\" target=\"_blank\" rel=\"noopener noreferrer\"><img decoding=\"async\" class=\"wp-image-36745 lazyload\" data-src=\"https:\/\/www.brw.pl\/blog\/wp-content\/uploads\/2024\/08\/poduszka-50x60-bamboo-slargea.jpg\" alt=\"Poduszka Bamboo\" width=\"400\" height=\"301\" data-srcset=\"https:\/\/www.brw.pl\/blog\/wp-content\/uploads\/2024\/08\/poduszka-50x60-bamboo-slargea.jpg 798w, https:\/\/www.brw.pl\/blog\/wp-content\/uploads\/2024\/08\/poduszka-50x60-bamboo-slargea-768x577.jpg 768w\" data-sizes=\"(max-width: 400px) 100vw, 400px\" src=\"data:image\/svg+xml;base64,PHN2ZyB3aWR0aD0iMSIgaGVpZ2h0PSIxIiB4bWxucz0iaHR0cDovL3d3dy53My5vcmcvMjAwMC9zdmciPjwvc3ZnPg==\" style=\"--smush-placeholder-width: 400px; --smush-placeholder-aspect-ratio: 400\/301;\" \/><\/a><figcaption id=\"caption-attachment-36745\" class=\"wp-caption-text\"><a href=\"https:\/\/www.brw.pl\/poduszka-50x60-bamboo,55758\" target=\"_blank\" rel=\"noopener noreferrer\"><span style=\"font-weight: 400;\">PODUSZKA BAMBOO<\/span><\/a><\/figcaption><\/figure>\n<\/div>\n<h3 style=\"text-align: center;\"><strong>Jaki rozmiar po\u015bcieli dla dziecka wybra\u0107?<\/strong><\/h3>\n<p>Nie wiesz, jak wybra\u0107 odpowiedni rozmiar po\u015bcieli? Dopasuj go do wieku i wzrostu dziecka.<\/p>\n<p><strong>Noworodek nie potrzebuje po\u015bcieli w\u00a0\u0142\u00f3\u017ceczku, poniewa\u017c istnieje ryzyko, \u017ce wsunie si\u0119 pod\u00a0ko\u0142derk\u0119 w czasie snu i nie b\u0119dzie m\u00f3g\u0142 swobodnie oddycha\u0107.<\/strong> W sezonie jesienno-zimowym lepiej po prostu ciep\u0142o ubiera\u0107 go na noc, ewentualnie zainwestowa\u0107 w specjalny \u015bpiworek.<\/p>\n<p>Po\u015bciel dla niemowl\u0105t starszych i dzieci do ok. 5. roku \u017cycia, jest dost\u0119pna w rozmiarach 80&#215;120, 90&#215;120, 90&#215;130 i 100&#215;135 cm. P\u00f3\u017aniej warto ju\u017c kupi\u0107 po\u015bciel\u00a0140&#215;200 cm. Gdy Twoja latoro\u015bl uko\u0144czy 10. rok \u017cycia, przyjdzie czas na poszewki w rozmiarze 160&#215;200 cm.\u00a0Oczywi\u015bcie s\u0105 to orientacyjne dane. Pami\u0119taj, \u017ce dzieci rosn\u0105 w r\u00f3\u017cnym tempie.<\/p>\n<blockquote><p>Po\u015bciel mo\u017cesz dostosowa\u0107 r\u00f3wnie\u017c do wielko\u015bci \u0142\u00f3\u017cka, wtedy podzia\u0142 jest prostszy. B\u0119d\u0105 to 3 uniwersalne rozmiary. W w\u00f3zku b\u0105d\u017a ko\u0142ysce &#8211; 80&#215;80 cm. W typowo dzieci\u0119cym \u0142\u00f3\u017ceczku &#8211; 100&#215;135 cm. W wi\u0119kszych \u0142\u00f3\u017ckach dzieci\u0119cych i m\u0142odzie\u017cowych &#8211; 140&#215;200 cm &#8211; t\u0142umaczy ekspert Black Red White.<\/p><\/blockquote>\n<div style=\"display: flex; align-items: center; justify-content: center; text-align: center;\">\n<figure id=\"attachment_36746\" aria-describedby=\"caption-attachment-36746\" style=\"width: 402px\" class=\"wp-caption aligncenter\"><a href=\"https:\/\/www.brw.pl\/koldra-200x160-peach,8689\" target=\"_blank\" rel=\"noopener noreferrer\"><img decoding=\"async\" class=\"wp-image-36746 lazyload\" data-src=\"https:\/\/www.brw.pl\/blog\/wp-content\/uploads\/2024\/08\/koldra-200x160-peach-slargea.jpg\" alt=\"Ko\u0142dra Peach\" width=\"402\" height=\"302\" data-srcset=\"https:\/\/www.brw.pl\/blog\/wp-content\/uploads\/2024\/08\/koldra-200x160-peach-slargea.jpg 798w, https:\/\/www.brw.pl\/blog\/wp-content\/uploads\/2024\/08\/koldra-200x160-peach-slargea-768x577.jpg 768w\" data-sizes=\"(max-width: 402px) 100vw, 402px\" src=\"data:image\/svg+xml;base64,PHN2ZyB3aWR0aD0iMSIgaGVpZ2h0PSIxIiB4bWxucz0iaHR0cDovL3d3dy53My5vcmcvMjAwMC9zdmciPjwvc3ZnPg==\" style=\"--smush-placeholder-width: 402px; --smush-placeholder-aspect-ratio: 402\/302;\" \/><\/a><figcaption id=\"caption-attachment-36746\" class=\"wp-caption-text\"><a href=\"https:\/\/www.brw.pl\/koldra-200x160-peach,8689\" target=\"_blank\" rel=\"noopener noreferrer\"><span style=\"font-weight: 400;\">KO\u0141DRA PEACH<\/span><\/a><\/figcaption><\/figure>\n<\/div>\n<p>&nbsp;<\/p>\n<div style=\"display: flex; align-items: center; justify-content: center; text-align: center;\">\n<figure id=\"attachment_36747\" aria-describedby=\"caption-attachment-36747\" style=\"width: 400px\" class=\"wp-caption aligncenter\"><a href=\"https:\/\/www.brw.pl\/poduszka-50x60-peach,8472\" target=\"_blank\" rel=\"noopener noreferrer\"><img decoding=\"async\" class=\"wp-image-36747 lazyload\" data-src=\"https:\/\/www.brw.pl\/blog\/wp-content\/uploads\/2024\/08\/poduszka-50x60-peach-slargea.jpg\" alt=\"Poduszka Peach\" width=\"400\" height=\"301\" data-srcset=\"https:\/\/www.brw.pl\/blog\/wp-content\/uploads\/2024\/08\/poduszka-50x60-peach-slargea.jpg 798w, https:\/\/www.brw.pl\/blog\/wp-content\/uploads\/2024\/08\/poduszka-50x60-peach-slargea-768x577.jpg 768w\" data-sizes=\"(max-width: 400px) 100vw, 400px\" src=\"data:image\/svg+xml;base64,PHN2ZyB3aWR0aD0iMSIgaGVpZ2h0PSIxIiB4bWxucz0iaHR0cDovL3d3dy53My5vcmcvMjAwMC9zdmciPjwvc3ZnPg==\" style=\"--smush-placeholder-width: 400px; --smush-placeholder-aspect-ratio: 400\/301;\" \/><\/a><figcaption id=\"caption-attachment-36747\" class=\"wp-caption-text\"><a href=\"https:\/\/www.brw.pl\/poduszka-50x60-peach,8472\" target=\"_blank\" rel=\"noopener noreferrer\"><span style=\"font-weight: 400;\">PODUSZKA PEACH<\/span><\/a><\/figcaption><\/figure>\n<\/div>\n<h3 style=\"text-align: center;\"><strong>Najpi\u0119kniejsza po\u015bciel, czyli jaki wz\u00f3r i kolor wybra\u0107<\/strong><\/h3>\n<p><center><img decoding=\"async\" class=\"alignnone size-medium wp-image-36729 lazyload\" data-src=\"https:\/\/www.brw.pl\/blog\/wp-content\/uploads\/2024\/08\/fluo-phone-komplet-poscieli-160x200-70x80-xlargea-642x800.jpg\" alt=\"Komplet po\u015bcieli Fluo Phone - aran\u017cacja\" width=\"642\" height=\"800\" data-srcset=\"https:\/\/www.brw.pl\/blog\/wp-content\/uploads\/2024\/08\/fluo-phone-komplet-poscieli-160x200-70x80-xlargea-642x800.jpg 642w, https:\/\/www.brw.pl\/blog\/wp-content\/uploads\/2024\/08\/fluo-phone-komplet-poscieli-160x200-70x80-xlargea-768x957.jpg 768w, https:\/\/www.brw.pl\/blog\/wp-content\/uploads\/2024\/08\/fluo-phone-komplet-poscieli-160x200-70x80-xlargea.jpg 818w\" data-sizes=\"(max-width: 642px) 100vw, 642px\" src=\"data:image\/svg+xml;base64,PHN2ZyB3aWR0aD0iMSIgaGVpZ2h0PSIxIiB4bWxucz0iaHR0cDovL3d3dy53My5vcmcvMjAwMC9zdmciPjwvc3ZnPg==\" style=\"--smush-placeholder-width: 642px; --smush-placeholder-aspect-ratio: 642\/800;\" \/><\/center><\/p>\n<p style=\"text-align: center;\"><a href=\"https:\/\/www.brw.pl\/fluo-phone-komplet-poscieli-160x200-70x80,57129\" target=\"_blank\" rel=\"noopener\"><strong>KOMPLET PO\u015aCIELI FLUO PHONE<\/strong><\/a><\/p>\n<p>Tak jak wspomnieli\u015bmy wcze\u015bniej, aran\u017cacja\u00a0pokoiku dziecka powinna by\u0107 sp\u00f3jna, zatem \u0142\u00f3\u017cko i jego wyposa\u017cenie musz\u0105 pasowa\u0107 do wystroju. Dotyczy to te\u017c po\u015bcieli. W sklepach &#8211; tak\u017ce w naszym &#8211; masz do wyboru najr\u00f3\u017cniejsze kolory oraz wzory.<\/p>\n<p>Kolorystyk\u0119 i dese\u0144, podobnie jak rozmiar po\u015bcieli, nale\u017cy dobra\u0107 pod k\u0105tem wieku Twojej pociechy. Z dzieckiem ju\u017c chodz\u0105cym do szko\u0142y skonsultuj temat. Udzia\u0142 w procesie decyzyjnym doda mu pewno\u015bci siebie &#8211; poczuje dum\u0119, \u017ce jego zdanie jest dla Ciebie wa\u017cne.<\/p>\n<p>Masz pod opiek\u0105 brzd\u0105ca, kt\u00f3ry jeszcze nie potrafi dobrze m\u00f3wi\u0107? <strong>Poszukaj po\u015bcieli, kt\u00f3ra przedstawia bohater\u00f3w jego ulubionych bajek, zwierz\u0105tka, kolorowe esy-floresy, barwne geometryczne wzory. <\/strong>Literki i cyferki r\u00f3wnie\u017c zdadz\u0105 egzamin &#8211; niech smyk oswaja si\u0119 z ich widokiem, zanim zacznie uczy\u0107 si\u0119 czyta\u0107 i liczy\u0107.<\/p>\n<div style=\"display: flex; align-items: center; justify-content: center; text-align: center;\">\n<figure id=\"attachment_36748\" aria-describedby=\"caption-attachment-36748\" style=\"width: 400px\" class=\"wp-caption aligncenter\"><a href=\"https:\/\/www.brw.pl\/komplet-poscieli-bawelnianej-szach-gray-160x200-2-x-70x80-cm,219989\" target=\"_blank\" rel=\"noopener noreferrer\"><img decoding=\"async\" class=\"wp-image-36748 lazyload\" data-src=\"https:\/\/www.brw.pl\/blog\/wp-content\/uploads\/2024\/08\/komplet-poscieli-bawelnianej-szach-gray-160x200-2-x-70x80-cm-slargea.jpg\" alt=\"Komplet po\u015bcieli Szach Gray\" width=\"400\" height=\"301\" data-srcset=\"https:\/\/www.brw.pl\/blog\/wp-content\/uploads\/2024\/08\/komplet-poscieli-bawelnianej-szach-gray-160x200-2-x-70x80-cm-slargea.jpg 798w, https:\/\/www.brw.pl\/blog\/wp-content\/uploads\/2024\/08\/komplet-poscieli-bawelnianej-szach-gray-160x200-2-x-70x80-cm-slargea-768x577.jpg 768w\" data-sizes=\"(max-width: 400px) 100vw, 400px\" src=\"data:image\/svg+xml;base64,PHN2ZyB3aWR0aD0iMSIgaGVpZ2h0PSIxIiB4bWxucz0iaHR0cDovL3d3dy53My5vcmcvMjAwMC9zdmciPjwvc3ZnPg==\" style=\"--smush-placeholder-width: 400px; --smush-placeholder-aspect-ratio: 400\/301;\" \/><\/a><figcaption id=\"caption-attachment-36748\" class=\"wp-caption-text\"><a href=\"https:\/\/www.brw.pl\/komplet-poscieli-bawelnianej-szach-gray-160x200-2-x-70x80-cm,219989\" target=\"_blank\" rel=\"noopener noreferrer\"><span style=\"font-weight: 400;\">KOMPLET PO\u015aCIELI SZACH GRAY<\/span><\/a><\/figcaption><\/figure>\n<\/div>\n<p>&nbsp;<\/p>\n<div style=\"display: flex; align-items: center; justify-content: center; text-align: center;\">\n<figure id=\"attachment_36749\" aria-describedby=\"caption-attachment-36749\" style=\"width: 400px\" class=\"wp-caption aligncenter\"><a href=\"https:\/\/www.brw.pl\/komplet-poscieli-bawelnianej-etna-ii-140x200-70x80-cm,272610\" target=\"_blank\" rel=\"noopener noreferrer\"><img decoding=\"async\" class=\"wp-image-36749 lazyload\" data-src=\"https:\/\/www.brw.pl\/blog\/wp-content\/uploads\/2024\/08\/komplet-poscieli-bawelnianej-etna-ii-140x200-70x80-cm-slargea.jpg\" alt=\"Komplet po\u015bcieli Etna II\" width=\"400\" height=\"301\" data-srcset=\"https:\/\/www.brw.pl\/blog\/wp-content\/uploads\/2024\/08\/komplet-poscieli-bawelnianej-etna-ii-140x200-70x80-cm-slargea.jpg 798w, https:\/\/www.brw.pl\/blog\/wp-content\/uploads\/2024\/08\/komplet-poscieli-bawelnianej-etna-ii-140x200-70x80-cm-slargea-768x577.jpg 768w\" data-sizes=\"(max-width: 400px) 100vw, 400px\" src=\"data:image\/svg+xml;base64,PHN2ZyB3aWR0aD0iMSIgaGVpZ2h0PSIxIiB4bWxucz0iaHR0cDovL3d3dy53My5vcmcvMjAwMC9zdmciPjwvc3ZnPg==\" style=\"--smush-placeholder-width: 400px; --smush-placeholder-aspect-ratio: 400\/301;\" \/><\/a><figcaption id=\"caption-attachment-36749\" class=\"wp-caption-text\"><a href=\"https:\/\/www.brw.pl\/komplet-poscieli-bawelnianej-etna-ii-140x200-70x80-cm,272610\" target=\"_blank\" rel=\"noopener noreferrer\"><span style=\"font-weight: 400;\">KOMPLET PO\u015aCIELI ETNA II<\/span><\/a><\/figcaption><\/figure>\n<\/div>\n<p>&nbsp;<\/p>\n<div style=\"display: flex; align-items: center; justify-content: center; text-align: center;\">\n<figure id=\"attachment_36750\" aria-describedby=\"caption-attachment-36750\" style=\"width: 400px\" class=\"wp-caption aligncenter\"><a href=\"https:\/\/www.brw.pl\/komplet-poscieli-bawelnianej-flores-160x200-2-x-70x80-cm,219995\" target=\"_blank\" rel=\"noopener noreferrer\"><img decoding=\"async\" class=\"wp-image-36750 lazyload\" data-src=\"https:\/\/www.brw.pl\/blog\/wp-content\/uploads\/2024\/08\/komplet-poscieli-bawelnianej-flores-160x200-2-x-70x80-cm-slargea.jpg\" alt=\"Komplet po\u015bcieli Flores\" width=\"400\" height=\"301\" data-srcset=\"https:\/\/www.brw.pl\/blog\/wp-content\/uploads\/2024\/08\/komplet-poscieli-bawelnianej-flores-160x200-2-x-70x80-cm-slargea.jpg 798w, https:\/\/www.brw.pl\/blog\/wp-content\/uploads\/2024\/08\/komplet-poscieli-bawelnianej-flores-160x200-2-x-70x80-cm-slargea-768x577.jpg 768w\" data-sizes=\"(max-width: 400px) 100vw, 400px\" src=\"data:image\/svg+xml;base64,PHN2ZyB3aWR0aD0iMSIgaGVpZ2h0PSIxIiB4bWxucz0iaHR0cDovL3d3dy53My5vcmcvMjAwMC9zdmciPjwvc3ZnPg==\" style=\"--smush-placeholder-width: 400px; --smush-placeholder-aspect-ratio: 400\/301;\" \/><\/a><figcaption id=\"caption-attachment-36750\" class=\"wp-caption-text\"><a href=\"https:\/\/www.brw.pl\/komplet-poscieli-bawelnianej-flores-160x200-2-x-70x80-cm,219995\" target=\"_blank\" rel=\"noopener noreferrer\"><span style=\"font-weight: 400;\">KOMPLET PO\u015aCIELI FLORES<\/span><\/a><\/figcaption><\/figure>\n<\/div>\n<p>&nbsp;<\/p>\n<div style=\"display: flex; align-items: center; justify-content: center; text-align: center;\">\n<figure id=\"attachment_36751\" aria-describedby=\"caption-attachment-36751\" style=\"width: 400px\" class=\"wp-caption aligncenter\"><a href=\"https:\/\/www.brw.pl\/komplet-poscieli-200x160-fluo-kon,46508\" target=\"_blank\" rel=\"noopener noreferrer\"><img decoding=\"async\" class=\"wp-image-36751 lazyload\" data-src=\"https:\/\/www.brw.pl\/blog\/wp-content\/uploads\/2024\/08\/komplet-poscieli-200x160-fluo-kon-slargea.jpg\" alt=\"Fluo Ko\u0144\" width=\"400\" height=\"301\" data-srcset=\"https:\/\/www.brw.pl\/blog\/wp-content\/uploads\/2024\/08\/komplet-poscieli-200x160-fluo-kon-slargea.jpg 798w, https:\/\/www.brw.pl\/blog\/wp-content\/uploads\/2024\/08\/komplet-poscieli-200x160-fluo-kon-slargea-768x577.jpg 768w\" data-sizes=\"(max-width: 400px) 100vw, 400px\" src=\"data:image\/svg+xml;base64,PHN2ZyB3aWR0aD0iMSIgaGVpZ2h0PSIxIiB4bWxucz0iaHR0cDovL3d3dy53My5vcmcvMjAwMC9zdmciPjwvc3ZnPg==\" style=\"--smush-placeholder-width: 400px; --smush-placeholder-aspect-ratio: 400\/301;\" \/><\/a><figcaption id=\"caption-attachment-36751\" class=\"wp-caption-text\"><a href=\"https:\/\/www.brw.pl\/komplet-poscieli-200x160-fluo-kon,46508\" target=\"_blank\" rel=\"noopener noreferrer\"><span style=\"font-weight: 400;\">KOMPLET PO\u015aCIELI FLUO KO\u0143<\/span><\/a><\/figcaption><\/figure>\n<\/div>\n<h2><strong>Jak pra\u0107 po\u015bciel dzieci\u0119c\u0105, by zachowa\u0107 jej jako\u015b\u0107?<\/strong><\/h2>\n<p><strong>Po\u015bciel dziecka warto pra\u0107 mniej wi\u0119cej co 10 dni, a optymalnie co tydzie\u0144. <\/strong>Regularne pranie u\u0142atwi utrzymanie higieny. Ma to znaczenie szczeg\u00f3lnie u przedszkolak\u00f3w, kt\u00f3re cz\u0119sto wracaj\u0105 z przedszkola z nieproszonymi go\u015b\u0107mi &#8211; bakteriami i wirusami.<\/p>\n<p>W jaki spos\u00f3b czy\u015bci\u0107 poszewki, \u017ceby jak najd\u0142u\u017cej zachowa\u0142y dobry stan? Bawe\u0142nian\u0105 po\u015bciel najlepiej pra\u0107 w pralce w temperaturze 60 stopni Celsjusza. Wysoka temperatura zniszczy ewentualne bakterie i grzyby urz\u0119duj\u0105ce na poszewkach, a nie zaszkodzi tkaninie. Bambusowi wystarczy 30-40 stopni, poniewa\u017c ten materia\u0142 sam w sobie ma dzia\u0142anie antygrzybiczne i antybakteryjne. Co do ko\u0142der i poduszek z wype\u0142nieniem, wskazana jest ni\u017csza temperatura &#8211; na metkach znajdziesz szczeg\u00f3\u0142owe instrukcje dotycz\u0105ce prania.<\/p>\n<h2><strong>Jaka po\u015bciel dzieci\u0119ca b\u0119dzie idealna? Taka, kt\u00f3ra zadba o bezpiecze\u0144stwo, zdrowie oraz komfort snu dziecka<\/strong><\/h2>\n<p><center><img decoding=\"async\" class=\"alignnone size-medium wp-image-36730 lazyload\" data-src=\"https:\/\/www.brw.pl\/blog\/wp-content\/uploads\/2024\/08\/Salga_aranz_Fabi_www-800x450.jpg\" alt=\"\u0141\u00f3\u017cko Salga - aran\u017cacja\" width=\"800\" height=\"450\" data-srcset=\"https:\/\/www.brw.pl\/blog\/wp-content\/uploads\/2024\/08\/Salga_aranz_Fabi_www-800x450.jpg 800w, https:\/\/www.brw.pl\/blog\/wp-content\/uploads\/2024\/08\/Salga_aranz_Fabi_www-768x432.jpg 768w, https:\/\/www.brw.pl\/blog\/wp-content\/uploads\/2024\/08\/Salga_aranz_Fabi_www-1536x864.jpg 1536w, https:\/\/www.brw.pl\/blog\/wp-content\/uploads\/2024\/08\/Salga_aranz_Fabi_www.jpg 1920w\" data-sizes=\"(max-width: 800px) 100vw, 800px\" src=\"data:image\/svg+xml;base64,PHN2ZyB3aWR0aD0iMSIgaGVpZ2h0PSIxIiB4bWxucz0iaHR0cDovL3d3dy53My5vcmcvMjAwMC9zdmciPjwvc3ZnPg==\" style=\"--smush-placeholder-width: 800px; --smush-placeholder-aspect-ratio: 800\/450;\" \/><\/center><\/p>\n<p style=\"text-align: center;\"><a href=\"https:\/\/www.brw.pl\/lozko-salga-120x200-ze-stelazem-i-pojemnikiem-szare,292952\" target=\"_blank\" rel=\"noopener\"><strong>\u0141\u00d3\u017bKO SALGA<\/strong><\/a><\/p>\n<p>Zaopatrzenie si\u0119 w odpowiedni\u0105 po\u015bciel korzystnie wp\u0142ynie na dobrostan dziecka. Maluchowi b\u0119dzie lepiej si\u0119 spa\u0142o, a przecie\u017c sen to zdrowie. <strong>Dostosowany do wzrostu brzd\u0105ca rozmiar, mi\u0142a w dotyku tkanina przyjazna sk\u00f3rze, wype\u0142nienie bezpieczne dla alergik\u00f3w, przyjemny dla oka wz\u00f3r &#8211; oto przepis na po\u015bciel, kt\u00f3ra spe\u0142ni oczekiwania najbardziej wymagaj\u0105cego rodzica oraz wszystkie potrzeby jego latoro\u015bli.<\/strong><\/p>\n<p>Mamy nadziej\u0119, \u017ce nasz poradnik pomo\u017ce Ci w wyborze po\u015bcieli dla Twojego smyka. Wiesz ju\u017c, jakie materia\u0142y na po\u015bciel s\u0105 rekomendowane, jak ustali\u0107 w\u0142a\u015bciwy rozmiar, kolor i dese\u0144. Pora na zakupy!<\/p>\n<p>Po\u015bciel dla dzieci w rozmaitych rozmiarach, barwach i wzorach czeka na Ciebie w <a href=\"https:\/\/www.brw.pl\/\" target=\"_blank\" rel=\"noopener\"><strong>sklepie internetowym Black Red White<\/strong><\/a>. Zapraszamy!<\/p>\n","protected":false},"excerpt":{"rendered":"<p>Urz\u0105dzaj\u0105c dzieci\u0119cy pok\u00f3j, musisz wzi\u0105\u0107 pod uwag\u0119 bezpiecze\u0144stwo i higien\u0119. Niezwykle istotne jest to, aby meble i dodatki spe\u0142nia\u0142y wszystkie konieczne wymogi. Szczeg\u00f3ln\u0105 uwag\u0119 powiniene\u015b (powinna\u015b) po\u015bwi\u0119ci\u0107 meblom, bez kt\u00f3rych nie obejd\u0105 si\u0119 ani maluch, ani starszak. W\u015br\u00f3d nich prym wiedzie \u0142\u00f3\u017cko wraz z ca\u0142ym wyposa\u017ceniem. W naszym poradniku skupimy si\u0119 na tym, jakie ko\u0142dry, [&hellip;]<\/p>\n","protected":false},"author":29,"featured_media":36727,"comment_status":"closed","ping_status":"open","sticky":false,"template":"","format":"standard","meta":{"footnotes":""},"categories":[750,9,574],"tags":[],"aioseo_notices":[],"_links":{"self":[{"href":"https:\/\/www.brw.pl\/blog\/wp-json\/wp\/v2\/posts\/36726"}],"collection":[{"href":"https:\/\/www.brw.pl\/blog\/wp-json\/wp\/v2\/posts"}],"about":[{"href":"https:\/\/www.brw.pl\/blog\/wp-json\/wp\/v2\/types\/post"}],"author":[{"embeddable":true,"href":"https:\/\/www.brw.pl\/blog\/wp-json\/wp\/v2\/users\/29"}],"replies":[{"embeddable":true,"href":"https:\/\/www.brw.pl\/blog\/wp-json\/wp\/v2\/comments?post=36726"}],"version-history":[{"count":3,"href":"https:\/\/www.brw.pl\/blog\/wp-json\/wp\/v2\/posts\/36726\/revisions"}],"predecessor-version":[{"id":36753,"href":"https:\/\/www.brw.pl\/blog\/wp-json\/wp\/v2\/posts\/36726\/revisions\/36753"}],"wp:featuredmedia":[{"embeddable":true,"href":"https:\/\/www.brw.pl\/blog\/wp-json\/wp\/v2\/media\/36727"}],"wp:attachment":[{"href":"https:\/\/www.brw.pl\/blog\/wp-json\/wp\/v2\/media?parent=36726"}],"wp:term":[{"taxonomy":"category","embeddable":true,"href":"https:\/\/www.brw.pl\/blog\/wp-json\/wp\/v2\/categories?post=36726"},{"taxonomy":"post_tag","embeddable":true,"href":"https:\/\/www.brw.pl\/blog\/wp-json\/wp\/v2\/tags?post=36726"}],"curies":[{"name":"wp","href":"https:\/\/api.w.org\/{rel}","templated":true}]}}