{"id":36775,"date":"2024-08-24T08:44:43","date_gmt":"2024-08-24T06:44:43","guid":{"rendered":"https:\/\/www.brw.pl\/blog\/?p=36775"},"modified":"2024-08-22T11:53:00","modified_gmt":"2024-08-22T09:53:00","slug":"jaka-lampa-solarna-na-podworko-bedzie-najlepsza-kilka-aspektow-wyboru-o-ktorych-nalezy-pamietac","status":"publish","type":"post","link":"https:\/\/www.brw.pl\/blog\/jaka-lampa-solarna-na-podworko-bedzie-najlepsza-kilka-aspektow-wyboru-o-ktorych-nalezy-pamietac\/","title":{"rendered":"Jaka lampa solarna na podw\u00f3rko b\u0119dzie najlepsza? Kilka aspekt\u00f3w wyboru, o kt\u00f3rych nale\u017cy pami\u0119ta\u0107!"},"content":{"rendered":"<p><strong>Jak o\u015bwietli\u0107 podw\u00f3rko w spos\u00f3b ekonomiczny i ekologiczny? Lampy solarne nie tylko o\u015bwietl\u0105 \u015bcie\u017cki, podjazd czy ogr\u00f3d, ale r\u00f3wnie\u017c pozwol\u0105 na znaczn\u0105 oszcz\u0119dno\u015b\u0107 energii. Poznaj dzia\u0142anie lamp solarnych, dowiedz si\u0119, dlaczego warto je wybra\u0107, oraz na co zwr\u00f3ci\u0107 uwag\u0119 przy ich zakupie. Zaczynamy!<\/strong><!--more--><\/p>\n<div style=\"display: flex; align-items: center; justify-content: center; text-align: center;\">\n<figure id=\"attachment_36776\" aria-describedby=\"caption-attachment-36776\" style=\"width: 800px\" class=\"wp-caption aligncenter\"><a href=\"https:\/\/www.brw.pl\/lampa-solarna-endura-style-led-50-cm-czarna,232851\" target=\"_blank\" rel=\"noopener noreferrer\"><img decoding=\"async\" class=\"wp-image-36776 size-medium lazyload\" data-src=\"https:\/\/www.brw.pl\/blog\/wp-content\/uploads\/2024\/08\/lampa-solarna-endura-style-led-50-cm-czarna-xlargea-800x556.jpg\" alt=\"Jaka lampa solarna na podw\u00f3rko b\u0119dzie najlepsza?\" width=\"800\" height=\"556\" data-srcset=\"https:\/\/www.brw.pl\/blog\/wp-content\/uploads\/2024\/08\/lampa-solarna-endura-style-led-50-cm-czarna-xlargea-800x556.jpg 800w, https:\/\/www.brw.pl\/blog\/wp-content\/uploads\/2024\/08\/lampa-solarna-endura-style-led-50-cm-czarna-xlargea-768x534.jpg 768w, https:\/\/www.brw.pl\/blog\/wp-content\/uploads\/2024\/08\/lampa-solarna-endura-style-led-50-cm-czarna-xlargea.jpg 1475w\" data-sizes=\"(max-width: 800px) 100vw, 800px\" src=\"data:image\/svg+xml;base64,PHN2ZyB3aWR0aD0iMSIgaGVpZ2h0PSIxIiB4bWxucz0iaHR0cDovL3d3dy53My5vcmcvMjAwMC9zdmciPjwvc3ZnPg==\" style=\"--smush-placeholder-width: 800px; --smush-placeholder-aspect-ratio: 800\/556;\" \/><\/a><figcaption id=\"caption-attachment-36776\" class=\"wp-caption-text\"><a href=\"https:\/\/www.brw.pl\/lampa-solarna-endura-style-led-50-cm-czarna,232851\" target=\"_blank\" rel=\"noopener noreferrer\"><span style=\"font-weight: 400;\">LAMPA SOLARNA ENDURA STYLE LED<\/span><\/a><\/figcaption><\/figure>\n<\/div>\n<h2><strong>Lampa solarna, czyli jaka?<\/strong><\/h2>\n<p>Lampy solarne ogrodowe nale\u017c\u0105 do nowoczesnych, inteligentnych i energooszcz\u0119dnych rozwi\u0105za\u0144 o\u015bwietleniowych. Ich popularno\u015b\u0107 z roku na rok ro\u015bnie. Pow\u00f3d? Przynosz\u0105 korzy\u015bci nie tylko \u015brodowisku, ale i naszym portfelom. <a href=\"https:\/\/www.brw.pl\/ogrod\/oswietlenie-zewnetrzne\/lampy-ogrodowe\/\" target=\"_blank\" rel=\"noopener\">Lampy ogrodowe<\/a> tego rodzaju dzia\u0142aj\u0105 na zasadzie konwersji energii s\u0142onecznej na energi\u0119 elektryczn\u0105, co pozwala zmniejszy\u0107 koszty zu\u017cycia pr\u0105du praktycznie do zera.<\/p>\n<h3>Jak dzia\u0142aj\u0105 lampy solarne ogrodowe?<\/h3>\n<p>G\u0142\u00f3wnym elementem ka\u017cdej lampy solarnej s\u0105 <strong>panele fotowoltaiczne odpowiedzialne za pob\u00f3r energii s\u0142onecznej w ci\u0105gu dnia<\/strong>. Kiedy \u015bwiat\u0142o s\u0142oneczne pada na panele, generuje przep\u0142yw elektron\u00f3w, co w rezultacie tworzy pr\u0105d elektryczny. Ten kierowany jest do akumulator\u00f3w magazynuj\u0105cych energi\u0119, a nast\u0119pnie wykorzystywany do <strong>zasilania diod LED po zmroku<\/strong>.<\/p>\n<p>Czujniki zmierzchowe wbudowane w <a href=\"https:\/\/www.brw.pl\/ogrod\/oswietlenie-zewnetrzne\/lampy-ogrodowe\/lampy-solarne\/\" target=\"_blank\" rel=\"noopener\">lampy solarne<\/a> automatycznie wykrywaj\u0105 spadek naturalnego o\u015bwietlenia, co sygnalizuje lampom potrzeb\u0119 w\u0142\u0105czenia. <strong>Dzia\u0142anie lamp solarnych jest wi\u0119c w pe\u0142ni zautomatyzowane<\/strong>: w\u0142\u0105czaj\u0105 si\u0119 o zmierzchu i wy\u0142\u0105czaj\u0105 o \u015bwicie lub kiedy energia zgromadzona w bateriach zostanie wyczerpana.<\/p>\n<p>Niekt\u00f3re z zaawansowanych modeli lamp maj\u0105 r\u00f3wnie\u017c dodatkowe funkcje, takie jak regulacja intensywno\u015bci \u015bwiat\u0142a, programowanie czasu dzia\u0142ania czy czujniki ruchu, kt\u00f3re aktywuj\u0105 \u015bwiat\u0142o tylko wtedy, gdy wykryj\u0105 obecno\u015b\u0107 w zasi\u0119gu sensora.<\/p>\n<h2><strong>Dlaczego warto wybra\u0107 o\u015bwietlenie solarne do swojego ogrodu?<\/strong><\/h2>\n<div style=\"display: flex; align-items: center; justify-content: center; text-align: center;\">\n<figure id=\"attachment_36777\" aria-describedby=\"caption-attachment-36777\" style=\"width: 800px\" class=\"wp-caption aligncenter\"><a href=\"https:\/\/www.brw.pl\/lampa-solarna-smart-bt-led-70-cm-czarna,232853\" target=\"_blank\" rel=\"noopener noreferrer\"><img decoding=\"async\" class=\"wp-image-36777 size-medium lazyload\" data-src=\"https:\/\/www.brw.pl\/blog\/wp-content\/uploads\/2024\/08\/lampa-solarna-smart-bt-led-70-cm-czarna-xlargea-800x531.jpg\" alt=\"Lampa solarna Smart BT LED\" width=\"800\" height=\"531\" data-srcset=\"https:\/\/www.brw.pl\/blog\/wp-content\/uploads\/2024\/08\/lampa-solarna-smart-bt-led-70-cm-czarna-xlargea-800x531.jpg 800w, https:\/\/www.brw.pl\/blog\/wp-content\/uploads\/2024\/08\/lampa-solarna-smart-bt-led-70-cm-czarna-xlargea-768x510.jpg 768w, https:\/\/www.brw.pl\/blog\/wp-content\/uploads\/2024\/08\/lampa-solarna-smart-bt-led-70-cm-czarna-xlargea-1536x1020.jpg 1536w, https:\/\/www.brw.pl\/blog\/wp-content\/uploads\/2024\/08\/lampa-solarna-smart-bt-led-70-cm-czarna-xlargea.jpg 1541w\" data-sizes=\"(max-width: 800px) 100vw, 800px\" src=\"data:image\/svg+xml;base64,PHN2ZyB3aWR0aD0iMSIgaGVpZ2h0PSIxIiB4bWxucz0iaHR0cDovL3d3dy53My5vcmcvMjAwMC9zdmciPjwvc3ZnPg==\" style=\"--smush-placeholder-width: 800px; --smush-placeholder-aspect-ratio: 800\/531;\" \/><\/a><figcaption id=\"caption-attachment-36777\" class=\"wp-caption-text\"><a href=\"https:\/\/www.brw.pl\/lampa-solarna-smart-bt-led-70-cm-czarna,232853\" target=\"_blank\" rel=\"noopener noreferrer\"><span style=\"font-weight: 400;\">LAMPA SOLARNA SMART BT LED<\/span><\/a><\/figcaption><\/figure>\n<\/div>\n<p>O\u015bwietlenie solarne do ogrodu to nie tylko ekologiczna alternatywa dla tradycyjnych \u017ar\u00f3de\u0142 \u015bwiat\u0142a, ale i niezwykle korzystne rozwi\u0105zanie. Jedn\u0105 z najwi\u0119kszych zalet lamp s\u0142onecznych jest\u00a0<strong>brak koszt\u00f3w zwi\u0105zanych ze zu\u017cyciem energii elektrycznej<\/strong>, co w perspektywie d\u0142ugoterminowej przek\u0142ada si\u0119 na mniejsze rachunki za pr\u0105d.<\/p>\n<p><strong>Lampki solarne s\u0105 r\u00f3wnie\u017c niezwykle proste w monta\u017cu<\/strong> \u2013 nie wymagaj\u0105 pod\u0142\u0105czenia do sieci elektrycznej ani przekopywania ogrodu w celu uk\u0142adania przewod\u00f3w. Mo\u017cna zainstalowa\u0107 je praktycznie w ka\u017cdym miejscu, w kt\u00f3rym panele s\u0142oneczne maj\u0105 dost\u0119p do naturalnego \u015bwiat\u0142a.<\/p>\n<p>Co wi\u0119cej, ten rodzaj opraw jest niemal bezobs\u0142ugowy. <strong>Ogrodowe o\u015bwietlenie solarne wysokiej klasy nie wymaga regularnych dzia\u0142a\u0144 konserwacyjnych<\/strong>. Jedyne interwencje, na jakie nale\u017cy by\u0107 przygotowanym, to sporadyczne czyszczenie paneli s\u0142onecznych oraz okazjonalna wymiana akumulator\u00f3w.<\/p>\n<h2><strong>Czym si\u0119 kierowa\u0107 wybieraj\u0105c lamp\u0119 solarn\u0105 do ogrodu?<\/strong><\/h2>\n<div style=\"display: flex; align-items: center; justify-content: center; text-align: center;\">\n<figure id=\"attachment_36778\" aria-describedby=\"caption-attachment-36778\" style=\"width: 800px\" class=\"wp-caption aligncenter\"><a href=\"https:\/\/www.brw.pl\/lampa-solarna-kiara-led-z-tworzywa-sztucznego-bialo-czarna,205383\" target=\"_blank\" rel=\"noopener noreferrer\"><img decoding=\"async\" class=\"wp-image-36778 size-medium lazyload\" data-src=\"https:\/\/www.brw.pl\/blog\/wp-content\/uploads\/2024\/08\/lampa-solarna-kiara-led-z-tworzywa-sztucznego-bialo-czarna-xlargea-800x601.jpg\" alt=\"Lampa solarna Kiara LED\" width=\"800\" height=\"601\" data-srcset=\"https:\/\/www.brw.pl\/blog\/wp-content\/uploads\/2024\/08\/lampa-solarna-kiara-led-z-tworzywa-sztucznego-bialo-czarna-xlargea-800x601.jpg 800w, https:\/\/www.brw.pl\/blog\/wp-content\/uploads\/2024\/08\/lampa-solarna-kiara-led-z-tworzywa-sztucznego-bialo-czarna-xlargea-768x577.jpg 768w, https:\/\/www.brw.pl\/blog\/wp-content\/uploads\/2024\/08\/lampa-solarna-kiara-led-z-tworzywa-sztucznego-bialo-czarna-xlargea.jpg 1438w\" data-sizes=\"(max-width: 800px) 100vw, 800px\" src=\"data:image\/svg+xml;base64,PHN2ZyB3aWR0aD0iMSIgaGVpZ2h0PSIxIiB4bWxucz0iaHR0cDovL3d3dy53My5vcmcvMjAwMC9zdmciPjwvc3ZnPg==\" style=\"--smush-placeholder-width: 800px; --smush-placeholder-aspect-ratio: 800\/601;\" \/><\/a><figcaption id=\"caption-attachment-36778\" class=\"wp-caption-text\"><a href=\"https:\/\/www.brw.pl\/lampa-solarna-kiara-led-z-tworzywa-sztucznego-bialo-czarna,205383\" target=\"_blank\" rel=\"noopener noreferrer\"><span style=\"font-weight: 400;\">LAMPA SOLARNA KIARA LED<\/span><\/a><\/figcaption><\/figure>\n<\/div>\n<p>Planujesz zakup o\u015bwietlenia zewn\u0119trznego zasilanego energi\u0105 s\u0142oneczn\u0105? Sprawd\u017a, na co koniecznie musisz zwr\u00f3ci\u0107 uwag\u0119. Najwa\u017cniejsze informacje znajdziesz w kolejnych akapitach!<\/p>\n<h3>Wydajno\u015b\u0107 i moc solarnej lampy a Twoje oczekiwania<\/h3>\n<p>W przypadku lamp solarnych LED informacji o tym, jak jasne \u015bwiat\u0142o emituj\u0105 diody, dostarcza nam nie moc lampy wyra\u017cana w watach, ale\u00a0<strong>strumie\u0144 \u015bwietlny wyra\u017cany w lumenach<\/strong>. Zasada jest prosta: im wi\u0119cej lumen\u00f3w, tym ja\u015bniejsze \u015bwiat\u0142o. Z kolei chc\u0105c okre\u015bli\u0107 wydajno\u015b\u0107 lampy, musimy zwr\u00f3ci\u0107 uwag\u0119 na wsp\u00f3\u0142czynnik efektywno\u015bci \u015bwietlnej. Parametr okre\u015bla, ile \u015bwiat\u0142a (lumen\u00f3w) wytwarzane jest przez ka\u017cdy zu\u017cyty wat energii elektrycznej. Im wy\u017cszy wsp\u00f3\u0142czynnik efektywno\u015bci \u015bwietlnej, tym bardziej energetycznie wydajne jest \u017ar\u00f3d\u0142o \u015bwiat\u0142a.<\/p>\n<p><strong>Moc oraz strumie\u0144 \u015bwietlny lampy solarnej nale\u017cy dobra\u0107 przede wszystkim do jej przeznaczenia<\/strong>. W zale\u017cno\u015bci od miejsca, kt\u00f3re chcemy o\u015bwietli\u0107, oraz naszych potrzeb mo\u017cemy zdecydowa\u0107 si\u0119 na lampy b\u0119d\u0105ce \u017ar\u00f3d\u0142em subtelnego, rozproszonego \u015bwiat\u0142a lub na lampy mocniejsze, wyra\u017anie o\u015bwietlaj\u0105ce elementy <a href=\"https:\/\/www.brw.pl\/ogrod\/architektura-ogrodowa\/\" target=\"_blank\" rel=\"noopener\">architektury ogrodowej<\/a> czy miejsca wypoczynku.<\/p>\n<p>Przyk\u0142adowo, do delikatnego o\u015bwietlenia \u015bcie\u017cek i alejek wystarczaj\u0105ce b\u0119d\u0105 lampy o strumieniu \u015bwietlnym 200 lumen\u00f3w. Na wy\u017csze warto\u015bci warto zdecydowa\u0107 si\u0119 w przypadku o\u015bwietlania punkt\u00f3w dekoracyjnych, takich jak rze\u017aby czy rabaty (200-400 lumen\u00f3w) oraz stref wypoczynkowych, np. w obr\u0119bie tarasu, altany, wiaty ogrodowej (400-800 lumen\u00f3w).<\/p>\n<h3>Spos\u00f3b monta\u017cu<\/h3>\n<p>Lampy solarne mo\u017cna instalowa\u0107 na wiele sposob\u00f3w \u2013 bez problemu dopasujesz je do specyfiki miejsca wymagaj\u0105cego pod\u015bwietlenia.<\/p>\n<p><strong>Lampy stoj\u0105ce typu s\u0142upek<\/strong> to jedne z najpopularniejszych wariant\u00f3w o\u015bwietlenia solarnego. Charakteryzuj\u0105 si\u0119 wysok\u0105 funkcjonalno\u015bci\u0105 i uniwersalno\u015bci\u0105. Doskonale sprawdzaj\u0105 si\u0119 do o\u015bwietlania \u015bcie\u017cek, alejek, wej\u015b\u0107 do domu. Na rynku dost\u0119pne s\u0105 modele o zr\u00f3\u017cnicowanym designie, dlatego mog\u0105 stanowi\u0107 nie tylko praktyczne, ale i dekoracyjne uzupe\u0142nienie przestrzeni.<\/p>\n<p><strong>Lampy solarne gruntowe<\/strong> to doskona\u0142y wyb\u00f3r dla os\u00f3b, kt\u00f3re chc\u0105 dyskretnie pod\u015bwietli\u0107 \u015bcie\u017cki lub zaakcentowa\u0107 granice tarasu. Monta\u017c lamp jest stosunkowo prosty \u2013 wystarczy umie\u015bci\u0107 je w mi\u0119kkiej ziemi. Poniewa\u017c s\u0105 niskie, \u015bwiat\u0142o rozchodzi si\u0119 r\u00f3wnomiernie na niewielkiej wysoko\u015bci, idealnie podkre\u015blaj\u0105c tekstur\u0119 nawierzchni.<\/p>\n<div style=\"display: flex; align-items: center; justify-content: center; text-align: center;\">\n<figure id=\"attachment_36779\" aria-describedby=\"caption-attachment-36779\" style=\"width: 400px\" class=\"wp-caption aligncenter\"><a href=\"https:\/\/www.brw.pl\/lampa-ogrodowa-wbijana-w-ziemie-vt-952-led-z-tworzywa-sztucznego-czarna,216769\" target=\"_blank\" rel=\"noopener noreferrer\"><img decoding=\"async\" class=\"wp-image-36779 lazyload\" data-src=\"https:\/\/www.brw.pl\/blog\/wp-content\/uploads\/2024\/08\/lampa-ogrodowa-wbijana-w-ziemie-vt-952-led-z-tworzywa-sztucznego-czarna-slargea.jpg\" alt=\"Lampa ogrodowa wbijana w ziemi\u0119\" width=\"400\" height=\"301\" data-srcset=\"https:\/\/www.brw.pl\/blog\/wp-content\/uploads\/2024\/08\/lampa-ogrodowa-wbijana-w-ziemie-vt-952-led-z-tworzywa-sztucznego-czarna-slargea.jpg 798w, https:\/\/www.brw.pl\/blog\/wp-content\/uploads\/2024\/08\/lampa-ogrodowa-wbijana-w-ziemie-vt-952-led-z-tworzywa-sztucznego-czarna-slargea-768x577.jpg 768w\" data-sizes=\"(max-width: 400px) 100vw, 400px\" src=\"data:image\/svg+xml;base64,PHN2ZyB3aWR0aD0iMSIgaGVpZ2h0PSIxIiB4bWxucz0iaHR0cDovL3d3dy53My5vcmcvMjAwMC9zdmciPjwvc3ZnPg==\" style=\"--smush-placeholder-width: 400px; --smush-placeholder-aspect-ratio: 400\/301;\" \/><\/a><figcaption id=\"caption-attachment-36779\" class=\"wp-caption-text\"><a href=\"https:\/\/www.brw.pl\/lampa-ogrodowa-wbijana-w-ziemie-vt-952-led-z-tworzywa-sztucznego-czarna,216769\" target=\"_blank\" rel=\"noopener noreferrer\"><span style=\"font-weight: 400;\">LAMPA OGRODOWA WBIJANA W ZIEMI\u0118<\/span><\/a><\/figcaption><\/figure>\n<figure id=\"attachment_36780\" aria-describedby=\"caption-attachment-36780\" style=\"width: 400px\" class=\"wp-caption aligncenter\"><a href=\"https:\/\/www.brw.pl\/lampa-solarna-led-26-z-tworzywa-sztucznego-czarna,56145\" target=\"_blank\" rel=\"noopener noreferrer\"><img decoding=\"async\" class=\"wp-image-36780 lazyload\" data-src=\"https:\/\/www.brw.pl\/blog\/wp-content\/uploads\/2024\/08\/lampa-solarna-led-26-z-tworzywa-sztucznego-czarna-slargea.jpg\" alt=\"Lampa solarna LED \" width=\"400\" height=\"301\" data-srcset=\"https:\/\/www.brw.pl\/blog\/wp-content\/uploads\/2024\/08\/lampa-solarna-led-26-z-tworzywa-sztucznego-czarna-slargea.jpg 798w, https:\/\/www.brw.pl\/blog\/wp-content\/uploads\/2024\/08\/lampa-solarna-led-26-z-tworzywa-sztucznego-czarna-slargea-768x577.jpg 768w\" data-sizes=\"(max-width: 400px) 100vw, 400px\" src=\"data:image\/svg+xml;base64,PHN2ZyB3aWR0aD0iMSIgaGVpZ2h0PSIxIiB4bWxucz0iaHR0cDovL3d3dy53My5vcmcvMjAwMC9zdmciPjwvc3ZnPg==\" style=\"--smush-placeholder-width: 400px; --smush-placeholder-aspect-ratio: 400\/301;\" \/><\/a><figcaption id=\"caption-attachment-36780\" class=\"wp-caption-text\"><a href=\"https:\/\/www.brw.pl\/lampa-solarna-led-26-z-tworzywa-sztucznego-czarna,56145\" target=\"_blank\" rel=\"noopener noreferrer\"><span style=\"font-weight: 400;\">LAMPA SOLARNA LED<\/span><\/a><\/figcaption><\/figure>\n<\/div>\n<p><strong>Lampy najazdowe<\/strong> s\u0105 zaprojektowane z my\u015bl\u0105 o wytrzyma\u0142o\u015bci. Dzi\u0119ki specjalnej konstrukcji mog\u0105 wytrzyma\u0107 du\u017ce obci\u0105\u017cenia, s\u0105 wi\u0119c idealne do monta\u017cu na podjazdach czy parkingach. Niska, p\u0142aska konstrukcja minimalizuje ryzyko uszkodze\u0144, a jednocze\u015bnie efektywnie o\u015bwietla przestrze\u0144.<\/p>\n<p><strong>Lampy solarne wisz\u0105ce<\/strong> to elegancka opcja dla tych, kt\u00f3rzy chc\u0105 stworzy\u0107 unikaln\u0105 aran\u017cacj\u0119 ogrodu lub przestrzeni wok\u00f3\u0142 domu. Mo\u017cna zawiesi\u0107 je na \u015bcianach budynku czy na p\u0142ocie, ale te\u017c na ga\u0142\u0119ziach drzew, pergolach, w altanie.<\/p>\n<div style=\"display: flex; align-items: center; justify-content: center; text-align: center;\">\n<figure id=\"attachment_36781\" aria-describedby=\"caption-attachment-36781\" style=\"width: 400px\" class=\"wp-caption aligncenter\"><a href=\"https:\/\/www.brw.pl\/kinkiet-solarny-tony-led-ze-sciemniaczem-bialo-czarny,205238\" target=\"_blank\" rel=\"noopener noreferrer\"><img decoding=\"async\" class=\"wp-image-36781 lazyload\" data-src=\"https:\/\/www.brw.pl\/blog\/wp-content\/uploads\/2024\/08\/kinkiet-solarny-tony-led-ze-sciemniaczem-bialo-czarny-slargea.jpg\" alt=\"Kinkiet solarny Tony LED ze \u015bciemniaczem\" width=\"400\" height=\"301\" data-srcset=\"https:\/\/www.brw.pl\/blog\/wp-content\/uploads\/2024\/08\/kinkiet-solarny-tony-led-ze-sciemniaczem-bialo-czarny-slargea.jpg 798w, https:\/\/www.brw.pl\/blog\/wp-content\/uploads\/2024\/08\/kinkiet-solarny-tony-led-ze-sciemniaczem-bialo-czarny-slargea-768x577.jpg 768w\" data-sizes=\"(max-width: 400px) 100vw, 400px\" src=\"data:image\/svg+xml;base64,PHN2ZyB3aWR0aD0iMSIgaGVpZ2h0PSIxIiB4bWxucz0iaHR0cDovL3d3dy53My5vcmcvMjAwMC9zdmciPjwvc3ZnPg==\" style=\"--smush-placeholder-width: 400px; --smush-placeholder-aspect-ratio: 400\/301;\" \/><\/a><figcaption id=\"caption-attachment-36781\" class=\"wp-caption-text\"><a href=\"https:\/\/www.brw.pl\/kinkiet-solarny-tony-led-ze-sciemniaczem-bialo-czarny,205238\" target=\"_blank\" rel=\"noopener noreferrer\"><span style=\"font-weight: 400;\">KINKIET SOLARNY TONY LED ZE \u015aCIEMNIACZEM<\/span><\/a><\/figcaption><\/figure>\n<figure id=\"attachment_36782\" aria-describedby=\"caption-attachment-36782\" style=\"width: 400px\" class=\"wp-caption aligncenter\"><a href=\"https:\/\/www.brw.pl\/kinkiet-zewnetrzny-vt-11020s-led-16-cm-3000k-z-czujnikiem-ruchu-bialy,216761\" target=\"_blank\" rel=\"noopener noreferrer\"><img decoding=\"async\" class=\"wp-image-36782 lazyload\" data-src=\"https:\/\/www.brw.pl\/blog\/wp-content\/uploads\/2024\/08\/kinkiet-zewnetrzny-vt-11020s-led-16-cm-3000k-z-czujnikiem-ruchu-bialy-slargea.jpg\" alt=\"Kinkiet zewn\u0119trzny z czujnikiem ruchu\" width=\"400\" height=\"301\" data-srcset=\"https:\/\/www.brw.pl\/blog\/wp-content\/uploads\/2024\/08\/kinkiet-zewnetrzny-vt-11020s-led-16-cm-3000k-z-czujnikiem-ruchu-bialy-slargea.jpg 798w, https:\/\/www.brw.pl\/blog\/wp-content\/uploads\/2024\/08\/kinkiet-zewnetrzny-vt-11020s-led-16-cm-3000k-z-czujnikiem-ruchu-bialy-slargea-768x577.jpg 768w\" data-sizes=\"(max-width: 400px) 100vw, 400px\" src=\"data:image\/svg+xml;base64,PHN2ZyB3aWR0aD0iMSIgaGVpZ2h0PSIxIiB4bWxucz0iaHR0cDovL3d3dy53My5vcmcvMjAwMC9zdmciPjwvc3ZnPg==\" style=\"--smush-placeholder-width: 400px; --smush-placeholder-aspect-ratio: 400\/301;\" \/><\/a><figcaption id=\"caption-attachment-36782\" class=\"wp-caption-text\"><a href=\"https:\/\/www.brw.pl\/kinkiet-zewnetrzny-vt-11020s-led-16-cm-3000k-z-czujnikiem-ruchu-bialy,216761\" target=\"_blank\" rel=\"noopener noreferrer\"><span style=\"font-weight: 400;\">KINKIET ZEWN\u0118TRZNY Z CZUJNIKIEM RUCHU<\/span><\/a><\/figcaption><\/figure>\n<figure id=\"attachment_36783\" aria-describedby=\"caption-attachment-36783\" style=\"width: 400px\" class=\"wp-caption aligncenter\"><a href=\"https:\/\/www.brw.pl\/naswietlacz-santor-led-z-czujnkiem-dnia-i-nocy-czarny,178596\" target=\"_blank\" rel=\"noopener noreferrer\"><img decoding=\"async\" class=\"wp-image-36783 lazyload\" data-src=\"https:\/\/www.brw.pl\/blog\/wp-content\/uploads\/2024\/08\/naswietlacz-santor-led-z-czujnkiem-dnia-i-nocy-czarny-slargea.jpg\" alt=\"Na\u015bwietlacz Santor LED z czujnikiem dnia i nocy\" width=\"400\" height=\"301\" data-srcset=\"https:\/\/www.brw.pl\/blog\/wp-content\/uploads\/2024\/08\/naswietlacz-santor-led-z-czujnkiem-dnia-i-nocy-czarny-slargea.jpg 798w, https:\/\/www.brw.pl\/blog\/wp-content\/uploads\/2024\/08\/naswietlacz-santor-led-z-czujnkiem-dnia-i-nocy-czarny-slargea-768x577.jpg 768w\" data-sizes=\"(max-width: 400px) 100vw, 400px\" src=\"data:image\/svg+xml;base64,PHN2ZyB3aWR0aD0iMSIgaGVpZ2h0PSIxIiB4bWxucz0iaHR0cDovL3d3dy53My5vcmcvMjAwMC9zdmciPjwvc3ZnPg==\" style=\"--smush-placeholder-width: 400px; --smush-placeholder-aspect-ratio: 400\/301;\" \/><\/a><figcaption id=\"caption-attachment-36783\" class=\"wp-caption-text\"><a href=\"https:\/\/www.brw.pl\/naswietlacz-santor-led-z-czujnkiem-dnia-i-nocy-czarny,178596\" target=\"_blank\" rel=\"noopener noreferrer\"><span style=\"font-weight: 400;\">NA\u015aWIETLACZ SANTOR LED<\/span><\/a><\/figcaption><\/figure>\n<\/div>\n<p><strong>Lampy solarne przeno\u015bne<\/strong> to mi\u0119dzy innymi dekoracyjne lampiony, kt\u00f3re mo\u017cna postawi\u0107 w dowolnym miejscu. Niewielkie latarenki buduj\u0105 przytuln\u0105 atmosfer\u0119 po zmroku \u2013 przydadz\u0105 si\u0119 na tarasie, balkonie i w innych strefach wypoczynku.<\/p>\n<div style=\"display: flex; align-items: center; justify-content: center; text-align: center;\">\n<figure id=\"attachment_35987\" aria-describedby=\"caption-attachment-35987\" style=\"width: 800px\" class=\"wp-caption aligncenter\"><a href=\"https:\/\/www.brw.pl\/lampion-solarny-peonia-led-metalowy-czarny,43713\" target=\"_blank\" rel=\"noopener noreferrer\"><img decoding=\"async\" class=\"wp-image-35987 size-medium lazyload\" data-src=\"https:\/\/www.brw.pl\/blog\/wp-content\/uploads\/2023\/07\/lampion-solarny-peonia-led-metalowy-czarny-xlargea-800x600.jpg\" alt=\"Lampion solarny Peonia LED\" width=\"800\" height=\"600\" data-srcset=\"https:\/\/www.brw.pl\/blog\/wp-content\/uploads\/2023\/07\/lampion-solarny-peonia-led-metalowy-czarny-xlargea-800x600.jpg 800w, https:\/\/www.brw.pl\/blog\/wp-content\/uploads\/2023\/07\/lampion-solarny-peonia-led-metalowy-czarny-xlargea-768x576.jpg 768w, https:\/\/www.brw.pl\/blog\/wp-content\/uploads\/2023\/07\/lampion-solarny-peonia-led-metalowy-czarny-xlargea.jpg 1440w\" data-sizes=\"(max-width: 800px) 100vw, 800px\" src=\"data:image\/svg+xml;base64,PHN2ZyB3aWR0aD0iMSIgaGVpZ2h0PSIxIiB4bWxucz0iaHR0cDovL3d3dy53My5vcmcvMjAwMC9zdmciPjwvc3ZnPg==\" style=\"--smush-placeholder-width: 800px; --smush-placeholder-aspect-ratio: 800\/600;\" \/><\/a><figcaption id=\"caption-attachment-35987\" class=\"wp-caption-text\"><a href=\"https:\/\/www.brw.pl\/lampion-solarny-peonia-led-metalowy-czarny,43713\" target=\"_blank\" rel=\"noopener noreferrer\"><span style=\"font-weight: 400;\">LAMPION SOLARNY PEONIA LED<\/span><\/a><\/figcaption><\/figure>\n<\/div>\n<p>Lampiony na taras to r\u00f3wnie\u017c klasyczne modele, w kt\u00f3re wystarczy wstawi\u0107 \u015bwiec\u0119 lub k\u0142\u0119bek ledowych lampek na sznurku. Wi\u0119cej stylowych propozycji znajdziesz w artykule: <a href=\"https:\/\/www.brw.pl\/blog\/lampiony-na-tarasie-aranzacje\/\" target=\"_blank\" rel=\"noopener\">&#8222;Lampiony na tarasie \u2013 aran\u017cacje&#8221;<\/a>.<\/p>\n<h3>Odporno\u015b\u0107 na warunki atmosferyczne<\/h3>\n<p>Wybieraj\u0105c lampy ogrodowe solarne, sprawd\u017a, czy s\u0105 one odporne na uszkodzenia wynikaj\u0105ce z warunk\u00f3w atmosferycznych. Parametrem, kt\u00f3ry okre\u015bla poziom odporno\u015bci urz\u0105dzenia na czynniki zewn\u0119trzne, takie jak py\u0142 i woda, jest <strong>stopie\u0144 ochrony IP<\/strong> (Ingress Protection).<\/p>\n<p>Stopie\u0144 szczelno\u015bci IP44 jest powszechnie uznawany za minimalny dla bezpiecznego u\u017cytkowania na zewn\u0105trz \u2013 zapewnia ochron\u0119 przed przedostawaniem si\u0119 wi\u0119kszych cia\u0142 obcych oraz kroplami wody spadaj\u0105cymi pod dowolnym k\u0105tem.<\/p>\n<blockquote><p>W miejscach znajduj\u0105cych si\u0119 w pobli\u017cu oczek wodnych lub w obszarach o wi\u0119kszej wilgotno\u015bci warto zamontowa\u0107 lampy LED o wy\u017cszej klasie szczelno\u015bci, np. IP65 lub IP67, kt\u00f3re oferuj\u0105 lepsz\u0105 ochron\u0119 przed kurzem i dzia\u0142aniem wody <strong>\u2013 t\u0142umaczy ekspert Black Red White<\/strong><\/p><\/blockquote>\n<h3>Z czujnikiem ruchu czy bez?<\/h3>\n<p>Lampy z czujnikiem ruchu wyposa\u017cone s\u0105 w sensory, kt\u00f3re aktywuj\u0105 \u015bwiat\u0142o, gdy w ich zasi\u0119gu pojawi si\u0119 ruch. Takie rozwi\u0105zanie zwi\u0119ksza komfort u\u017cytkowania urz\u0105dze\u0144, a tak\u017ce pomaga oszcz\u0119dza\u0107 energi\u0119, poniewa\u017c \u015bwiat\u0142o jest w\u0142\u0105czane tylko wtedy, gdy jest faktycznie potrzebne. Mniej obci\u0105\u017cony akumulator to d\u0142u\u017csza \u017cywotno\u015b\u0107 lampy, a co za tym idzie \u2013 rzadsza potrzeba jej serwisowania czy wymiany.<\/p>\n<p>Istniej\u0105 jednak sytuacje, w kt\u00f3rych lampy z czujnikiem ruchu mog\u0105 nie zda\u0107 egzaminu. Z pewno\u015bci\u0105 nie warto montowa\u0107 ich w miejscach, gdzie ruch jest bardzo cz\u0119sty oraz tam, gdzie \u015bwiat\u0142o mo\u017ce by\u0107 niepotrzebnie aktywowane przez zwierz\u0119ta.<\/p>\n<p>Wybieraj\u0105c odpowiednie lampy solarne, zwi\u0119kszasz funkcjonalno\u015b\u0107, estetyk\u0119 i bezpiecze\u0144stwo przestrzeni wok\u00f3\u0142 domu. Rozwa\u017c wymienione kryteria i zdecyduj, kt\u00f3re lampy najlepiej spe\u0142ni\u0105 Twoje oczekiwania.<\/p>\n<p><strong>Zapraszamy do <a href=\"https:\/\/www.brw.pl\/\" target=\"_blank\" rel=\"noopener\">sklepu internetowego Black Red White<\/a>, w kt\u00f3rym znajdziesz szereg rozwi\u0105za\u0144 o\u015bwietleniowych wykorzystuj\u0105cych energi\u0119 s\u0142oneczn\u0105. Sprawd\u017a!<\/strong><\/p>\n","protected":false},"excerpt":{"rendered":"<p>Jak o\u015bwietli\u0107 podw\u00f3rko w spos\u00f3b ekonomiczny i ekologiczny? Lampy solarne nie tylko o\u015bwietl\u0105 \u015bcie\u017cki, podjazd czy ogr\u00f3d, ale r\u00f3wnie\u017c pozwol\u0105 na znaczn\u0105 oszcz\u0119dno\u015b\u0107 energii. Poznaj dzia\u0142anie lamp solarnych, dowiedz si\u0119, dlaczego warto je wybra\u0107, oraz na co zwr\u00f3ci\u0107 uwag\u0119 przy ich zakupie. Zaczynamy!<\/p>\n","protected":false},"author":21,"featured_media":36776,"comment_status":"closed","ping_status":"open","sticky":false,"template":"","format":"standard","meta":{"footnotes":""},"categories":[575,574],"tags":[],"aioseo_notices":[],"_links":{"self":[{"href":"https:\/\/www.brw.pl\/blog\/wp-json\/wp\/v2\/posts\/36775"}],"collection":[{"href":"https:\/\/www.brw.pl\/blog\/wp-json\/wp\/v2\/posts"}],"about":[{"href":"https:\/\/www.brw.pl\/blog\/wp-json\/wp\/v2\/types\/post"}],"author":[{"embeddable":true,"href":"https:\/\/www.brw.pl\/blog\/wp-json\/wp\/v2\/users\/21"}],"replies":[{"embeddable":true,"href":"https:\/\/www.brw.pl\/blog\/wp-json\/wp\/v2\/comments?post=36775"}],"version-history":[{"count":3,"href":"https:\/\/www.brw.pl\/blog\/wp-json\/wp\/v2\/posts\/36775\/revisions"}],"predecessor-version":[{"id":36793,"href":"https:\/\/www.brw.pl\/blog\/wp-json\/wp\/v2\/posts\/36775\/revisions\/36793"}],"wp:featuredmedia":[{"embeddable":true,"href":"https:\/\/www.brw.pl\/blog\/wp-json\/wp\/v2\/media\/36776"}],"wp:attachment":[{"href":"https:\/\/www.brw.pl\/blog\/wp-json\/wp\/v2\/media?parent=36775"}],"wp:term":[{"taxonomy":"category","embeddable":true,"href":"https:\/\/www.brw.pl\/blog\/wp-json\/wp\/v2\/categories?post=36775"},{"taxonomy":"post_tag","embeddable":true,"href":"https:\/\/www.brw.pl\/blog\/wp-json\/wp\/v2\/tags?post=36775"}],"curies":[{"name":"wp","href":"https:\/\/api.w.org\/{rel}","templated":true}]}}