{"id":37400,"date":"2024-10-02T11:30:37","date_gmt":"2024-10-02T09:30:37","guid":{"rendered":"https:\/\/www.brw.pl\/blog\/?p=37400"},"modified":"2024-10-02T11:30:37","modified_gmt":"2024-10-02T09:30:37","slug":"jakie-kolory-do-pokoju-niemowlaka-postaw-na-czern-biel-i-naturalne-drewno","status":"publish","type":"post","link":"https:\/\/www.brw.pl\/blog\/jakie-kolory-do-pokoju-niemowlaka-postaw-na-czern-biel-i-naturalne-drewno\/","title":{"rendered":"Jakie kolory do pokoju niemowlaka? Postaw na czer\u0144, biel i naturalne drewno!"},"content":{"rendered":"<p><strong>Jak pomalowa\u0107 \u015bciany w pokoju najm\u0142odszego domownika? Co wybra\u0107\u00a0\u2013 \u0142agodny, pastelowy kolor, a mo\u017ce zdecydowane kontrasty? Sprawd\u017a nasz pomys\u0142 na nowoczesn\u0105, ponadczasow\u0105 aran\u017cacj\u0119 pokoju niemowl\u0119cia. Biel, czer\u0144 i drewno to gor\u0105cy trend tego sezonu.\u00a0<\/strong><!--more--><\/p>\n<div style=\"display: flex; align-items: center; justify-content: center; text-align: center;\">\n<figure id=\"attachment_37401\" aria-describedby=\"caption-attachment-37401\" style=\"width: 800px\" class=\"wp-caption aligncenter\"><a href=\"https:\/\/www.brw.pl\/inspiracje\/produkty\/?a=10569,benton\" target=\"_blank\" rel=\"noopener noreferrer\"><img decoding=\"async\" class=\"wp-image-37401 lazyload\" data-src=\"https:\/\/www.brw.pl\/blog\/wp-content\/uploads\/2024\/10\/BENTON_16-800x601.jpg\" alt=\"Jakie kolory do pokoju niemowlaka? Postaw na czer\u0144, biel i naturalne drewno!\" width=\"800\" height=\"601\" data-srcset=\"https:\/\/www.brw.pl\/blog\/wp-content\/uploads\/2024\/10\/BENTON_16-800x601.jpg 800w, https:\/\/www.brw.pl\/blog\/wp-content\/uploads\/2024\/10\/BENTON_16-768x577.jpg 768w, https:\/\/www.brw.pl\/blog\/wp-content\/uploads\/2024\/10\/BENTON_16.jpg 1431w\" data-sizes=\"(max-width: 800px) 100vw, 800px\" src=\"data:image\/svg+xml;base64,PHN2ZyB3aWR0aD0iMSIgaGVpZ2h0PSIxIiB4bWxucz0iaHR0cDovL3d3dy53My5vcmcvMjAwMC9zdmciPjwvc3ZnPg==\" style=\"--smush-placeholder-width: 800px; --smush-placeholder-aspect-ratio: 800\/601;\" \/><\/a><figcaption id=\"caption-attachment-37401\" class=\"wp-caption-text\"><a href=\"https:\/\/www.brw.pl\/inspiracje\/produkty\/?a=10569,benton\" target=\"_blank\" rel=\"noopener noreferrer\"><span style=\"font-weight: 400;\">ZESTAW MEBLI BENTON<\/span><\/a><\/figcaption><\/figure>\n<\/div>\n<h2><strong>Kolory w pokoju niemowlaka \u2013 czy maj\u0105 znaczenie?<\/strong><\/h2>\n<p>Urz\u0105dzanie <a href=\"https:\/\/www.brw.pl\/meble\/pokoj-niemowlecy\/\" target=\"_blank\" rel=\"noopener\">pokoju niemowlaka<\/a> to \u2013 z jednej strony \u2013 niezwykle przyjemne zaj\u0119cie, z drugiej natomiast \u2013 du\u017ce wyzwanie. Otoczenie ma\u0142ego dziecka powinno by\u0107 zaprojektowane tak, aby wspiera\u0107 jego naturalny rytm dobowy, sprzyja\u0107 wyciszeniu, budowa\u0107 poczucie bezpiecze\u0144stwa i jednocze\u015bnie stymulowa\u0107 rozw\u00f3j poznawczy. Jak temu sprosta\u0107? Wbrew pozorom, nie jest to trudne.\u00a0<strong>Proces aran\u017cowania wn\u0119trza maluszka warto zacz\u0105\u0107 od dobrania odpowiednich kolor\u00f3w<\/strong> \u2013 to na nich bazowa\u0107 b\u0119d\u0105 pozosta\u0142e elementy wystroju.<\/p>\n<p>Nie od dzi\u015b wiadomo, \u017ce kolory, kt\u00f3rymi si\u0119 otaczamy, maj\u0105 ogromny wp\u0142yw na nasze samopoczucie. M\u00f3wi o tym m.in. psychologia kolor\u00f3w.\u00a0<strong>W pokoju malucha najlepiej sprawdz\u0105 si\u0119 te barwy, kt\u00f3re dzia\u0142aj\u0105 koj\u0105co na uk\u0142ad nerwowy i zarazem stymuluj\u0105 zmys\u0142 wzroku<\/strong>. Nale\u017c\u0105 do nich: biel, b\u0142\u0119kit, ziele\u0144, \u017c\u00f3\u0142\u0107 i czer\u0144. Kolory te, w przeciwie\u0144stwie do stonowanych pasteli i be\u017cu, kt\u00f3rych niemowl\u0119 nie odr\u00f3\u017cnia, s\u0105 dla malca doskonale widoczne.<\/p>\n<p><strong>Rada od Black Red White<\/strong>: w dzieci\u0119cej aran\u017cacji egzaminu nie zda czerwony \u2013 kolor ten nadmiernie pobudza, a u najm\u0142odszych mo\u017ce powodowa\u0107 niepok\u00f3j. Je\u015bli mimo wszystko chcemy zastosowa\u0107 go w wystroju wn\u0119trza, niech b\u0119d\u0105 to jedynie pojedyncze akcenty, np. w formie niewielkich dodatk\u00f3w \u2013 t\u0142umaczy ekspert Black Red White.<\/p>\n<p>Chc\u0105c urz\u0105dzi\u0107 estetyczny, przyjazny pok\u00f3j dzieci\u0119cy, kierujmy si\u0119 zasad\u0105 &#8222;mniej znaczy wi\u0119cej&#8221;. <strong>Ograniczmy wyb\u00f3r bazowych kolor\u00f3w do dw\u00f3ch, maksymalnie trzech<\/strong>, pami\u0119taj\u0105c przy tym, \u017ce chodzi nie tylko o \u015bciany, ale r\u00f3wnie\u017c o wybarwienie mebli. Starajmy si\u0119 unika\u0107 krzykliwych, wielobarwnych zestawie\u0144, kt\u00f3re, cho\u0107 s\u0105 weso\u0142e i pod pewnymi wzgl\u0119dami atrakcyjne, mog\u0105 \u0142atwo przebod\u017acowa\u0107 dziecko.<\/p>\n<h2><strong>Czer\u0144, biel i naturalne drewno: pomys\u0142 na nowoczesny, minimalistyczny pok\u00f3j dziecka<\/strong><\/h2>\n<p>Niemowl\u0119ta do trzeciego miesi\u0105ca \u017cycia nie rozr\u00f3\u017cniaj\u0105 kolor\u00f3w, dostrzegaj\u0105 jedynie mocne kontrasty. <strong>Minimalistyczny duet czerni i bieli w pokoju noworodka sprawdzi si\u0119 znakomicie<\/strong>! Bia\u0142o-czarne t\u0142o b\u0119dzie r\u00f3wnie\u017c \u015bwietnym wyborem do pokoju starszego niemowl\u0119cia, a nawet kilkuletniego brzd\u0105ca. Je\u015bli zdecydujesz si\u0119 wyko\u0144czy\u0107 w ten spos\u00f3b \u015bciany, zyskasz niezwykle uniwersaln\u0105 baz\u0119, odpowiedni\u0105 zar\u00f3wno dla ch\u0142opca, jak i dla dziewczynki.<\/p>\n<p>Zestawienie dobrze prezentuje si\u0119 w towarzystwie ciep\u0142ej barwy drewna, kt\u00f3ra \u0142agodzi jego surowy charakter. Drewno prze\u0142amuje ch\u0142\u00f3d kontrastowej aran\u017cacji i wprowadza do niej du\u017c\u0105 doz\u0119 przytulno\u015bci.<\/p>\n<h3><strong>Dlaczego te kolory?<\/strong><\/h3>\n<p>Czasy, w kt\u00f3rych czer\u0144 w pokoju dzieci\u0119cym uznawana by\u0142a za kolor co najmniej nieodpowiedni, na szcz\u0119\u015bcie dawno min\u0119\u0142y. Dzi\u015b projektanci ch\u0119tnie si\u0119gaj\u0105 po czarne akcenty i \u015bmia\u0142o wykorzystuj\u0105 je w rozmaitych aran\u017cacjach. Ciemne barwy mog\u0105 zago\u015bci\u0107 nie tylko w <a href=\"https:\/\/www.brw.pl\/meble\/pokoj-mlodziezowy\/\" target=\"_blank\" rel=\"noopener\">pokoju nastolatka<\/a>, ale i du\u017co m\u0142odszej pociechy.<\/p>\n<p style=\"text-align: center;\">Przeczytaj: <a href=\"https:\/\/www.brw.pl\/blog\/pokoj-mlodziezowy-z-czarna-sciana-tak-czy-nie\/\" target=\"_blank\" rel=\"noopener\">&#8222;Pok\u00f3j m\u0142odzie\u017cowy z czarn\u0105 \u015bcian\u0105 \u2013 tak czy nie?&#8221;<\/a>.<\/p>\n<p><strong>Dlaczego warto postawi\u0107 na czer\u0144?<\/strong> <strong>Przede wszystkim<\/strong> <strong>jest to kolor o du\u017cym potencjale aran\u017cacyjnym<\/strong> \u2013 umiej\u0119tnie zastosowany wyr\u00f3wna proporcje pomieszczenia, doda mu g\u0142\u0119bi i podkre\u015bli nowoczesny charakter wystroju.<\/p>\n<p>Do duetu z czerni\u0105 dobierajmy z\u0142amane odcienie bieli, kt\u00f3re pozwol\u0105 unikn\u0105\u0107 efektu &#8222;sterylno\u015bci&#8221;. W pokoju dla niemowlaka \u015bwietnie sprawdzi si\u0119 mleczna lub \u015bmietankowa biel, kt\u00f3ra wprowadzi atmosfer\u0119 spokoju, rozja\u015bni wn\u0119trze i b\u0119dzie wspania\u0142ym t\u0142em dla wyrazistych dekoracji. Bia\u0142e \u015bciany s\u0105 dobrym wyborem do ma\u0142ych pomieszcze\u0144, kt\u00f3re wymagaj\u0105 optycznego &#8222;modelowania&#8221; przestrzeni.<\/p>\n<p>Je\u015bli chcesz, \u017ceby w pokoju Twojego dziecka zawita\u0142 przytulny nastr\u00f3j, si\u0119gnij po drewno. Pod\u0142oga w ciep\u0142ym, d\u0119bowym odcieniu oraz drewniane meble dzieci\u0119ce wprowadz\u0105 do wn\u0119trza naturalne akcenty. Drewno koi zmys\u0142y, poprawia samopoczucie i wycisza \u2013 nic dziwnego, \u017ce moda na aran\u017cacje w stylu modern organic zyskuje na popularno\u015bci.<\/p>\n<h3><strong>Kontrast i harmonia<\/strong><\/h3>\n<div style=\"display: flex; align-items: center; justify-content: center; text-align: center;\">\n<figure id=\"attachment_37402\" aria-describedby=\"caption-attachment-37402\" style=\"width: 800px\" class=\"wp-caption aligncenter\"><a href=\"https:\/\/www.brw.pl\/lozeczko-niemowlece-camron-140x70-cm-sosna-aurelio,283569\" target=\"_blank\" rel=\"noopener noreferrer\"><img decoding=\"async\" class=\"wp-image-37402 size-medium lazyload\" data-src=\"https:\/\/www.brw.pl\/blog\/wp-content\/uploads\/2024\/10\/lozeczko-niemowlece-camron-140x70-cm-sosna-aurelio-xlargeb-800x608.jpg\" alt=\"Kolekcja Camron w pokoju niemowl\u0119cym\" width=\"800\" height=\"608\" data-srcset=\"https:\/\/www.brw.pl\/blog\/wp-content\/uploads\/2024\/10\/lozeczko-niemowlece-camron-140x70-cm-sosna-aurelio-xlargeb-800x608.jpg 800w, https:\/\/www.brw.pl\/blog\/wp-content\/uploads\/2024\/10\/lozeczko-niemowlece-camron-140x70-cm-sosna-aurelio-xlargeb-768x584.jpg 768w, https:\/\/www.brw.pl\/blog\/wp-content\/uploads\/2024\/10\/lozeczko-niemowlece-camron-140x70-cm-sosna-aurelio-xlargeb.jpg 1293w\" data-sizes=\"(max-width: 800px) 100vw, 800px\" src=\"data:image\/svg+xml;base64,PHN2ZyB3aWR0aD0iMSIgaGVpZ2h0PSIxIiB4bWxucz0iaHR0cDovL3d3dy53My5vcmcvMjAwMC9zdmciPjwvc3ZnPg==\" style=\"--smush-placeholder-width: 800px; --smush-placeholder-aspect-ratio: 800\/608;\" \/><\/a><figcaption id=\"caption-attachment-37402\" class=\"wp-caption-text\"><a href=\"https:\/\/www.brw.pl\/lozeczko-niemowlece-camron-140x70-cm-sosna-aurelio,283569\" target=\"_blank\" rel=\"noopener noreferrer\"><span style=\"font-weight: 400;\">\u0141\u00d3\u017bECZKO NIEMOWL\u0118CE CAMRON<\/span><\/a><\/figcaption><\/figure>\n<\/div>\n<p><strong>Czer\u0144, biel i drewno \u2013 nowoczesny, funkcjonalny i zarazem niezwykle przytulny set kolorystyczny to doskona\u0142a propozycja do pokoju dzieci\u0119cego<\/strong>. Wyrazisty kontrast przyci\u0105ga uwag\u0119, nie jest jednak przyt\u0142aczaj\u0105cy w odbiorze. Neutralne barwy sprzyjaj\u0105 zar\u00f3wno okresom aktywno\u015bci, jak i momentom, w kt\u00f3rych dziecko wypoczywa. W \u017cadnym wypadku nie musimy obawia\u0107 si\u0119, \u017ce dostarczymy maluchowi zbyt wiele bod\u017ac\u00f3w. Wystr\u00f3j uzupe\u0142niony elementami z drewna nabiera harmonijnego wyrazu.<\/p>\n<h2><strong>Jakie korzy\u015bci przynosi wykorzystanie czerni, bieli i drewna w pokoju niemowlaka?<\/strong><\/h2>\n<p>Cho\u0107 wspomniane trio to do\u015b\u0107 niecodzienne kolory do pokoju dziecka, ich wyb\u00f3r niesie za sob\u0105 wiele korzy\u015bci \u2013 zar\u00f3wno dla ma\u0142ego lokatora, jak i doros\u0142ych aran\u017cer\u00f3w. W kolejnych akapitach podpowiadamy, jakie plusy wynikaj\u0105 z ich zastosowania. Czytaj dalej!<\/p>\n<h3>Neutralno\u015b\u0107 i uniwersalno\u015b\u0107<\/h3>\n<p>Odcienie drewna \u2013 wpadaj\u0105ce w br\u0105zy, ale i bielone \u2013 a tak\u017ce kolory takie jak czarny i bia\u0142y s\u0105 z natury uniwersalne. W przeciwie\u0144stwie do r\u00f3\u017cu kojarzonego z dziewcz\u0119cymi aran\u017cacjami czy zieleni ch\u0119tnie wybieranej do ch\u0142opi\u0119cych pokoi, <strong>czarno-bia\u0142e kombinacje nie wskazuj\u0105 na \u017cadn\u0105 z p\u0142ci<\/strong>. Z tego powodu idealnie nadaj\u0105 si\u0119 do pokoju rodze\u0144stwa. Co wi\u0119cej, takie zestawienie kolor\u00f3w daje mo\u017cliwo\u015b\u0107 \u0142atwego dostosowania pokoju do zmieniaj\u0105cego si\u0119 wieku dziecka oraz jego preferencji.<\/p>\n<h3>Stymulacja rozwoju sensorycznego<\/h3>\n<p>Faktury i kolory w pokoju dziecka mog\u0105 dzia\u0142a\u0107 wspieraj\u0105co na rozw\u00f3j sensoryczny ma\u0142ego domownika. Poniewa\u017c wzrok jest jednym z najszybciej i najintensywniej rozwijaj\u0105cych si\u0119 zmys\u0142\u00f3w cz\u0142owieka, warto stymulowa\u0107 go ju\u017c od momentu narodzin. Pomagaj\u0105 w tym przede wszystkim kontrasty, kt\u00f3re zwracaj\u0105 uwag\u0119 niemowl\u0105t i stymuluj\u0105 ich uk\u0142ad nerwowy. Nie bez znaczenia pozostaje r\u00f3wnie\u017c zmys\u0142 dotyku. Niemowl\u0119 ju\u017c od narodzin poznaje \u015bwiat za jego pomoc\u0105. Naturalne tekstury drewna z delikatnymi nier\u00f3wno\u015bciami i chropowat\u0105 powierzchni\u0105 stanowi\u0105 dla malca bogate pole do eksploracji.<\/p>\n<h3>Wp\u0142yw na atmosfer\u0119<\/h3>\n<p>Proponowane kolory maj\u0105 jeszcze jedn\u0105 du\u017c\u0105 zalet\u0119: zapewniaj\u0105 dziecku spok\u00f3j i wyciszenie, a tak\u017ce przestrze\u0144 odpowiedni\u0105 do odpoczynku i rozwoju. Je\u015bli nie przepadasz za przesadnie kolorowymi aran\u017cacjami, w kt\u00f3rych &#8222;du\u017co si\u0119 dzieje&#8221;, tak\u017ce skorzystasz na tym wyborze. W ko\u0144cu rodzic lub opiekun sp\u0119dza w pokoju dziecka sporo czasu, przewijaj\u0105c, karmi\u0105c, przytulaj\u0105c czy uk\u0142adaj\u0105c niemowl\u0119 do snu.<\/p>\n<h2><strong>Jak wprowadzi\u0107 czer\u0144, biel i drewno do pokoju niemowlaka?<\/strong><\/h2>\n<p>Znasz ju\u017c najlepsze kolory do pokoju dziecka. W tej cz\u0119\u015bci artyku\u0142u podpowiemy Ci, jak wprowadzi\u0107 je do wn\u0119trza. Gar\u015b\u0107 praktycznych wskaz\u00f3wek znajdziesz poni\u017cej.<\/p>\n<h3>Kolory \u015bcian w pokoju<\/h3>\n<p>Aran\u017cowanie pokoju niemowlaka najlepiej zacz\u0105\u0107 od pomalowania \u015bcian. Aby uzyska\u0107 efekt kontrastu, wcale nie musisz pokrywa\u0107 ich czarn\u0105 i bia\u0142\u0105 farb\u0105 w r\u00f3wnych proporcjach. <strong>Dobrym posuni\u0119ciem b\u0119dzie pokrycie biel\u0105 wi\u0119kszej powierzchni i zastosowanie czerni tylko na jednej ze \u015bcian<\/strong>. Innym pomys\u0142em jest pomalowanie \u015bcian do po\u0142owy na bia\u0142o. Czarn\u0105 po\u0142ow\u0119 warto w\u00f3wczas wyko\u0144czy\u0107 sztukateri\u0105, kt\u00f3ra doda wn\u0119trzu elegancji. Ciekaw\u0105 alternatyw\u0105 dla farby jest <a href=\"https:\/\/www.brw.pl\/remont\/sciany-i-elewacje\/tapety-w-rolce\/\" target=\"_blank\" rel=\"noopener\">tapeta<\/a> z czarnym wzorem, np. geometrycznym zygzakiem, groszkami, kropelkami czy fantazyjnymi esami-floresami.<\/p>\n<h3>Meble do dzieci\u0119cego pokoju<\/h3>\n<p>Wybieraj\u0105c <a href=\"https:\/\/www.brw.pl\/meble\/pokoj-dzieciecy\/\" target=\"_blank\" rel=\"noopener\">meble do pokoju dzieci\u0119cego<\/a>, zwr\u00f3\u0107 uwag\u0119 na modu\u0142y w z\u0142ocistym, d\u0119bowym wybarwieniu lub subtelnie bielone \u2013 \u0142adnie zaprezentuj\u0105 si\u0119 na tle stonowanych \u015bcian. W Black Red White znajdziesz meble, kt\u00f3re znakomicie wpisuj\u0105 si\u0119 w nowoczesn\u0105 estetyk\u0119 czerpi\u0105c\u0105 z natury. Do takich propozycji nale\u017c\u0105 m.in. <strong>kolekcje Benton i Camron\u00a0<\/strong>przeznaczone do pokoju niemowl\u0119cego, sypialni czy salonu.<\/p>\n<div style=\"display: flex; align-items: center; justify-content: center; text-align: center;\">\n<figure id=\"attachment_37403\" aria-describedby=\"caption-attachment-37403\" style=\"width: 800px\" class=\"wp-caption aligncenter\"><a href=\"https:\/\/www.brw.pl\/przewijak-niemowlecy-camron-110-cm-sosna-aurelio,283575\" target=\"_blank\" rel=\"noopener noreferrer\"><img decoding=\"async\" class=\"wp-image-37403 size-medium lazyload\" data-src=\"https:\/\/www.brw.pl\/blog\/wp-content\/uploads\/2024\/10\/przewijak-niemowlecy-camron-110-cm-sosna-aurelio-xlargeb-800x611.jpg\" alt=\"Przewijak niemowl\u0119cy Camron\" width=\"800\" height=\"611\" data-srcset=\"https:\/\/www.brw.pl\/blog\/wp-content\/uploads\/2024\/10\/przewijak-niemowlecy-camron-110-cm-sosna-aurelio-xlargeb-800x611.jpg 800w, https:\/\/www.brw.pl\/blog\/wp-content\/uploads\/2024\/10\/przewijak-niemowlecy-camron-110-cm-sosna-aurelio-xlargeb-768x586.jpg 768w, https:\/\/www.brw.pl\/blog\/wp-content\/uploads\/2024\/10\/przewijak-niemowlecy-camron-110-cm-sosna-aurelio-xlargeb.jpg 1292w\" data-sizes=\"(max-width: 800px) 100vw, 800px\" src=\"data:image\/svg+xml;base64,PHN2ZyB3aWR0aD0iMSIgaGVpZ2h0PSIxIiB4bWxucz0iaHR0cDovL3d3dy53My5vcmcvMjAwMC9zdmciPjwvc3ZnPg==\" style=\"--smush-placeholder-width: 800px; --smush-placeholder-aspect-ratio: 800\/611;\" \/><\/a><figcaption id=\"caption-attachment-37403\" class=\"wp-caption-text\"><a href=\"https:\/\/www.brw.pl\/przewijak-niemowlecy-camron-110-cm-sosna-aurelio,283575\" target=\"_blank\" rel=\"noopener noreferrer\"><span style=\"font-weight: 400;\">PRZEWIJAK NIEMOWL\u0118CY CAMRON<\/span><\/a><\/figcaption><\/figure>\n<\/div>\n<div style=\"display: flex; align-items: center; justify-content: center; text-align: center;\">\n<figure id=\"attachment_37404\" aria-describedby=\"caption-attachment-37404\" style=\"width: 400px\" class=\"wp-caption aligncenter\"><a href=\"https:\/\/www.brw.pl\/komoda-camron-180-cm-z-2-drzwiami-i-4-szufladami-sosna-aurelio,283567\" target=\"_blank\" rel=\"noopener noreferrer\"><img decoding=\"async\" class=\"wp-image-37404 lazyload\" data-src=\"https:\/\/www.brw.pl\/blog\/wp-content\/uploads\/2024\/10\/komoda-camron-180-cm-z-2-drzwiami-i-4-szufladami-sosna-aurelio-slargeb.jpg\" alt=\"Komoda Camron\" width=\"400\" height=\"301\" data-srcset=\"https:\/\/www.brw.pl\/blog\/wp-content\/uploads\/2024\/10\/komoda-camron-180-cm-z-2-drzwiami-i-4-szufladami-sosna-aurelio-slargeb.jpg 798w, https:\/\/www.brw.pl\/blog\/wp-content\/uploads\/2024\/10\/komoda-camron-180-cm-z-2-drzwiami-i-4-szufladami-sosna-aurelio-slargeb-768x577.jpg 768w\" data-sizes=\"(max-width: 400px) 100vw, 400px\" src=\"data:image\/svg+xml;base64,PHN2ZyB3aWR0aD0iMSIgaGVpZ2h0PSIxIiB4bWxucz0iaHR0cDovL3d3dy53My5vcmcvMjAwMC9zdmciPjwvc3ZnPg==\" style=\"--smush-placeholder-width: 400px; --smush-placeholder-aspect-ratio: 400\/301;\" \/><\/a><figcaption id=\"caption-attachment-37404\" class=\"wp-caption-text\"><a href=\"https:\/\/www.brw.pl\/komoda-camron-180-cm-z-2-drzwiami-i-4-szufladami-sosna-aurelio,283567\" target=\"_blank\" rel=\"noopener noreferrer\"><span style=\"font-weight: 400;\">KOMODA CAMRON<\/span><\/a><\/figcaption><\/figure>\n<figure id=\"attachment_37405\" aria-describedby=\"caption-attachment-37405\" style=\"width: 400px\" class=\"wp-caption aligncenter\"><a href=\"https:\/\/www.brw.pl\/szafa-dwudrzwiowa-camron-104-cm-sosna-aurelio,283579\" target=\"_blank\" rel=\"noopener noreferrer\"><img decoding=\"async\" class=\"wp-image-37405 lazyload\" data-src=\"https:\/\/www.brw.pl\/blog\/wp-content\/uploads\/2024\/10\/szafa-dwudrzwiowa-camron-104-cm-sosna-aurelio-slargeb.jpg\" alt=\"Szafa Camron\" width=\"400\" height=\"301\" data-srcset=\"https:\/\/www.brw.pl\/blog\/wp-content\/uploads\/2024\/10\/szafa-dwudrzwiowa-camron-104-cm-sosna-aurelio-slargeb.jpg 798w, https:\/\/www.brw.pl\/blog\/wp-content\/uploads\/2024\/10\/szafa-dwudrzwiowa-camron-104-cm-sosna-aurelio-slargeb-768x577.jpg 768w\" data-sizes=\"(max-width: 400px) 100vw, 400px\" src=\"data:image\/svg+xml;base64,PHN2ZyB3aWR0aD0iMSIgaGVpZ2h0PSIxIiB4bWxucz0iaHR0cDovL3d3dy53My5vcmcvMjAwMC9zdmciPjwvc3ZnPg==\" style=\"--smush-placeholder-width: 400px; --smush-placeholder-aspect-ratio: 400\/301;\" \/><\/a><figcaption id=\"caption-attachment-37405\" class=\"wp-caption-text\"><a href=\"https:\/\/www.brw.pl\/szafa-dwudrzwiowa-camron-104-cm-sosna-aurelio,283579\" target=\"_blank\" rel=\"noopener noreferrer\"><span style=\"font-weight: 400;\">SZAFA CAMRON<\/span><\/a><\/figcaption><\/figure>\n<\/div>\n<p>W sk\u0142ad obu kolekcji wchodz\u0105 wszystkie meble, kt\u00f3re powinny znale\u017a\u0107 si\u0119 pokoiku maluszka. Nie zabrak\u0142o stabilnych <a href=\"https:\/\/www.brw.pl\/meble\/lozka\/lozka-dzieciece\/\" target=\"_blank\" rel=\"noopener\">\u0142\u00f3\u017ceczek dzieci\u0119cych<\/a>, funkcjonalnych <a href=\"https:\/\/www.brw.pl\/meble\/przechowywanie\/komody\/\" target=\"_blank\" rel=\"noopener\">kom\u00f3d<\/a> i zintegrowanych z nimi <a href=\"https:\/\/www.brw.pl\/meble\/akcesoria-meblowe\/przewijaki\/\" target=\"_blank\" rel=\"noopener\">przewijak\u00f3w<\/a>, a tak\u017ce pojemnych <a href=\"https:\/\/www.brw.pl\/meble\/szafy\/\" target=\"_blank\" rel=\"noopener\">szaf<\/a>, w kt\u00f3rych zmie\u015bcisz powi\u0119kszaj\u0105c\u0105 si\u0119 garderob\u0119 dziecka. Solidne wyposa\u017cenie bardzo dobrze odnajdzie si\u0119 w minimalistycznym wn\u0119trzu, zapewniaj\u0105c najm\u0142odszemu domownikowi bezpiecze\u0144stwo i komfort.<\/p>\n<div style=\"display: flex; align-items: center; justify-content: center; text-align: center;\">\n<figure id=\"attachment_37406\" aria-describedby=\"caption-attachment-37406\" style=\"width: 800px\" class=\"wp-caption aligncenter\"><a href=\"https:\/\/www.brw.pl\/lozeczko-dzieciece-benton-140x70-cm-dab-artisan,283548\" target=\"_blank\" rel=\"noopener noreferrer\"><img decoding=\"async\" class=\"wp-image-37406 size-medium lazyload\" data-src=\"https:\/\/www.brw.pl\/blog\/wp-content\/uploads\/2024\/10\/lozeczko-dzieciece-benton-140x70-cm-dab-artisan-xlargeb-800x601.jpg\" alt=\"\u0141\u00f3\u017ceczko dzieci\u0119ce Benton\" width=\"800\" height=\"601\" data-srcset=\"https:\/\/www.brw.pl\/blog\/wp-content\/uploads\/2024\/10\/lozeczko-dzieciece-benton-140x70-cm-dab-artisan-xlargeb-800x601.jpg 800w, https:\/\/www.brw.pl\/blog\/wp-content\/uploads\/2024\/10\/lozeczko-dzieciece-benton-140x70-cm-dab-artisan-xlargeb-768x577.jpg 768w, https:\/\/www.brw.pl\/blog\/wp-content\/uploads\/2024\/10\/lozeczko-dzieciece-benton-140x70-cm-dab-artisan-xlargeb.jpg 1308w\" data-sizes=\"(max-width: 800px) 100vw, 800px\" src=\"data:image\/svg+xml;base64,PHN2ZyB3aWR0aD0iMSIgaGVpZ2h0PSIxIiB4bWxucz0iaHR0cDovL3d3dy53My5vcmcvMjAwMC9zdmciPjwvc3ZnPg==\" style=\"--smush-placeholder-width: 800px; --smush-placeholder-aspect-ratio: 800\/601;\" \/><\/a><figcaption id=\"caption-attachment-37406\" class=\"wp-caption-text\"><a href=\"https:\/\/www.brw.pl\/lozeczko-dzieciece-benton-140x70-cm-dab-artisan,283548\" target=\"_blank\" rel=\"noopener noreferrer\"><span style=\"font-weight: 400;\">\u0141\u00d3\u017bECZKO DZIECI\u0118CE BENTON<\/span><\/a><\/figcaption><\/figure>\n<\/div>\n<div style=\"display: flex; align-items: center; justify-content: center; text-align: center;\">\n<figure id=\"attachment_37407\" aria-describedby=\"caption-attachment-37407\" style=\"width: 400px\" class=\"wp-caption aligncenter\"><a href=\"https:\/\/www.brw.pl\/komoda-benton-160-cm-z-2-drzwiami-i-4-szufladami-dab-artisan,283545\" target=\"_blank\" rel=\"noopener noreferrer\"><img decoding=\"async\" class=\"wp-image-37407 lazyload\" data-src=\"https:\/\/www.brw.pl\/blog\/wp-content\/uploads\/2024\/10\/komoda-benton-160-cm-z-2-drzwiami-i-4-szufladami-dab-artisan-slargeb.jpg\" alt=\"Komoda Benton\" width=\"400\" height=\"301\" data-srcset=\"https:\/\/www.brw.pl\/blog\/wp-content\/uploads\/2024\/10\/komoda-benton-160-cm-z-2-drzwiami-i-4-szufladami-dab-artisan-slargeb.jpg 798w, https:\/\/www.brw.pl\/blog\/wp-content\/uploads\/2024\/10\/komoda-benton-160-cm-z-2-drzwiami-i-4-szufladami-dab-artisan-slargeb-768x577.jpg 768w\" data-sizes=\"(max-width: 400px) 100vw, 400px\" src=\"data:image\/svg+xml;base64,PHN2ZyB3aWR0aD0iMSIgaGVpZ2h0PSIxIiB4bWxucz0iaHR0cDovL3d3dy53My5vcmcvMjAwMC9zdmciPjwvc3ZnPg==\" style=\"--smush-placeholder-width: 400px; --smush-placeholder-aspect-ratio: 400\/301;\" \/><\/a><figcaption id=\"caption-attachment-37407\" class=\"wp-caption-text\"><a href=\"https:\/\/www.brw.pl\/komoda-benton-160-cm-z-2-drzwiami-i-4-szufladami-dab-artisan,283545\" target=\"_blank\" rel=\"noopener noreferrer\"><span style=\"font-weight: 400;\">KOMODA BENTON<\/span><\/a><\/figcaption><\/figure>\n<figure id=\"attachment_37408\" aria-describedby=\"caption-attachment-37408\" style=\"width: 400px\" class=\"wp-caption aligncenter\"><a href=\"https:\/\/www.brw.pl\/szafa-dwudrzwiowa-benton-104-cm-z-szuflada-dab-artisan,283557\" target=\"_blank\" rel=\"noopener noreferrer\"><img decoding=\"async\" class=\"wp-image-37408 lazyload\" data-src=\"https:\/\/www.brw.pl\/blog\/wp-content\/uploads\/2024\/10\/szafa-dwudrzwiowa-benton-104-cm-z-szuflada-dab-artisan-slargeb.jpg\" alt=\"Szafa dwudrzwiowa Benton\" width=\"400\" height=\"301\" data-srcset=\"https:\/\/www.brw.pl\/blog\/wp-content\/uploads\/2024\/10\/szafa-dwudrzwiowa-benton-104-cm-z-szuflada-dab-artisan-slargeb.jpg 798w, https:\/\/www.brw.pl\/blog\/wp-content\/uploads\/2024\/10\/szafa-dwudrzwiowa-benton-104-cm-z-szuflada-dab-artisan-slargeb-768x577.jpg 768w\" data-sizes=\"(max-width: 400px) 100vw, 400px\" src=\"data:image\/svg+xml;base64,PHN2ZyB3aWR0aD0iMSIgaGVpZ2h0PSIxIiB4bWxucz0iaHR0cDovL3d3dy53My5vcmcvMjAwMC9zdmciPjwvc3ZnPg==\" style=\"--smush-placeholder-width: 400px; --smush-placeholder-aspect-ratio: 400\/301;\" \/><\/a><figcaption id=\"caption-attachment-37408\" class=\"wp-caption-text\"><a href=\"https:\/\/www.brw.pl\/szafa-dwudrzwiowa-benton-104-cm-z-szuflada-dab-artisan,283557\" target=\"_blank\" rel=\"noopener noreferrer\"><span style=\"font-weight: 400;\">SZAFA DWUDRZWIOWA BENTON<\/span><\/a><\/figcaption><\/figure>\n<\/div>\n<h3>Dodatki do pokoju dla noworodka<\/h3>\n<p>Niezale\u017cnie od tego, czy urz\u0105dzasz przestrze\u0144 dla noworodka czy starszego niemowl\u0119cia, zadbaj o to, aby w pokoju znalaz\u0142y si\u0119 <a href=\"https:\/\/www.brw.pl\/dekoracje\/\" target=\"_blank\" rel=\"noopener\">dekoracje<\/a>, kt\u00f3re wzbogac\u0105 jej wygl\u0105d. Je\u015bli wn\u0119trze przeznaczone jest dla kilkulatka, postaw na dodatki, kt\u00f3re obudz\u0105 w dziecku ciekawo\u015b\u0107 i kreatywno\u015b\u0107. Co wybra\u0107? Dobrym pomys\u0142em b\u0119d\u0105 ilustracje \u015bcienne, kt\u00f3re mo\u017cna zawiesi\u0107 nad \u0142\u00f3\u017ceczkiem. Grafiki warto oprawi\u0107 w minimalistyczne ramki, np. w kolorze czarnym. Do wyeksponowania pierwszych zdj\u0119\u0107 maluszka doskonale nada si\u0119 dekoracyjna kratka z male\u0144kimi klipsami \u2013 to wygodne rozwi\u0105zanie, kt\u00f3re umo\u017cliwia szybk\u0105 wymian\u0119 fotografii.<\/p>\n<div style=\"display: flex; align-items: center; justify-content: center; text-align: center;\">\n<figure id=\"attachment_37409\" aria-describedby=\"caption-attachment-37409\" style=\"width: 400px\" class=\"wp-caption aligncenter\"><a href=\"https:\/\/www.brw.pl\/kratka-na-zdjecia-grid,35898\" target=\"_blank\" rel=\"noopener noreferrer\"><img decoding=\"async\" class=\"wp-image-37409 lazyload\" data-src=\"https:\/\/www.brw.pl\/blog\/wp-content\/uploads\/2024\/10\/kratka-na-zdjecia-grid-slargea.jpg\" alt=\"Kratka na zdj\u0119cia\" width=\"400\" height=\"301\" data-srcset=\"https:\/\/www.brw.pl\/blog\/wp-content\/uploads\/2024\/10\/kratka-na-zdjecia-grid-slargea.jpg 798w, https:\/\/www.brw.pl\/blog\/wp-content\/uploads\/2024\/10\/kratka-na-zdjecia-grid-slargea-768x577.jpg 768w\" data-sizes=\"(max-width: 400px) 100vw, 400px\" src=\"data:image\/svg+xml;base64,PHN2ZyB3aWR0aD0iMSIgaGVpZ2h0PSIxIiB4bWxucz0iaHR0cDovL3d3dy53My5vcmcvMjAwMC9zdmciPjwvc3ZnPg==\" style=\"--smush-placeholder-width: 400px; --smush-placeholder-aspect-ratio: 400\/301;\" \/><\/a><figcaption id=\"caption-attachment-37409\" class=\"wp-caption-text\"><a href=\"https:\/\/www.brw.pl\/kratka-na-zdjecia-grid,35898\" target=\"_blank\" rel=\"noopener noreferrer\"><span style=\"font-weight: 400;\">KRATKA NA ZDJ\u0118CIA GRID<\/span><\/a><\/figcaption><\/figure>\n<figure id=\"attachment_37410\" aria-describedby=\"caption-attachment-37410\" style=\"width: 400px\" class=\"wp-caption aligncenter\"><a href=\"https:\/\/www.brw.pl\/rama-loft,38636\" target=\"_blank\" rel=\"noopener noreferrer\"><img decoding=\"async\" class=\"wp-image-37410 lazyload\" data-src=\"https:\/\/www.brw.pl\/blog\/wp-content\/uploads\/2024\/10\/rama-loft-slargea.jpg\" alt=\"Rama Loft\" width=\"400\" height=\"301\" data-srcset=\"https:\/\/www.brw.pl\/blog\/wp-content\/uploads\/2024\/10\/rama-loft-slargea.jpg 798w, https:\/\/www.brw.pl\/blog\/wp-content\/uploads\/2024\/10\/rama-loft-slargea-768x577.jpg 768w\" data-sizes=\"(max-width: 400px) 100vw, 400px\" src=\"data:image\/svg+xml;base64,PHN2ZyB3aWR0aD0iMSIgaGVpZ2h0PSIxIiB4bWxucz0iaHR0cDovL3d3dy53My5vcmcvMjAwMC9zdmciPjwvc3ZnPg==\" style=\"--smush-placeholder-width: 400px; --smush-placeholder-aspect-ratio: 400\/301;\" \/><\/a><figcaption id=\"caption-attachment-37410\" class=\"wp-caption-text\"><a href=\"https:\/\/www.brw.pl\/rama-loft,38636\" target=\"_blank\" rel=\"noopener noreferrer\"><span style=\"font-weight: 400;\">RAMA LOFT<\/span><\/a><\/figcaption><\/figure>\n<\/div>\n<p>Nie zapominaj o o\u015bwietleniu! Typowo dzieci\u0119ce lampy raczej nie sprawdz\u0105 si\u0119 w minimalistycznym pokoju. Zamiast nich wybierz nowoczesne oprawy o\u015bwietleniowe wpisuj\u0105ce si\u0119 w modny styl loftowy. <a href=\"https:\/\/www.brw.pl\/oswietlenie\/oswietlenie-wewnetrzne\/lampy-sufitowe\/\" target=\"_blank\" rel=\"noopener\">Lampy sufitowe<\/a> wykonane z metalu i drewna lub modele o ascetycznym designie i stylowych \u017car\u00f3wkach b\u0119d\u0105 strza\u0142em w dziesi\u0105tk\u0119!<\/p>\n<div style=\"display: flex; align-items: center; justify-content: center; text-align: center;\">\n<figure id=\"attachment_37411\" aria-describedby=\"caption-attachment-37411\" style=\"width: 400px\" class=\"wp-caption aligncenter\"><a href=\"https:\/\/www.brw.pl\/lampa-sufitowa-conor-2-punktowa-metalowa-czarna,119994\" target=\"_blank\" rel=\"noopener noreferrer\"><img decoding=\"async\" class=\"wp-image-37411 lazyload\" data-src=\"https:\/\/www.brw.pl\/blog\/wp-content\/uploads\/2024\/10\/lampa-sufitowa-conor-2-punktowa-metalowa-czarna-slargea.jpg\" alt=\"Lampa sufitowa Conor\" width=\"400\" height=\"301\" data-srcset=\"https:\/\/www.brw.pl\/blog\/wp-content\/uploads\/2024\/10\/lampa-sufitowa-conor-2-punktowa-metalowa-czarna-slargea.jpg 798w, https:\/\/www.brw.pl\/blog\/wp-content\/uploads\/2024\/10\/lampa-sufitowa-conor-2-punktowa-metalowa-czarna-slargea-768x577.jpg 768w\" data-sizes=\"(max-width: 400px) 100vw, 400px\" src=\"data:image\/svg+xml;base64,PHN2ZyB3aWR0aD0iMSIgaGVpZ2h0PSIxIiB4bWxucz0iaHR0cDovL3d3dy53My5vcmcvMjAwMC9zdmciPjwvc3ZnPg==\" style=\"--smush-placeholder-width: 400px; --smush-placeholder-aspect-ratio: 400\/301;\" \/><\/a><figcaption id=\"caption-attachment-37411\" class=\"wp-caption-text\"><a href=\"https:\/\/www.brw.pl\/lampa-sufitowa-conor-2-punktowa-metalowa-czarna,119994\" target=\"_blank\" rel=\"noopener noreferrer\"><span style=\"font-weight: 400;\">LAMPA SUFITOWA CONOR<\/span><\/a><\/figcaption><\/figure>\n<figure id=\"attachment_37412\" aria-describedby=\"caption-attachment-37412\" style=\"width: 400px\" class=\"wp-caption aligncenter\"><a href=\"https:\/\/www.brw.pl\/lampa-sufitowa-sherburn-3-punktowa-drewniana-brazowo-czarna,56365\" target=\"_blank\" rel=\"noopener noreferrer\"><img decoding=\"async\" class=\"wp-image-37412 lazyload\" data-src=\"https:\/\/www.brw.pl\/blog\/wp-content\/uploads\/2024\/10\/lampa-sufitowa-sherburn-3-punktowa-drewniana-brazowo-czarna-slargea.jpg\" alt=\"Lampa sufitowa Sherburn\" width=\"400\" height=\"301\" data-srcset=\"https:\/\/www.brw.pl\/blog\/wp-content\/uploads\/2024\/10\/lampa-sufitowa-sherburn-3-punktowa-drewniana-brazowo-czarna-slargea.jpg 798w, https:\/\/www.brw.pl\/blog\/wp-content\/uploads\/2024\/10\/lampa-sufitowa-sherburn-3-punktowa-drewniana-brazowo-czarna-slargea-768x577.jpg 768w\" data-sizes=\"(max-width: 400px) 100vw, 400px\" src=\"data:image\/svg+xml;base64,PHN2ZyB3aWR0aD0iMSIgaGVpZ2h0PSIxIiB4bWxucz0iaHR0cDovL3d3dy53My5vcmcvMjAwMC9zdmciPjwvc3ZnPg==\" style=\"--smush-placeholder-width: 400px; --smush-placeholder-aspect-ratio: 400\/301;\" \/><\/a><figcaption id=\"caption-attachment-37412\" class=\"wp-caption-text\"><a href=\"https:\/\/www.brw.pl\/lampa-sufitowa-sherburn-3-punktowa-drewniana-brazowo-czarna,56365\" target=\"_blank\" rel=\"noopener noreferrer\"><span style=\"font-weight: 400;\">LAMPA SUFITOWA SHERBURN<\/span><\/a><\/figcaption><\/figure>\n<\/div>\n<p><strong>Wiesz ju\u017c, jakie kolory wybra\u0107 do pokoju dzieci\u0119cego, znasz te\u017c sposoby na jego urz\u0105dzenie. Meble i dekoracje dla najm\u0142odszych znajdziesz w <a href=\"https:\/\/www.brw.pl\/\" target=\"_blank\" rel=\"noopener\">sklepie internetowym Black Red White<\/a>. Zapraszamy na zakupy!<\/strong><\/p>\n","protected":false},"excerpt":{"rendered":"<p>Jak pomalowa\u0107 \u015bciany w pokoju najm\u0142odszego domownika? Co wybra\u0107\u00a0\u2013 \u0142agodny, pastelowy kolor, a mo\u017ce zdecydowane kontrasty? Sprawd\u017a nasz pomys\u0142 na nowoczesn\u0105, ponadczasow\u0105 aran\u017cacj\u0119 pokoju niemowl\u0119cia. Biel, czer\u0144 i drewno to gor\u0105cy trend tego sezonu.\u00a0<\/p>\n","protected":false},"author":21,"featured_media":37401,"comment_status":"closed","ping_status":"open","sticky":false,"template":"","format":"standard","meta":{"footnotes":""},"categories":[39,750,572],"tags":[],"aioseo_notices":[],"_links":{"self":[{"href":"https:\/\/www.brw.pl\/blog\/wp-json\/wp\/v2\/posts\/37400"}],"collection":[{"href":"https:\/\/www.brw.pl\/blog\/wp-json\/wp\/v2\/posts"}],"about":[{"href":"https:\/\/www.brw.pl\/blog\/wp-json\/wp\/v2\/types\/post"}],"author":[{"embeddable":true,"href":"https:\/\/www.brw.pl\/blog\/wp-json\/wp\/v2\/users\/21"}],"replies":[{"embeddable":true,"href":"https:\/\/www.brw.pl\/blog\/wp-json\/wp\/v2\/comments?post=37400"}],"version-history":[{"count":1,"href":"https:\/\/www.brw.pl\/blog\/wp-json\/wp\/v2\/posts\/37400\/revisions"}],"predecessor-version":[{"id":37413,"href":"https:\/\/www.brw.pl\/blog\/wp-json\/wp\/v2\/posts\/37400\/revisions\/37413"}],"wp:featuredmedia":[{"embeddable":true,"href":"https:\/\/www.brw.pl\/blog\/wp-json\/wp\/v2\/media\/37401"}],"wp:attachment":[{"href":"https:\/\/www.brw.pl\/blog\/wp-json\/wp\/v2\/media?parent=37400"}],"wp:term":[{"taxonomy":"category","embeddable":true,"href":"https:\/\/www.brw.pl\/blog\/wp-json\/wp\/v2\/categories?post=37400"},{"taxonomy":"post_tag","embeddable":true,"href":"https:\/\/www.brw.pl\/blog\/wp-json\/wp\/v2\/tags?post=37400"}],"curies":[{"name":"wp","href":"https:\/\/api.w.org\/{rel}","templated":true}]}}