{"id":38023,"date":"2024-11-26T08:00:04","date_gmt":"2024-11-26T07:00:04","guid":{"rendered":"https:\/\/www.brw.pl\/blog\/?p=38023"},"modified":"2024-11-15T13:04:07","modified_gmt":"2024-11-15T12:04:07","slug":"meble-kuchenne-ryflowane-gustowna-aranzacja-czy-chwilowy-trend","status":"publish","type":"post","link":"https:\/\/www.brw.pl\/blog\/meble-kuchenne-ryflowane-gustowna-aranzacja-czy-chwilowy-trend\/","title":{"rendered":"Meble kuchenne ryflowane: gustowna aran\u017cacja czy chwilowy trend?"},"content":{"rendered":"<p><strong>Meble z ryflowanymi frontami coraz cz\u0119\u015bciej pojawiaj\u0105 si\u0119 w kuchennych wn\u0119trzach. Sk\u0105d ich rosn\u0105ca popularno\u015b\u0107? Do jakiego stylu pasuj\u0105? W jaki spos\u00f3b o nie dba\u0107? Odpowiedzi na te pytania czekaj\u0105 na Ciebie w naszym poradniku. Przekonaj si\u0119, czy warto zaprosi\u0107 do kuchni ryflowane szafki!<\/strong><\/p>\n<p><!--more--><\/p>\n<p><center><img decoding=\"async\" class=\"alignnone size-medium wp-image-38024 lazyload\" data-src=\"https:\/\/www.brw.pl\/blog\/wp-content\/uploads\/2024\/11\/Traffic-pinot-800x502.jpg\" alt=\"Kuchnia Traffic 79th Point Street - aran\u017cacja\" width=\"800\" height=\"502\" data-srcset=\"https:\/\/www.brw.pl\/blog\/wp-content\/uploads\/2024\/11\/Traffic-pinot-800x502.jpg 800w, https:\/\/www.brw.pl\/blog\/wp-content\/uploads\/2024\/11\/Traffic-pinot-768x481.jpg 768w, https:\/\/www.brw.pl\/blog\/wp-content\/uploads\/2024\/11\/Traffic-pinot-1536x963.jpg 1536w, https:\/\/www.brw.pl\/blog\/wp-content\/uploads\/2024\/11\/Traffic-pinot.jpg 1600w\" data-sizes=\"(max-width: 800px) 100vw, 800px\" src=\"data:image\/svg+xml;base64,PHN2ZyB3aWR0aD0iMSIgaGVpZ2h0PSIxIiB4bWxucz0iaHR0cDovL3d3dy53My5vcmcvMjAwMC9zdmciPjwvc3ZnPg==\" style=\"--smush-placeholder-width: 800px; --smush-placeholder-aspect-ratio: 800\/502;\" \/><\/center><\/p>\n<p style=\"text-align: center;\"><b>Kuchnia na wymiar <a href=\"https:\/\/www.brw.pl\/traffic-79th-point-street,353366\" target=\"_blank\" rel=\"noopener\">TRAFFIC 79th POINT STREET<\/a> z frontami z linii Pinot<\/b><\/p>\n<h2><strong>Czym s\u0105 ryflowane meble kuchenne?<\/strong><\/h2>\n<p>Funkcjonalno\u015b\u0107 mebli w kuchni to podstawa, ale liczy si\u0119 r\u00f3wnie\u017c ich estetyka. Minimalistyczne, g\u0142adkie fronty <a href=\"https:\/\/www.brw.pl\/meble\/meble-kuchenne\/szafki-kuchenne\/\" target=\"_blank\" rel=\"noopener\">szafek<\/a> powoli odchodz\u0105 do lamusa, przysz\u0142a pora na zmiany. Dekoracyjne ryflowane fronty kuchenne wnios\u0142y powiew nowo\u015bci do aran\u017cacji kuchennych. <strong>Dodaj\u0105 wn\u0119trzom wyrazu, prze\u0142amuj\u0105c ich monotoni\u0119. Zawdzi\u0119czaj\u0105 to subtelnym \u017c\u0142obieniom sk\u0142adaj\u0105cym si\u0119 na unikaln\u0105 tekstur\u0119.<\/strong> Ich nieszablonowa struktura tworzy intryguj\u0105cy efekt wizualny, nadaj\u0105c\u00a0przestrzeni g\u0142\u0119bi\u0119.<\/p>\n<p>Ryflowane fronty meblowe zdaj\u0105 egzamin zar\u00f3wno w minimalistycznych kuchniach, jak i klasycznych, skandynawskich czy loftowych. Wszystko zale\u017cy od koloru front\u00f3w oraz od tego, z jakimi meblami i dodatkami je zestawisz.<\/p>\n<p>Warto wiedzie\u0107, \u017ce <strong>ryflowane szafki\u00a0 triumfuj\u0105 nie tylko w kuchniach, lecz tak\u017ce w salonach, sypialniach czy \u0142azienkach<\/strong>. Wprowadzenie ich do wi\u0119cej ni\u017c jednego pomieszczenia gwarantuje sp\u00f3jno\u015b\u0107 wystroju domu.<\/p>\n<p style=\"text-align: center;\">Czytaj r\u00f3wnie\u017c: <a href=\"https:\/\/www.brw.pl\/blog\/meble-ryflowane-inspiracje\/\" target=\"_blank\" rel=\"noopener\"><strong>&#8222;Meble ryflowane \u2013 inspiracje&#8221;<\/strong><\/a>.<\/p>\n<h3 style=\"text-align: center;\"><strong>Jak powstaj\u0105 fronty ryflowane?<\/strong><\/h3>\n<p>Proces produkcji\u00a0ryflowanych front\u00f3w wymaga precyzji oraz dost\u0119pu do zaawansowanych technologii obr\u00f3bki. Ju\u017c na samym pocz\u0105tku na powierzchni mebla wykonuje si\u0119 regularne wg\u0142\u0119bienia. W ten spos\u00f3b uzyskuje si\u0119 niepowtarzalny wz\u00f3r\u00a0o r\u00f3\u017cnej g\u0142\u0119boko\u015bci i rozstawie \u017c\u0142obie\u0144.<\/p>\n<p>Nast\u0119pnym krokiem po frezowaniu jest wyb\u00f3r preferowanych barw i wyko\u0144czenia. <strong>Masz do dyspozycji matowe lub lakierowane fronty w dowolnym kolorze, co umo\u017cliwia idealne dopasowanie szafek do aran\u017cacji kuchni.<\/strong> Dzi\u0119ki temu bez problemu wyczarujesz harmonijne, pi\u0119kne wn\u0119trze.<\/p>\n<blockquote><p>Ryflowane fronty najcz\u0119\u015bciej wykonuje si\u0119 z drewna b\u0105d\u017a p\u0142yty MDF. Drewno jako naturalny, szlachetny surowiec sprawia, \u017ce szafki s\u0105 trwalsze, ale przy tym dro\u017csze i wymagaj\u0105ce odpowiedniej impregnacji. Bardziej ekonomicznym rozwi\u0105zaniem jest p\u0142yta MDF. \u0141atwo j\u0105 piel\u0119gnowa\u0107, a zrobione z niej szafki r\u00f3wnie\u017c mog\u0105 zachwyca\u0107 \u2013 wyja\u015bnia ekspert Black Red White.<\/p><\/blockquote>\n<h2><strong>Ryflowane meble kuchenne a aktualne trendy wn\u0119trzarskie: czy warto je wybra\u0107?<\/strong><\/h2>\n<p><center><img decoding=\"async\" class=\"alignnone size-medium wp-image-36393 lazyload\" data-src=\"https:\/\/www.brw.pl\/blog\/wp-content\/uploads\/2024\/06\/topline_www-800x672.jpg\" alt=\"Kuchnia Family Line Top Line\" width=\"800\" height=\"672\" data-srcset=\"https:\/\/www.brw.pl\/blog\/wp-content\/uploads\/2024\/06\/topline_www-800x672.jpg 800w, https:\/\/www.brw.pl\/blog\/wp-content\/uploads\/2024\/06\/topline_www-768x645.jpg 768w, https:\/\/www.brw.pl\/blog\/wp-content\/uploads\/2024\/06\/topline_www.jpg 1275w\" data-sizes=\"(max-width: 800px) 100vw, 800px\" src=\"data:image\/svg+xml;base64,PHN2ZyB3aWR0aD0iMSIgaGVpZ2h0PSIxIiB4bWxucz0iaHR0cDovL3d3dy53My5vcmcvMjAwMC9zdmciPjwvc3ZnPg==\" style=\"--smush-placeholder-width: 800px; --smush-placeholder-aspect-ratio: 800\/672;\" \/><\/center><\/p>\n<p style=\"text-align: center;\">Kuchnia modu\u0142owa\u00a0<a href=\"https:\/\/www.brw.pl\/family-line-top-line-2,266599\" target=\"_blank\" rel=\"noopener\"><strong>FAMILY LINE \u2013 TOP LINE 2<\/strong><\/a>\u00a0z frontami w odcieniu\u00a0\u015bnie\u017cny super mat<\/p>\n<p><strong>Ze wzgl\u0119du na regularny uk\u0142ad \u017c\u0142obie\u0144, ryflowane fronty kuchenne\u00a0\u0142adnie wpisuj\u0105 si\u0119 w nowoczesne, minimalistyczne trendy wn\u0119trzarskie.<\/strong> W po\u0142\u0105czeniu z g\u0142adkimi powierzchniami wprowadzaj\u0105 r\u00f3\u017cnorodno\u015b\u0107 do aran\u017cacji, kt\u00f3ra mimo to pozostaje sp\u00f3jna. Kontrast pomi\u0119dzy fakturami nieco dynamizuje wystr\u00f3j, nie zaburzaj\u0105c przy tym wra\u017cenia \u0142adu przestrzennego.<\/p>\n<p><strong>Symetria ryflowania szafek zwi\u0119ksza r\u00f3wnie\u017c ich uniwersalno\u015b\u0107 stylistyczn\u0105. S\u0105 zatem dobrym pomys\u0142em nawet w przypadku os\u00f3b, kt\u00f3re ceni\u0105 ponadczasowy design i nie ulegaj\u0105 chwilowym trendom. <\/strong><\/p>\n<p>W jaki spos\u00f3b wple\u015b\u0107 ryflowane fronty w r\u00f3\u017cne style wn\u0119trzarskie? Tego dowiesz si\u0119 z dalszej cz\u0119\u015bci artyku\u0142u.<\/p>\n<h2><strong>Jak wkomponowa\u0107 fronty ryflowane w kuchenn\u0105 aran\u017cacj\u0119?<\/strong><\/h2>\n<p>Ju\u017c zdecydowa\u0142e\u015b si\u0119 na\u00a0ryflowane fronty kuchenne? Zastan\u00f3w si\u0119, jak wkomponowa\u0107 je w wystr\u00f3j, aby unikn\u0105\u0107 przyt\u0142oczenia i uzyska\u0107 harmonijn\u0105 przestrze\u0144. Liczy si\u0119 nawet najmniejszy detal.<\/p>\n<p>Nie ka\u017cdy lubi nowoczesno\u015b\u0107 opart\u0105 na minimalizmie oraz ch\u0142odnej kolorystyce. W kuchniach <strong>klasycznych, rustykalnych czy skandynawskich<\/strong> strukturalne fronty b\u0119d\u0105 pi\u0119knie prezentowa\u0107 si\u0119 w zestawieniu z g\u0142adkimi drewnianymi oraz ceramicznymi elementami. Zw\u0142aszcza gdy zamontujesz szafki w naturalnym odcieniu drewna z widocznym rysunkiem us\u0142ojenia. Do tego typu pomieszcze\u0144 zapro\u015b stonowane barwy takie jak be\u017ce, szaro\u015bci, z\u0142amane biele. \u015aciany pomaluj jasn\u0105 farb\u0105, co pozwoli wyeksponowa\u0107 ryflowane meble.<\/p>\n<p>Jeste\u015b fanem <strong>industrialnej<\/strong> estetyki? Ryflowane fronty bez uchwyt\u00f3w (otwieraj\u0105ce si\u0119 przez naci\u015bni\u0119cie) b\u0119d\u0105 \u015bwietnie wygl\u0105da\u0107 w towarzystwie czarnych mebli, prostych dodatk\u00f3w, \u015bcian lub pod\u0142\u00f3g z betonu architektonicznego.<\/p>\n<p>Marzy Ci si\u0119 pe\u0142na elegancji kuchnia <strong>glamour<\/strong>? Nie pope\u0142nisz aran\u017cacyjnego <em>faux pas<\/em>, zapraszaj\u0105c do niej ryflowane szafki. Bia\u0142e \u017c\u0142obione fronty zdecydowanie polubi\u0105 si\u0119 z jasnymi marmurowymi blatami, z\u0142otymi <a href=\"https:\/\/www.brw.pl\/oswietlenie\/oswietlenie-wewnetrzne\/lampy-wiszace\/\" target=\"_blank\" rel=\"noopener\">lampami wisz\u0105cymi<\/a> czy kryszta\u0142owymi <a href=\"https:\/\/www.brw.pl\/dekoracje\/misy-i-patery\/\" target=\"_blank\" rel=\"noopener\">misami<\/a>, tworz\u0105c wn\u0119trze, kt\u00f3rego wizyt\u00f3wk\u0105 jest luksus.<\/p>\n<p><strong>Wskaz\u00f3wka:<\/strong> pami\u0119taj, \u017ce kuchenne szafki wisz\u0105ce b\u0105d\u017a stoj\u0105ce to niejedyna metoda na uwzgl\u0119dnienie ryflowania w projekcie kuchni. Popularne s\u0105 te\u017c wyspy kuchenne z takimi frontami.<\/p>\n<h2><strong>Czym czy\u015bci\u0107 fronty meblowe ryflowane?<\/strong><\/h2>\n<p>Jak czy\u015bci\u0107 ryflowane fronty? Wymagaj\u0105 one nieco wi\u0119kszej dba\u0142o\u015bci o czysto\u015b\u0107 ni\u017c ich g\u0142adkie warianty. Przyczyn\u0105 s\u0105 wg\u0142\u0119bienia, w kt\u00f3rych osiada\u00a0kurz. Aby utrzyma\u0107 szafki w nienagannym stanie, rekomendujemy <strong>przecieranie ich nawil\u017conymi wod\u0105, delikatnymi <a href=\"https:\/\/www.brw.pl\/czystosc-w-domu\/akcesoria-do-sprzatania\/scierki-i-sciereczki\/\" target=\"_blank\" rel=\"noopener\">\u015bciereczkami<\/a><\/strong>, na przyk\u0142ad z mikrofibry. Wi\u0119ksze zabrudzenia usuniesz za pomoc\u0105 wody z dodatkiem \u0142agodnych detergent\u00f3w takich jak p\u0142yn do mycia naczy\u0144. Unikaj agresywnych <a href=\"https:\/\/www.brw.pl\/czystosc-w-domu\/srodki-czystosci\/\" target=\"_blank\" rel=\"noopener\">\u015brodk\u00f3w czyszcz\u0105cych<\/a>, kt\u00f3re mog\u0105 zarysowa\u0107 powierzchni\u0119 front\u00f3w.<\/p>\n<p>Dobrym rozwi\u0105zaniem jest r\u00f3wnie\u017c regularne przecieranie szafek na sucho, co minimalizuje ryzyko osiadania kurzu i brudu w \u017c\u0142obieniach. <strong>Do trudniej dost\u0119pnych miejsc u\u017cyj mi\u0119kkiej <a href=\"https:\/\/www.brw.pl\/czystosc-w-domu\/akcesoria-do-sprzatania\/szczotki\/\" target=\"_blank\" rel=\"noopener\">szczoteczki<\/a>, kt\u00f3ra nie uszkodzi front\u00f3w.\u00a0<\/strong><\/p>\n<p>Odpowiednia piel\u0119gnacja front\u00f3w sprawi, \u017ce zachowaj\u0105 trwa\u0142o\u015b\u0107 oraz estetyczny wygl\u0105d przez d\u0142ugi czas.<\/p>\n<h2><strong>Ryflowane fronty w kuchni i nie tylko \u2013 wyrazisty akcent w aran\u017cacji wn\u0119trz<\/strong><\/h2>\n<p><center><img decoding=\"async\" class=\"alignnone size-medium wp-image-36839 lazyload\" data-src=\"https:\/\/www.brw.pl\/blog\/wp-content\/uploads\/2024\/08\/glowne-family-line-iris-xlargea-800x532.jpg\" alt=\"Kuchnia Family Line Iris ziele\u0144 boho\" width=\"800\" height=\"532\" data-srcset=\"https:\/\/www.brw.pl\/blog\/wp-content\/uploads\/2024\/08\/glowne-family-line-iris-xlargea-800x532.jpg 800w, https:\/\/www.brw.pl\/blog\/wp-content\/uploads\/2024\/08\/glowne-family-line-iris-xlargea-768x511.jpg 768w, https:\/\/www.brw.pl\/blog\/wp-content\/uploads\/2024\/08\/glowne-family-line-iris-xlargea-1536x1021.jpg 1536w, https:\/\/www.brw.pl\/blog\/wp-content\/uploads\/2024\/08\/glowne-family-line-iris-xlargea.jpg 1539w\" data-sizes=\"(max-width: 800px) 100vw, 800px\" src=\"data:image\/svg+xml;base64,PHN2ZyB3aWR0aD0iMSIgaGVpZ2h0PSIxIiB4bWxucz0iaHR0cDovL3d3dy53My5vcmcvMjAwMC9zdmciPjwvc3ZnPg==\" style=\"--smush-placeholder-width: 800px; --smush-placeholder-aspect-ratio: 800\/532;\" \/><\/center><\/p>\n<p style=\"text-align: center;\">Kuchnia modu\u0142owa\u00a0<a href=\"https:\/\/www.brw.pl\/family-line-iris,25054\" target=\"_blank\" rel=\"noopener\"><strong>FAMILY LINE \u2013 IRIS<\/strong><\/a>\u00a0z frontami w odcieniu\u00a0ziele\u0144 boho<\/p>\n<p>Ryflowane fronty\u00a0to \u015bwietny spos\u00f3b na urozmaicenie kuchennego wn\u0119trza. <strong>Dzi\u0119ki wyj\u0105tkowej strukturze mog\u0105 sta\u0107 si\u0119 g\u0142\u00f3wnym akcentem dekoracyjnym przestrzeni.<\/strong> Co wi\u0119cej, zdaj\u0105 egzamin w zr\u00f3\u017cnicowanych stylistycznie aran\u017cacjach, a utrzymanie ich w czysto\u015bci wbrew pozorom nie jest trudnym zadaniem. Je\u015bli marzysz o niebanalnej, pe\u0142nej harmonii kuchni, ryflowane szafki lub wyspa b\u0119d\u0105 strza\u0142em w dziesi\u0105tk\u0119.<\/p>\n<p>Ryflowane meble, nie tylko kuchenne, czekaj\u0105 na Ciebie w <a href=\"https:\/\/www.brw.pl\/\" target=\"_blank\" rel=\"noopener\"><strong>sklepie internetowym Black Red White<\/strong><\/a>. Zapraszamy!<\/p>\n","protected":false},"excerpt":{"rendered":"<p>Meble z ryflowanymi frontami coraz cz\u0119\u015bciej pojawiaj\u0105 si\u0119 w kuchennych wn\u0119trzach. Sk\u0105d ich rosn\u0105ca popularno\u015b\u0107? Do jakiego stylu pasuj\u0105? W jaki spos\u00f3b o nie dba\u0107? Odpowiedzi na te pytania czekaj\u0105 na Ciebie w naszym poradniku. Przekonaj si\u0119, czy warto zaprosi\u0107 do kuchni ryflowane szafki!<\/p>\n","protected":false},"author":29,"featured_media":38024,"comment_status":"closed","ping_status":"open","sticky":false,"template":"","format":"standard","meta":{"footnotes":""},"categories":[26,572],"tags":[],"aioseo_notices":[],"_links":{"self":[{"href":"https:\/\/www.brw.pl\/blog\/wp-json\/wp\/v2\/posts\/38023"}],"collection":[{"href":"https:\/\/www.brw.pl\/blog\/wp-json\/wp\/v2\/posts"}],"about":[{"href":"https:\/\/www.brw.pl\/blog\/wp-json\/wp\/v2\/types\/post"}],"author":[{"embeddable":true,"href":"https:\/\/www.brw.pl\/blog\/wp-json\/wp\/v2\/users\/29"}],"replies":[{"embeddable":true,"href":"https:\/\/www.brw.pl\/blog\/wp-json\/wp\/v2\/comments?post=38023"}],"version-history":[{"count":3,"href":"https:\/\/www.brw.pl\/blog\/wp-json\/wp\/v2\/posts\/38023\/revisions"}],"predecessor-version":[{"id":38027,"href":"https:\/\/www.brw.pl\/blog\/wp-json\/wp\/v2\/posts\/38023\/revisions\/38027"}],"wp:featuredmedia":[{"embeddable":true,"href":"https:\/\/www.brw.pl\/blog\/wp-json\/wp\/v2\/media\/38024"}],"wp:attachment":[{"href":"https:\/\/www.brw.pl\/blog\/wp-json\/wp\/v2\/media?parent=38023"}],"wp:term":[{"taxonomy":"category","embeddable":true,"href":"https:\/\/www.brw.pl\/blog\/wp-json\/wp\/v2\/categories?post=38023"},{"taxonomy":"post_tag","embeddable":true,"href":"https:\/\/www.brw.pl\/blog\/wp-json\/wp\/v2\/tags?post=38023"}],"curies":[{"name":"wp","href":"https:\/\/api.w.org\/{rel}","templated":true}]}}