{"id":38288,"date":"2024-12-20T09:14:28","date_gmt":"2024-12-20T08:14:28","guid":{"rendered":"https:\/\/www.brw.pl\/blog\/?p=38288"},"modified":"2024-12-12T12:46:45","modified_gmt":"2024-12-12T11:46:45","slug":"jak-przechowywac-ulubione-pozycje-literackie-wybierz-ciekawe-polki-na-ksiazki","status":"publish","type":"post","link":"https:\/\/www.brw.pl\/blog\/jak-przechowywac-ulubione-pozycje-literackie-wybierz-ciekawe-polki-na-ksiazki\/","title":{"rendered":"Jak przechowywa\u0107 ulubione pozycje literackie? Wybierz ciekawe p\u00f3\u0142ki na ksi\u0105\u017cki!"},"content":{"rendered":"<p><strong>Twoja kolekcja ksi\u0105\u017cek ro\u015bnie, a Ty zastanawiasz si\u0119, jak najlepiej je przechowywa\u0107? Ksi\u0105\u017cki to nie tylko ulubione historie, ale tak\u017ce wyj\u0105tkowa dekoracja wn\u0119trza. W artykule podpowiadamy, jak wybra\u0107 p\u00f3\u0142ki, kt\u00f3re pomog\u0105 Ci uporz\u0105dkowa\u0107 biblioteczk\u0119 i jednocze\u015bnie wprowadz\u0105 do aran\u017cacji modny akcent. Zaczynamy!<\/strong><!--more--><\/p>\n<div style=\"display: flex; align-items: center; justify-content: center; text-align: center;\">\n<figure id=\"attachment_36226\" aria-describedby=\"caption-attachment-36226\" style=\"width: 800px\" class=\"wp-caption aligncenter\"><a href=\"https:\/\/www.brw.pl\/polka-scienna-holten-106-cm-dab-waterford,50043\" target=\"_blank\" rel=\"noopener noreferrer\"><img decoding=\"async\" class=\"wp-image-36226 size-medium lazyload\" data-src=\"https:\/\/www.brw.pl\/blog\/wp-content\/uploads\/2024\/05\/glowne-S493_HOLTEN_sypialnia_DWF_Ar115-800x532.jpg\" alt=\"Jak przechowywa\u0107 ulubione pozycje literackie? Wybierz ciekawe p\u00f3\u0142ki na ksi\u0105\u017cki!\" width=\"800\" height=\"532\" data-srcset=\"https:\/\/www.brw.pl\/blog\/wp-content\/uploads\/2024\/05\/glowne-S493_HOLTEN_sypialnia_DWF_Ar115-800x532.jpg 800w, https:\/\/www.brw.pl\/blog\/wp-content\/uploads\/2024\/05\/glowne-S493_HOLTEN_sypialnia_DWF_Ar115-768x511.jpg 768w, https:\/\/www.brw.pl\/blog\/wp-content\/uploads\/2024\/05\/glowne-S493_HOLTEN_sypialnia_DWF_Ar115-1536x1021.jpg 1536w, https:\/\/www.brw.pl\/blog\/wp-content\/uploads\/2024\/05\/glowne-S493_HOLTEN_sypialnia_DWF_Ar115.jpg 1615w\" data-sizes=\"(max-width: 800px) 100vw, 800px\" src=\"data:image\/svg+xml;base64,PHN2ZyB3aWR0aD0iMSIgaGVpZ2h0PSIxIiB4bWxucz0iaHR0cDovL3d3dy53My5vcmcvMjAwMC9zdmciPjwvc3ZnPg==\" style=\"--smush-placeholder-width: 800px; --smush-placeholder-aspect-ratio: 800\/532;\" \/><\/a><figcaption id=\"caption-attachment-36226\" class=\"wp-caption-text\"><a href=\"https:\/\/www.brw.pl\/polka-scienna-holten-106-cm-dab-waterford,50043\" target=\"_blank\" rel=\"noopener noreferrer\"><span style=\"font-weight: 400;\">P\u00f3\u0142ka \u015bcienna Holten<\/span><\/a><\/figcaption><\/figure>\n<\/div>\n<h2><strong>Dobrane p\u00f3\u0142ki na ksi\u0105\u017cki: dlaczego s\u0105 istotne?<\/strong><\/h2>\n<p>Uwielbiasz ksi\u0105\u017cki, a od e-book\u00f3w wolisz tradycyjne, papierowe wydania? Z pewno\u015bci\u0105 mo\u017cesz pochwali\u0107 si\u0119 domow\u0105 biblioteczk\u0105 o imponuj\u0105cych rozmiarach! Je\u015bli Twoja kolekcja stale si\u0119 powi\u0119ksza, pomy\u015bl o wygospodarowaniu dodatkowego miejsca na ksi\u0105\u017cki. Pami\u0119taj, \u017ce ulubione powie\u015bci mo\u017cesz przechowywa\u0107 nie tylko na <a href=\"https:\/\/www.brw.pl\/meble\/przechowywanie\/regaly\/\" target=\"_blank\" rel=\"noopener\">rega\u0142ach,<\/a> eta\u017cerkach czy w <a href=\"https:\/\/www.brw.pl\/meble\/przechowywanie\/witryny\/\" target=\"_blank\" rel=\"noopener\">witrynach<\/a>, ale r\u00f3wnie\u017c na p\u00f3\u0142kach. Do wyboru masz m.in. modele designerskie, o organicznych i geometrycznych kszta\u0142tach, klasyczne czy industrialne. \u0141\u0105czy je jedno \u2013 wszystkie zachwyc\u0105 Ci\u0119 stylem i funkcjonalno\u015bci\u0105!<\/p>\n<p><strong><a href=\"https:\/\/www.brw.pl\/meble\/przechowywanie\/polki\/\" target=\"_blank\" rel=\"noopener\">P\u00f3\u0142ki<\/a> sprawdz\u0105 si\u0119 wsz\u0119dzie tam, gdzie nie zmie\u015bci si\u0119 wielkogabarytowy mebel, zape\u0142ni\u0105 puste miejsce na \u015bcianach i wspaniale wyeksponuj\u0105 najpi\u0119kniejsze ok\u0142adki ksi\u0105\u017cek<\/strong>. Odpowiednio dobrane p\u00f3\u0142ki pozwol\u0105 Ci lepiej zorganizowa\u0107 przestrze\u0144 i nadadz\u0105 wn\u0119trzu charakteru. Sprawdz\u0105 si\u0119 w salonie, sypialni, pokoju dziecka, a nawet w przedpokoju. Za ich pomoc\u0105 zagospodarujesz \u015bcian\u0119 pod skosem na poddaszu czy pod schodami. P\u00f3\u0142ki na ksi\u0105\u017cki mo\u017cna zamontowa\u0107 tak naprawd\u0119 w ka\u017cdym pomieszczeniu.<\/p>\n<p style=\"text-align: center;\">Nie przegap: <a href=\"https:\/\/www.brw.pl\/blog\/aranzacja-polki-nad-telewizorem-z-black-red-white\/\" target=\"_blank\" rel=\"noopener\">&#8222;Aran\u017cacja p\u00f3\u0142ki nad telewizorem z Black Red White&#8221;<\/a>.<\/p>\n<h2><strong>Jak dobra\u0107 p\u00f3\u0142ki na ksi\u0105\u017cki do swojego wn\u0119trza?<\/strong><\/h2>\n<div style=\"display: flex; align-items: center; justify-content: center; text-align: center;\">\n<figure id=\"attachment_38289\" aria-describedby=\"caption-attachment-38289\" style=\"width: 800px\" class=\"wp-caption aligncenter\"><a href=\"https:\/\/www.brw.pl\/polka-scienna-lamea-135-cm-dab-artisan,209890\" target=\"_blank\" rel=\"noopener noreferrer\"><img decoding=\"async\" class=\"wp-image-38289 size-medium lazyload\" data-src=\"https:\/\/www.brw.pl\/blog\/wp-content\/uploads\/2024\/12\/polka-scienna-lamea-135-cm-dab-artisan-xlargeb-800x582.jpg\" alt=\"P\u00f3\u0142ka \u015bcienna Lamea\" width=\"800\" height=\"582\" data-srcset=\"https:\/\/www.brw.pl\/blog\/wp-content\/uploads\/2024\/12\/polka-scienna-lamea-135-cm-dab-artisan-xlargeb-800x582.jpg 800w, https:\/\/www.brw.pl\/blog\/wp-content\/uploads\/2024\/12\/polka-scienna-lamea-135-cm-dab-artisan-xlargeb-768x559.jpg 768w, https:\/\/www.brw.pl\/blog\/wp-content\/uploads\/2024\/12\/polka-scienna-lamea-135-cm-dab-artisan-xlargeb.jpg 1346w\" data-sizes=\"(max-width: 800px) 100vw, 800px\" src=\"data:image\/svg+xml;base64,PHN2ZyB3aWR0aD0iMSIgaGVpZ2h0PSIxIiB4bWxucz0iaHR0cDovL3d3dy53My5vcmcvMjAwMC9zdmciPjwvc3ZnPg==\" style=\"--smush-placeholder-width: 800px; --smush-placeholder-aspect-ratio: 800\/582;\" \/><\/a><figcaption id=\"caption-attachment-38289\" class=\"wp-caption-text\"><a href=\"https:\/\/www.brw.pl\/polka-scienna-lamea-135-cm-dab-artisan,209890\" target=\"_blank\" rel=\"noopener noreferrer\"><span style=\"font-weight: 400;\">P\u00f3\u0142ka \u015bcienna Lamea<\/span><\/a><\/figcaption><\/figure>\n<\/div>\n<p>Szukasz niebanalnych pomys\u0142\u00f3w na p\u00f3\u0142ki na ksi\u0105\u017cki? Zanim wpadniesz w wir poszukiwa\u0144 i zaczniesz projektowa\u0107 wymarzon\u0105 domow\u0105 bibliotek\u0119 zastan\u00f3w si\u0119, jakie p\u00f3\u0142ki najlepiej pasuj\u0105 do Twojego wn\u0119trza. <strong>We\u017a pod uwag\u0119 nie tylko styl aran\u017cacji, ale i funkcjonalno\u015b\u0107 wybranych element\u00f3w<\/strong>. Wa\u017cne, by mia\u0142y odpowiedni rozmiar i no\u015bno\u015b\u0107, a tak\u017ce by bez problemu pomie\u015bci\u0142y ksi\u0105\u017cki, kt\u00f3re chcesz na nich ustawi\u0107.<\/p>\n<h3>Styl wn\u0119trza jako punkt wyj\u015bcia dla domowej biblioteczki<\/h3>\n<p>W\u015br\u00f3d p\u00f3\u0142ek \u015bciennych dost\u0119pnych na rynku meblarskim znajdziemy wiele ciekawych rozwi\u0105za\u0144 dekoracyjnych. <strong>Klucz do aran\u017cacyjnego sukcesu tkwi w tym, aby postawi\u0107 na model pasuj\u0105cy do stylu wn\u0119trza<\/strong>. Tylko wtedy przestrze\u0144 b\u0119dzie prezentowa\u0107 si\u0119 sp\u00f3jnie.<\/p>\n<p>R\u00f3\u017cnorodno\u015b\u0107 kreatywnych projekt\u00f3w sprawia, \u017ce jest w czym wybiera\u0107! W niesztampowych, eklektycznych wn\u0119trzach, a tak\u017ce w pokojach dzieci\u0119cych strza\u0142em w dziesi\u0105tk\u0119 mog\u0105 okaza\u0107 si\u0119 p\u00f3\u0142ki o nietypowych kszta\u0142tach, nierzadko nawi\u0105zuj\u0105cych do natury lub architektury miejskiej.<\/p>\n<div style=\"display: flex; align-items: center; justify-content: center; text-align: center;\">\n<figure id=\"attachment_38290\" aria-describedby=\"caption-attachment-38290\" style=\"width: 600px\" class=\"wp-caption aligncenter\"><a href=\"https:\/\/www.brw.pl\/homestyling-regal-scienny-z-3-polkami,53665\" target=\"_blank\" rel=\"noopener noreferrer\"><img decoding=\"async\" class=\"wp-image-38290 lazyload\" data-src=\"https:\/\/www.brw.pl\/blog\/wp-content\/uploads\/2024\/12\/homestyling-regal-scienny-z-3-polkami-xlargea-800x800.webp\" alt=\"Rega\u0142 \u015bcienny z 3 p\u00f3\u0142kami Home&amp;Styling\" width=\"600\" height=\"600\" data-srcset=\"https:\/\/www.brw.pl\/blog\/wp-content\/uploads\/2024\/12\/homestyling-regal-scienny-z-3-polkami-xlargea-800x800.webp 800w, https:\/\/www.brw.pl\/blog\/wp-content\/uploads\/2024\/12\/homestyling-regal-scienny-z-3-polkami-xlargea-150x150.webp 150w, https:\/\/www.brw.pl\/blog\/wp-content\/uploads\/2024\/12\/homestyling-regal-scienny-z-3-polkami-xlargea-768x768.webp 768w, https:\/\/www.brw.pl\/blog\/wp-content\/uploads\/2024\/12\/homestyling-regal-scienny-z-3-polkami-xlargea-165x165.webp 165w, https:\/\/www.brw.pl\/blog\/wp-content\/uploads\/2024\/12\/homestyling-regal-scienny-z-3-polkami-xlargea-120x120.webp 120w, https:\/\/www.brw.pl\/blog\/wp-content\/uploads\/2024\/12\/homestyling-regal-scienny-z-3-polkami-xlargea.webp 1024w\" data-sizes=\"(max-width: 600px) 100vw, 600px\" src=\"data:image\/svg+xml;base64,PHN2ZyB3aWR0aD0iMSIgaGVpZ2h0PSIxIiB4bWxucz0iaHR0cDovL3d3dy53My5vcmcvMjAwMC9zdmciPjwvc3ZnPg==\" style=\"--smush-placeholder-width: 600px; --smush-placeholder-aspect-ratio: 600\/600;\" \/><\/a><figcaption id=\"caption-attachment-38290\" class=\"wp-caption-text\"><a href=\"https:\/\/www.brw.pl\/homestyling-regal-scienny-z-3-polkami,53665\" target=\"_blank\" rel=\"noopener noreferrer\"><span style=\"font-weight: 400;\">Rega\u0142 \u015bcienny z 3 p\u00f3\u0142kami Home&amp;Styling<\/span><\/a><\/figcaption><\/figure>\n<\/div>\n<p>Do przestrzeni loftowych, nowoczesnych i minimalistycznych warto wybra\u0107 przede wszystkim p\u00f3\u0142ki przypominaj\u0105ce surowe, nieobrobione deski oraz proste p\u00f3\u0142ki z metalu i drewna.<\/p>\n<p>W klasycznych aran\u017cacjach najlepiej sprawdz\u0105 si\u0119 tradycyjne modele wykonane z p\u0142yty laminowanej, MDF lub litego drewna. One r\u00f3wnie\u017c mog\u0105 by\u0107 wspania\u0142\u0105 ozdob\u0105 wn\u0119trza.<\/p>\n<h3>Funkcjonalno\u015b\u0107 p\u00f3\u0142ek a Twoje potrzeby<\/h3>\n<p>P\u00f3\u0142ki na ksi\u0105\u017cki to nie tylko miejsce do przechowywania, ale tak\u017ce spos\u00f3b na uporz\u0105dkowanie i wyeksponowanie ulubionych pozycji literackich. <strong>Przy wyborze p\u00f3\u0142ek warto zacz\u0105\u0107 od analizy swoich potrzeb \u2013 ile ksi\u0105\u017cek masz, jakie s\u0105 ich rozmiary i jak cz\u0119sto si\u0119gasz po poszczeg\u00f3lne tytu\u0142y<\/strong>.<\/p>\n<p>Je\u015bli posiadasz bogat\u0105 kolekcj\u0119 o r\u00f3\u017cnych formatach, idealnym rozwi\u0105zaniem b\u0119d\u0105 p\u00f3\u0142ki z regulowanymi poziomami, dzi\u0119ki kt\u00f3rym dostosujesz przestrze\u0144 do wi\u0119kszych album\u00f3w lub mniejszych tomik\u00f3w poezji.<\/p>\n<p>\u0141atwy dost\u0119p do ksi\u0105\u017cek to kolejny wa\u017cny aspekt. Je\u015bli codziennie si\u0119gasz po swoje ulubione pozycje, p\u00f3\u0142ki powinny by\u0107 umieszczone na wysoko\u015bci wzroku lub w \u0142atwo dost\u0119pnych miejscach. Dla rzadziej u\u017cywanych ksi\u0105\u017cek mo\u017cna wykorzysta\u0107 wy\u017csze p\u00f3\u0142ki lub miejsca mniej eksponowane.<\/p>\n<p>Chcesz, by Twoje p\u00f3\u0142ki pe\u0142ni\u0142y r\u00f3wnie\u017c funkcj\u0119 dekoracyjn\u0105? W takiej sytuacji wybierz modele z dodatkowym miejscem na ozdoby. W\u00f3wczas b\u0119dziesz m\u00f3g\u0142 u\u0142o\u017cy\u0107 na nich ramki, ro\u015bliny, <a href=\"https:\/\/www.brw.pl\/dekoracje\/podporki-do-ksiazek\/\" target=\"_blank\" rel=\"noopener\">podp\u00f3rki do ksi\u0105\u017cek<\/a> i stworzy\u0107 tym samym estetyczn\u0105 aran\u017cacj\u0119.<\/p>\n<h2><strong>Ciekawe p\u00f3\u0142ki na ksi\u0105\u017cki \u2013 zainspiruj si\u0119!<\/strong><\/h2>\n<p>Co wybra\u0107 \u2013 pojedyncze p\u00f3\u0142ki, a mo\u017ce zestaw tworz\u0105cy unikaln\u0105 kompozycj\u0119? P\u00f3\u0142k\u0119 dekoracyjn\u0105 czy prost\u0105 i praktyczn\u0105? W kolejnych akapitach prezentujemy ciekawe pomys\u0142y na aran\u017cacje z p\u00f3\u0142kami w roli g\u0142\u00f3wnej. Poznaj najbardziej stylowe propozycje!<\/p>\n<h3>Klasyczne p\u00f3\u0142ki \u015bcienne: lekkie i funkcjonalne<\/h3>\n<p>Klasyczne, drewniane p\u00f3\u0142ki na ksi\u0105\u017cki to prawdziwy must-have, je\u015bli szukasz prostego, a zarazem uniwersalnego sposobu na przechowywanie literatury. Lekkie konstrukcje w ciep\u0142ych barwach drewna pasuj\u0105 do wn\u0119trz w r\u00f3\u017cnych stylach \u2013 znakomicie odnajduj\u0105 si\u0119 w aran\u017cacjach klasycznych, skandynawskich czy modern classic.<\/p>\n<p>Monta\u017c <a href=\"https:\/\/www.brw.pl\/meble\/przechowywanie\/polki\/styl-klasyczny\/\" target=\"_blank\" rel=\"noopener\">klasycznej p\u00f3\u0142ki \u015bciennej<\/a> nie powinien sprawi\u0107 Ci problemu. Modele tego rodzaju s\u0105 \u0142atwe do zawieszenia i nie wymagaj\u0105 zaawansowanych umiej\u0119tno\u015bci majsterkowania. <strong>Mo\u017cesz wybra\u0107 p\u00f3\u0142ki pojedyncze lub modu\u0142owe, kt\u00f3re pozwalaj\u0105 na dowolne rozplanowanie przestrzeni<\/strong>. Dzi\u0119ki temu zyskujesz pe\u0142n\u0105 swobod\u0119 w aran\u017cacji \u2013 od symetrycznych uk\u0142ad\u00f3w po bardziej swobodne, asymetryczne konfiguracje.<\/p>\n<div style=\"display: flex; align-items: center; justify-content: center; text-align: center;\">\n<figure id=\"attachment_38291\" aria-describedby=\"caption-attachment-38291\" style=\"width: 800px\" class=\"wp-caption aligncenter\"><a href=\"https:\/\/www.brw.pl\/polka-scienna-montreal-140-cm-sosna-biala,242508\" target=\"_blank\" rel=\"noopener noreferrer\"><img decoding=\"async\" class=\"wp-image-38291 size-medium lazyload\" data-src=\"https:\/\/www.brw.pl\/blog\/wp-content\/uploads\/2024\/12\/polka-scienna-montreal-140-cm-sosna-biala-xlargeb-800x666.jpg\" alt=\"P\u00f3\u0142ka \u015bcienna Montreal\" width=\"800\" height=\"666\" data-srcset=\"https:\/\/www.brw.pl\/blog\/wp-content\/uploads\/2024\/12\/polka-scienna-montreal-140-cm-sosna-biala-xlargeb-800x666.jpg 800w, https:\/\/www.brw.pl\/blog\/wp-content\/uploads\/2024\/12\/polka-scienna-montreal-140-cm-sosna-biala-xlargeb.jpg 1297w, https:\/\/www.brw.pl\/blog\/wp-content\/uploads\/2024\/12\/polka-scienna-montreal-140-cm-sosna-biala-xlargeb-768x640.jpg 768w\" data-sizes=\"(max-width: 800px) 100vw, 800px\" src=\"data:image\/svg+xml;base64,PHN2ZyB3aWR0aD0iMSIgaGVpZ2h0PSIxIiB4bWxucz0iaHR0cDovL3d3dy53My5vcmcvMjAwMC9zdmciPjwvc3ZnPg==\" style=\"--smush-placeholder-width: 800px; --smush-placeholder-aspect-ratio: 800\/666;\" \/><\/a><figcaption id=\"caption-attachment-38291\" class=\"wp-caption-text\"><a href=\"https:\/\/www.brw.pl\/polka-scienna-montreal-140-cm-sosna-biala,242508\" target=\"_blank\" rel=\"noopener noreferrer\"><span style=\"font-weight: 400;\">P\u00f3\u0142ka \u015bcienna Montreal<\/span><\/a><\/figcaption><\/figure>\n<\/div>\n<p>Ich funkcjonalno\u015b\u0107 to kolejny atut. P\u00f3\u0142ki to doskona\u0142e miejsce na ksi\u0105\u017cki, ale tak\u017ce na ro\u015bliny, dekoracje czy ulubione fotografie, dzi\u0119ki kt\u00f3rym Twoja \u015bciana zyska wyj\u0105tkowy charakter. Tradycyjne p\u00f3\u0142ki \u015bcienne s\u0105 idealnym rozwi\u0105zaniem dla ka\u017cdego, kto ceni prostot\u0119 i chce wprowadzi\u0107 do swojego domu lekki, estetyczny akcent.<\/p>\n<div style=\"display: flex; align-items: center; justify-content: center; text-align: center;\">\n<figure id=\"attachment_38292\" aria-describedby=\"caption-attachment-38292\" style=\"width: 667px\" class=\"wp-caption aligncenter\"><a href=\"https:\/\/www.brw.pl\/polka-scienna-bergen-156-cm-modrzew-sibiu-zloty,20093\" target=\"_blank\" rel=\"noopener noreferrer\"><img decoding=\"async\" class=\"wp-image-38292 size-medium lazyload\" data-src=\"https:\/\/www.brw.pl\/blog\/wp-content\/uploads\/2024\/12\/polka-scienna-bergen-156-cm-modrzew-sibiu-zloty-xlargea-667x800.jpg\" alt=\"P\u00f3\u0142ka \u015bcienna Bergen\" width=\"667\" height=\"800\" data-srcset=\"https:\/\/www.brw.pl\/blog\/wp-content\/uploads\/2024\/12\/polka-scienna-bergen-156-cm-modrzew-sibiu-zloty-xlargea-667x800.jpg 667w, https:\/\/www.brw.pl\/blog\/wp-content\/uploads\/2024\/12\/polka-scienna-bergen-156-cm-modrzew-sibiu-zloty-xlargea-768x922.jpg 768w, https:\/\/www.brw.pl\/blog\/wp-content\/uploads\/2024\/12\/polka-scienna-bergen-156-cm-modrzew-sibiu-zloty-xlargea.jpg 900w\" data-sizes=\"(max-width: 667px) 100vw, 667px\" src=\"data:image\/svg+xml;base64,PHN2ZyB3aWR0aD0iMSIgaGVpZ2h0PSIxIiB4bWxucz0iaHR0cDovL3d3dy53My5vcmcvMjAwMC9zdmciPjwvc3ZnPg==\" style=\"--smush-placeholder-width: 667px; --smush-placeholder-aspect-ratio: 667\/800;\" \/><\/a><figcaption id=\"caption-attachment-38292\" class=\"wp-caption-text\"><a href=\"https:\/\/www.brw.pl\/polka-scienna-bergen-156-cm-modrzew-sibiu-zloty,20093\" target=\"_blank\" rel=\"noopener noreferrer\"><span style=\"font-weight: 400;\">P\u00f3\u0142ka \u015bcienna Bergen<\/span><\/a><\/figcaption><\/figure>\n<\/div>\n<h3>P\u00f3\u0142ki w stylu loftowym i industrialnym<\/h3>\n<p>Marzysz o nowoczesnym wn\u0119trzu z charakterem? <a href=\"https:\/\/www.brw.pl\/meble\/przechowywanie\/polki\/styl-loftowy-industrialny\/\" target=\"_blank\" rel=\"noopener\">P\u00f3\u0142ki w stylu loftowym i industrialnym<\/a> z ca\u0142\u0105 pewno\u015bci\u0105 przypadn\u0105 Ci do gustu. Designerskie konstrukcje wykonane z surowego metalu i naturalnego drewna idealnie wpisuj\u0105 si\u0119 w przemys\u0142owe aran\u017cacje, ale nie tylko. B\u0119d\u0105 tak\u017ce modnym uzupe\u0142nieniem aran\u017cacji w duchu loft glam czy loft vintage.<\/p>\n<p>Wyobra\u017a sobie p\u00f3\u0142k\u0119 z solidnymi metalowymi wspornikami i desk\u0105 z wyra\u017anym rysunkiem us\u0142ojenia \u2013 takie detale wprowadzaj\u0105 do wn\u0119trza nut\u0119 surowo\u015bci, kt\u00f3ra idealnie wsp\u00f3\u0142gra z betonem architektonicznym, ceg\u0142\u0105 na \u015bcianie lub czarnymi dodatkami. Z kolei lekkie a\u017curowe p\u00f3\u0142ki z metalu \u015bwietnie wygl\u0105daj\u0105 zar\u00f3wno solo, jak i w wi\u0119kszych kompozycjach.<\/p>\n<p>Du\u017c\u0105 zalet\u0105 p\u00f3\u0142ek loftowych jest ich trwa\u0142o\u015b\u0107 \u2013 projektowane s\u0105 z my\u015bl\u0105 o wytrzyma\u0142o\u015bci, wi\u0119c bez problemu pomieszcz\u0105 zar\u00f3wno ci\u0119\u017ckie tomy, jak i dodatkowe dekoracje. Mo\u017cesz je \u0142\u0105czy\u0107 z innymi industrialnymi elementami, takimi jak lampy z \u017car\u00f3wkami Edisona, stalowe rega\u0142y czy sto\u0142y z metalowymi nogami. W ten spos\u00f3b stworzysz sp\u00f3jn\u0105, mi\u0142\u0105 dla oka przestrze\u0144.<\/p>\n<div style=\"display: flex; align-items: center; justify-content: center; text-align: center;\">\n<figure id=\"attachment_38293\" aria-describedby=\"caption-attachment-38293\" style=\"width: 301px\" class=\"wp-caption aligncenter\"><a href=\"https:\/\/www.brw.pl\/polka-na-sciane-loft-drewno-paulownia-50-x-29-x-15-cm,53672\" target=\"_blank\" rel=\"noopener noreferrer\"><img decoding=\"async\" class=\"wp-image-38293 lazyload\" data-src=\"https:\/\/www.brw.pl\/blog\/wp-content\/uploads\/2024\/12\/polka-na-sciane-loft-drewno-paulownia-50-x-29-x-15-cm-slargea.jpg\" alt=\"P\u00f3\u0142ka na \u015bcian\u0119 Loft \" width=\"301\" height=\"301\" data-srcset=\"https:\/\/www.brw.pl\/blog\/wp-content\/uploads\/2024\/12\/polka-na-sciane-loft-drewno-paulownia-50-x-29-x-15-cm-slargea.jpg 600w, https:\/\/www.brw.pl\/blog\/wp-content\/uploads\/2024\/12\/polka-na-sciane-loft-drewno-paulownia-50-x-29-x-15-cm-slargea-150x150.jpg 150w, https:\/\/www.brw.pl\/blog\/wp-content\/uploads\/2024\/12\/polka-na-sciane-loft-drewno-paulownia-50-x-29-x-15-cm-slargea-165x165.jpg 165w, https:\/\/www.brw.pl\/blog\/wp-content\/uploads\/2024\/12\/polka-na-sciane-loft-drewno-paulownia-50-x-29-x-15-cm-slargea-120x120.jpg 120w\" data-sizes=\"(max-width: 301px) 100vw, 301px\" src=\"data:image\/svg+xml;base64,PHN2ZyB3aWR0aD0iMSIgaGVpZ2h0PSIxIiB4bWxucz0iaHR0cDovL3d3dy53My5vcmcvMjAwMC9zdmciPjwvc3ZnPg==\" style=\"--smush-placeholder-width: 301px; --smush-placeholder-aspect-ratio: 301\/301;\" \/><\/a><figcaption id=\"caption-attachment-38293\" class=\"wp-caption-text\"><a href=\"https:\/\/www.brw.pl\/polka-na-sciane-loft-drewno-paulownia-50-x-29-x-15-cm,53672\" target=\"_blank\" rel=\"noopener noreferrer\"><span style=\"font-weight: 400;\">P\u00f3\u0142ka na \u015bcian\u0119 Loft <\/span><\/a><\/figcaption><\/figure>\n<figure id=\"attachment_38294\" aria-describedby=\"caption-attachment-38294\" style=\"width: 400px\" class=\"wp-caption aligncenter\"><a href=\"https:\/\/www.brw.pl\/polka-scienna-belfast-76-cm-czarna,49158\" target=\"_blank\" rel=\"noopener noreferrer\"><img decoding=\"async\" class=\"wp-image-38294 lazyload\" data-src=\"https:\/\/www.brw.pl\/blog\/wp-content\/uploads\/2024\/12\/polka-scienna-belfast-76-cm-czarna-slargea.jpg\" alt=\"P\u00f3\u0142ka \u015bcienna Belfast\" width=\"400\" height=\"301\" data-srcset=\"https:\/\/www.brw.pl\/blog\/wp-content\/uploads\/2024\/12\/polka-scienna-belfast-76-cm-czarna-slargea.jpg 798w, https:\/\/www.brw.pl\/blog\/wp-content\/uploads\/2024\/12\/polka-scienna-belfast-76-cm-czarna-slargea-768x577.jpg 768w\" data-sizes=\"(max-width: 400px) 100vw, 400px\" src=\"data:image\/svg+xml;base64,PHN2ZyB3aWR0aD0iMSIgaGVpZ2h0PSIxIiB4bWxucz0iaHR0cDovL3d3dy53My5vcmcvMjAwMC9zdmciPjwvc3ZnPg==\" style=\"--smush-placeholder-width: 400px; --smush-placeholder-aspect-ratio: 400\/301;\" \/><\/a><figcaption id=\"caption-attachment-38294\" class=\"wp-caption-text\"><a href=\"https:\/\/www.brw.pl\/polka-scienna-belfast-76-cm-czarna,49158\" target=\"_blank\" rel=\"noopener noreferrer\"><span style=\"font-weight: 400;\">P\u00f3\u0142ka \u015bcienna Belfast <\/span><\/a><\/figcaption><\/figure>\n<figure id=\"attachment_38295\" aria-describedby=\"caption-attachment-38295\" style=\"width: 400px\" class=\"wp-caption aligncenter\"><a href=\"https:\/\/www.brw.pl\/polka-scienna-seaford-77-cm-dab,49387\" target=\"_blank\" rel=\"noopener noreferrer\"><img decoding=\"async\" class=\"wp-image-38295 lazyload\" data-src=\"https:\/\/www.brw.pl\/blog\/wp-content\/uploads\/2024\/12\/polka-scienna-seaford-77-cm-dab-slargea.jpg\" alt=\"P\u00f3\u0142ka \u015bcienna Seaford\" width=\"400\" height=\"301\" data-srcset=\"https:\/\/www.brw.pl\/blog\/wp-content\/uploads\/2024\/12\/polka-scienna-seaford-77-cm-dab-slargea.jpg 798w, https:\/\/www.brw.pl\/blog\/wp-content\/uploads\/2024\/12\/polka-scienna-seaford-77-cm-dab-slargea-768x577.jpg 768w\" data-sizes=\"(max-width: 400px) 100vw, 400px\" src=\"data:image\/svg+xml;base64,PHN2ZyB3aWR0aD0iMSIgaGVpZ2h0PSIxIiB4bWxucz0iaHR0cDovL3d3dy53My5vcmcvMjAwMC9zdmciPjwvc3ZnPg==\" style=\"--smush-placeholder-width: 400px; --smush-placeholder-aspect-ratio: 400\/301;\" \/><\/a><figcaption id=\"caption-attachment-38295\" class=\"wp-caption-text\"><a href=\"https:\/\/www.brw.pl\/polka-scienna-seaford-77-cm-dab,49387\" target=\"_blank\" rel=\"noopener noreferrer\"><span style=\"font-weight: 400;\">P\u00f3\u0142ka \u015bcienna Seaford <\/span><\/a><\/figcaption><\/figure>\n<\/div>\n<h3>P\u00f3\u0142ki designerskie i nietypowe kszta\u0142ty<\/h3>\n<p>Niekt\u00f3re projekty p\u00f3\u0142ek zaskakuj\u0105 niecodziennym kszta\u0142tem. Najciekawsze i zarazem najbardziej nietypowe propozycje to m.in. p\u00f3\u0142ki umieszczone na spirali, uk\u0142adaj\u0105ce si\u0119 w gwiazd\u0119 czy tworz\u0105ce sie\u0107 asymetrycznych okienek.<\/p>\n<p>Nies\u0142abn\u0105c\u0105 popularno\u015bci\u0105 ciesz\u0105 si\u0119 r\u00f3wnie\u017c nieco mniej ekstrawaganckie, ale nadal atrakcyjne <strong>p\u00f3\u0142ki-domki w stylu skandynawskim<\/strong>, kt\u00f3re umo\u017cliwiaj\u0105 przechowywanie ksi\u0105\u017cek o ma\u0142ej wadze. Z powodzeniem wyeksponujesz na nich ulubione bajki Twojego malucha.<\/p>\n<div style=\"display: flex; align-items: center; justify-content: center; text-align: center;\">\n<figure id=\"attachment_9482\" aria-describedby=\"caption-attachment-9482\" style=\"width: 567px\" class=\"wp-caption aligncenter\"><img decoding=\"async\" class=\"wp-image-9482 size-full lazyload\" data-src=\"https:\/\/www.brw.pl\/blog\/wp-content\/uploads\/2016\/04\/P\u00f3\u0142ka-metalowa.png\" alt=\"P\u00f3\u0142ka metalowa \u2013 lekka i nieprzyt\u0142aczaj\u0105ca niedu\u017cej przestrzeni\" width=\"567\" height=\"516\" src=\"data:image\/svg+xml;base64,PHN2ZyB3aWR0aD0iMSIgaGVpZ2h0PSIxIiB4bWxucz0iaHR0cDovL3d3dy53My5vcmcvMjAwMC9zdmciPjwvc3ZnPg==\" style=\"--smush-placeholder-width: 567px; --smush-placeholder-aspect-ratio: 567\/516;\" \/><figcaption id=\"caption-attachment-9482\" class=\"wp-caption-text\"><a href=\"https:\/\/www.brw.pl\/polka-metalowa,22355\" target=\"_blank\" rel=\"noopener noreferrer\"><span style=\"font-weight: 400;\">P\u00f3\u0142ka metalowa domek<\/span><\/a> &#8211; <a href=\"https:\/\/www.brw.pl\/polka-metalowa,22354\" target=\"_blank\" rel=\"noopener noreferrer\"><span style=\"font-weight: 400;\">P\u00f3\u0142ka metalowa <\/span><\/a><\/figcaption><\/figure>\n<\/div>\n<p>W aran\u017cacjach scandi boho \u015bwietnym pomys\u0142em na domow\u0105 biblioteczk\u0119 b\u0119dzie <strong>rega\u0142 na ksi\u0105\u017cki z\u0142o\u017cony z heksagonalnych p\u00f3\u0142ek<\/strong>. Mebel tego rodzaju mo\u017cesz zrobi\u0107 w\u0142asnor\u0119cznie \u2013 wystarczy, \u017ce zakupisz odpowiedni\u0105 liczb\u0119 p\u00f3\u0142ek i zmontujesz z nich wybrany uk\u0142ad. Rega\u0142 w kszta\u0142cie plastra miodu to wyj\u0105tkowa dekoracja \u015bciany!<\/p>\n<p>Szukasz oryginalnych, przyci\u0105gaj\u0105cych wzrok propozycji? Twoj\u0105 uwag\u0119 mog\u0105 zwr\u00f3ci\u0107 p\u00f3\u0142ki uko\u015bne o geometrycznej konstrukcji, dzi\u0119ki kt\u00f3rej sprawiaj\u0105 wra\u017cenie pochylonych. R\u00f3wnie interesuj\u0105c\u0105 opcj\u0105 s\u0105 tzw. lewituj\u0105ce p\u00f3\u0142ki, kt\u00f3re pod stosem ksi\u0105\u017cek staj\u0105 si\u0119 niemal niewidoczne. Takie projekty wspaniale sprawdz\u0105 si\u0119 w minimalistycznych domach.<\/p>\n<h2><strong>Podsumowanie<\/strong><\/h2>\n<p>Zainspiruj si\u0119 naszymi pomys\u0142ami! Dopasuj p\u00f3\u0142ki do swoich potrzeb i aran\u017cacji wn\u0119trza. W ko\u0144cu biblioteczka to nie tylko praktyczny element wyposa\u017cenia, ale tak\u017ce wizyt\u00f3wka Twojego domu. Pora stworzy\u0107 przestrze\u0144, kt\u00f3ra b\u0119dzie tak wyj\u0105tkowa, jak historie ukryte w ksi\u0105\u017ckach. Do dzie\u0142a!<\/p>\n<p style=\"text-align: center;\"><strong>Jeszcze wi\u0119cej inspiracji znajdziesz w <a href=\"https:\/\/www.brw.pl\/\" target=\"_blank\" rel=\"noopener\">sklepie internetowym Black Red White<\/a>.\u00a0<\/strong><\/p>\n","protected":false},"excerpt":{"rendered":"<p>Twoja kolekcja ksi\u0105\u017cek ro\u015bnie, a Ty zastanawiasz si\u0119, jak najlepiej je przechowywa\u0107? Ksi\u0105\u017cki to nie tylko ulubione historie, ale tak\u017ce wyj\u0105tkowa dekoracja wn\u0119trza. W artykule podpowiadamy, jak wybra\u0107 p\u00f3\u0142ki, kt\u00f3re pomog\u0105 Ci uporz\u0105dkowa\u0107 biblioteczk\u0119 i jednocze\u015bnie wprowadz\u0105 do aran\u017cacji modny akcent. Zaczynamy!<\/p>\n","protected":false},"author":21,"featured_media":36226,"comment_status":"closed","ping_status":"open","sticky":false,"template":"","format":"standard","meta":{"footnotes":""},"categories":[39,574],"tags":[],"aioseo_notices":[],"_links":{"self":[{"href":"https:\/\/www.brw.pl\/blog\/wp-json\/wp\/v2\/posts\/38288"}],"collection":[{"href":"https:\/\/www.brw.pl\/blog\/wp-json\/wp\/v2\/posts"}],"about":[{"href":"https:\/\/www.brw.pl\/blog\/wp-json\/wp\/v2\/types\/post"}],"author":[{"embeddable":true,"href":"https:\/\/www.brw.pl\/blog\/wp-json\/wp\/v2\/users\/21"}],"replies":[{"embeddable":true,"href":"https:\/\/www.brw.pl\/blog\/wp-json\/wp\/v2\/comments?post=38288"}],"version-history":[{"count":1,"href":"https:\/\/www.brw.pl\/blog\/wp-json\/wp\/v2\/posts\/38288\/revisions"}],"predecessor-version":[{"id":38296,"href":"https:\/\/www.brw.pl\/blog\/wp-json\/wp\/v2\/posts\/38288\/revisions\/38296"}],"wp:featuredmedia":[{"embeddable":true,"href":"https:\/\/www.brw.pl\/blog\/wp-json\/wp\/v2\/media\/36226"}],"wp:attachment":[{"href":"https:\/\/www.brw.pl\/blog\/wp-json\/wp\/v2\/media?parent=38288"}],"wp:term":[{"taxonomy":"category","embeddable":true,"href":"https:\/\/www.brw.pl\/blog\/wp-json\/wp\/v2\/categories?post=38288"},{"taxonomy":"post_tag","embeddable":true,"href":"https:\/\/www.brw.pl\/blog\/wp-json\/wp\/v2\/tags?post=38288"}],"curies":[{"name":"wp","href":"https:\/\/api.w.org\/{rel}","templated":true}]}}