{"id":38331,"date":"2025-01-07T11:03:34","date_gmt":"2025-01-07T10:03:34","guid":{"rendered":"https:\/\/www.brw.pl\/blog\/?p=38331"},"modified":"2025-01-07T11:04:06","modified_gmt":"2025-01-07T10:04:06","slug":"regal-na-ksiazki-na-cala-sciane-czy-kompaktowy-model-co-wybrac","status":"publish","type":"post","link":"https:\/\/www.brw.pl\/blog\/regal-na-ksiazki-na-cala-sciane-czy-kompaktowy-model-co-wybrac\/","title":{"rendered":"Rega\u0142 na ksi\u0105\u017cki na ca\u0142\u0105 \u015bcian\u0119 czy kompaktowy model \u2013 co wybra\u0107?"},"content":{"rendered":"<p><strong>Planujesz aran\u017cacj\u0119 domowej biblioteki? W uporz\u0105dkowaniu i wyeksponowaniu ulubionych pozycji literackich pomo\u017ce Ci solidny rega\u0142. W\u015br\u00f3d polecanych rozwi\u0105za\u0144 znajdziesz nie tylko meble na ca\u0142\u0105 \u015bcian\u0119, ale i bardziej kompaktowe modele w najmodniejszych stylach. Jak wybra\u0107 odpowiedni rega\u0142 na ksi\u0105\u017cki? Sprawd\u017a!\u00a0<\/strong><!--more--><\/p>\n<p style=\"text-align: center;\"><img decoding=\"async\" class=\"aligncenter wp-image-37672 size-medium lazyload\" data-src=\"https:\/\/www.brw.pl\/blog\/wp-content\/uploads\/2021\/03\/S442-TETRIX_pokoj_dzienny_BIP_THK-085811_Ar1_1-800x488.jpg\" alt=\"Rega\u0142 na ksi\u0105\u017cki na ca\u0142\u0105 \u015bcian\u0119 czy kompaktowy model \u2013 co wybra\u0107?\" width=\"800\" height=\"488\" data-srcset=\"https:\/\/www.brw.pl\/blog\/wp-content\/uploads\/2021\/03\/S442-TETRIX_pokoj_dzienny_BIP_THK-085811_Ar1_1-800x488.jpg 800w, https:\/\/www.brw.pl\/blog\/wp-content\/uploads\/2021\/03\/S442-TETRIX_pokoj_dzienny_BIP_THK-085811_Ar1_1-768x468.jpg 768w, https:\/\/www.brw.pl\/blog\/wp-content\/uploads\/2021\/03\/S442-TETRIX_pokoj_dzienny_BIP_THK-085811_Ar1_1-1536x937.jpg 1536w, https:\/\/www.brw.pl\/blog\/wp-content\/uploads\/2021\/03\/S442-TETRIX_pokoj_dzienny_BIP_THK-085811_Ar1_1.jpg 1746w\" data-sizes=\"(max-width: 800px) 100vw, 800px\" src=\"data:image\/svg+xml;base64,PHN2ZyB3aWR0aD0iMSIgaGVpZ2h0PSIxIiB4bWxucz0iaHR0cDovL3d3dy53My5vcmcvMjAwMC9zdmciPjwvc3ZnPg==\" style=\"--smush-placeholder-width: 800px; --smush-placeholder-aspect-ratio: 800\/488;\" \/><\/p>\n<h2><strong>Nie tylko mebel \u2013 rega\u0142 jako serce Twojej biblioteki<\/strong><\/h2>\n<p>Czytanie to Twoja pasja, z zapartym tchem \u015bledzisz nowo\u015bci wydawnicze, a tradycyjne ksi\u0105\u017cki cenisz bardziej ni\u017c e-booki? Je\u015bli nale\u017cysz do grona zapalonych &#8222;ksi\u0105\u017ckar&#8221; lub &#8222;ksi\u0105\u017ckarzy&#8221;, aran\u017cacja domowej biblioteczki b\u0119dzie doskona\u0142ym pomys\u0142em.<\/p>\n<p>Zapomnij o stosach opas\u0142ych tom\u00f3w pi\u0119trz\u0105cych si\u0119 na parapetach, blatach kom\u00f3d czy w ka\u017cdym wolnym k\u0105cie. <strong>Pojemny i praktyczny<\/strong>\u00a0<strong>rega\u0142 nie tylko uporz\u0105dkuje przestrze\u0144, ale te\u017c zapewni odpowiednio du\u017co miejsca dla stale powi\u0119kszaj\u0105cego si\u0119 ksi\u0119gozbioru<\/strong>. W zale\u017cno\u015bci od uk\u0142adu i metra\u017cu pomieszczenia, kt\u00f3rym dysponujesz, mebel mo\u017ce zaj\u0105\u0107 ca\u0142\u0105 \u015bcian\u0119 \u2013 si\u0119gaj\u0105c nawet od sufitu do pod\u0142ogi \u2013 lub jedynie jej fragment. Wyb\u00f3r rega\u0142u jest \u015bci\u015ble powi\u0105zany z mo\u017cliwo\u015bciami aran\u017cacyjnymi, jakie daje Twoje mieszkanie. Jednak nie bez znaczenia pozostaje sam pomys\u0142 na aran\u017cacj\u0119.<\/p>\n<p><a href=\"https:\/\/www.brw.pl\/meble\/przechowywanie\/regaly\/\" target=\"_blank\" rel=\"noopener\">Rega\u0142<\/a> znakomicie wpisze si\u0119 w estetyk\u0119 salonu, domowego biura, pokoju m\u0142odzie\u017cowego czy dzieci\u0119cego. Niew\u0105tpliwie jest to jeden z tych element\u00f3w wyposa\u017cenia, kt\u00f3re docenia si\u0119 za wszechstronno\u015b\u0107, funkcjonalno\u015b\u0107, estetyczny wygl\u0105d. Ksi\u0105\u017cki przechowywane na p\u00f3\u0142kach i u\u0142o\u017cone wed\u0142ug klucza podkre\u015bl\u0105 Twoje zami\u0142owanie do literatury, zrobi\u0105 wra\u017cenie na go\u015bciach, wzbogac\u0105 wystr\u00f3j urz\u0105dzanego pokoju. Dzi\u0119ki nim dom stanie si\u0119 przytulny.<\/p>\n<h2><strong>Poka\u017ana biblioteczka: rega\u0142 od pod\u0142ogi do sufitu<\/strong><\/h2>\n<div style=\"display: flex; align-items: center; justify-content: center; text-align: center;\">\n<figure id=\"attachment_19629\" aria-describedby=\"caption-attachment-19629\" style=\"width: 800px\" class=\"wp-caption aligncenter\"><a href=\"https:\/\/www.brw.pl\/inspiracje\/produkty\/?a=5072,brw-office\" target=\"_blank\" rel=\"noopener noreferrer\"><img decoding=\"async\" class=\"wp-image-19629 size-medium lazyload\" data-src=\"https:\/\/www.brw.pl\/blog\/wp-content\/uploads\/2021\/08\/Kolekcja-BRW-Office-800x540.png\" alt=\"Kolekcja BRW Office\" width=\"800\" height=\"540\" data-srcset=\"https:\/\/www.brw.pl\/blog\/wp-content\/uploads\/2021\/08\/Kolekcja-BRW-Office-800x540.png 800w, https:\/\/www.brw.pl\/blog\/wp-content\/uploads\/2021\/08\/Kolekcja-BRW-Office-768x518.png 768w, https:\/\/www.brw.pl\/blog\/wp-content\/uploads\/2021\/08\/Kolekcja-BRW-Office-1536x1037.png 1536w, https:\/\/www.brw.pl\/blog\/wp-content\/uploads\/2021\/08\/Kolekcja-BRW-Office.png 1600w\" data-sizes=\"(max-width: 800px) 100vw, 800px\" src=\"data:image\/svg+xml;base64,PHN2ZyB3aWR0aD0iMSIgaGVpZ2h0PSIxIiB4bWxucz0iaHR0cDovL3d3dy53My5vcmcvMjAwMC9zdmciPjwvc3ZnPg==\" style=\"--smush-placeholder-width: 800px; --smush-placeholder-aspect-ratio: 800\/540;\" \/><\/a><figcaption id=\"caption-attachment-19629\" class=\"wp-caption-text\"><b> Rega\u0142y z kolekcji <\/b><a href=\"https:\/\/www.brw.pl\/inspiracje\/produkty\/?a=5072,brw-office\" target=\"_blank\" rel=\"noopener noreferrer\"><span style=\"font-weight: 400;\">BRW OFFICE<\/span><\/a><\/figcaption><\/figure>\n<\/div>\n<p>Wielkoformatowy rega\u0142 na ksi\u0105\u017cki najlepiej wpasuje si\u0119 w reprezentacyjny salon lub gabinet \u2013 to w\u0142a\u015bnie w takich pomieszczeniach w pe\u0142ni uwidoczni si\u0119 jego elegancki charakter. Biblioteczka sporych rozmiar\u00f3w to r\u00f3wnie\u017c oryginalna propozycja do sypialni urz\u0105dzonej z k\u0105cikiem do czytania. Intymna atmosfera wn\u0119trza sprzyja zatopieniu si\u0119 w lekturze.<\/p>\n<p>\u015aciana zape\u0142niona ksi\u0105\u017ckami mo\u017ce by\u0107 wspania\u0142\u0105 dekoracj\u0105 przej\u015b\u0107 mi\u0119dzy pokojami \u2013 w projektach tego rodzaju rega\u0142y zazwyczaj &#8222;okalaj\u0105&#8221; otw\u00f3r drzwiowy, co tworzy interesuj\u0105cy efekt wizualny i dodaje aran\u017cacji sznytu.<\/p>\n<p>Alternatyw\u0105 dla tradycyjnych bibliotek b\u0119dzie rega\u0142 umieszczony w&#8230; przedpokoju. To dobre rozwi\u0105zanie, je\u015bli dysponujesz przestronnym korytarzem, w kt\u00f3rym da si\u0119 wydzieli\u0107 miejsce na ksi\u0105\u017cki. Poniewa\u017c przedpok\u00f3j to wn\u0119trze, w kt\u00f3rym \u0142atwo o zabrudzenia, pami\u0119taj o odpowiednim zabezpieczeniu wolumin\u00f3w i umieszczeniu ich np. za szklanym panelem.<\/p>\n<h3>O czym pami\u0119ta\u0107, wybieraj\u0105c du\u017cy rega\u0142 na ksi\u0105\u017cki?<\/h3>\n<p><strong>Rega\u0142, kt\u00f3ry zajmuje du\u017c\u0105 powierzchni\u0119, si\u0142\u0105 rzeczy staje si\u0119 g\u0142\u00f3wnym i zarazem najmocniejszym akcentem w aran\u017cacji<\/strong>. Wa\u017cne, aby wykonany by\u0142 z dba\u0142o\u015bci\u0105 o detale oraz aby jego design korespondowa\u0142 z przyj\u0119tym stylem wn\u0119trza. Meble zaprojektowane zgodnie z klasycznym wzornictwem nigdy nie wychodz\u0105 z mody \u2013 s\u0105 ozdob\u0105 na lata.<\/p>\n<p><strong>Poka\u017ana biblioteczka sk\u0142ada si\u0119 na og\u00f3\u0142 z praktycznych rega\u0142\u00f3w na ksi\u0105\u017cki wyposa\u017conych w p\u00f3\u0142ki o du\u017cej no\u015bno\u015bci<\/strong>. Taki mebel, w przeciwie\u0144stwie do kompaktowych opcji, pomie\u015bci najbardziej masywne pozycje ksi\u0105\u017ckowe, w tym encyklopedie, s\u0142owniki, albumy, podr\u0119czniki. Je\u015bli wi\u0119c Twoje zbiory obejmuj\u0105 g\u0142\u00f3wnie wielotomowe, ci\u0119\u017ckie wydania, aran\u017cacja rega\u0142u od pod\u0142ogi do sufitu b\u0119dzie w\u0142a\u015bciwym posuni\u0119ciem. Jest jednak jeden warunek: rega\u0142 biblioteczny musi by\u0107 solidny, warto wybra\u0107 mebel drewniany, z litego drewna lub sklejki.<\/p>\n<p>Wysok\u0105 konstrukcj\u0119 mo\u017cesz zam\u00f3wi\u0107 u stolarza albo zmontowa\u0107 j\u0105 z gotowych modu\u0142\u00f3w. Nie musisz ogranicza\u0107 si\u0119 te\u017c do otwartych p\u00f3\u0142ek \u2013 nic nie stoi na przeszkodzie, by cz\u0119\u015b\u0107 rega\u0142u pozosta\u0142a zamkni\u0119ta. Ksi\u0105\u017cki czy dokumenty przes\u0142oni\u0119te drzwiami (pe\u0142nymi lub przeszklonymi) nie b\u0119d\u0105 si\u0119 kurzy\u0107.<\/p>\n<h2><strong>Kompaktowy rega\u0142 \u2013 idealny do mniejszych przestrzeni<\/strong><\/h2>\n<div style=\"display: flex; align-items: center; justify-content: center; text-align: center;\">\n<figure id=\"attachment_38332\" aria-describedby=\"caption-attachment-38332\" style=\"width: 800px\" class=\"wp-caption aligncenter\"><a href=\"https:\/\/www.brw.pl\/regal-seville-90-cm-z-4-polkami-czarno-zloty,46187\" target=\"_blank\" rel=\"noopener noreferrer\"><img decoding=\"async\" class=\"wp-image-38332 size-medium lazyload\" data-src=\"https:\/\/www.brw.pl\/blog\/wp-content\/uploads\/2025\/01\/regal-seville-90-cm-z-4-polkami-czarno-zloty-xlargea-800x564.jpg\" alt=\"Rega\u0142 Seville\" width=\"800\" height=\"564\" data-srcset=\"https:\/\/www.brw.pl\/blog\/wp-content\/uploads\/2025\/01\/regal-seville-90-cm-z-4-polkami-czarno-zloty-xlargea-800x564.jpg 800w, https:\/\/www.brw.pl\/blog\/wp-content\/uploads\/2025\/01\/regal-seville-90-cm-z-4-polkami-czarno-zloty-xlargea-768x541.jpg 768w, https:\/\/www.brw.pl\/blog\/wp-content\/uploads\/2025\/01\/regal-seville-90-cm-z-4-polkami-czarno-zloty-xlargea.jpg 1450w\" data-sizes=\"(max-width: 800px) 100vw, 800px\" src=\"data:image\/svg+xml;base64,PHN2ZyB3aWR0aD0iMSIgaGVpZ2h0PSIxIiB4bWxucz0iaHR0cDovL3d3dy53My5vcmcvMjAwMC9zdmciPjwvc3ZnPg==\" style=\"--smush-placeholder-width: 800px; --smush-placeholder-aspect-ratio: 800\/564;\" \/><\/a><figcaption id=\"caption-attachment-38332\" class=\"wp-caption-text\"><a href=\"https:\/\/www.brw.pl\/regal-seville-90-cm-z-4-polkami-czarno-zloty,46187\" target=\"_blank\" rel=\"noopener noreferrer\"><span style=\"font-weight: 400;\">Rega\u0142 Seville<\/span><\/a><\/figcaption><\/figure>\n<\/div>\n<p>Podczas gdy pot\u0119\u017cne biblioteczki sprawdzaj\u0105 si\u0119 przede wszystkim w przestronnych mieszkaniach, apartamentach lub domach, <strong>kompaktowe rega\u0142y s\u0105 \u015bwietnym rozwi\u0105zaniem do niewielkich mieszka\u0144<\/strong>. Zdaj\u0105 egzamin wsz\u0119dzie tam, gdzie nie ma potrzeby magazynowania du\u017cej liczby publikacji. Ma\u0142e rega\u0142y maj\u0105 wiele zalet \u2013 nadaj\u0105 si\u0119 do ka\u017cdej przestrzeni, \u0142atwo wkomponowa\u0107 je w dowoln\u0105 aran\u017cacj\u0119, przestawia\u0107 z miejsca na miejsce czy zestawia\u0107 ze sob\u0105. Je\u015bli s\u0105 odpowiednio dobrane, mog\u0105 zdobi\u0107 pomieszczenie nie mniej okazale ni\u017c du\u017ce biblioteki.<\/p>\n<p>Niedu\u017ce rega\u0142y daj\u0105 olbrzymie pole do popisu, je\u015bli chodzi o eksperymentowanie z ich form\u0105 i wyko\u0144czeniem. Do wyboru masz modne rega\u0142y a\u017curowe, schodkowe, asymetryczne lub typu drabinka. Mo\u017cesz zdecydowa\u0107 si\u0119 r\u00f3wnie\u017c na bardziej ekstrawaganckie konstrukcje, np. w kszta\u0142cie ko\u0142a. Wolisz klasyczny design? W ofercie Black Red White nie brakuje tradycyjnych rega\u0142\u00f3w, kt\u00f3re odnajd\u0105 si\u0119 w ka\u017cdej koncepcji aran\u017cacyjnej. U nas znajdziesz te\u017c rega\u0142y w stylu loftowym, nowoczesnym, skandynawskim czy retro.<\/p>\n<h3>Rega\u0142 na ksi\u0105\u017cki loftowy<\/h3>\n<div style=\"display: flex; align-items: center; justify-content: center; text-align: center;\">\n<figure id=\"attachment_36098\" aria-describedby=\"caption-attachment-36098\" style=\"width: 800px\" class=\"wp-caption aligncenter\"><a href=\"https:\/\/www.brw.pl\/regal-angus-172-cm-z-szafka-i-polkami-dab-bielony-czarny,49144\" target=\"_blank\" rel=\"noopener noreferrer\"><img decoding=\"async\" class=\"wp-image-36098 size-medium lazyload\" data-src=\"https:\/\/www.brw.pl\/blog\/wp-content\/uploads\/2024\/05\/EUM-SO3-NANOS-3-GC-COCO_83_Ar2-1-800x533.jpg\" alt=\"Rega\u0142 Angus\" width=\"800\" height=\"533\" data-srcset=\"https:\/\/www.brw.pl\/blog\/wp-content\/uploads\/2024\/05\/EUM-SO3-NANOS-3-GC-COCO_83_Ar2-1-800x533.jpg 800w, https:\/\/www.brw.pl\/blog\/wp-content\/uploads\/2024\/05\/EUM-SO3-NANOS-3-GC-COCO_83_Ar2-1-768x512.jpg 768w, https:\/\/www.brw.pl\/blog\/wp-content\/uploads\/2024\/05\/EUM-SO3-NANOS-3-GC-COCO_83_Ar2-1-1536x1024.jpg 1536w, https:\/\/www.brw.pl\/blog\/wp-content\/uploads\/2024\/05\/EUM-SO3-NANOS-3-GC-COCO_83_Ar2-1.jpg 1617w\" data-sizes=\"(max-width: 800px) 100vw, 800px\" src=\"data:image\/svg+xml;base64,PHN2ZyB3aWR0aD0iMSIgaGVpZ2h0PSIxIiB4bWxucz0iaHR0cDovL3d3dy53My5vcmcvMjAwMC9zdmciPjwvc3ZnPg==\" style=\"--smush-placeholder-width: 800px; --smush-placeholder-aspect-ratio: 800\/533;\" \/><\/a><figcaption id=\"caption-attachment-36098\" class=\"wp-caption-text\"><a href=\"https:\/\/www.brw.pl\/regal-angus-172-cm-z-szafka-i-polkami-dab-bielony-czarny,49144\" target=\"_blank\" rel=\"noopener noreferrer\"><span style=\"font-weight: 400;\">Rega\u0142 Angus<\/span><\/a><\/figcaption><\/figure>\n<\/div>\n<p>Wybieraj\u0105c rega\u0142 na ksi\u0105\u017cki, zwr\u00f3\u0107 uwag\u0119 na modele w stylu industrialnym i loftowym. Dlaczego? Wyr\u00f3\u017cniaj\u0105 si\u0119 lekk\u0105, ale solidn\u0105 budow\u0105, prostym designem i du\u017c\u0105 funkcjonalno\u015bci\u0105. Zazwyczaj pozbawione s\u0105 plec\u00f3w meblowych, dzi\u0119ki czemu zyskuj\u0105 subtelny wygl\u0105d i mog\u0105 by\u0107 u\u017cywane dwustronnie. Wykonane z drewna i metalu dodaj\u0105 wn\u0119trzom surowo\u015bci. To doskona\u0142a propozycja do niewielkich pokoj\u00f3w dziennych urz\u0105dzonych z przemys\u0142owym zaci\u0119ciem, ale nie tylko. <a href=\"https:\/\/www.brw.pl\/meble\/przechowywanie\/regaly\/styl-loftowy-industrialny\/\" target=\"_blank\" rel=\"noopener\">Rega\u0142y loftowe<\/a> odnajd\u0105 si\u0119 r\u00f3wnie\u017c w przestrzeniach nowoczesnych czy eklektycznych.<\/p>\n<div style=\"display: flex; align-items: center; justify-content: center; text-align: center;\">\n<figure id=\"attachment_38334\" aria-describedby=\"caption-attachment-38334\" style=\"width: 350px\" class=\"wp-caption aligncenter\"><a href=\"https:\/\/www.brw.pl\/regal-seaford-135-cm-z-polkami-dab-czarny,49372\" target=\"_blank\" rel=\"noopener noreferrer\"><img decoding=\"async\" class=\"wp-image-38334 lazyload\" data-src=\"https:\/\/www.brw.pl\/blog\/wp-content\/uploads\/2025\/01\/regal-seaford-135-cm-z-polkami-dab-czarny-slargea.jpg\" alt=\"Rega\u0142 Seaford\" width=\"350\" height=\"479\" src=\"data:image\/svg+xml;base64,PHN2ZyB3aWR0aD0iMSIgaGVpZ2h0PSIxIiB4bWxucz0iaHR0cDovL3d3dy53My5vcmcvMjAwMC9zdmciPjwvc3ZnPg==\" style=\"--smush-placeholder-width: 350px; --smush-placeholder-aspect-ratio: 350\/479;\" \/><\/a><figcaption id=\"caption-attachment-38334\" class=\"wp-caption-text\"><a href=\"https:\/\/www.brw.pl\/regal-seaford-135-cm-z-polkami-dab-czarny,49372\" target=\"_blank\" rel=\"noopener noreferrer\"><span style=\"font-weight: 400;\">Rega\u0142 Seaford<\/span><\/a><\/figcaption><\/figure>\n<\/div>\n<h3>Rega\u0142 na ksi\u0105\u017cki nowoczesny<\/h3>\n<p>Jak znale\u017a\u0107 idealny rega\u0142 na ksi\u0105\u017cki w salonie? Je\u015bli trudno Ci si\u0119 zdecydowa\u0107, przyjrzyj si\u0119 naszym meblom o asymetrycznym uk\u0142adzie p\u00f3\u0142ek. Rega\u0142 Tetrix z przegr\u00f3dkami o r\u00f3\u017cnych kszta\u0142tach i rozmiarach to \u015bwietna opcja do ma\u0142ych mieszka\u0144. Nowoczesny wygl\u0105d modelu idzie w parze z jego funkcjonalno\u015bci\u0105 \u2013 mebel mo\u017cna ustawi\u0107 w pozycji poziomej lub pionowej, co zwi\u0119ksza mo\u017cliwo\u015bci aran\u017cacyjne i pozwala zaoszcz\u0119dzi\u0107 sporo miejsca.<\/p>\n<div style=\"display: flex; align-items: center; justify-content: center; text-align: center;\">\n<figure id=\"attachment_36582\" aria-describedby=\"caption-attachment-36582\" style=\"width: 400px\" class=\"wp-caption aligncenter\"><a href=\"https:\/\/www.brw.pl\/regal-tetrix-88-cm-z-12-polkami-bialy,40080\" target=\"_blank\" rel=\"noopener noreferrer\"><img decoding=\"async\" class=\"wp-image-36582 lazyload\" data-src=\"https:\/\/www.brw.pl\/blog\/wp-content\/uploads\/2024\/07\/regal-tetrix-88-cm-z-12-polkami-bialy-slargeb.jpg\" alt=\"Rega\u0142 Tetrix\" width=\"400\" height=\"301\" data-srcset=\"https:\/\/www.brw.pl\/blog\/wp-content\/uploads\/2024\/07\/regal-tetrix-88-cm-z-12-polkami-bialy-slargeb.jpg 798w, https:\/\/www.brw.pl\/blog\/wp-content\/uploads\/2024\/07\/regal-tetrix-88-cm-z-12-polkami-bialy-slargeb-768x577.jpg 768w\" data-sizes=\"(max-width: 400px) 100vw, 400px\" src=\"data:image\/svg+xml;base64,PHN2ZyB3aWR0aD0iMSIgaGVpZ2h0PSIxIiB4bWxucz0iaHR0cDovL3d3dy53My5vcmcvMjAwMC9zdmciPjwvc3ZnPg==\" style=\"--smush-placeholder-width: 400px; --smush-placeholder-aspect-ratio: 400\/301;\" \/><\/a><figcaption id=\"caption-attachment-36582\" class=\"wp-caption-text\"><a href=\"https:\/\/www.brw.pl\/regal-tetrix-88-cm-z-12-polkami-bialy,40080\" target=\"_blank\" rel=\"noopener noreferrer\"><span style=\"font-weight: 400;\">Rega\u0142 Tetrix z 12 p\u00f3\u0142kami<\/span><\/a><\/figcaption><\/figure>\n<figure id=\"attachment_33346\" aria-describedby=\"caption-attachment-33346\" style=\"width: 400px\" class=\"wp-caption aligncenter\"><a href=\"https:\/\/www.brw.pl\/regal-tetrix-88-cm-z-8-polkami-bialy,40077\" target=\"_blank\" rel=\"noopener noreferrer\"><img decoding=\"async\" class=\"wp-image-33346 lazyload\" data-src=\"https:\/\/www.brw.pl\/blog\/wp-content\/uploads\/2023\/07\/regal-tetrix-kolor-wybarwienia-bialy-polysk.jpg\" alt=\"Rega\u0142 Tetrix\" width=\"400\" height=\"300\" src=\"data:image\/svg+xml;base64,PHN2ZyB3aWR0aD0iMSIgaGVpZ2h0PSIxIiB4bWxucz0iaHR0cDovL3d3dy53My5vcmcvMjAwMC9zdmciPjwvc3ZnPg==\" style=\"--smush-placeholder-width: 400px; --smush-placeholder-aspect-ratio: 400\/300;\" \/><\/a><figcaption id=\"caption-attachment-33346\" class=\"wp-caption-text\"><a href=\"https:\/\/www.brw.pl\/regal-tetrix-88-cm-z-8-polkami-bialy,40077\" target=\"_blank\" rel=\"noopener noreferrer\"><span style=\"font-weight: 400;\">Rega\u0142 Tetrix z 8 p\u00f3\u0142kami<\/span><\/a><\/figcaption><\/figure>\n<\/div>\n<h3>Rega\u0142 na ksi\u0105\u017cki skandynawski<\/h3>\n<div style=\"display: flex; align-items: center; justify-content: center; text-align: center;\">\n<figure id=\"attachment_35417\" aria-describedby=\"caption-attachment-35417\" style=\"width: 800px\" class=\"wp-caption aligncenter\"><a href=\"https:\/\/www.brw.pl\/regal-salga-60-cm-szuflada-i-4-polkami-szary,151691\" target=\"_blank\" rel=\"noopener noreferrer\"><img decoding=\"async\" class=\"wp-image-35417 size-medium lazyload\" data-src=\"https:\/\/www.brw.pl\/blog\/wp-content\/uploads\/2024\/01\/glowne-S615_SALGA_pokoj-dzienny_SZAU_DASN_Ar1-800x450.jpg\" alt=\"Kolekcja Salga - pok\u00f3j dzienny\" width=\"800\" height=\"450\" data-srcset=\"https:\/\/www.brw.pl\/blog\/wp-content\/uploads\/2024\/01\/glowne-S615_SALGA_pokoj-dzienny_SZAU_DASN_Ar1-800x450.jpg 800w, https:\/\/www.brw.pl\/blog\/wp-content\/uploads\/2024\/01\/glowne-S615_SALGA_pokoj-dzienny_SZAU_DASN_Ar1.jpg 1920w, https:\/\/www.brw.pl\/blog\/wp-content\/uploads\/2024\/01\/glowne-S615_SALGA_pokoj-dzienny_SZAU_DASN_Ar1-768x432.jpg 768w, https:\/\/www.brw.pl\/blog\/wp-content\/uploads\/2024\/01\/glowne-S615_SALGA_pokoj-dzienny_SZAU_DASN_Ar1-1536x864.jpg 1536w\" data-sizes=\"(max-width: 800px) 100vw, 800px\" src=\"data:image\/svg+xml;base64,PHN2ZyB3aWR0aD0iMSIgaGVpZ2h0PSIxIiB4bWxucz0iaHR0cDovL3d3dy53My5vcmcvMjAwMC9zdmciPjwvc3ZnPg==\" style=\"--smush-placeholder-width: 800px; --smush-placeholder-aspect-ratio: 800\/450;\" \/><\/a><figcaption id=\"caption-attachment-35417\" class=\"wp-caption-text\"><a href=\"https:\/\/www.brw.pl\/regal-salga-60-cm-szuflada-i-4-polkami-szary,151691\" target=\"_blank\" rel=\"noopener noreferrer\"><span style=\"font-weight: 400;\">Rega\u0142 Salga<\/span><\/a><\/figcaption><\/figure>\n<\/div>\n<p>Skandynawskie meble od wielu sezon\u00f3w nie wychodz\u0105 z mody. I nic dziwnego \u2013 s\u0105 stylowe, praktyczne i znakomicie prezentuj\u0105 si\u0119 w mniejszych przestrzeniach. Prosty rega\u0142 w kolorze bielonego drewna lub delikatnej szaro\u015bci b\u0119dzie dobrym uzupe\u0142nieniem strefy dziennej. Ustaw go w pobli\u017cu kompletu wypoczynkowego, kt\u00f3ry zaprasza do chwili relaksu. Ksi\u0105\u017cki pozostaj\u0105ce na wyci\u0105gni\u0119cie r\u0119ki to mi\u0142a alternatywa dla cyfrowych rozrywek.<\/p>\n<h3>Rega\u0142 na ksi\u0105\u017cki klasyczny<\/h3>\n<div style=\"display: flex; align-items: center; justify-content: center; text-align: center;\">\n<figure id=\"attachment_38333\" aria-describedby=\"caption-attachment-38333\" style=\"width: 800px\" class=\"wp-caption aligncenter\"><a href=\"https:\/\/www.brw.pl\/regal-kent-110-cm-z-4-polkami-kasztan,1537\" target=\"_blank\" rel=\"noopener noreferrer\"><img decoding=\"async\" class=\"wp-image-38333 size-medium lazyload\" data-src=\"https:\/\/www.brw.pl\/blog\/wp-content\/uploads\/2025\/01\/KENT_3-800x531.jpg\" alt=\"Rega\u0142 Kent\" width=\"800\" height=\"531\" data-srcset=\"https:\/\/www.brw.pl\/blog\/wp-content\/uploads\/2025\/01\/KENT_3-800x531.jpg 800w, https:\/\/www.brw.pl\/blog\/wp-content\/uploads\/2025\/01\/KENT_3-768x509.jpg 768w, https:\/\/www.brw.pl\/blog\/wp-content\/uploads\/2025\/01\/KENT_3.jpg 1280w\" data-sizes=\"(max-width: 800px) 100vw, 800px\" src=\"data:image\/svg+xml;base64,PHN2ZyB3aWR0aD0iMSIgaGVpZ2h0PSIxIiB4bWxucz0iaHR0cDovL3d3dy53My5vcmcvMjAwMC9zdmciPjwvc3ZnPg==\" style=\"--smush-placeholder-width: 800px; --smush-placeholder-aspect-ratio: 800\/531;\" \/><\/a><figcaption id=\"caption-attachment-38333\" class=\"wp-caption-text\"><a href=\"https:\/\/www.brw.pl\/regal-kent-110-cm-z-4-polkami-kasztan,1537\" target=\"_blank\" rel=\"noopener noreferrer\"><span style=\"font-weight: 400;\">Rega\u0142 Kent<\/span><\/a><\/figcaption><\/figure>\n<\/div>\n<p>Nale\u017cysz do zwolennik\u00f3w klasycznej estetyki? Si\u0119gnij po rega\u0142 w eleganckim stylu. Rze\u017abione elementy wyko\u0144czenia, g\u0142\u0119bokie wybarwienie drewna oraz tradycyjny uk\u0142ad p\u00f3\u0142ek tworz\u0105 kompozycj\u0119 o ponadczasowym charakterze. Klasyczny mebel b\u0119dzie odpowiedni\u0105 opraw\u0105 dla pi\u0119knie wydanych powie\u015bci i album\u00f3w. Oto element wyposa\u017cenia, kt\u00f3ry wniesie do wystroju wn\u0119trza prawdziwy szyk.<\/p>\n<h2><strong>Ksi\u0105\u017ckowy dylemat: jak znale\u017a\u0107 z\u0142oty \u015brodek?<\/strong><\/h2>\n<div style=\"display: flex; align-items: center; justify-content: center; text-align: center;\">\n<figure id=\"attachment_30170\" aria-describedby=\"caption-attachment-30170\" style=\"width: 800px\" class=\"wp-caption aligncenter\"><a href=\"https:\/\/www.brw.pl\/regal-nepo-plus-114-cm-z-9-polkami-dab-monastery,42725\" target=\"_blank\" rel=\"noopener noreferrer\"><img decoding=\"async\" class=\"wp-image-30170 size-medium lazyload\" data-src=\"https:\/\/www.brw.pl\/blog\/wp-content\/uploads\/2023\/02\/Nepo-Plus-drewno-i-granat-800x495.jpg\" alt=\"Granatowa sypialnia i drewno\" width=\"800\" height=\"495\" data-srcset=\"https:\/\/www.brw.pl\/blog\/wp-content\/uploads\/2023\/02\/Nepo-Plus-drewno-i-granat-800x495.jpg 800w, https:\/\/www.brw.pl\/blog\/wp-content\/uploads\/2023\/02\/Nepo-Plus-drewno-i-granat-768x475.jpg 768w, https:\/\/www.brw.pl\/blog\/wp-content\/uploads\/2023\/02\/Nepo-Plus-drewno-i-granat-1536x950.jpg 1536w, https:\/\/www.brw.pl\/blog\/wp-content\/uploads\/2023\/02\/Nepo-Plus-drewno-i-granat.jpg 1746w\" data-sizes=\"(max-width: 800px) 100vw, 800px\" src=\"data:image\/svg+xml;base64,PHN2ZyB3aWR0aD0iMSIgaGVpZ2h0PSIxIiB4bWxucz0iaHR0cDovL3d3dy53My5vcmcvMjAwMC9zdmciPjwvc3ZnPg==\" style=\"--smush-placeholder-width: 800px; --smush-placeholder-aspect-ratio: 800\/495;\" \/><\/a><figcaption id=\"caption-attachment-30170\" class=\"wp-caption-text\"><a href=\"https:\/\/www.brw.pl\/regal-nepo-plus-114-cm-z-9-polkami-dab-monastery,42725\" target=\"_blank\" rel=\"noopener noreferrer\"><span style=\"font-weight: 400;\">Rega\u0142 Nepo Plus z 9 p\u00f3\u0142kami<\/span><\/a><\/figcaption><\/figure>\n<\/div>\n<p>Chyba ka\u017cdy mi\u0142o\u015bnik ksi\u0105\u017cek marzy o w\u0142asnej biblioteczce. Nie martw si\u0119, je\u015bli w Twoim mieszkaniu nie ma miejsca na rega\u0142 wykonany na wymiar. Istnieje wiele rozwi\u0105za\u0144, kt\u00f3re pozwol\u0105 Ci pogodzi\u0107 potrzeb\u0119 powi\u0119kszania ukochanej kolekcji z konieczno\u015bci\u0105 rozs\u0105dnego gospodarowania woln\u0105 przestrzeni\u0105.<\/p>\n<p>Je\u015bli nie mo\u017cesz pozwoli\u0107 sobie na rega\u0142 zajmuj\u0105cy jedn\u0105 ze \u015bcian, wykorzystaj inne powierzchnie. <strong>Mniejsze meble nierzadko mog\u0105 stan\u0105\u0107 pod okiennym parapetem, tu\u017c za <a href=\"https:\/\/www.brw.pl\/meble\/meble-wypoczynkowe\/sofy\/\" target=\"_blank\" rel=\"noopener\">sof\u0105<\/a> b\u0105d\u017a <a href=\"https:\/\/www.brw.pl\/meble\/meble-wypoczynkowe\/narozniki\/\" target=\"_blank\" rel=\"noopener\">naro\u017cnikiem<\/a> (je\u015bli kanapa stoi na \u015brodku salonu, dostaw rega\u0142 do jej &#8222;plec\u00f3w&#8221;), a nawet w s\u0105siedztwie szafek kuchennych<\/strong>. W bardzo ma\u0142ych wn\u0119trzach warto zamontowa\u0107 najzwyklejsze <a href=\"https:\/\/www.brw.pl\/meble\/przechowywanie\/polki\/\" target=\"_blank\" rel=\"noopener\">p\u00f3\u0142ki<\/a> \u2013 pomog\u0105 zape\u0142ni\u0107 puste miejsca na \u015bcianach i tym samym pozwol\u0105 Ci lepiej zarz\u0105dzi\u0107 dost\u0119pnym metra\u017cem.<\/p>\n<p style=\"text-align: center;\">To Ci\u0119 zainteresuje: <a href=\"https:\/\/www.brw.pl\/blog\/jak-przechowywac-ulubione-pozycje-literackie-wybierz-ciekawe-polki-na-ksiazki\/\" target=\"_blank\" rel=\"noopener\">&#8222;Jak przechowywa\u0107 ulubione pozycje literackie? Wybierz ciekawe p\u00f3\u0142ki na ksi\u0105\u017cki!&#8221;<\/a>.<\/p>\n<h2><strong>Podsumowanie<\/strong><\/h2>\n<p>Jaki rega\u0142 na ksi\u0105\u017cki wybra\u0107? Wszystko zale\u017cy od mo\u017cliwo\u015bci Twojego mieszkania oraz od tego, jak du\u017cy jest Tw\u00f3j ksi\u0119gozbi\u00f3r. W przestronnych wn\u0119trzach najokazalej zaprezentuj\u0105 si\u0119 du\u017ce biblioteki, kt\u00f3re si\u0119gaj\u0105 sufitu. \u015acian\u0119 z ksi\u0105\u017cek stworzysz nie tylko w przej\u015bciach mi\u0119dzy pokojami, ale r\u00f3wnie\u017c w strefie wypoczynkowej czy telewizyjnej. Sposob\u00f3w na zaaran\u017cowanie tak nietuzinkowej dekoracji jest bardzo wiele. Do mniejszych mieszka\u0144 najlepiej wybra\u0107 gotowe rega\u0142y stoj\u0105ce, kt\u00f3re nie zaburz\u0105 proporcji i estetyki wn\u0119trza. Modu\u0142y z dost\u0119pnych kolekcji \u0142atwo dopasowa\u0107 do pozosta\u0142ych mebli.<\/p>\n<p><strong>Modne i funkcjonalne systemy przechowywania, w tym rega\u0142y na ksi\u0105\u017cki, znajdziesz w <a href=\"https:\/\/www.brw.pl\/\" target=\"_blank\" rel=\"noopener\">sklepie internetowym Black Red White<\/a>. Zapraszamy!<\/strong><\/p>\n","protected":false},"excerpt":{"rendered":"<p>Planujesz aran\u017cacj\u0119 domowej biblioteki? W uporz\u0105dkowaniu i wyeksponowaniu ulubionych pozycji literackich pomo\u017ce Ci solidny rega\u0142. W\u015br\u00f3d polecanych rozwi\u0105za\u0144 znajdziesz nie tylko meble na ca\u0142\u0105 \u015bcian\u0119, ale i bardziej kompaktowe modele w najmodniejszych stylach. Jak wybra\u0107 odpowiedni rega\u0142 na ksi\u0105\u017cki? Sprawd\u017a!\u00a0<\/p>\n","protected":false},"author":21,"featured_media":37672,"comment_status":"closed","ping_status":"open","sticky":false,"template":"","format":"standard","meta":{"footnotes":""},"categories":[39,574],"tags":[],"aioseo_notices":[],"_links":{"self":[{"href":"https:\/\/www.brw.pl\/blog\/wp-json\/wp\/v2\/posts\/38331"}],"collection":[{"href":"https:\/\/www.brw.pl\/blog\/wp-json\/wp\/v2\/posts"}],"about":[{"href":"https:\/\/www.brw.pl\/blog\/wp-json\/wp\/v2\/types\/post"}],"author":[{"embeddable":true,"href":"https:\/\/www.brw.pl\/blog\/wp-json\/wp\/v2\/users\/21"}],"replies":[{"embeddable":true,"href":"https:\/\/www.brw.pl\/blog\/wp-json\/wp\/v2\/comments?post=38331"}],"version-history":[{"count":1,"href":"https:\/\/www.brw.pl\/blog\/wp-json\/wp\/v2\/posts\/38331\/revisions"}],"predecessor-version":[{"id":38335,"href":"https:\/\/www.brw.pl\/blog\/wp-json\/wp\/v2\/posts\/38331\/revisions\/38335"}],"wp:featuredmedia":[{"embeddable":true,"href":"https:\/\/www.brw.pl\/blog\/wp-json\/wp\/v2\/media\/37672"}],"wp:attachment":[{"href":"https:\/\/www.brw.pl\/blog\/wp-json\/wp\/v2\/media?parent=38331"}],"wp:term":[{"taxonomy":"category","embeddable":true,"href":"https:\/\/www.brw.pl\/blog\/wp-json\/wp\/v2\/categories?post=38331"},{"taxonomy":"post_tag","embeddable":true,"href":"https:\/\/www.brw.pl\/blog\/wp-json\/wp\/v2\/tags?post=38331"}],"curies":[{"name":"wp","href":"https:\/\/api.w.org\/{rel}","templated":true}]}}