{"id":38396,"date":"2025-01-24T08:00:22","date_gmt":"2025-01-24T07:00:22","guid":{"rendered":"https:\/\/www.brw.pl\/blog\/?p=38396"},"modified":"2025-01-17T10:30:34","modified_gmt":"2025-01-17T09:30:34","slug":"jakie-zaslony-w-salonie-nowoczesnym-sprawdza-sie-najlepiej-podpowiadamy","status":"publish","type":"post","link":"https:\/\/www.brw.pl\/blog\/jakie-zaslony-w-salonie-nowoczesnym-sprawdza-sie-najlepiej-podpowiadamy\/","title":{"rendered":"Jakie zas\u0142ony w salonie nowoczesnym sprawdz\u0105 si\u0119 najlepiej? Podpowiadamy!"},"content":{"rendered":"<p data-pm-slice=\"1 1 []\"><strong>Zas\u0142ony mog\u0105 odmieni\u0107 wygl\u0105d wn\u0119trza, szczeg\u00f3lnie w nowoczesnym salonie. Odpowiednio dobrane materia\u0142y, kolory i wzory potrafi\u0105\u00a0podkre\u015bli\u0107 styl aran\u017cacji, doda\u0107 jej urody, zadba\u0107 o sp\u00f3jno\u015b\u0107, a nawet zwi\u0119kszy\u0107 jej funkcjonalno\u015b\u0107. W jakie nowoczesne zas\u0142ony warto zainwestowa\u0107? Dzi\u0119ki lekturze naszego artyku\u0142u b\u0119dzie Ci znacznie \u0142atwiej\u00a0wybra\u0107 zas\u0142ony idealnie dopasowane do Twojego pokoju dziennego. Zobacz, na co warto zwr\u00f3ci\u0107 uwag\u0119 podczas dokonywania zakupu!<\/strong><\/p>\n<p data-pm-slice=\"1 1 []\"><!--more--><\/p>\n<p><center><img decoding=\"async\" class=\"alignnone size-medium wp-image-38397 lazyload\" data-src=\"https:\/\/www.brw.pl\/blog\/wp-content\/uploads\/2025\/01\/zaslona-davos-tasma-140x270-cm-zielono-biala-xlargea-800x800.webp\" alt=\"Zas\u0142ona Davos - aran\u017cacja salonu\" width=\"800\" height=\"800\" data-srcset=\"https:\/\/www.brw.pl\/blog\/wp-content\/uploads\/2025\/01\/zaslona-davos-tasma-140x270-cm-zielono-biala-xlargea-800x800.webp 800w, https:\/\/www.brw.pl\/blog\/wp-content\/uploads\/2025\/01\/zaslona-davos-tasma-140x270-cm-zielono-biala-xlargea-150x150.webp 150w, https:\/\/www.brw.pl\/blog\/wp-content\/uploads\/2025\/01\/zaslona-davos-tasma-140x270-cm-zielono-biala-xlargea-768x767.webp 768w, https:\/\/www.brw.pl\/blog\/wp-content\/uploads\/2025\/01\/zaslona-davos-tasma-140x270-cm-zielono-biala-xlargea-165x165.webp 165w, https:\/\/www.brw.pl\/blog\/wp-content\/uploads\/2025\/01\/zaslona-davos-tasma-140x270-cm-zielono-biala-xlargea-120x120.webp 120w, https:\/\/www.brw.pl\/blog\/wp-content\/uploads\/2025\/01\/zaslona-davos-tasma-140x270-cm-zielono-biala-xlargea.webp 1027w\" data-sizes=\"(max-width: 800px) 100vw, 800px\" src=\"data:image\/svg+xml;base64,PHN2ZyB3aWR0aD0iMSIgaGVpZ2h0PSIxIiB4bWxucz0iaHR0cDovL3d3dy53My5vcmcvMjAwMC9zdmciPjwvc3ZnPg==\" style=\"--smush-placeholder-width: 800px; --smush-placeholder-aspect-ratio: 800\/800;\" \/><\/center><\/p>\n<p style=\"text-align: center;\" data-pm-slice=\"1 1 []\"><a href=\"https:\/\/www.brw.pl\/zaslona-davos-tasma-140x270-cm-zielono-biala,261469\" target=\"_blank\" rel=\"noopener\"><strong>ZAS\u0141ONA DAVOS<\/strong><\/a><\/p>\n<h2><strong>Nowoczesny salon: dlaczego warto urz\u0105dzi\u0107 go w tym stylu?<br \/>\n<\/strong><\/h2>\n<p><center><img decoding=\"async\" class=\"alignnone size-medium wp-image-38398 lazyload\" data-src=\"https:\/\/www.brw.pl\/blog\/wp-content\/uploads\/2025\/01\/zaslona-suzi-przelotki-140x250-cm-biala-xlargea-800x800.webp\" alt=\"Zas\u0142ona Suzi - aran\u017cacja salonu\" width=\"800\" height=\"800\" data-srcset=\"https:\/\/www.brw.pl\/blog\/wp-content\/uploads\/2025\/01\/zaslona-suzi-przelotki-140x250-cm-biala-xlargea-800x800.webp 800w, https:\/\/www.brw.pl\/blog\/wp-content\/uploads\/2025\/01\/zaslona-suzi-przelotki-140x250-cm-biala-xlargea-150x150.webp 150w, https:\/\/www.brw.pl\/blog\/wp-content\/uploads\/2025\/01\/zaslona-suzi-przelotki-140x250-cm-biala-xlargea-768x767.webp 768w, https:\/\/www.brw.pl\/blog\/wp-content\/uploads\/2025\/01\/zaslona-suzi-przelotki-140x250-cm-biala-xlargea-165x165.webp 165w, https:\/\/www.brw.pl\/blog\/wp-content\/uploads\/2025\/01\/zaslona-suzi-przelotki-140x250-cm-biala-xlargea-120x120.webp 120w, https:\/\/www.brw.pl\/blog\/wp-content\/uploads\/2025\/01\/zaslona-suzi-przelotki-140x250-cm-biala-xlargea.webp 1026w\" data-sizes=\"(max-width: 800px) 100vw, 800px\" src=\"data:image\/svg+xml;base64,PHN2ZyB3aWR0aD0iMSIgaGVpZ2h0PSIxIiB4bWxucz0iaHR0cDovL3d3dy53My5vcmcvMjAwMC9zdmciPjwvc3ZnPg==\" style=\"--smush-placeholder-width: 800px; --smush-placeholder-aspect-ratio: 800\/800;\" \/><\/center><\/p>\n<p style=\"text-align: center;\"><a href=\"https:\/\/www.brw.pl\/zaslona-suzi-przelotki-140x250-cm-biala,261482\" target=\"_blank\" rel=\"noopener\"><strong>ZAS\u0141ONA SUZI<\/strong><\/a><\/p>\n<p data-pm-slice=\"1 1 []\">Styl nowoczesny ma szerokie grono zwolennik\u00f3w, poniewa\u017c jest uniwersalny, ergonomiczny, efektowny. Wyr\u00f3\u017cniaj\u0105 go minimalistyczne formy, neutralna kolorystyka, innowacyjne rozwi\u0105zania zwi\u0119kszaj\u0105ce komfort domownik\u00f3w. Wn\u0119trza urz\u0105dzone w tej estetyce \u0142\u0105cz\u0105 wygod\u0119 z funkcjonalno\u015bci\u0105, a taki duet jest szczeg\u00f3lnie ceniony w salonie, w kt\u00f3rym zazwyczaj sp\u0119dza si\u0119 najwi\u0119cej czasu w ci\u0105gu dnia.<\/p>\n<p><a href=\"https:\/\/www.brw.pl\/tekstylia\/wystroj-okien\/zaslony\/\" target=\"_blank\" rel=\"noopener\">Zas\u0142ony<\/a> w nowoczesnym salonie odgrywaj\u0105 podw\u00f3jn\u0105 rol\u0119: dekoracyjn\u0105 oraz praktyczn\u0105. Z jednej strony tekstylia tego typu \u2013 zar\u00f3wno z <a href=\"https:\/\/www.brw.pl\/tekstylia\/wystroj-okien\/firany\/\" target=\"_blank\" rel=\"noopener\">firankami<\/a>, jak i bez nich \u2013 <strong>zwi\u0119kszaj\u0105 walory estetyczne salonu<\/strong>. Z drugiej strony <strong>reguluj\u0105 ilo\u015b\u0107 \u015bwiat\u0142a wpadaj\u0105cego do pokoju, zapewniaj\u0105 <\/strong><strong>prywatno\u015b\u0107, chroni\u0105 przed ostrymi promieniami s\u0142o\u0144ca<\/strong> w sezonie wiosenno-letnim.\u00a0Nic zatem dziwnego, \u017ce tyle os\u00f3b uwzgl\u0119dnia zas\u0142ony w wystroju.<\/p>\n<h2><strong>Jakie zas\u0142ony kr\u00f3luj\u0105 w nowoczesnych wn\u0119trzach, kt\u00f3re stawiaj\u0105 na minimalizm?<\/strong><\/h2>\n<p><center><img decoding=\"async\" class=\"alignnone size-medium wp-image-38399 lazyload\" data-src=\"https:\/\/www.brw.pl\/blog\/wp-content\/uploads\/2025\/01\/zaslona-wuste-przelotki-135x260-cm-bezowa-xlargea-561x800.webp\" alt=\"Zas\u0142ona Wuste - aran\u017cacja salonu\" width=\"561\" height=\"800\" data-srcset=\"https:\/\/www.brw.pl\/blog\/wp-content\/uploads\/2025\/01\/zaslona-wuste-przelotki-135x260-cm-bezowa-xlargea-561x800.webp 561w, https:\/\/www.brw.pl\/blog\/wp-content\/uploads\/2025\/01\/zaslona-wuste-przelotki-135x260-cm-bezowa-xlargea.webp 714w\" data-sizes=\"(max-width: 561px) 100vw, 561px\" src=\"data:image\/svg+xml;base64,PHN2ZyB3aWR0aD0iMSIgaGVpZ2h0PSIxIiB4bWxucz0iaHR0cDovL3d3dy53My5vcmcvMjAwMC9zdmciPjwvc3ZnPg==\" style=\"--smush-placeholder-width: 561px; --smush-placeholder-aspect-ratio: 561\/800;\" \/><\/center><\/p>\n<p style=\"text-align: center;\"><a href=\"https:\/\/www.brw.pl\/zaslona-wuste-przelotki-135x260-cm-bezowa,51810\" target=\"_blank\" rel=\"noopener\"><strong>ZAS\u0141ONA WUSTE<\/strong><\/a><\/p>\n<p data-pm-slice=\"1 1 []\">Klasyczne eleganckie zas\u0142ony do salonu w stylu nowoczesnym uwodz\u0105 <strong>prost\u0105 form\u0105 i subtelnym wzornictwem<\/strong>. Jednolite, g\u0142adkie materia\u0142y w stonowanych barwach, takich jak <a href=\"https:\/\/www.brw.pl\/tekstylia\/wystroj-okien\/zaslony\/kolor-szary\/\" target=\"_blank\" rel=\"noopener\">szaro\u015bci<\/a>, z\u0142amane <a href=\"https:\/\/www.brw.pl\/tekstylia\/wystroj-okien\/zaslony\/kolor-bialy\/\" target=\"_blank\" rel=\"noopener\">biele<\/a> czy <a href=\"https:\/\/www.brw.pl\/tekstylia\/wystroj-okien\/zaslony\/kolor-bezowy\/\" target=\"_blank\" rel=\"noopener\">be\u017ce<\/a>, znakomicie wpisuj\u0105 si\u0119 w minimalistyczne trendy. Jednak je\u015bli zale\u017cy Ci na tym, aby nieco o\u017cywi\u0107 aran\u017cacj\u0119, \u015bwietnym pomys\u0142em b\u0119d\u0105 <strong>modele w bardziej wyrazistym kolorze lub z dynamicznym, geometrycznym wzorem<\/strong>. Wnios\u0105 do pomieszczenia wi\u0119cej energii, interesuj\u0105co kontrastuj\u0105c z minimalistycznymi meblami i dodatkami.<\/p>\n<p data-pm-slice=\"1 1 []\">Co do tkanin, mile widziane s\u0105\u00a0len czy bawe\u0142na o prostym splocie, kt\u00f3re dodaj\u0105 lekko\u015bci i naturalnego wdzi\u0119ku. W bardziej luksusowej przestrzeni sprawdzi si\u0119 welur. Istniej\u0105 te\u017c syntetyczne odpowiedniki tych materia\u0142\u00f3w doskonale imituj\u0105ce orygina\u0142y, za to w przyst\u0119pniejszej cenie.<\/p>\n<p data-pm-slice=\"1 1 []\">Niezale\u017cnie od swoich preferencji, wybieraj\u0105c zas\u0142ony, pami\u0119taj, aby dopasowa\u0107 je do pozosta\u0142ych element\u00f3w wyposa\u017cenia wn\u0119trza. W ten spos\u00f3b stworzysz\u00a0harmonijn\u0105 przestrze\u0144 sprzyjaj\u0105c\u0105 wypoczynkowi. Jak to zrobi\u0107? Czytaj dalej!<\/p>\n<h2><strong>Jak dobra\u0107 idealne zas\u0142ony do swojej przestrzeni?<\/strong><\/h2>\n<p><center><img decoding=\"async\" class=\"alignnone size-medium wp-image-38400 lazyload\" data-src=\"https:\/\/www.brw.pl\/blog\/wp-content\/uploads\/2025\/01\/zaslona-focus-tasma-140x270-cm-niebieska-xlargea-567x800.webp\" alt=\"Zas\u0142ona Focus - aran\u017cacja salonu\" width=\"567\" height=\"800\" data-srcset=\"https:\/\/www.brw.pl\/blog\/wp-content\/uploads\/2025\/01\/zaslona-focus-tasma-140x270-cm-niebieska-xlargea-567x800.webp 567w, https:\/\/www.brw.pl\/blog\/wp-content\/uploads\/2025\/01\/zaslona-focus-tasma-140x270-cm-niebieska-xlargea.webp 727w\" data-sizes=\"(max-width: 567px) 100vw, 567px\" src=\"data:image\/svg+xml;base64,PHN2ZyB3aWR0aD0iMSIgaGVpZ2h0PSIxIiB4bWxucz0iaHR0cDovL3d3dy53My5vcmcvMjAwMC9zdmciPjwvc3ZnPg==\" style=\"--smush-placeholder-width: 567px; --smush-placeholder-aspect-ratio: 567\/800;\" \/><\/center><\/p>\n<p style=\"text-align: center;\"><a href=\"https:\/\/www.brw.pl\/zaslona-focus-tasma-140x270-cm-niebieska,51723\" target=\"_blank\" rel=\"noopener\"><strong>ZAS\u0141ONA FOCUS<\/strong><\/a><\/p>\n<p data-pm-slice=\"1 1 []\">Zakup odpowiednich zas\u0142on do pokoju dziennego musi by\u0107 przemy\u015blany. We\u017a pod uwag\u0119 rozmiar pomieszczenia, uk\u0142ad okien i mebli, wyko\u0144czenie \u015bcian oraz pod\u0142ogi, dominuj\u0105c\u0105 kolorystyk\u0119. Na ma\u0142ym metra\u017cu najlepiej wygl\u0105daj\u0105 jasne, jednolite zas\u0142ony, kt\u00f3re optycznie powi\u0119kszaj\u0105 przestrze\u0144. Z kolei w du\u017cym salonie mo\u017cesz sobie pozwoli\u0107 na ci\u0119\u017csze tkaniny o nieco ciemniejszej tonacji lub wyrazistym deseniu.<\/p>\n<p data-pm-slice=\"1 1 []\"><strong>Zas\u0142ony powinny<\/strong><strong> wsp\u00f3\u0142gra\u0107 z ca\u0142ym wystrojem, nawi\u0105zuj\u0105c do kolor\u00f3w \u015bcian, mebli, ozd\u00f3b.<\/strong> Aran\u017cacja musi by\u0107 sp\u00f3jna, \u017ceby cieszy\u0142a oko. Uwzgl\u0119dnij r\u00f3wnie\u017c funkcjonalno\u015b\u0107 zas\u0142on. Zastan\u00f3w si\u0119 nad tym, czy maj\u0105 blokowa\u0107 \u015bwiat\u0142o, zapewnia\u0107 prywatno\u015b\u0107, czy przede wszystkim pe\u0142ni\u0107 funkcj\u0119 dekoracyjn\u0105.<\/p>\n<h3 style=\"text-align: center;\"><strong>Materia\u0142: wybierz idealn\u0105 tkanin\u0119 na zas\u0142ony<\/strong><\/h3>\n<p data-pm-slice=\"1 1 []\">Na jaki materia\u0142 warto postawi\u0107? Je\u015bli Tw\u00f3j salon nie imponuje rozmiarem, rozejrzyj si\u0119 za lekkimi tkaninami, kt\u00f3re go nie przyt\u0142ocz\u0105. <a href=\"https:\/\/www.brw.pl\/tekstylia\/wystroj-okien\/zaslony\/material-len\/\" target=\"_blank\" rel=\"noopener\">Lniane<\/a> albo <a href=\"https:\/\/www.brw.pl\/tekstylia\/wystroj-okien\/zaslony\/material-bawelna\/\" target=\"_blank\" rel=\"noopener\">bawe\u0142niane<\/a> b\u0119d\u0105 strza\u0142em w dziesi\u0105tk\u0119. Jeste\u015b szcz\u0119\u015bliwym posiadaczem przestronnego pokoju dziennego? Powie\u015b w nim grube zas\u0142ony <a href=\"https:\/\/www.brw.pl\/tekstylia\/wystroj-okien\/zaslony\/material-welur\/\" target=\"_blank\" rel=\"noopener\">z weluru<\/a> b\u0105d\u017a aksamitu. Szukaj\u0105c wymarzonych zas\u0142on, <strong>kieruj si\u0119 tak\u017ce trwa\u0142o\u015bci\u0105 materia\u0142u, \u0142atwo\u015bci\u0105 w utrzymaniu w czysto\u015bci, zdolno\u015bci\u0105 do blokowania \u015bwiat\u0142a<\/strong>.<\/p>\n<h3 style=\"text-align: center;\"><strong>Kolory i wzory \u2013 sekret harmonii w nowoczesnym salonie<\/strong><\/h3>\n<p data-pm-slice=\"1 1 []\">Barwa oraz dese\u0144 zas\u0142on r\u00f3wnie\u017c maj\u0105 znaczenie. Tak jak wspomnieli\u015bmy wcze\u015bniej, w nowoczesnych salonach pierwsze skrzypce graj\u0105 stonowane odcienie i delikatne wzory. Brak silnych kontrast\u00f3w u\u0142atwia wyczarowanie wystroju opartego na harmonii.<\/p>\n<p data-pm-slice=\"1 1 []\">Jednak s\u0105 osoby, dla kt\u00f3rych spokojne aran\u017cacje s\u0105 zbyt monotonne. Je\u015bli do nich nale\u017cysz, zapro\u015b do pokoju dziennego mocny akcent kolorystyczny w postaci zas\u0142on, na przyk\u0142ad butelkow\u0105 <a href=\"https:\/\/www.brw.pl\/tekstylia\/wystroj-okien\/zaslony\/kolor-zielony\/\" target=\"_blank\" rel=\"noopener\">ziele\u0144<\/a>, radosn\u0105 <a href=\"https:\/\/www.brw.pl\/tekstylia\/wystroj-okien\/zaslony\/kolor-zolty\/\" target=\"_blank\" rel=\"noopener\">\u017c\u00f3\u0142cie\u0144<\/a> czy mocny <a href=\"https:\/\/www.brw.pl\/tekstylia\/wystroj-okien\/zaslony\/kolor-granatowy\/\" target=\"_blank\" rel=\"noopener\">granat<\/a>.<\/p>\n<blockquote>\n<p data-pm-slice=\"1 1 []\">Pami\u0119taj przy tym, aby doda\u0107 jeszcze jeden lub dwa elementy w tym tym samym b\u0105d\u017a zbli\u017conym odcieniu \u2013 poduszk\u0119 dekoracyjn\u0105, dywanik, wazon, \u015bwiecznik&#8230; Takie rozwi\u0105zanie umo\u017cliwi stworzenie sp\u00f3jnej przestrzeni z charakterem \u2013 podpowiada ekspert Black Red White.<\/p>\n<\/blockquote>\n<h3 style=\"text-align: center;\"><strong>Styl i praktyczno\u015b\u0107 w jednym: jak dobra\u0107 funkcjonalne zas\u0142ony?<\/strong><\/h3>\n<p data-pm-slice=\"1 1 []\">Postaraj si\u0119 znale\u017a\u0107 zas\u0142ony, kt\u00f3re s\u0105 zarazem stylowe i praktyczne. Modele o w\u0142a\u015bciwo\u015bciach termoizolacyjnych pomog\u0105 utrzyma\u0107 w\u0142a\u015bciw\u0105 temperatur\u0119 w pomieszczeniu. Z kolei zas\u0142ony wykonane z tkanin typu blackout zapewni\u0105 skuteczn\u0105 ochron\u0119 przed \u015bwiat\u0142em.<\/p>\n<p>Istotna jest te\u017c metoda wieszania zas\u0142on. Nowoczesne systemy, takie jak <strong>szyny sufitowe czy karnisze z mechanizmem elektrycznym<\/strong>, \u0142\u0105cz\u0105 podwy\u017cszon\u0105 funkcjonalno\u015b\u0107 z minimalistycznym designem. Stanowi\u0105 doskona\u0142y wyb\u00f3r w nowoczesnym salonie.<\/p>\n<h2><strong>Aran\u017cacja okna w nowoczesnym salonie z Black Red White<\/strong><\/h2>\n<p><center><img decoding=\"async\" class=\"alignnone size-medium wp-image-38401 lazyload\" data-src=\"https:\/\/www.brw.pl\/blog\/wp-content\/uploads\/2025\/01\/zaslona-oxford-przelotki-140x260-cm-szara-xlargea-604x800.webp\" alt=\"Zas\u0142ona Oxford - aran\u017cacja salonu\" width=\"604\" height=\"800\" data-srcset=\"https:\/\/www.brw.pl\/blog\/wp-content\/uploads\/2025\/01\/zaslona-oxford-przelotki-140x260-cm-szara-xlargea-604x800.webp 604w, https:\/\/www.brw.pl\/blog\/wp-content\/uploads\/2025\/01\/zaslona-oxford-przelotki-140x260-cm-szara-xlargea-768x1016.webp 768w, https:\/\/www.brw.pl\/blog\/wp-content\/uploads\/2025\/01\/zaslona-oxford-przelotki-140x260-cm-szara-xlargea.webp 773w\" data-sizes=\"(max-width: 604px) 100vw, 604px\" src=\"data:image\/svg+xml;base64,PHN2ZyB3aWR0aD0iMSIgaGVpZ2h0PSIxIiB4bWxucz0iaHR0cDovL3d3dy53My5vcmcvMjAwMC9zdmciPjwvc3ZnPg==\" style=\"--smush-placeholder-width: 604px; --smush-placeholder-aspect-ratio: 604\/800;\" \/><\/center><\/p>\n<p style=\"text-align: center;\"><a href=\"https:\/\/www.brw.pl\/zaslona-oxford-przelotki-140x260-cm-szara,51761\" target=\"_blank\" rel=\"noopener\"><strong>ZAS\u0141ONA OXFORD<\/strong><\/a><\/p>\n<p>W <a href=\"https:\/\/www.brw.pl\/\" target=\"_blank\" rel=\"noopener\"><strong>sklepie internetowym Black Red White<\/strong><\/a> czekaj\u0105 na Ciebie zas\u0142ony w r\u00f3\u017cnych rozmiarach, kolorach i wzorach, wykonane z rozmaitych materia\u0142\u00f3w. Niekt\u00f3re sprawdz\u0105 si\u0119 jako dekoracja w salonie, kt\u00f3rego wizyt\u00f3wk\u0105 jest elegancja. Inne dope\u0142ni\u0105 wystr\u00f3j oparty na prostocie i bezpretensjonalno\u015bci. Zapraszamy do zapoznania si\u0119 z naszym asortymentem!<\/p>\n<p style=\"text-align: left;\">Czytaj r\u00f3wnie\u017c: <a href=\"https:\/\/www.brw.pl\/blog\/5-sposobow-na-modny-parapet-z-brw\/\" target=\"_blank\" rel=\"noopener\"><strong>&#8222;5 sposob\u00f3w na dekoracyjny parapet z BRW&#8221;<\/strong><\/a>. W artykule znajdziesz wskaz\u00f3wki, jak zaaran\u017cowa\u0107 parapet, aby sta\u0142 si\u0119 prawdziw\u0105 ozdob\u0105 wn\u0119trza.<\/p>\n","protected":false},"excerpt":{"rendered":"<p>Zas\u0142ony mog\u0105 odmieni\u0107 wygl\u0105d wn\u0119trza, szczeg\u00f3lnie w nowoczesnym salonie. Odpowiednio dobrane materia\u0142y, kolory i wzory potrafi\u0105\u00a0podkre\u015bli\u0107 styl aran\u017cacji, doda\u0107 jej urody, zadba\u0107 o sp\u00f3jno\u015b\u0107, a nawet zwi\u0119kszy\u0107 jej funkcjonalno\u015b\u0107. W jakie nowoczesne zas\u0142ony warto zainwestowa\u0107? Dzi\u0119ki lekturze naszego artyku\u0142u b\u0119dzie Ci znacznie \u0142atwiej\u00a0wybra\u0107 zas\u0142ony idealnie dopasowane do Twojego pokoju dziennego. Zobacz, na co warto zwr\u00f3ci\u0107 [&hellip;]<\/p>\n","protected":false},"author":29,"featured_media":38397,"comment_status":"closed","ping_status":"open","sticky":false,"template":"","format":"standard","meta":{"footnotes":""},"categories":[28,574,735,744],"tags":[],"aioseo_notices":[],"_links":{"self":[{"href":"https:\/\/www.brw.pl\/blog\/wp-json\/wp\/v2\/posts\/38396"}],"collection":[{"href":"https:\/\/www.brw.pl\/blog\/wp-json\/wp\/v2\/posts"}],"about":[{"href":"https:\/\/www.brw.pl\/blog\/wp-json\/wp\/v2\/types\/post"}],"author":[{"embeddable":true,"href":"https:\/\/www.brw.pl\/blog\/wp-json\/wp\/v2\/users\/29"}],"replies":[{"embeddable":true,"href":"https:\/\/www.brw.pl\/blog\/wp-json\/wp\/v2\/comments?post=38396"}],"version-history":[{"count":1,"href":"https:\/\/www.brw.pl\/blog\/wp-json\/wp\/v2\/posts\/38396\/revisions"}],"predecessor-version":[{"id":38402,"href":"https:\/\/www.brw.pl\/blog\/wp-json\/wp\/v2\/posts\/38396\/revisions\/38402"}],"wp:featuredmedia":[{"embeddable":true,"href":"https:\/\/www.brw.pl\/blog\/wp-json\/wp\/v2\/media\/38397"}],"wp:attachment":[{"href":"https:\/\/www.brw.pl\/blog\/wp-json\/wp\/v2\/media?parent=38396"}],"wp:term":[{"taxonomy":"category","embeddable":true,"href":"https:\/\/www.brw.pl\/blog\/wp-json\/wp\/v2\/categories?post=38396"},{"taxonomy":"post_tag","embeddable":true,"href":"https:\/\/www.brw.pl\/blog\/wp-json\/wp\/v2\/tags?post=38396"}],"curies":[{"name":"wp","href":"https:\/\/api.w.org\/{rel}","templated":true}]}}