{"id":384,"date":"2015-07-22T13:23:21","date_gmt":"2015-07-22T11:23:21","guid":{"rendered":"http:\/\/www.mojaplanetadom.pl\/?p=384"},"modified":"2024-10-11T14:45:16","modified_gmt":"2024-10-11T12:45:16","slug":"nagrody-i-wyroznienia-black-red-white","status":"publish","type":"post","link":"https:\/\/www.brw.pl\/blog\/nagrody-i-wyroznienia-black-red-white\/","title":{"rendered":"Nagrody Black Red White"},"content":{"rendered":"<p><strong>Na sukces i wizerunek marki sk\u0142ada si\u0119 wiele czynnik\u00f3w. S\u0105 to oferowane produkty, obs\u0142uga klienta oraz wizja rozwoju. Znacz\u0105c\u0105 rol\u0119 odgrywaj\u0105 r\u00f3wnie\u017c nagrody i wyr\u00f3\u017cnienia, kt\u00f3re \u015bwiadcz\u0105 o pracy wykonanej przez firm\u0119. Nasza marka Black Red White mo\u017ce poszczyci\u0107 si\u0119 wieloma odznaczeniami.<\/strong><\/p>\n<p><!--more--><\/p>\n<p>Historia zacz\u0119\u0142a si\u0119 na Lubelszczy\u017anie w ma\u0142ym zak\u0142adzie stolarskim. Dzi\u015b \u2013 po 20 latach dzia\u0142alno\u015bci \u2013jeste\u015bmy najwi\u0119ksz\u0105 grup\u0105 meblarsk\u0105, producentem oraz dystrybutorem mebli i artyku\u0142\u00f3w wyposa\u017cenia. W swoim rozbudowanym portfolio mamy meble przeznaczone do kompleksowego wyposa\u017cania pokoi. Dzi\u0119ki temu jeste\u015bmy jedn\u0105 z bardziej rozpoznawalnych i presti\u017cowych marek w Polsce. Klienci ceni\u0105 nas za jako\u015b\u0107, zr\u00f3\u017cnicowan\u0105 ofert\u0119, konkurencyjne ceny i wysokie standardy. Z tych samych powod\u00f3w docenia nas\u00a0r\u00f3wnie\u017c jury r\u00f3\u017cnych konkurs\u00f3w.<\/p>\n<p><strong>Black Red White \u2013 od zawsze na Lubelszczy\u017anie<\/strong><\/p>\n<p>\u201ePierwsze meble zrobi\u0142em sam, do w\u0142asnego mieszkania. Zabudowa w kuchni zrobi\u0142a takie wra\u017cenie, \u017ce wszyscy chcieli je kupowa\u0107. Wtedy zrodzi\u0142a si\u0119 my\u015bl i decyzja, by rozpocz\u0105\u0107 produkcj\u0119 mebli\u201d \u2013 tak o pocz\u0105tkach naszej firmy m\u00f3wi Tadeusz Chmiel, jej za\u0142o\u017cyciel. Stary dom, potem ma\u0142y warsztacik i jeden pracownik ostatecznie zmieni\u0142y si\u0119 w fabryk\u0119, setki sklep\u00f3w i tysi\u0105ce pracownik\u00f3w.<\/p>\n<p>Nasza dzia\u0142alno\u015b\u0107 eksportowa oraz niew\u0105tpliwy wk\u0142ad firmy w promowanie regionu zaowocowa\u0142y m.in. presti\u017cowym tytu\u0142em <strong>Ambasadora Wojew\u00f3dztwa Lubelskiego<\/strong> uzyskanym w ramach 12. edycji plebiscytu, organizowanego przez Urz\u0105d Marsza\u0142kowski Wojew\u00f3dztwa Lubelskiego. Wyr\u00f3\u017cniono nas te\u017c <strong>laurem w Rankingu Exporters in Poland<\/strong> b\u0119d\u0105cego inicjatyw\u0105 \u201eWarsaw Business Journal\u201d.<\/p>\n<p><strong>Wyr\u00f3\u017cnienia marki Black Red White w 2013 roku<\/strong><\/p>\n<p>Rok 2013 obfitowa\u0142 w sukcesy. Przede wszystkim nasza firma Black Red White \u2013 wed\u0142ug \u201eRzeczypospolitej\u201d \u2013 znalaz\u0142a si\u0119 na 201. miejscu w <strong>rankingu \u201eNajwi\u0119kszych polskich firm\u201d<\/strong>. Do tego zaj\u0119li\u015bmy 36. miejsce w kategorii <strong>\u201eNajsilniejszych marek 2013\u201d<\/strong> oraz 68 w podkategorii <strong>\u201eRankingu Eksporter\u00f3w\u201d<\/strong>.<\/p>\n<p>W tym roku uznano nas tak\u017ce za <strong>Konsumenckiego Lidera Jako\u015bci 2013<\/strong> w kategorii \u201eMeble\u201d oraz \u201eMeble kuchenne\u201d. \u015awiadczy to o zaufaniu Klient\u00f3w do naszych produkt\u00f3w.<\/p>\n<p><strong>Rok 2014 i kolejne sukcesy Black Red White<\/strong><\/p>\n<p><strong>Created in Poland Superbrands<\/strong> to konkurs, kt\u00f3ry powo\u0142ano do \u017cycia po to, by doceni\u0107 polskie marki. Konkurs jest pierwszym wyr\u00f3\u017cnieniem tego typu w Polsce. Nasz firma Black Red White znalaz\u0142a si\u0119 w\u015br\u00f3d marek najch\u0119tniej polecanych przez Polak\u00f3w i tym samym zostali\u015bmy laureatem. Istotne, \u017ce decyzja w du\u017cej mierze nale\u017ca\u0142a do konsument\u00f3w, co ponownie dowodzi powszechnego zaufania do naszej marki.<\/p>\n<p>W konkursie <strong>\u201eMeble Plus \u2013 Produkt 2014\u201d, <\/strong>w kt\u00f3rego jury zasiadaj\u0105 specjali\u015bci z bran\u017cy meblarskiej, wyr\u00f3\u017cnienie otrzyma\u0142a nasza m\u0142odzie\u017cowa kolekcja Strza\u0142ka wykorzystuj\u0105ca system modu\u0142owy. W tym samym roku kolekcja mebli HiHOT oraz meble kuchenne na wymiar 38th Elysee Avenue otrzyma\u0142y <strong>nagrod\u0119 Dobry Design 2014<\/strong>. Magazyn \u201eDobrze Mieszkaj\u201d oraz serwis <em>dobrzemieszkaj.pl<\/em> uznali je za najciekawsze produkty w swoich kategoriach.<\/p>\n<p><strong>Dzia\u0142alno\u015b\u0107 charytatywna<\/strong><\/p>\n<p>W 2014 roku <strong>zaanga\u017cowali\u015bmy si\u0119 w akcj\u0119 \u201eCa\u0142a reszta to szcz\u0119\u015bcie\u201d<\/strong> organizowan\u0105 przez Mennic\u0119 Polsk\u0105 oraz Fundacj\u0119 TVN \u201eNie jeste\u015b sam\u201d. Ca\u0142o\u015b\u0107 mia\u0142a na celu zebranie funduszy na leczenie i rehabilitacj\u0119 dzieci pozostaj\u0105cych pod opiek\u0105 fundacji. Szcz\u0119\u015bliwe Dukaty sygnowane nazwiskami m.in. Marcina Prokopa, Doroty Wellman czy Magdy Mo\u0142ek mo\u017cna by\u0142o kupi\u0107 w wi\u0119kszo\u015bci naszych salon\u00f3w meblowych.<\/p>\n<p><strong>Black Red White \u2013 inspiracja do zmian<\/strong><\/p>\n<p>Pi\u0119kno i funkcjonalno\u015b\u0107 naszych mebli Black Red White to ich wyr\u00f3\u017cnik. \u00a0Chcemy inspirowa\u0107 swoj\u0105 ofert\u0105 do pozytywnych zmian. Pomagaj\u0105 w tym jako\u015b\u0107, nowoczesno\u015b\u0107 i r\u00f3\u017cnorodno\u015b\u0107 produkt\u00f3w oraz szybkie i przyjemne zakupy.<\/p>\n<p>Nie bez znaczenia pozostaj\u0105 tak\u017ce kolejne wyr\u00f3\u017cnienia oraz nagrody wynikaj\u0105ce z zaufania klient\u00f3w, co najlepiej \u015bwiadczy o jako\u015bci sprzedawanych przez nas mebli i akcesori\u00f3w.<\/p>\n","protected":false},"excerpt":{"rendered":"<p>Na sukces i wizerunek marki sk\u0142ada si\u0119 wiele czynnik\u00f3w. S\u0105 to oferowane produkty, obs\u0142uga klienta oraz wizja rozwoju. Znacz\u0105c\u0105 rol\u0119 odgrywaj\u0105 r\u00f3wnie\u017c nagrody i wyr\u00f3\u017cnienia, kt\u00f3re \u015bwiadcz\u0105 o pracy wykonanej przez firm\u0119. Nasza marka Black Red White mo\u017ce poszczyci\u0107 si\u0119 wieloma odznaczeniami.<\/p>\n","protected":false},"author":8,"featured_media":396,"comment_status":"open","ping_status":"open","sticky":false,"template":"","format":"standard","meta":{"footnotes":""},"categories":[118],"tags":[112,91,123,104,125,124],"aioseo_notices":[],"_links":{"self":[{"href":"https:\/\/www.brw.pl\/blog\/wp-json\/wp\/v2\/posts\/384"}],"collection":[{"href":"https:\/\/www.brw.pl\/blog\/wp-json\/wp\/v2\/posts"}],"about":[{"href":"https:\/\/www.brw.pl\/blog\/wp-json\/wp\/v2\/types\/post"}],"author":[{"embeddable":true,"href":"https:\/\/www.brw.pl\/blog\/wp-json\/wp\/v2\/users\/8"}],"replies":[{"embeddable":true,"href":"https:\/\/www.brw.pl\/blog\/wp-json\/wp\/v2\/comments?post=384"}],"version-history":[{"count":5,"href":"https:\/\/www.brw.pl\/blog\/wp-json\/wp\/v2\/posts\/384\/revisions"}],"predecessor-version":[{"id":37670,"href":"https:\/\/www.brw.pl\/blog\/wp-json\/wp\/v2\/posts\/384\/revisions\/37670"}],"wp:featuredmedia":[{"embeddable":true,"href":"https:\/\/www.brw.pl\/blog\/wp-json\/wp\/v2\/media\/396"}],"wp:attachment":[{"href":"https:\/\/www.brw.pl\/blog\/wp-json\/wp\/v2\/media?parent=384"}],"wp:term":[{"taxonomy":"category","embeddable":true,"href":"https:\/\/www.brw.pl\/blog\/wp-json\/wp\/v2\/categories?post=384"},{"taxonomy":"post_tag","embeddable":true,"href":"https:\/\/www.brw.pl\/blog\/wp-json\/wp\/v2\/tags?post=384"}],"curies":[{"name":"wp","href":"https:\/\/api.w.org\/{rel}","templated":true}]}}