{"id":38835,"date":"2025-03-21T08:45:38","date_gmt":"2025-03-21T07:45:38","guid":{"rendered":"https:\/\/www.brw.pl\/blog\/?p=38835"},"modified":"2025-03-19T14:47:46","modified_gmt":"2025-03-19T13:47:46","slug":"kwiaty-na-wielkanoc-jak-laczyc-kompozycje-roslinne-z-ozdobami-swiatecznymi","status":"publish","type":"post","link":"https:\/\/www.brw.pl\/blog\/kwiaty-na-wielkanoc-jak-laczyc-kompozycje-roslinne-z-ozdobami-swiatecznymi\/","title":{"rendered":"Kwiaty na Wielkanoc: jak \u0142\u0105czy\u0107 kompozycje ro\u015blinne z ozdobami \u015bwi\u0105tecznymi?"},"content":{"rendered":"<p><strong>Wielkanoc to doskona\u0142y moment, aby o\u017cywi\u0107 wn\u0119trze naturalnymi dekoracjami, kt\u00f3re podkre\u015bl\u0105 charakter \u015bwi\u0105tecznych dni. Jak stworzy\u0107 udane ro\u015blinne kompozycje w wielkanocnym klimacie? Jakie kwiaty do nich wybra\u0107? Podpowiadamy! Zobacz inspiracje, dzi\u0119ki kt\u00f3rym Tw\u00f3j dom rozkwitnie na nowo.<\/strong><!--more--><\/p>\n<div style=\"display: flex; align-items: center; justify-content: center; text-align: center;\">\n<figure id=\"attachment_38836\" aria-describedby=\"caption-attachment-38836\" style=\"width: 800px\" class=\"wp-caption aligncenter\"><img decoding=\"async\" class=\"wp-image-38836 size-medium lazyload\" data-src=\"https:\/\/www.brw.pl\/blog\/wp-content\/uploads\/2025\/03\/THK-094476-THK-096968-THK-096954-THK-092587-800x555.jpg\" alt=\"Figurka ceramiczna kura, wazon szklany Dalia\" width=\"800\" height=\"555\" data-srcset=\"https:\/\/www.brw.pl\/blog\/wp-content\/uploads\/2025\/03\/THK-094476-THK-096968-THK-096954-THK-092587-800x555.jpg 800w, https:\/\/www.brw.pl\/blog\/wp-content\/uploads\/2025\/03\/THK-094476-THK-096968-THK-096954-THK-092587-768x533.jpg 768w, https:\/\/www.brw.pl\/blog\/wp-content\/uploads\/2025\/03\/THK-094476-THK-096968-THK-096954-THK-092587-1536x1066.jpg 1536w, https:\/\/www.brw.pl\/blog\/wp-content\/uploads\/2025\/03\/THK-094476-THK-096968-THK-096954-THK-092587.jpg 1546w\" data-sizes=\"(max-width: 800px) 100vw, 800px\" src=\"data:image\/svg+xml;base64,PHN2ZyB3aWR0aD0iMSIgaGVpZ2h0PSIxIiB4bWxucz0iaHR0cDovL3d3dy53My5vcmcvMjAwMC9zdmciPjwvc3ZnPg==\" style=\"--smush-placeholder-width: 800px; --smush-placeholder-aspect-ratio: 800\/555;\" \/><figcaption id=\"caption-attachment-38836\" class=\"wp-caption-text\"><a href=\"https:\/\/www.brw.pl\/wazon-szklany-dalia-17-cm-transparentny,225058\" target=\"_blank\" rel=\"noopener noreferrer\"><span style=\"font-weight: 400;\">WAZON SZKLANY DALIA<\/span><\/a> &#8211; <a href=\"https:\/\/www.brw.pl\/figurka-ceramiczna-kura-13-3-cm-wielokolorowa,487245\" target=\"_blank\" rel=\"noopener noreferrer\"><span style=\"font-weight: 400;\">FIGURKA CERAMICZNA KURA<\/span><\/a><\/figcaption><\/figure>\n<\/div>\n<p>Wiosna to nowy pocz\u0105tek. Po d\u0142ugich, zimowych miesi\u0105cach \u015bwiat budzi si\u0119 do \u017cycia, a przyroda eksploduje kolorami. Symbolika odrodzenia przenika tak\u017ce \u015bwi\u0119ta Wielkanocne, kt\u00f3re obchodzimy w otoczeniu barw, \u015bwiat\u0142a i wiosennej energii. Nic wi\u0119c dziwnego, \u017ce w tych dniach w naszych domach nie mo\u017ce zabrakn\u0105\u0107 kwiat\u00f3w.<\/p>\n<h2><strong>Tulipan, \u017conkil, a mo\u017ce hiacynt? Jakie wiosenne kwiaty na Wielkanoc wybra\u0107?<\/strong><\/h2>\n<p>Kwiaty to jeden z najwa\u017cniejszych symboli Wielkanocy. Wczesn\u0105 wiosn\u0105, czyli na prze\u0142omie marca i kwietnia, do wyboru jest ju\u017c wiele rodzaj\u00f3w ro\u015blin ozdobnych \u2013 w kwiaciarniach znajdziesz tulipany, \u017conkile, szafirki czy frezje. <strong>Kt\u00f3re z nich najlepiej sprawdz\u0105 si\u0119 w wielkanocnych dekoracjach?<\/strong><\/p>\n<h3>Kwiaty cebulowe \u2013 idealne na Wielkanoc<\/h3>\n<p>Tulipany (zar\u00f3wno ci\u0119te, jak i rosn\u0105ce w doniczkach) wyr\u00f3\u017cniaj\u0105 si\u0119 szerokim wachlarzem barw i eleganckim wygl\u0105dem, czym ciesz\u0105 oko i oddzia\u0142uj\u0105 na zmys\u0142y. Wiosn\u0105 du\u017c\u0105 popularno\u015bci\u0105 ciesz\u0105 si\u0119 \u017c\u00f3\u0142te tulipany, ale niezwyk\u0142y urok maj\u0105 r\u00f3wnie\u017c ich r\u00f3\u017cowe, bia\u0142e czy fioletowe odmiany.<\/p>\n<p>O tej porze roku mieszkania dekoruj\u0105 tak\u017ce \u017conkile (narcyzy) \u2013 \u017c\u00f3\u0142te, s\u0142oneczne p\u0142atki niezmiennie kojarz\u0105 si\u0119 z wiosn\u0105 i nowym pocz\u0105tkiem. W \u015bwi\u0105tecznym okresie warto si\u0119gn\u0105\u0107 po hiacynty, kt\u00f3re roztaczaj\u0105 cudowny zapach i wprowadzaj\u0105 do wn\u0119trz powiew \u015bwie\u017co\u015bci. Do kwiat\u00f3w cebulowych zaliczamy tak\u017ce krokusy, kt\u00f3re pozwalaj\u0105 ozdobi\u0107 ogr\u00f3d ju\u017c z ko\u0144cem zimy.<\/p>\n<div style=\"display: flex; align-items: center; justify-content: center; text-align: center;\">\n<figure id=\"attachment_38837\" aria-describedby=\"caption-attachment-38837\" style=\"width: 800px\" class=\"wp-caption alignnone\"><a href=\"https:\/\/www.brw.pl\/doniczka-porto-terakota-wielokolorowa,291970\" target=\"_blank\" rel=\"noopener noreferrer\"><img decoding=\"async\" class=\"wp-image-38837 size-medium lazyload\" data-src=\"https:\/\/www.brw.pl\/blog\/wp-content\/uploads\/2025\/03\/THK-095205-THK-095206-THK-095207-THK-095208-800x684.jpg\" alt=\"Doniczka Porto z terakoty\" width=\"800\" height=\"684\" data-srcset=\"https:\/\/www.brw.pl\/blog\/wp-content\/uploads\/2025\/03\/THK-095205-THK-095206-THK-095207-THK-095208-800x684.jpg 800w, https:\/\/www.brw.pl\/blog\/wp-content\/uploads\/2025\/03\/THK-095205-THK-095206-THK-095207-THK-095208-768x656.jpg 768w, https:\/\/www.brw.pl\/blog\/wp-content\/uploads\/2025\/03\/THK-095205-THK-095206-THK-095207-THK-095208.jpg 1258w\" data-sizes=\"(max-width: 800px) 100vw, 800px\" src=\"data:image\/svg+xml;base64,PHN2ZyB3aWR0aD0iMSIgaGVpZ2h0PSIxIiB4bWxucz0iaHR0cDovL3d3dy53My5vcmcvMjAwMC9zdmciPjwvc3ZnPg==\" style=\"--smush-placeholder-width: 800px; --smush-placeholder-aspect-ratio: 800\/684;\" \/><\/a><figcaption id=\"caption-attachment-38837\" class=\"wp-caption-text\"><a href=\"https:\/\/www.brw.pl\/doniczka-porto-terakota-wielokolorowa,291970\" target=\"_blank\" rel=\"noopener noreferrer\"><span style=\"font-weight: 400;\">DONICZKA PORTO Z TERAKOTY<\/span><\/a><\/figcaption><\/figure>\n<\/div>\n<h3>Delikatne kwiaty wiosenne \u2013 subtelny dodatek do wn\u0119trza<\/h3>\n<p>Je\u015bli szukasz czego\u015b subtelnego, postaw na frezje. Ich drobne sylwetki bardzo dobrze odnajd\u0105 si\u0119 w minimalistycznym wystroju. Delikatn\u0105 urod\u0105 niebieskich kwiatostan\u00f3w mog\u0105 pochwali\u0107 si\u0119 szafirki, kt\u00f3re pi\u0119knie rozkwitaj\u0105 nie tylko na rabatach. \u015awietny wyb\u00f3r do <a href=\"https:\/\/www.brw.pl\/dekoracje\/doniczki-i-oslonki\/doniczki\/\" target=\"_blank\" rel=\"noopener\">doniczek<\/a> to r\u00f3wnie\u017c bratki i prymulki \u2013 s\u0105 wytrzyma\u0142e i nadadz\u0105 si\u0119 zar\u00f3wno do wn\u0119trz, jak i na taras czy balkon.<\/p>\n<h3>Ga\u0142\u0105zki drzew i krzew\u00f3w \u2013 naturalne uzupe\u0142nienie aran\u017cacji<\/h3>\n<p>W wielkanocnych kompozycjach nie mo\u017ce zabrakn\u0105\u0107 bazi i bukszpanu. Naturalne ga\u0142\u0105zki wierzby podkre\u015blaj\u0105 wiosenny charakter dekoracji, s\u0105 skromne a zarazem bardzo efektowne. Bukszpan symbolizuje nie\u015bmiertelno\u015b\u0107, odradzaj\u0105ce si\u0119 \u017cycie i z tego powodu wykorzystywany jest najcz\u0119\u015bciej w <a href=\"https:\/\/www.brw.pl\/dekoracje\/ozdoby-swiateczne\/koszyczki-wielkanocne\/\" target=\"_blank\" rel=\"noopener\">wielkanocnych koszyczkach<\/a>. Zielone listki bukszpanu doskonale prezentuj\u0105 si\u0119 tak\u017ce w stroikach i bukietach na \u015bwi\u0105teczny st\u00f3\u0142.<\/p>\n<h2><strong>Kompozycje florystyczne na wielkanocny st\u00f3\u0142: jak stworzy\u0107 najlepsze?<\/strong><\/h2>\n<p>Zastanawiasz si\u0119, jakie kwiaty wybra\u0107 na Wielkanoc i jak je ze sob\u0105 \u0142\u0105czy\u0107? Bez obaw, nie musisz by\u0107 floryst\u0105, aby stworzy\u0107 z nich pi\u0119kn\u0105, \u015bwi\u0105teczn\u0105 kompozycj\u0119. Wystarczy, \u017ce b\u0119dziesz trzyma\u0107 si\u0119 kilku wskaz\u00f3wek.<\/p>\n<p>Dekoracja z kwiat\u00f3w b\u0119dzie prezentowa\u0107 si\u0119 ciekawie, je\u015bli zestawisz ze sob\u0105 ro\u015bliny o r\u00f3\u017cnych fakturach, kolorach i kszta\u0142tach. <strong>Do zwartych, bardziej okaza\u0142ych gatunk\u00f3w warto dobra\u0107 drobne kwiaty, kt\u00f3re wype\u0142ni\u0105 bukiet i wyr\u00f3wnaj\u0105 jego proporcje<\/strong>.\u00a0Przyk\u0142adowo, tulipany \u0142adnie komponuj\u0105 si\u0119 z gerberami i bia\u0142ymi r\u00f3\u017cami, a \u017conkile z go\u017adzikami i gips\u00f3wk\u0105.<\/p>\n<p><strong>Rada od Black Red White<\/strong>: je\u015bli do kompozycji mieszanej chcesz wykorzysta\u0107 narcyzy, pami\u0119taj o konieczno\u015bci przyci\u0119cia \u0142odyg i odstawienia ich na kilka godzin do oddzielnego wazonu (kwiaty te wydzielaj\u0105 toksyczny \u015bluz, kt\u00f3ry mo\u017ce skr\u00f3ci\u0107 \u017cywot pozosta\u0142ych ro\u015blin).<\/p>\n<div style=\"display: flex; align-items: center; justify-content: center; text-align: center;\">\n<figure id=\"attachment_38838\" aria-describedby=\"caption-attachment-38838\" style=\"width: 800px\" class=\"wp-caption aligncenter\"><img decoding=\"async\" class=\"wp-image-38838 size-medium lazyload\" data-src=\"https:\/\/www.brw.pl\/blog\/wp-content\/uploads\/2025\/03\/THK-097419-THK-097444-THK-097418-THK-097445-800x568.jpg\" alt=\"Wazon Kora, figurka ceramiczna Zaj\u0105c Przebudzenie Natury\" width=\"800\" height=\"568\" data-srcset=\"https:\/\/www.brw.pl\/blog\/wp-content\/uploads\/2025\/03\/THK-097419-THK-097444-THK-097418-THK-097445-800x568.jpg 800w, https:\/\/www.brw.pl\/blog\/wp-content\/uploads\/2025\/03\/THK-097419-THK-097444-THK-097418-THK-097445-768x545.jpg 768w, https:\/\/www.brw.pl\/blog\/wp-content\/uploads\/2025\/03\/THK-097419-THK-097444-THK-097418-THK-097445.jpg 1508w\" data-sizes=\"(max-width: 800px) 100vw, 800px\" src=\"data:image\/svg+xml;base64,PHN2ZyB3aWR0aD0iMSIgaGVpZ2h0PSIxIiB4bWxucz0iaHR0cDovL3d3dy53My5vcmcvMjAwMC9zdmciPjwvc3ZnPg==\" style=\"--smush-placeholder-width: 800px; --smush-placeholder-aspect-ratio: 800\/568;\" \/><figcaption id=\"caption-attachment-38838\" class=\"wp-caption-text\"><a href=\"https:\/\/www.brw.pl\/wazon-szklany-kora-20-cm-transparentny-mlotkowany,459010\" target=\"_blank\" rel=\"noopener noreferrer\"><span style=\"font-weight: 400;\">WAZON SZKLANY KORA<\/span><\/a> &#8211; <a href=\"https:\/\/www.brw.pl\/figurka-ceramiczna-zajac-przebudzenie-natury-11-cm,510583\" target=\"_blank\" rel=\"noopener noreferrer\"><span style=\"font-weight: 400;\">FIGURKA CERAMICZNA ZAJ\u0104C PRZEBUDZENIE NATURY<\/span><\/a><\/figcaption><\/figure>\n<\/div>\n<p>\u015awi\u0105teczn\u0105 dekoracj\u0119 warto wzbogaci\u0107 o dodatkowe elementy, takie jak ga\u0142\u0105zki, pi\u00f3rka czy przepi\u00f3rcze jajka. Innym prostym sposobem na przystrojenie bukietu jest przewi\u0105zanie go wst\u0105\u017ck\u0105. Gdy aran\u017cacja b\u0119dzie gotowa,\u00a0wybierz naczynie, w kt\u00f3rym wyeksponujesz swoje ma\u0142e dzie\u0142o sztuki. Mo\u017cesz zdecydowa\u0107 si\u0119 na klasyczny <a href=\"https:\/\/www.brw.pl\/dekoracje\/wazony\/\" target=\"_blank\" rel=\"noopener\">wazon<\/a>, du\u017cy szklany s\u0142\u00f3j lub ceramiczn\u0105 os\u0142onk\u0119.<\/p>\n<h2><strong>Po\u0142\u0105czenie kwiat\u00f3w z ozdobami wielkanocnymi: czy warto?<\/strong><\/h2>\n<p>Czy pi\u0119kne kompozycje kwiatowe i wielkanocne dekoracje mog\u0105 i\u015b\u0107 w parze? Oczywi\u015bcie! <strong>Wa\u017cny jest jednak umiar i taki dob\u00f3r ozd\u00f3b, kt\u00f3ry nie przyt\u0142oczy delikatnej urody ro\u015blin, lecz jedynie j\u0105 podkre\u015bli<\/strong>.<\/p>\n<p>Koszyczki wielkanocne to idealna baza stroik\u00f3w. Aby powsta\u0142a elegancka ozdoba, w\u0142\u00f3\u017c do nich zielone ga\u0142\u0105zki, kolorowe jajka i kilka \u015bwie\u017cych kwiat\u00f3w. Z kolei <a href=\"https:\/\/www.brw.pl\/dekoracje\/ozdoby-swiateczne\/figurki-wielkanocne\/\" target=\"_blank\" rel=\"noopener\">figurki<\/a> zaj\u0105czk\u00f3w, \u017c\u00f3\u0142tych kurczaczk\u00f3w czy barank\u00f3w b\u0119d\u0105 uroczym dodatkiem na wielkanocny st\u00f3\u0142. Dzi\u0119ki drobiazgom wplecionym mi\u0119dzy ro\u015blinne akcenty domownikom udzieli si\u0119 atmosfera \u015bwi\u0105tecznej beztroski.<\/p>\n<div style=\"display: flex; align-items: center; justify-content: center; text-align: center;\">\n<figure id=\"attachment_38839\" aria-describedby=\"caption-attachment-38839\" style=\"width: 800px\" class=\"wp-caption aligncenter\"><a href=\"https:\/\/www.brw.pl\/oslonka-na-doniczke-z-zajacem-ceramiczna-biala,189540\" target=\"_blank\" rel=\"noopener noreferrer\"><img decoding=\"async\" class=\"wp-image-38839 size-medium lazyload\" data-src=\"https:\/\/www.brw.pl\/blog\/wp-content\/uploads\/2025\/03\/THK-092540-THK-092541-THK-092595-THK-093853-THK-097364-THK-076638-THK-087512-800x642.jpg\" alt=\"Os\u0142onka na doniczk\u0119 z zaj\u0105cem ceramiczna bia\u0142a\" width=\"800\" height=\"642\" data-srcset=\"https:\/\/www.brw.pl\/blog\/wp-content\/uploads\/2025\/03\/THK-092540-THK-092541-THK-092595-THK-093853-THK-097364-THK-076638-THK-087512-800x642.jpg 800w, https:\/\/www.brw.pl\/blog\/wp-content\/uploads\/2025\/03\/THK-092540-THK-092541-THK-092595-THK-093853-THK-097364-THK-076638-THK-087512-768x616.jpg 768w, https:\/\/www.brw.pl\/blog\/wp-content\/uploads\/2025\/03\/THK-092540-THK-092541-THK-092595-THK-093853-THK-097364-THK-076638-THK-087512.jpg 1337w\" data-sizes=\"(max-width: 800px) 100vw, 800px\" src=\"data:image\/svg+xml;base64,PHN2ZyB3aWR0aD0iMSIgaGVpZ2h0PSIxIiB4bWxucz0iaHR0cDovL3d3dy53My5vcmcvMjAwMC9zdmciPjwvc3ZnPg==\" style=\"--smush-placeholder-width: 800px; --smush-placeholder-aspect-ratio: 800\/642;\" \/><\/a><figcaption id=\"caption-attachment-38839\" class=\"wp-caption-text\"><a href=\"https:\/\/www.brw.pl\/oslonka-na-doniczke-z-zajacem-ceramiczna-biala,189540\" target=\"_blank\" rel=\"noopener noreferrer\"><span style=\"font-weight: 400;\">OS\u0141ONKA NA DONICZK\u0118 Z ZAJ\u0104CEM<\/span><\/a><b> ozdobi wielkanocny st\u00f3\u0142 lub parapet <\/b><\/figcaption><\/figure>\n<\/div>\n<p>Kwiatowe motywy wpisuj\u0105 si\u0119 w r\u00f3\u017cne style wn\u0119trz. Je\u015bli chcesz, by przygotowane dekoracje pasowa\u0142y do wsp\u00f3\u0142czesnych projekt\u00f3w\u00a0aran\u017cacyjnych, wybierz stonowane ozdoby i proste formy. W przypadku wn\u0119trz boho czy rustykalnych \u015bwietnie sprawdz\u0105 si\u0119 dodatki drewniane, wiklinowe, rattanowe lub ze sznurka.<\/p>\n<h2><strong>Inspiracje na dekoracje \u015bwi\u0105teczne do r\u00f3\u017cnych wn\u0119trz<\/strong><\/h2>\n<p>Za pomoc\u0105 kwiat\u00f3w wielkanocnych przyozdobisz nie tylko st\u00f3\u0142 \u2013 warto zadba\u0107 o obecno\u015b\u0107 dekoracji w r\u00f3\u017cnych cz\u0119\u015bciach domu. Odpowiednio dobrane ro\u015bliny i dodatki sprawi\u0105, \u017ce wn\u0119trza wype\u0142ni\u0105 si\u0119 wiosenn\u0105 energi\u0105!<\/p>\n<h3>St\u00f3\u0142 wielkanocny \u2013 serce domu<\/h3>\n<p>\u015awi\u0105teczne nakrycie sto\u0142u wzbogac\u0105 kompozycje kwiatowe w harmonizuj\u0105cych kolorach. Zestaw ze sob\u0105 biel, \u017c\u00f3\u0142\u0107, jasny r\u00f3\u017c i zielenie, kt\u00f3re o\u017cywi\u0105 elegancki wystr\u00f3j jadalni. Na wielkanocnym stole, opr\u00f3cz <a href=\"https:\/\/www.brw.pl\/serwowanie\/serwowanie-potraw\/serwisy-obiadowe\/\" target=\"_blank\" rel=\"noopener\">serwisu obiadowego<\/a>, <a href=\"https:\/\/www.brw.pl\/serwowanie\/serwowanie-potraw\/polmiski\/\" target=\"_blank\" rel=\"noopener\">p\u00f3\u0142misk\u00f3w<\/a>, <a href=\"https:\/\/www.brw.pl\/serwowanie\/serwowanie-potraw\/miski-i-salaterki\/\" target=\"_blank\" rel=\"noopener\">salaterek<\/a> i <a href=\"https:\/\/www.brw.pl\/serwowanie\/serwowanie-potraw\/sztucce\/\" target=\"_blank\" rel=\"noopener\">sztu\u0107c\u00f3w<\/a>, mog\u0105 znale\u017a\u0107 si\u0119 kwiaty w tradycyjnym wazonie. R\u00f3wnie \u0142adn\u0105 ozdob\u0105 b\u0119d\u0105 niskie stroiki z bukszpanu, bazi i wydmuszek.<\/p>\n<p>Szukasz pomys\u0142u na oryginaln\u0105 dekoracj\u0119? Si\u0119gnij po gotowane jajka lub wydmuszki, papierowe serwetki, jutowy sznurek i pojedyncz\u0105 ga\u0142\u0105zk\u0119 gips\u00f3wki. Jajko owi\u0144 serwetk\u0105, formuj\u0105c j\u0105 na kszta\u0142t kr\u00f3liczych uszu, a na koniec przewi\u0105\u017c sznurkiem i uzupe\u0142nij kwiatem. Weso\u0142y akcent z pewno\u015bci\u0105 przypadnie do gustu domownikom!<\/p>\n<div style=\"display: flex; align-items: center; justify-content: center; text-align: center;\">\n<figure id=\"attachment_38840\" aria-describedby=\"caption-attachment-38840\" style=\"width: 800px\" class=\"wp-caption aligncenter\"><a href=\"https:\/\/www.brw.pl\/talerz-obiadowy-bella-porcelanowy-bialo-zloty,35183\" target=\"_blank\" rel=\"noopener noreferrer\"><img decoding=\"async\" class=\"wp-image-38840 size-medium lazyload\" data-src=\"https:\/\/www.brw.pl\/blog\/wp-content\/uploads\/2025\/03\/THK-074970-THK-074972-THK-069787-THK-096963-THK-074975-THK-097368-THK-096949-800x533.jpg\" alt=\"Talerz obiadowy Bella porcelanowy bia\u0142o-z\u0142oty\" width=\"800\" height=\"533\" data-srcset=\"https:\/\/www.brw.pl\/blog\/wp-content\/uploads\/2025\/03\/THK-074970-THK-074972-THK-069787-THK-096963-THK-074975-THK-097368-THK-096949-800x533.jpg 800w, https:\/\/www.brw.pl\/blog\/wp-content\/uploads\/2025\/03\/THK-074970-THK-074972-THK-069787-THK-096963-THK-074975-THK-097368-THK-096949-768x512.jpg 768w, https:\/\/www.brw.pl\/blog\/wp-content\/uploads\/2025\/03\/THK-074970-THK-074972-THK-069787-THK-096963-THK-074975-THK-097368-THK-096949-1536x1024.jpg 1536w, https:\/\/www.brw.pl\/blog\/wp-content\/uploads\/2025\/03\/THK-074970-THK-074972-THK-069787-THK-096963-THK-074975-THK-097368-THK-096949.jpg 1611w\" data-sizes=\"(max-width: 800px) 100vw, 800px\" src=\"data:image\/svg+xml;base64,PHN2ZyB3aWR0aD0iMSIgaGVpZ2h0PSIxIiB4bWxucz0iaHR0cDovL3d3dy53My5vcmcvMjAwMC9zdmciPjwvc3ZnPg==\" style=\"--smush-placeholder-width: 800px; --smush-placeholder-aspect-ratio: 800\/533;\" \/><\/a><figcaption id=\"caption-attachment-38840\" class=\"wp-caption-text\"><a href=\"https:\/\/www.brw.pl\/talerz-obiadowy-bella-porcelanowy-bialo-zloty,35183\" target=\"_blank\" rel=\"noopener noreferrer\"><span style=\"font-weight: 400;\">TALERZ OBIADOWY BELLA PORCELANOWY<\/span><\/a><\/figcaption><\/figure>\n<\/div>\n<h3>Przedpok\u00f3j \u2013 pierwsze wra\u017cenie ma znaczenie<\/h3>\n<p>Wprowad\u017a swoich go\u015bci w \u015bwi\u0105teczny nastr\u00f3j ju\u017c od progu, ustawiaj\u0105c w przedpokoju dekoracyjny wiklinowy kosz z tulipanami i zielonymi ga\u0142\u0105zkami lub niewielki stroik z rze\u017cuch\u0105 i jajkami. Innym pomys\u0142em na powitanie w wielkanocnym stylu s\u0105 wiosenne wie\u0144ce zawieszone na drzwiach.<\/p>\n<div style=\"display: flex; align-items: center; justify-content: center; text-align: center;\">\n<figure id=\"attachment_35684\" aria-describedby=\"caption-attachment-35684\" style=\"width: 350px\" class=\"wp-caption alignnone\"><a href=\"https:\/\/www.brw.pl\/wianek-dekoracyjny-wiosenny-46-cm-zielony,186857\" target=\"_blank\" rel=\"noopener noreferrer\"><img decoding=\"async\" class=\"wp-image-35684 lazyload\" data-src=\"https:\/\/www.brw.pl\/blog\/wp-content\/uploads\/2024\/03\/wianek-dekoracyjny-wiosenny-slargea.jpg\" alt=\"Wianek dekoracyjny wiosenny\" width=\"350\" height=\"263\" data-srcset=\"https:\/\/www.brw.pl\/blog\/wp-content\/uploads\/2024\/03\/wianek-dekoracyjny-wiosenny-slargea.jpg 798w, https:\/\/www.brw.pl\/blog\/wp-content\/uploads\/2024\/03\/wianek-dekoracyjny-wiosenny-slargea-768x577.jpg 768w\" data-sizes=\"(max-width: 350px) 100vw, 350px\" src=\"data:image\/svg+xml;base64,PHN2ZyB3aWR0aD0iMSIgaGVpZ2h0PSIxIiB4bWxucz0iaHR0cDovL3d3dy53My5vcmcvMjAwMC9zdmciPjwvc3ZnPg==\" style=\"--smush-placeholder-width: 350px; --smush-placeholder-aspect-ratio: 350\/263;\" \/><\/a><figcaption id=\"caption-attachment-35684\" class=\"wp-caption-text\"><a href=\"https:\/\/www.brw.pl\/wianek-dekoracyjny-wiosenny-46-cm-zielony,186857\" target=\"_blank\" rel=\"noopener noreferrer\"><span style=\"font-weight: 400;\">WIANEK DEKORACYJNY WIOSENNY<\/span><\/a><\/figcaption><\/figure>\n<figure id=\"attachment_38841\" aria-describedby=\"caption-attachment-38841\" style=\"width: 350px\" class=\"wp-caption alignnone\"><a href=\"https:\/\/www.brw.pl\/wianek-dekoracyjny-32-cm-fioletowo-zielony,531840\" target=\"_blank\" rel=\"noopener noreferrer\"><img decoding=\"async\" class=\"wp-image-38841 lazyload\" data-src=\"https:\/\/www.brw.pl\/blog\/wp-content\/uploads\/2025\/03\/wianek-dekoracyjny-32-cm-fioletowo-zielony-slargea.jpg\" alt=\"Wianek dekoracyjny fioletowo-zielony\" width=\"350\" height=\"263\" data-srcset=\"https:\/\/www.brw.pl\/blog\/wp-content\/uploads\/2025\/03\/wianek-dekoracyjny-32-cm-fioletowo-zielony-slargea.jpg 798w, https:\/\/www.brw.pl\/blog\/wp-content\/uploads\/2025\/03\/wianek-dekoracyjny-32-cm-fioletowo-zielony-slargea-768x577.jpg 768w\" data-sizes=\"(max-width: 350px) 100vw, 350px\" src=\"data:image\/svg+xml;base64,PHN2ZyB3aWR0aD0iMSIgaGVpZ2h0PSIxIiB4bWxucz0iaHR0cDovL3d3dy53My5vcmcvMjAwMC9zdmciPjwvc3ZnPg==\" style=\"--smush-placeholder-width: 350px; --smush-placeholder-aspect-ratio: 350\/263;\" \/><\/a><figcaption id=\"caption-attachment-38841\" class=\"wp-caption-text\"><a href=\"https:\/\/www.brw.pl\/wianek-dekoracyjny-32-cm-fioletowo-zielony,531840\" target=\"_blank\" rel=\"noopener noreferrer\"><span style=\"font-weight: 400;\">WIANEK DEKORACYJNY FIOLETOWO-ZIELONY<\/span><\/a><\/figcaption><\/figure>\n<figure id=\"attachment_38842\" aria-describedby=\"caption-attachment-38842\" style=\"width: 350px\" class=\"wp-caption alignnone\"><a href=\"https:\/\/www.brw.pl\/wianek-dekoracyjny-wiosenny-50-cm-zielony,186858\" target=\"_blank\" rel=\"noopener noreferrer\"><img decoding=\"async\" class=\"wp-image-38842 lazyload\" data-src=\"https:\/\/www.brw.pl\/blog\/wp-content\/uploads\/2025\/03\/wianek-dekoracyjny-wiosenny-50-cm-zielony-slargea.jpg\" alt=\"Wianek dekoracyjny wiosenny 50 cm zielony\" width=\"350\" height=\"263\" data-srcset=\"https:\/\/www.brw.pl\/blog\/wp-content\/uploads\/2025\/03\/wianek-dekoracyjny-wiosenny-50-cm-zielony-slargea.jpg 798w, https:\/\/www.brw.pl\/blog\/wp-content\/uploads\/2025\/03\/wianek-dekoracyjny-wiosenny-50-cm-zielony-slargea-768x577.jpg 768w\" data-sizes=\"(max-width: 350px) 100vw, 350px\" src=\"data:image\/svg+xml;base64,PHN2ZyB3aWR0aD0iMSIgaGVpZ2h0PSIxIiB4bWxucz0iaHR0cDovL3d3dy53My5vcmcvMjAwMC9zdmciPjwvc3ZnPg==\" style=\"--smush-placeholder-width: 350px; --smush-placeholder-aspect-ratio: 350\/263;\" \/><\/a><figcaption id=\"caption-attachment-38842\" class=\"wp-caption-text\"><a href=\"https:\/\/www.brw.pl\/wianek-dekoracyjny-wiosenny-50-cm-zielony,186858\" target=\"_blank\" rel=\"noopener noreferrer\"><span style=\"font-weight: 400;\">WIANEK DEKORACYJNY<\/span><\/a><\/figcaption><\/figure>\n<\/div>\n<h3>Parapet \u2013 miejsce na kwiatow\u0105 ekspozycj\u0119<\/h3>\n<p>Na Wielkanoc warto udekorowa\u0107 okna. Wykorzystaj parapet i ustaw na nim bratki w doniczkach, hiacynty w szklanych naczyniach lub rze\u017cuch\u0119 wysian\u0105 w dekoracyjnych miseczkach. Opr\u00f3cz ro\u015blin, parapety ozdabia\u0107 mog\u0105 figurki zaj\u0105czk\u00f3w, pisanki lub \u015bwiece, kt\u00f3re po zmroku otul\u0105 domownik\u00f3w ciep\u0142ym \u015bwiat\u0142em.<\/p>\n<figure id=\"attachment_38843\" aria-describedby=\"caption-attachment-38843\" style=\"width: 800px\" class=\"wp-caption aligncenter\"><img decoding=\"async\" class=\"wp-image-38843 size-medium lazyload\" data-src=\"https:\/\/www.brw.pl\/blog\/wp-content\/uploads\/2025\/03\/THK-094476-THK-096968-THK-096954-THK-092587-THK-097306-800x559.jpg\" alt=\"Pisanka jajko z zawieszk\u0105\" width=\"800\" height=\"559\" data-srcset=\"https:\/\/www.brw.pl\/blog\/wp-content\/uploads\/2025\/03\/THK-094476-THK-096968-THK-096954-THK-092587-THK-097306-800x559.jpg 800w, https:\/\/www.brw.pl\/blog\/wp-content\/uploads\/2025\/03\/THK-094476-THK-096968-THK-096954-THK-092587-THK-097306-768x537.jpg 768w, https:\/\/www.brw.pl\/blog\/wp-content\/uploads\/2025\/03\/THK-094476-THK-096968-THK-096954-THK-092587-THK-097306.jpg 1536w\" data-sizes=\"(max-width: 800px) 100vw, 800px\" src=\"data:image\/svg+xml;base64,PHN2ZyB3aWR0aD0iMSIgaGVpZ2h0PSIxIiB4bWxucz0iaHR0cDovL3d3dy53My5vcmcvMjAwMC9zdmciPjwvc3ZnPg==\" style=\"--smush-placeholder-width: 800px; --smush-placeholder-aspect-ratio: 800\/559;\" \/><figcaption id=\"caption-attachment-38843\" class=\"wp-caption-text\"><a href=\"https:\/\/www.brw.pl\/pisanka-jajko-z-zawieszka-12-szt-mix-wzorow,536898\" target=\"_blank\" rel=\"noopener noreferrer\"><span style=\"font-weight: 400;\">PISANKA JAJKO Z ZAWIESZK\u0104 12 SZT.<\/span><\/a> &#8211; <a href=\"https:\/\/www.brw.pl\/swiecznik-na-tealight-love-14-cm-rozowy,487259\" target=\"_blank\" rel=\"noopener noreferrer\"><span style=\"font-weight: 400;\">\u015aWIECZNIK NA TEALIGHT LOVE<\/span><\/a><\/figcaption><\/figure>\n<p style=\"text-align: left;\"><b>To Ci si\u0119 przyda:<\/b><\/p>\n<div style=\"display: flex; align-items: center; justify-content: center; text-align: center;\">\n<figure id=\"attachment_38844\" aria-describedby=\"caption-attachment-38844\" style=\"width: 280px\" class=\"wp-caption alignnone\"><a href=\"https:\/\/www.brw.pl\/koszyk-dekoracyjny-bunny-15-cm-mietowy,487242\" target=\"_blank\" rel=\"noopener noreferrer\"><img decoding=\"async\" class=\"wp-image-38844 lazyload\" data-src=\"https:\/\/www.brw.pl\/blog\/wp-content\/uploads\/2025\/03\/koszyk-dekoracyjny-bunny-15-cm-mietowy-slargea.jpg\" alt=\"Koszyk dekoracyjny Bunny\" width=\"280\" height=\"211\" data-srcset=\"https:\/\/www.brw.pl\/blog\/wp-content\/uploads\/2025\/03\/koszyk-dekoracyjny-bunny-15-cm-mietowy-slargea.jpg 798w, https:\/\/www.brw.pl\/blog\/wp-content\/uploads\/2025\/03\/koszyk-dekoracyjny-bunny-15-cm-mietowy-slargea-768x577.jpg 768w\" data-sizes=\"(max-width: 280px) 100vw, 280px\" src=\"data:image\/svg+xml;base64,PHN2ZyB3aWR0aD0iMSIgaGVpZ2h0PSIxIiB4bWxucz0iaHR0cDovL3d3dy53My5vcmcvMjAwMC9zdmciPjwvc3ZnPg==\" style=\"--smush-placeholder-width: 280px; --smush-placeholder-aspect-ratio: 280\/211;\" \/><\/a><figcaption id=\"caption-attachment-38844\" class=\"wp-caption-text\"><a href=\"https:\/\/www.brw.pl\/koszyk-dekoracyjny-bunny-15-cm-mietowy,487242\" target=\"_blank\" rel=\"noopener noreferrer\"><span style=\"font-weight: 400;\">KOSZYK DEKORACYJNY BUNNY<\/span><\/a><\/figcaption><\/figure>\n<figure id=\"attachment_38845\" aria-describedby=\"caption-attachment-38845\" style=\"width: 280px\" class=\"wp-caption alignnone\"><a href=\"https:\/\/www.brw.pl\/koszyk-dekoracyjny-country-27-cm-bezowy,487244\" target=\"_blank\" rel=\"noopener noreferrer\"><img decoding=\"async\" class=\"wp-image-38845 lazyload\" data-src=\"https:\/\/www.brw.pl\/blog\/wp-content\/uploads\/2025\/03\/koszyk-dekoracyjny-country-27-cm-bezowy-slargea.jpg\" alt=\"Koszyk dekoracyjny Country\" width=\"280\" height=\"211\" data-srcset=\"https:\/\/www.brw.pl\/blog\/wp-content\/uploads\/2025\/03\/koszyk-dekoracyjny-country-27-cm-bezowy-slargea.jpg 798w, https:\/\/www.brw.pl\/blog\/wp-content\/uploads\/2025\/03\/koszyk-dekoracyjny-country-27-cm-bezowy-slargea-768x577.jpg 768w\" data-sizes=\"(max-width: 280px) 100vw, 280px\" src=\"data:image\/svg+xml;base64,PHN2ZyB3aWR0aD0iMSIgaGVpZ2h0PSIxIiB4bWxucz0iaHR0cDovL3d3dy53My5vcmcvMjAwMC9zdmciPjwvc3ZnPg==\" style=\"--smush-placeholder-width: 280px; --smush-placeholder-aspect-ratio: 280\/211;\" \/><\/a><figcaption id=\"caption-attachment-38845\" class=\"wp-caption-text\"><a href=\"https:\/\/www.brw.pl\/koszyk-dekoracyjny-country-27-cm-bezowy,487244\" target=\"_blank\" rel=\"noopener noreferrer\"><span style=\"font-weight: 400;\">KOSZYK DEKORACYJNY COUNTRY<\/span><\/a><\/figcaption><\/figure>\n<figure id=\"attachment_38846\" aria-describedby=\"caption-attachment-38846\" style=\"width: 280px\" class=\"wp-caption alignnone\"><a href=\"https:\/\/www.brw.pl\/oslonka-ceramiczna-skorupka-jajka-zlota,474335\" target=\"_blank\" rel=\"noopener noreferrer\"><img decoding=\"async\" class=\"wp-image-38846 lazyload\" data-src=\"https:\/\/www.brw.pl\/blog\/wp-content\/uploads\/2025\/03\/oslonka-ceramiczna-skorupka-jajka-zlota-slargea.jpg\" alt=\"Os\u0142onka ceramiczna skorupka jajka z\u0142ota\" width=\"280\" height=\"211\" data-srcset=\"https:\/\/www.brw.pl\/blog\/wp-content\/uploads\/2025\/03\/oslonka-ceramiczna-skorupka-jajka-zlota-slargea.jpg 798w, https:\/\/www.brw.pl\/blog\/wp-content\/uploads\/2025\/03\/oslonka-ceramiczna-skorupka-jajka-zlota-slargea-768x577.jpg 768w\" data-sizes=\"(max-width: 280px) 100vw, 280px\" src=\"data:image\/svg+xml;base64,PHN2ZyB3aWR0aD0iMSIgaGVpZ2h0PSIxIiB4bWxucz0iaHR0cDovL3d3dy53My5vcmcvMjAwMC9zdmciPjwvc3ZnPg==\" style=\"--smush-placeholder-width: 280px; --smush-placeholder-aspect-ratio: 280\/211;\" \/><\/a><figcaption id=\"caption-attachment-38846\" class=\"wp-caption-text\"><a href=\"https:\/\/www.brw.pl\/oslonka-ceramiczna-skorupka-jajka-zlota,474335\" target=\"_blank\" rel=\"noopener noreferrer\"><span style=\"font-weight: 400;\">OS\u0141ONKA CERAMICZNA SKORUPKA JAJKA Z\u0141OTA<\/span><\/a><\/figcaption><\/figure>\n<figure id=\"attachment_38847\" aria-describedby=\"caption-attachment-38847\" style=\"width: 280px\" class=\"wp-caption alignnone\"><a href=\"https:\/\/www.brw.pl\/oslonka-na-doniczke-skorupka-jajka-8-cm-biala,186819\" target=\"_blank\" rel=\"noopener noreferrer\"><img decoding=\"async\" class=\"wp-image-38847 lazyload\" data-src=\"https:\/\/www.brw.pl\/blog\/wp-content\/uploads\/2025\/03\/oslonka-na-doniczke-skorupka-jajka-8-cm-biala-slargea.jpg\" alt=\"Os\u0142onka na doniczk\u0119 skorupka jajka bia\u0142a\" width=\"280\" height=\"211\" data-srcset=\"https:\/\/www.brw.pl\/blog\/wp-content\/uploads\/2025\/03\/oslonka-na-doniczke-skorupka-jajka-8-cm-biala-slargea.jpg 798w, https:\/\/www.brw.pl\/blog\/wp-content\/uploads\/2025\/03\/oslonka-na-doniczke-skorupka-jajka-8-cm-biala-slargea-768x577.jpg 768w\" data-sizes=\"(max-width: 280px) 100vw, 280px\" src=\"data:image\/svg+xml;base64,PHN2ZyB3aWR0aD0iMSIgaGVpZ2h0PSIxIiB4bWxucz0iaHR0cDovL3d3dy53My5vcmcvMjAwMC9zdmciPjwvc3ZnPg==\" style=\"--smush-placeholder-width: 280px; --smush-placeholder-aspect-ratio: 280\/211;\" \/><\/a><figcaption id=\"caption-attachment-38847\" class=\"wp-caption-text\"><a href=\"https:\/\/www.brw.pl\/oslonka-na-doniczke-skorupka-jajka-8-cm-biala,186819\" target=\"_blank\" rel=\"noopener noreferrer\"><span style=\"font-weight: 400;\">OS\u0141ONKA CERAMICZNA SKORUPKA JAJKA BIA\u0141A<\/span><\/a><\/figcaption><\/figure>\n<\/div>\n<h3>Sypialnia \u2013 postaw na wiosenne akcenty<\/h3>\n<p>Kwiaty to wyj\u0105tkowa ozdoba sto\u0142u, jednak kolorowe bukiety pi\u0119knie wygl\u0105daj\u0105 r\u00f3wnie\u017c na szafce nocnej, komodzie lub p\u00f3\u0142ce. Dekoruj\u0105c dom, nie ograniczaj si\u0119 wy\u0142\u0105cznie do wsp\u00f3lnie u\u017cytkowanych pomieszcze\u0144 i przemy\u0107 kilka radosnych akcent\u00f3w do sypialni.<\/p>\n<p>Na stoliku nocnym mo\u017cesz postawi\u0107 niewielki wazonik z frezjami lub narcyzami, a na komodzie u\u0142o\u017cy\u0107 pastelowe \u015bwiece i gniazdka z wierzbowych ga\u0142\u0105zek. Je\u015bli lubisz zapachowe \u015bwiece, si\u0119gnij po produkty o kwiatowych nutach.<\/p>\n<h2><strong>Bukiet z kwiat\u00f3w ci\u0119tych w wazonie, bratki w doniczce czy rze\u017cucha: na co postawisz?<\/strong><\/h2>\n<p>Niezale\u017cnie od tego, czy zdecydujesz si\u0119 na okaza\u0142y wiosenny bukiet, pojedyncz\u0105 cebulk\u0119 w doniczce czy kolorowy stroik, jedno jest pewne \u2013 ro\u015bliny wprowadz\u0105 do Twojego domu prawdziwie \u015bwi\u0105teczn\u0105 atmosfer\u0119.<\/p>\n<p>Dekoracje wielkanocne to co\u015b wi\u0119cej ni\u017c ozdoba. To jeden ze sposob\u00f3w na celebrowanie radosnego, rodzinnego czasu. Eksperymentuj z kompozycjami, \u0142\u0105cz kolory i formy, tworz\u0105c dekoracje, kt\u00f3re ciesz\u0105 oczy i serce.<\/p>\n<p>Jak jeszcze przygotowa\u0107 dom na Wielkanoc? Wi\u0119cej kreatywnych pomys\u0142\u00f3w znajdziesz w artykule: <a href=\"https:\/\/www.brw.pl\/blog\/dekoracje-z-jajek-na-stol-wielkanocny-ktore-zachwyca-twoich-gosci\/\" target=\"_blank\" rel=\"noopener\">&#8222;Dekoracje z jajek na st\u00f3\u0142 wielkanocny, kt\u00f3re zachwyc\u0105 Twoich go\u015bci&#8221;<\/a>.<\/p>\n<p><strong>Szukasz \u015bwi\u0105tecznych ozd\u00f3b, kt\u00f3re dope\u0142ni\u0105 Twoj\u0105 aran\u017cacj\u0119? W <a href=\"https:\/\/www.brw.pl\/\" target=\"_blank\" rel=\"noopener\">sklepie internetowym Black Red White<\/a> czeka na Ciebie du\u017cy wyb\u00f3r wielkanocnych dekoracji, w tym wiank\u00f3w, stroik\u00f3w, figurek, koszyczk\u00f3w i pisanek. Zainspiruj si\u0119!<\/strong><\/p>\n","protected":false},"excerpt":{"rendered":"<p>Wielkanoc to doskona\u0142y moment, aby o\u017cywi\u0107 wn\u0119trze naturalnymi dekoracjami, kt\u00f3re podkre\u015bl\u0105 charakter \u015bwi\u0105tecznych dni. Jak stworzy\u0107 udane ro\u015blinne kompozycje w wielkanocnym klimacie? Jakie kwiaty do nich wybra\u0107? Podpowiadamy! Zobacz inspiracje, dzi\u0119ki kt\u00f3rym Tw\u00f3j dom rozkwitnie na nowo.<\/p>\n","protected":false},"author":21,"featured_media":38836,"comment_status":"closed","ping_status":"open","sticky":false,"template":"","format":"standard","meta":{"footnotes":""},"categories":[39,572,742],"tags":[],"aioseo_notices":[],"_links":{"self":[{"href":"https:\/\/www.brw.pl\/blog\/wp-json\/wp\/v2\/posts\/38835"}],"collection":[{"href":"https:\/\/www.brw.pl\/blog\/wp-json\/wp\/v2\/posts"}],"about":[{"href":"https:\/\/www.brw.pl\/blog\/wp-json\/wp\/v2\/types\/post"}],"author":[{"embeddable":true,"href":"https:\/\/www.brw.pl\/blog\/wp-json\/wp\/v2\/users\/21"}],"replies":[{"embeddable":true,"href":"https:\/\/www.brw.pl\/blog\/wp-json\/wp\/v2\/comments?post=38835"}],"version-history":[{"count":2,"href":"https:\/\/www.brw.pl\/blog\/wp-json\/wp\/v2\/posts\/38835\/revisions"}],"predecessor-version":[{"id":38849,"href":"https:\/\/www.brw.pl\/blog\/wp-json\/wp\/v2\/posts\/38835\/revisions\/38849"}],"wp:featuredmedia":[{"embeddable":true,"href":"https:\/\/www.brw.pl\/blog\/wp-json\/wp\/v2\/media\/38836"}],"wp:attachment":[{"href":"https:\/\/www.brw.pl\/blog\/wp-json\/wp\/v2\/media?parent=38835"}],"wp:term":[{"taxonomy":"category","embeddable":true,"href":"https:\/\/www.brw.pl\/blog\/wp-json\/wp\/v2\/categories?post=38835"},{"taxonomy":"post_tag","embeddable":true,"href":"https:\/\/www.brw.pl\/blog\/wp-json\/wp\/v2\/tags?post=38835"}],"curies":[{"name":"wp","href":"https:\/\/api.w.org\/{rel}","templated":true}]}}