{"id":38858,"date":"2025-03-26T08:41:30","date_gmt":"2025-03-26T07:41:30","guid":{"rendered":"https:\/\/www.brw.pl\/blog\/?p=38858"},"modified":"2025-04-10T08:48:56","modified_gmt":"2025-04-10T06:48:56","slug":"kolorowy-serwis-obiadowy-jaki-bedzie-najlepszy-wybierz-kolory-pobudzajace-apetyt","status":"publish","type":"post","link":"https:\/\/www.brw.pl\/blog\/kolorowy-serwis-obiadowy-jaki-bedzie-najlepszy-wybierz-kolory-pobudzajace-apetyt\/","title":{"rendered":"Kolorowy serwis obiadowy: jaki b\u0119dzie najlepszy? Wybierz kolory pobudzaj\u0105ce apetyt!"},"content":{"rendered":"<p><strong>Czy wiesz, \u017ce wa\u017cn\u0105 rol\u0119 w odbiorze posi\u0142ku odgrywa nie tylko to, co na talerzu, ale tak\u017ce\u2026 sam talerz? Kolory, faktura i kszta\u0142t naczy\u0144 potrafi\u0105 subtelnie, lecz skutecznie podbi\u0107 smak jedzenia i sprawi\u0107, \u017ce nawet codzienny obiad nabiera wyj\u0105tkowego charakteru. Zobacz, jakie kolory najlepiej pobudzaj\u0105 apetyt, a tak\u017ce jak dopasowa\u0107 komplet obiadowy do stylu wn\u0119trza!<\/strong><!--more--><\/p>\n<div style=\"display: flex; align-items: center; justify-content: center; text-align: center;\">\n<figure id=\"attachment_38859\" aria-describedby=\"caption-attachment-38859\" style=\"width: 800px\" class=\"wp-caption alignnone\"><a href=\"https:\/\/www.brw.pl\/komplet-obiadowy-porto-porcelanowy-18-el-,524348\" target=\"_blank\" rel=\"noopener noreferrer\"><img decoding=\"async\" class=\"wp-image-38859 size-medium lazyload\" data-src=\"https:\/\/www.brw.pl\/blog\/wp-content\/uploads\/2025\/03\/komplet-obiadowy-porto-porcelanowy-18-el-xlargea-800x534.jpg\" alt=\"Kolorowy serwis obiadowy: jaki b\u0119dzie najlepszy? Wybierz kolory pobudzaj\u0105ce apetyt!\" width=\"800\" height=\"534\" data-srcset=\"https:\/\/www.brw.pl\/blog\/wp-content\/uploads\/2025\/03\/komplet-obiadowy-porto-porcelanowy-18-el-xlargea-800x534.jpg 800w, https:\/\/www.brw.pl\/blog\/wp-content\/uploads\/2025\/03\/komplet-obiadowy-porto-porcelanowy-18-el-xlargea-768x512.jpg 768w, https:\/\/www.brw.pl\/blog\/wp-content\/uploads\/2025\/03\/komplet-obiadowy-porto-porcelanowy-18-el-xlargea-1536x1025.jpg 1536w, https:\/\/www.brw.pl\/blog\/wp-content\/uploads\/2025\/03\/komplet-obiadowy-porto-porcelanowy-18-el-xlargea.jpg 1541w\" data-sizes=\"(max-width: 800px) 100vw, 800px\" src=\"data:image\/svg+xml;base64,PHN2ZyB3aWR0aD0iMSIgaGVpZ2h0PSIxIiB4bWxucz0iaHR0cDovL3d3dy53My5vcmcvMjAwMC9zdmciPjwvc3ZnPg==\" style=\"--smush-placeholder-width: 800px; --smush-placeholder-aspect-ratio: 800\/534;\" \/><\/a><figcaption id=\"caption-attachment-38859\" class=\"wp-caption-text\"><a href=\"https:\/\/www.brw.pl\/komplet-obiadowy-porto-porcelanowy-18-el-,524348\" target=\"_blank\" rel=\"noopener noreferrer\"><span style=\"font-weight: 400;\">KOMPLET OBIADOWY PORTO PORCELANOWY<\/span><\/a><\/figcaption><\/figure>\n<\/div>\n<h2><strong>Dlaczego wyb\u00f3r serwisu obiadowego ma znaczenie?<\/strong><\/h2>\n<p>Istnieje wiele powod\u00f3w, dla kt\u00f3rych troszczymy si\u0119 o sp\u00f3jno\u015b\u0107 wizualn\u0105 na stole. Jednym z nich jest przyjemna atmosfera. Pi\u0119kny <a href=\"https:\/\/www.brw.pl\/serwowanie\/dekoracja-stolu\/obrusy\/\" target=\"_blank\" rel=\"noopener\">obrus<\/a>, <a href=\"https:\/\/www.brw.pl\/serwowanie\/dekoracja-stolu\/serwetki\/\" target=\"_blank\" rel=\"noopener\">serwetki<\/a>, dekoracje i odpowiednio dobrana zastawa sto\u0142owa to elementy, dzi\u0119ki kt\u00f3rym codzienne posi\u0142ki nabieraj\u0105 od\u015bwi\u0119tnego charakteru. W ko\u0144cu wsp\u00f3lne spotkania w jadalni zas\u0142uguj\u0105 na celebracj\u0119, nawet je\u015bli to nie uroczysty, a zwyk\u0142y obiad w towarzystwie najbli\u017cszych os\u00f3b.<\/p>\n<p>Co wi\u0119cej, wsp\u00f3\u0142czesne trendy wn\u0119trzarskie udowadniaj\u0105, \u017ce detale, kt\u00f3rymi otaczamy si\u0119 w domu, maj\u0105 ogromne znaczenie. <a href=\"https:\/\/www.brw.pl\/serwowanie\/serwowanie-potraw\/serwisy-obiadowe\/\" target=\"_blank\" rel=\"noopener\">Serwis obiadowy<\/a> z powodzeniem mo\u017ce pos\u0142u\u017cy\u0107 za subtelne uzupe\u0142nienie wystroju jadalni lub ciekawy akcent kontrastuj\u0105cy z reszt\u0105\u00a0aran\u017cacji wn\u0119trza.<\/p>\n<p>Czy jednak wyb\u00f3r nakrycia sto\u0142u to wy\u0142\u0105cznie kwestia estetyczna? Niezupe\u0142nie! <strong>Naczynia do serwowania oddzia\u0142uj\u0105 na nasze zmys\u0142y na wiele sposob\u00f3w, a ich wygl\u0105d to nie tylko rzecz gustu<\/strong>. Talerze, talerzyki, miski i fili\u017canki wp\u0142ywaj\u0105 na to, jak odbieramy smak potraw i napoj\u00f3w, jak bardzo jeste\u015bmy sk\u0142onni do jedzenia, a nawet jak d\u0142ugo trwaj\u0105 nasze posi\u0142ki.<\/p>\n<h2><strong>Kolory na stole \u2013 jak wp\u0142ywaj\u0105 na apetyt i atmosfer\u0119?<\/strong><\/h2>\n<p>Kolory, kt\u00f3re wykorzystujemy, przygotowuj\u0105c opraw\u0119 sto\u0142u, rzutuj\u0105 nie tylko na percepcj\u0119 samej aran\u017cacji, ale r\u00f3wnie\u017c na nasz apetyt. Jak to mo\u017cliwe? Ot\u00f3\u017c, jak pokazuj\u0105 badania, <strong>barwa naczy\u0144 ma wp\u0142yw na postrzeganie smaku jedzenia<\/strong>.<\/p>\n<div style=\"display: flex; align-items: center; justify-content: center; text-align: center;\">\n<figure id=\"attachment_38957\" aria-describedby=\"caption-attachment-38957\" style=\"width: 800px\" class=\"wp-caption aligncenter\"><a href=\"https:\/\/www.brw.pl\/komplet-obiadowy-herbal-porcelana-18-el-bialo-niebieska,55578\" target=\"_blank\" rel=\"noopener noreferrer\"><img decoding=\"async\" class=\"wp-image-38957 size-medium lazyload\" data-src=\"https:\/\/www.brw.pl\/blog\/wp-content\/uploads\/2025\/03\/komplet-obiadowy-herbal-porcelana-18-el-bialo-niebieska-xlargea-800x531.jpg\" alt=\"Komplet obiadowy Herbal porcelana\" width=\"800\" height=\"531\" data-srcset=\"https:\/\/www.brw.pl\/blog\/wp-content\/uploads\/2025\/03\/komplet-obiadowy-herbal-porcelana-18-el-bialo-niebieska-xlargea-800x531.jpg 800w, https:\/\/www.brw.pl\/blog\/wp-content\/uploads\/2025\/03\/komplet-obiadowy-herbal-porcelana-18-el-bialo-niebieska-xlargea-768x510.jpg 768w, https:\/\/www.brw.pl\/blog\/wp-content\/uploads\/2025\/03\/komplet-obiadowy-herbal-porcelana-18-el-bialo-niebieska-xlargea-1536x1020.jpg 1536w, https:\/\/www.brw.pl\/blog\/wp-content\/uploads\/2025\/03\/komplet-obiadowy-herbal-porcelana-18-el-bialo-niebieska-xlargea.jpg 1539w\" data-sizes=\"(max-width: 800px) 100vw, 800px\" src=\"data:image\/svg+xml;base64,PHN2ZyB3aWR0aD0iMSIgaGVpZ2h0PSIxIiB4bWxucz0iaHR0cDovL3d3dy53My5vcmcvMjAwMC9zdmciPjwvc3ZnPg==\" style=\"--smush-placeholder-width: 800px; --smush-placeholder-aspect-ratio: 800\/531;\" \/><\/a><figcaption id=\"caption-attachment-38957\" class=\"wp-caption-text\"><a href=\"https:\/\/www.brw.pl\/komplet-obiadowy-tognana-metropolis-jungle-porcelana-18-el-zielony,185130\" target=\"_blank\" rel=\"noopener noreferrer\"><span style=\"font-weight: 400;\">KOMPLET OBIADOWY HERBAL<\/span><\/a><\/figcaption><\/figure>\n<\/div>\n<p>R\u00f3\u017c dodaje s\u0142odyczy, biel wzbudza zainteresowanie jedzeniem, a ciep\u0142e odcienie, do kt\u00f3rych zalicza si\u0119 czerwony, pomara\u0144czowy czy \u017c\u00f3\u0142ty, wzmagaj\u0105 apetyt i sprawiaj\u0105, \u017ce potrawy wydaj\u0105 si\u0119 bardziej intensywne w smaku. Z kolei ch\u0142odne kolory, np. niebieski czy fioletowy, dzia\u0142aj\u0105 odwrotnie \u2013 to nie przypadek, \u017ce rzadko spotyka si\u0119 je w gastronomii!<\/p>\n<h3>Ciep\u0142e barwy \u2013 pobudzacze apetytu<\/h3>\n<p><strong>Czerwie\u0144<\/strong> \u2013 jeden z najsilniejszych kolor\u00f3w pod wzgl\u0119dem oddzia\u0142ywania na apetyt. Pod\u015bwiadomie kojarzy si\u0119 z energi\u0105, pasj\u0105 i smakiem. Czerwone talerze \u015bwietnie sprawdz\u0105 si\u0119 w jadalniach, w kt\u00f3rych chcemy zbudowa\u0107 radosn\u0105 atmosfer\u0119.<\/p>\n<p><strong>Pomara\u0144cz<\/strong> \u2013 symbol ciep\u0142a i rado\u015bci, \u0142\u0105czony najcz\u0119\u015bciej z owocami cytrusowymi i letnimi potrawami. Doskonale wsp\u00f3\u0142gra z wn\u0119trzami urz\u0105dzonymi w stylu rustykalnym lub boho.<\/p>\n<p><strong>\u017b\u00f3\u0142\u0107<\/strong> \u2013 kolor optymizmu, kt\u00f3ry pobudza kubki smakowe i dodaje energii. \u017b\u00f3\u0142te akcenty na stole sprawiaj\u0105, \u017ce jedzenie wygl\u0105da \u015bwie\u017co i apetycznie.<\/p>\n<h3>Barwy natury, czyli harmonia i spok\u00f3j<\/h3>\n<div style=\"display: flex; align-items: center; justify-content: center; text-align: center;\">\n<figure id=\"attachment_38860\" aria-describedby=\"caption-attachment-38860\" style=\"width: 798px\" class=\"wp-caption alignnone\"><a href=\"https:\/\/www.brw.pl\/komplet-obiadowy-madison-natura-tognana-porcelana-18-el-wielokolorowa,330060\" target=\"_blank\" rel=\"noopener noreferrer\"><img decoding=\"async\" class=\"wp-image-38860 size-medium lazyload\" data-src=\"https:\/\/www.brw.pl\/blog\/wp-content\/uploads\/2025\/03\/komplet-obiadowy-madison-natura-tognana-porcelana-18-el-wielokolorowa-xlargea-798x800.jpg\" alt=\"Komplet obiadowy Madison Natura Tongana porcelana\" width=\"798\" height=\"800\" data-srcset=\"https:\/\/www.brw.pl\/blog\/wp-content\/uploads\/2025\/03\/komplet-obiadowy-madison-natura-tognana-porcelana-18-el-wielokolorowa-xlargea-798x800.jpg 798w, https:\/\/www.brw.pl\/blog\/wp-content\/uploads\/2025\/03\/komplet-obiadowy-madison-natura-tognana-porcelana-18-el-wielokolorowa-xlargea-150x150.jpg 150w, https:\/\/www.brw.pl\/blog\/wp-content\/uploads\/2025\/03\/komplet-obiadowy-madison-natura-tognana-porcelana-18-el-wielokolorowa-xlargea-768x770.jpg 768w, https:\/\/www.brw.pl\/blog\/wp-content\/uploads\/2025\/03\/komplet-obiadowy-madison-natura-tognana-porcelana-18-el-wielokolorowa-xlargea-165x165.jpg 165w, https:\/\/www.brw.pl\/blog\/wp-content\/uploads\/2025\/03\/komplet-obiadowy-madison-natura-tognana-porcelana-18-el-wielokolorowa-xlargea-120x120.jpg 120w, https:\/\/www.brw.pl\/blog\/wp-content\/uploads\/2025\/03\/komplet-obiadowy-madison-natura-tognana-porcelana-18-el-wielokolorowa-xlargea.jpg 1019w\" data-sizes=\"(max-width: 798px) 100vw, 798px\" src=\"data:image\/svg+xml;base64,PHN2ZyB3aWR0aD0iMSIgaGVpZ2h0PSIxIiB4bWxucz0iaHR0cDovL3d3dy53My5vcmcvMjAwMC9zdmciPjwvc3ZnPg==\" style=\"--smush-placeholder-width: 798px; --smush-placeholder-aspect-ratio: 798\/800;\" \/><\/a><figcaption id=\"caption-attachment-38860\" class=\"wp-caption-text\"><a href=\"https:\/\/www.brw.pl\/komplet-obiadowy-madison-natura-tognana-porcelana-18-el-wielokolorowa,330060\" target=\"_blank\" rel=\"noopener noreferrer\"><span style=\"font-weight: 400;\">KOMPLET OBIADOWY MADISON NATURA TONGANA<\/span><\/a><\/figcaption><\/figure>\n<\/div>\n<p><strong>Ziele\u0144<\/strong> \u2013 przywo\u0142uje na my\u015bl zdrow\u0105 \u017cywno\u015b\u0107, natur\u0119, \u015bwie\u017co\u015b\u0107. Pasuje do nowoczesnych wn\u0119trz, ale nie tylko. Zielone talerze to obowi\u0105zkowy element zastawy obiadowej w domach mi\u0142o\u015bnik\u00f3w zdrowej kuchni.<\/p>\n<p><strong>Br\u0105z i be\u017c<\/strong> \u2013 barwy ziemi, kt\u00f3re budz\u0105 skojarzenia z naturalnymi materia\u0142ami, takimi jak drewno i glina. Doskona\u0142e do wn\u0119trz w stylu boho, eko, japandi, skandynawskich i rustykalnych.<\/p>\n<h3>Ch\u0142odne odcienie \u2013 stonowana elegancja<\/h3>\n<div style=\"display: flex; align-items: center; justify-content: center; text-align: center;\">\n<figure id=\"attachment_38862\" aria-describedby=\"caption-attachment-38862\" style=\"width: 800px\" class=\"wp-caption alignnone\"><a href=\"https:\/\/www.brw.pl\/komplet-obiadowy-terra-ceramika-18-el-niebieski,191382\" target=\"_blank\" rel=\"noopener noreferrer\"><img decoding=\"async\" class=\"wp-image-38862 size-medium lazyload\" data-src=\"https:\/\/www.brw.pl\/blog\/wp-content\/uploads\/2025\/03\/komplet-obiadowy-terra-ceramika-18-el-niebieski-xlargea-800x532.jpg\" alt=\"Komplet obiadowy Terra ceramika\" width=\"800\" height=\"532\" data-srcset=\"https:\/\/www.brw.pl\/blog\/wp-content\/uploads\/2025\/03\/komplet-obiadowy-terra-ceramika-18-el-niebieski-xlargea-800x532.jpg 800w, https:\/\/www.brw.pl\/blog\/wp-content\/uploads\/2025\/03\/komplet-obiadowy-terra-ceramika-18-el-niebieski-xlargea-768x511.jpg 768w, https:\/\/www.brw.pl\/blog\/wp-content\/uploads\/2025\/03\/komplet-obiadowy-terra-ceramika-18-el-niebieski-xlargea-1536x1021.jpg 1536w, https:\/\/www.brw.pl\/blog\/wp-content\/uploads\/2025\/03\/komplet-obiadowy-terra-ceramika-18-el-niebieski-xlargea.jpg 1539w\" data-sizes=\"(max-width: 800px) 100vw, 800px\" src=\"data:image\/svg+xml;base64,PHN2ZyB3aWR0aD0iMSIgaGVpZ2h0PSIxIiB4bWxucz0iaHR0cDovL3d3dy53My5vcmcvMjAwMC9zdmciPjwvc3ZnPg==\" style=\"--smush-placeholder-width: 800px; --smush-placeholder-aspect-ratio: 800\/532;\" \/><\/a><figcaption id=\"caption-attachment-38862\" class=\"wp-caption-text\"><a href=\"https:\/\/www.brw.pl\/komplet-obiadowy-terra-ceramika-18-el-niebieski,191382\" target=\"_blank\" rel=\"noopener noreferrer\"><span style=\"font-weight: 400;\">KOMPLET OBIADOWY TERRA CERAMIKA<\/span><\/a><\/figcaption><\/figure>\n<\/div>\n<p><strong>B\u0142\u0119kit<\/strong> \u2013 barwa spokoju i relaksu. Naczynia w tym kolorze \u0142adnie prezentuj\u0105 si\u0119 w eleganckich, nowoczesnych aran\u017cacjach. Dobra wiadomo\u015b\u0107 do os\u00f3b na dietach redukcyjnych: odcienie niebieskiego t\u0142umi\u0105 g\u0142\u00f3d.<\/p>\n<p><strong>Fiolet<\/strong> \u2013 rzadko spotykany w zastawie sto\u0142owej, poniewa\u017c mo\u017ce zmniejsza\u0107 ochot\u0119 na jedzenie. Sprawdza si\u0119 raczej jako subtelny akcent dekoracyjny.<\/p>\n<h2><strong>Jak dobra\u0107 serwis obiadowy do stylu wn\u0119trza?<\/strong><\/h2>\n<p>Ka\u017cdy ze styl\u00f3w aran\u017cacyjnych rz\u0105dzi si\u0119 swoimi prawami. Wybieraj\u0105c zestaw obiadowy, we\u017a pod uwag\u0119 nie tylko pomys\u0142 na dekoracj\u0119 sto\u0142u, ale i wystr\u00f3j ca\u0142ej jadalni. Naczynia sto\u0142owe mog\u0105 harmonijnie go dope\u0142nia\u0107 lub wr\u0119cz przeciwnie \u2013 subtelnie z nim kontrastowa\u0107. Na kt\u00f3r\u0105 z opcji si\u0119 zdecydujesz?<\/p>\n<p>Je\u015bli cenisz prawdziwie nowoczesne wn\u0119trza, postaw na prostot\u0119 i elegancj\u0119 w najczystszej postaci. <strong>Matowe wyko\u0144czenia, geometryczne formy, jednolite kolory \u2013 dzi\u0119ki nim Tw\u00f3j st\u00f3\u0142 zyska minimalistyczny charakter<\/strong>. <a href=\"https:\/\/www.brw.pl\/serwowanie\/serwowanie-potraw\/talerze\/\" target=\"_blank\" rel=\"noopener\">Talerze<\/a> o oszcz\u0119dnej formie b\u0119d\u0105 doskona\u0142ym t\u0142em dla potraw, a neutralne kolory podkre\u015bl\u0105 estetyk\u0119 ich podania. To idealne rozwi\u0105zanie dla os\u00f3b, kt\u00f3re lubi\u0105 przestrze\u0144 uporz\u0105dkowan\u0105 i bez zb\u0119dnych ozdobnik\u00f3w.<\/p>\n<p>Jeste\u015b artystyczn\u0105 dusz\u0105 i ci\u0105gnie Ci\u0119 do nieoczywistych rozwi\u0105za\u0144? <strong>W jadalni urz\u0105dzonej w duchu boho znakomicie sprawdz\u0105 si\u0119 talerze o nieregularnych kszta\u0142tach, bajecznie kolorowe, r\u0119cznie zdobione<\/strong>. Po\u017cegnaj r\u00f3wne linie i symetri\u0119 \u2013 postaw na mocne akcenty, za pomoc\u0105 kt\u00f3rych udekorujesz st\u00f3\u0142 po swojemu.<\/p>\n<p>A mo\u017ce masz sentyment do stylu retro? <strong>Je\u015bli kochasz wn\u0119trza inspirowane latami 60. i 70., Twoja zastawa obiadowa powinna by\u0107 r\u00f3wnie wyrazista, co ca\u0142a aran\u017cacja<\/strong>. Talerze w intensywnych barwach, charakterystyczne wzory geometryczne, motywy kwiatowe \u2013 to wszystko przeniesie Ci\u0119 do czas\u00f3w, gdy design by\u0142 odwa\u017cny i pe\u0142en \u017cycia.<\/p>\n<div style=\"display: flex; align-items: center; justify-content: center; text-align: center;\">\n<figure id=\"attachment_28464\" aria-describedby=\"caption-attachment-28464\" style=\"width: 400px\" class=\"wp-caption alignnone\"><a href=\"https:\/\/www.brw.pl\/komplet-obiadowy-azulejos-porcelana-18-el-niebieski,46561\" target=\"_blank\" rel=\"noopener noreferrer\"><img decoding=\"async\" class=\"wp-image-28464 lazyload\" data-src=\"https:\/\/www.brw.pl\/blog\/wp-content\/uploads\/2022\/11\/komplet-obiadowy-azulejos.jpg\" alt=\"Komplet obiadowy Azulejos\" width=\"400\" height=\"300\" src=\"data:image\/svg+xml;base64,PHN2ZyB3aWR0aD0iMSIgaGVpZ2h0PSIxIiB4bWxucz0iaHR0cDovL3d3dy53My5vcmcvMjAwMC9zdmciPjwvc3ZnPg==\" style=\"--smush-placeholder-width: 400px; --smush-placeholder-aspect-ratio: 400\/300;\" \/><\/a><figcaption id=\"caption-attachment-28464\" class=\"wp-caption-text\"><a href=\"https:\/\/www.brw.pl\/komplet-obiadowy-terra-ceramika-18-el-niebieski,191382\" target=\"_blank\" rel=\"noopener noreferrer\"><span style=\"font-weight: 400;\">KOMPLET OBIADOWY AZULEJOS NIEBIESKI<\/span><\/a><\/figcaption><\/figure>\n<figure id=\"attachment_38863\" aria-describedby=\"caption-attachment-38863\" style=\"width: 400px\" class=\"wp-caption alignnone\"><a href=\"https:\/\/www.brw.pl\/komplet-obiadowy-fiori-porcelana-18-el-bialo-czerwony,55579\" target=\"_blank\" rel=\"noopener noreferrer\"><img decoding=\"async\" class=\"wp-image-38863 lazyload\" data-src=\"https:\/\/www.brw.pl\/blog\/wp-content\/uploads\/2025\/03\/komplet-obiadowy-fiori-porcelana-18-el-bialo-czerwony-slargea.jpg\" alt=\"Komplet obiadowy Fiori porcelana\" width=\"400\" height=\"301\" data-srcset=\"https:\/\/www.brw.pl\/blog\/wp-content\/uploads\/2025\/03\/komplet-obiadowy-fiori-porcelana-18-el-bialo-czerwony-slargea.jpg 798w, https:\/\/www.brw.pl\/blog\/wp-content\/uploads\/2025\/03\/komplet-obiadowy-fiori-porcelana-18-el-bialo-czerwony-slargea-768x577.jpg 768w\" data-sizes=\"(max-width: 400px) 100vw, 400px\" src=\"data:image\/svg+xml;base64,PHN2ZyB3aWR0aD0iMSIgaGVpZ2h0PSIxIiB4bWxucz0iaHR0cDovL3d3dy53My5vcmcvMjAwMC9zdmciPjwvc3ZnPg==\" style=\"--smush-placeholder-width: 400px; --smush-placeholder-aspect-ratio: 400\/301;\" \/><\/a><figcaption id=\"caption-attachment-38863\" class=\"wp-caption-text\"><a href=\"https:\/\/www.brw.pl\/komplet-obiadowy-fiori-porcelana-18-el-bialo-czerwony,55579\" target=\"_blank\" rel=\"noopener noreferrer\"><span style=\"font-weight: 400;\">KOMPLET OBIADOWY FIORI<\/span><\/a><\/figcaption><\/figure>\n<\/div>\n<h2><strong>Materia\u0142 ma znaczenie \u2013 porcelana czy ceramika?<\/strong><\/h2>\n<p>Porcelanowe wyroby od wiek\u00f3w uwa\u017cane s\u0105 za ekskluzywne i luksusowe. Historia porcelany si\u0119ga staro\u017cytnych Chin, gdzie by\u0142a symbolem presti\u017cu i wysokiej jako\u015bci rzemios\u0142a. To niezwykle <strong>cienki materia\u0142, kt\u00f3ry charakteryzuje si\u0119 eleganckim po\u0142yskiem i delikatn\u0105, niemal aksamitn\u0105 w dotyku faktur\u0105<\/strong>.<\/p>\n<p>Porcelana wypalana jest w bardzo wysokiej temperaturze (nawet do 1400\u00b0C), dzi\u0119ki czemu nie ch\u0142onie zapach\u00f3w ani wilgoci. Jej najwi\u0119ksz\u0105 wad\u0105 jest krucho\u015b\u0107 \u2013 mo\u017ce p\u0119kn\u0105\u0107 nie tylko podczas upadku, ale i na skutek gwa\u0142townej zmiany temperatury. Zwykle przeznaczona jest na specjalne okazje i u\u017cywana podczas eleganckich kolacji czy \u015bwi\u0105tecznych spotka\u0144.<\/p>\n<div style=\"display: flex; align-items: center; justify-content: center; text-align: center;\">\n<figure id=\"attachment_38864\" aria-describedby=\"caption-attachment-38864\" style=\"width: 800px\" class=\"wp-caption alignnone\"><a href=\"https:\/\/www.brw.pl\/komplet-obiadowy-lisboa-porcelanowy-18-el-,524330\" target=\"_blank\" rel=\"noopener noreferrer\"><img decoding=\"async\" class=\"wp-image-38864 size-medium lazyload\" data-src=\"https:\/\/www.brw.pl\/blog\/wp-content\/uploads\/2025\/03\/komplet-obiadowy-lisboa-porcelanowy-18-el-xlargea-800x531.jpg\" alt=\"Komplet obiadowy Lisboa porcelanowy\" width=\"800\" height=\"531\" data-srcset=\"https:\/\/www.brw.pl\/blog\/wp-content\/uploads\/2025\/03\/komplet-obiadowy-lisboa-porcelanowy-18-el-xlargea-800x531.jpg 800w, https:\/\/www.brw.pl\/blog\/wp-content\/uploads\/2025\/03\/komplet-obiadowy-lisboa-porcelanowy-18-el-xlargea-768x510.jpg 768w, https:\/\/www.brw.pl\/blog\/wp-content\/uploads\/2025\/03\/komplet-obiadowy-lisboa-porcelanowy-18-el-xlargea-1536x1020.jpg 1536w, https:\/\/www.brw.pl\/blog\/wp-content\/uploads\/2025\/03\/komplet-obiadowy-lisboa-porcelanowy-18-el-xlargea.jpg 1539w\" data-sizes=\"(max-width: 800px) 100vw, 800px\" src=\"data:image\/svg+xml;base64,PHN2ZyB3aWR0aD0iMSIgaGVpZ2h0PSIxIiB4bWxucz0iaHR0cDovL3d3dy53My5vcmcvMjAwMC9zdmciPjwvc3ZnPg==\" style=\"--smush-placeholder-width: 800px; --smush-placeholder-aspect-ratio: 800\/531;\" \/><\/a><figcaption id=\"caption-attachment-38864\" class=\"wp-caption-text\"><a href=\"https:\/\/www.brw.pl\/komplet-obiadowy-lisboa-porcelanowy-18-el-,524330\" target=\"_blank\" rel=\"noopener noreferrer\"><span style=\"font-weight: 400;\">KOMPLET OBIADOWY LISBOA PORCELANOWY<\/span><\/a><\/figcaption><\/figure>\n<\/div>\n<p>Ceramika to z kolei szeroka kategoria obejmuj\u0105ca r\u00f3\u017cne rodzaje materia\u0142\u00f3w, w tym porcelan\u0119, fajans, porcelit czy kamionk\u0119. Co ciekawe, <strong>w s\u0142owniku potocznym ceramika najcz\u0119\u015bciej odnosi si\u0119 do porcelitu lub kamionki<\/strong>. Dost\u0119pne na rynku ceramiczne serwisy na og\u00f3\u0142 nadaj\u0105 si\u0119 do mycia w zmywarce czy podgrzewania w kuchence mikrofalowej, s\u0105 te\u017c du\u017co trwalsze ni\u017c kruche z natury &#8222;bia\u0142e z\u0142oto&#8221;. Z tego powodu cz\u0119sto wybierane s\u0105 jako naczynia do codziennego u\u017cytku.<\/p>\n<h2><strong>Jakie talerze s\u0105 teraz na topie?<\/strong><\/h2>\n<p>\u015awiat designu zmienia si\u0119 dynamicznie, proponuj\u0105c zupe\u0142nie nowe lub odrobin\u0119 zmodyfikowane rozwi\u0105zania dekoracyjne. W ostatnich sezonach pojawi\u0142o si\u0119 kilka wyra\u017anych trend\u00f3w, kt\u00f3re zdominowa\u0142y jadalnie i restauracje. Jakie talerze ciesz\u0105 si\u0119 obecnie najwi\u0119ksz\u0105 popularno\u015bci\u0105?<\/p>\n<h3>Naturalne kolory i tekstury \u2013 powr\u00f3t do ziemi<\/h3>\n<p>Minimalizm i inspiracje natur\u0105 to trend, kt\u00f3ry od kilku lat rz\u0105dzi we wn\u0119trzach \u2013 jadalnia wraz z aran\u017cacj\u0105 sto\u0142u nie s\u0105 tu wyj\u0105tkiem. Popularno\u015b\u0107 zdobywaj\u0105 ciep\u0142e be\u017ce, subtelne zielenie, br\u0105zy, odcienie piaskowe. Na pierwszy plan wysuwaj\u0105 si\u0119 talerze o lekko chropowatym wyko\u0144czeniu, nieregularnych kszta\u0142tach i formach nawi\u0105zuj\u0105cych do r\u0119kodzie\u0142a.<\/p>\n<h3>Eklektyczne zestawy \u2013 mieszaj i \u0142\u0105cz!<\/h3>\n<p>Zapomnij o sztywnej zasadzie, kt\u00f3ra m\u00f3wi, \u017ce wszystkie naczynia na stole musz\u0105 by\u0107 identyczne. Wsp\u00f3\u0142czesne trendy promuj\u0105 zestawy sk\u0142adaj\u0105ce si\u0119 z r\u00f3\u017cnych wzor\u00f3w, kolor\u00f3w i styl\u00f3w. Co to oznacza w praktyce? Mo\u017cesz po\u0142\u0105czy\u0107 klasyczne bia\u0142e talerze z kolorowymi <a href=\"https:\/\/www.brw.pl\/serwowanie\/serwowanie-potraw\/miski-i-salaterki\/\" target=\"_blank\" rel=\"noopener\">miskami<\/a> albo doda\u0107 do eleganckiej zastawy jeden kontrastuj\u0105cy element, np. zdobion\u0105 <a href=\"https:\/\/www.brw.pl\/serwowanie\/serwowanie-napojow\/filizanki\/\" target=\"_blank\" rel=\"noopener\">fili\u017cank\u0119<\/a> czy talerz z wyrazistym printem. Je\u015bli lubisz kreatywne aran\u017cacje i chcesz, by Tw\u00f3j st\u00f3\u0142 przyci\u0105ga\u0142 uwag\u0119, ten trend jest dla Ciebie!<\/p>\n<div style=\"display: flex; align-items: center; justify-content: center; text-align: center;\">\n<figure id=\"attachment_38865\" aria-describedby=\"caption-attachment-38865\" style=\"width: 400px\" class=\"wp-caption alignnone\"><a href=\"https:\/\/www.brw.pl\/komplet-obiadowy-moon-pastel-tognana-porcelanowy-18-el-,519435\" target=\"_blank\" rel=\"noopener noreferrer\"><img decoding=\"async\" class=\"wp-image-38865 lazyload\" data-src=\"https:\/\/www.brw.pl\/blog\/wp-content\/uploads\/2025\/03\/komplet-obiadowy-moon-pastel-tognana-porcelanowy-18-el-slargea.jpg\" alt=\"Komplet obiadowy Moon Pastel Tongana porcelanowy\" width=\"400\" height=\"301\" data-srcset=\"https:\/\/www.brw.pl\/blog\/wp-content\/uploads\/2025\/03\/komplet-obiadowy-moon-pastel-tognana-porcelanowy-18-el-slargea.jpg 798w, https:\/\/www.brw.pl\/blog\/wp-content\/uploads\/2025\/03\/komplet-obiadowy-moon-pastel-tognana-porcelanowy-18-el-slargea-768x577.jpg 768w\" data-sizes=\"(max-width: 400px) 100vw, 400px\" src=\"data:image\/svg+xml;base64,PHN2ZyB3aWR0aD0iMSIgaGVpZ2h0PSIxIiB4bWxucz0iaHR0cDovL3d3dy53My5vcmcvMjAwMC9zdmciPjwvc3ZnPg==\" style=\"--smush-placeholder-width: 400px; --smush-placeholder-aspect-ratio: 400\/301;\" \/><\/a><figcaption id=\"caption-attachment-38865\" class=\"wp-caption-text\"><a href=\"https:\/\/www.brw.pl\/komplet-obiadowy-moon-pastel-tognana-porcelanowy-18-el-,519435\" target=\"_blank\" rel=\"noopener noreferrer\"><span style=\"font-weight: 400;\">KOMPLET OBIADOWY MOON PASTEL TONGANA<\/span><\/a><\/figcaption><\/figure>\n<figure id=\"attachment_38866\" aria-describedby=\"caption-attachment-38866\" style=\"width: 400px\" class=\"wp-caption alignnone\"><a href=\"https:\/\/www.brw.pl\/komplet-obiadowy-tognana-metropolis-pepper-bamboo-porcelana-18-el-wielokolorowy,185131\" target=\"_blank\" rel=\"noopener noreferrer\"><img decoding=\"async\" class=\"wp-image-38866 lazyload\" data-src=\"https:\/\/www.brw.pl\/blog\/wp-content\/uploads\/2025\/03\/komplet-obiadowy-tognana-metropolis-pepper-bamboo-porcelana-18-el-wielokolorowy-slargea.jpg\" alt=\"Komplet obiadowy Tongana Metropolis Pepper Bamboo porcelana\" width=\"400\" height=\"301\" data-srcset=\"https:\/\/www.brw.pl\/blog\/wp-content\/uploads\/2025\/03\/komplet-obiadowy-tognana-metropolis-pepper-bamboo-porcelana-18-el-wielokolorowy-slargea.jpg 798w, https:\/\/www.brw.pl\/blog\/wp-content\/uploads\/2025\/03\/komplet-obiadowy-tognana-metropolis-pepper-bamboo-porcelana-18-el-wielokolorowy-slargea-768x577.jpg 768w\" data-sizes=\"(max-width: 400px) 100vw, 400px\" src=\"data:image\/svg+xml;base64,PHN2ZyB3aWR0aD0iMSIgaGVpZ2h0PSIxIiB4bWxucz0iaHR0cDovL3d3dy53My5vcmcvMjAwMC9zdmciPjwvc3ZnPg==\" style=\"--smush-placeholder-width: 400px; --smush-placeholder-aspect-ratio: 400\/301;\" \/><\/a><figcaption id=\"caption-attachment-38866\" class=\"wp-caption-text\"><a href=\"https:\/\/www.brw.pl\/komplet-obiadowy-tognana-metropolis-pepper-bamboo-porcelana-18-el-wielokolorowy,185131\" target=\"_blank\" rel=\"noopener noreferrer\"><span style=\"font-weight: 400;\">KOMPLET OBIADOWY TONGANA METROPOLIS PEPPER BAMBOO<\/span><\/a><\/figcaption><\/figure>\n<\/div>\n<h3>Matowe wyko\u0144czenia \u2013 surowa elegancja<\/h3>\n<p>B\u0142yszcz\u0105ce, porcelanowe talerze nadal s\u0105 w cenie, jednak coraz wi\u0119cej os\u00f3b decyduje si\u0119 na zastaw\u0119 o matowym wyko\u0144czeniu. Naczynia tego rodzaju prezentuj\u0105 si\u0119 nowocze\u015bnie i robi\u0105 wra\u017cenie zar\u00f3wno w eleganckich, jak i surowych aran\u017cacjach. Popularno\u015bci\u0105 ciesz\u0105 si\u0119 przede wszystkim talerze w odcieniach szaro\u015bci, b\u0142\u0119kitu, granatu, bordo, ciemnej zieleni, czerni. Takie zestawy obiadowe to doskona\u0142y wyb\u00f3r dla mi\u0142o\u015bnik\u00f3w nowoczesnego minimalizmu i designerskich aran\u017cacji sto\u0142u.<\/p>\n<h2><strong>Kolorowa zastawa sto\u0142owa \u2013 kt\u00f3ra trafi do Ciebie?<\/strong><\/h2>\n<p>Zastawa sto\u0142owa w modnych kolorach zamieni zwyk\u0142y posi\u0142ek w prawdziw\u0105 uczt\u0119.\u00a0<strong>Zajrzyj do <a href=\"https:\/\/www.brw.pl\/\" target=\"_blank\" rel=\"noopener\">sklepu internetowego Black Red White<\/a> i wybierz zestaw obiadowy, kt\u00f3ry zbuduje przyjazn\u0105 atmosfer\u0119 w Twojej jadalni<\/strong>. Si\u0119gnij po rozwi\u0105zania podkre\u015blaj\u0105ce apetyczny wygl\u0105d potraw i ciesz si\u0119 smakiem w najlepszej oprawie!<\/p>\n<p>A je\u015bli szykujesz nakrycie sto\u0142u na przyj\u0119cie urodzinowe, przeczytaj artyku\u0142: <a href=\"https:\/\/www.brw.pl\/blog\/dekoracja-stolu-na-urodziny-swietuj-z-black-red-white\/\" target=\"_blank\" rel=\"noopener\">&#8222;Dekoracja sto\u0142u na urodziny \u2013 \u015bwi\u0119tuj z Black Red White!&#8221;<\/a>.<\/p>\n","protected":false},"excerpt":{"rendered":"<p>Czy wiesz, \u017ce wa\u017cn\u0105 rol\u0119 w odbiorze posi\u0142ku odgrywa nie tylko to, co na talerzu, ale tak\u017ce\u2026 sam talerz? Kolory, faktura i kszta\u0142t naczy\u0144 potrafi\u0105 subtelnie, lecz skutecznie podbi\u0107 smak jedzenia i sprawi\u0107, \u017ce nawet codzienny obiad nabiera wyj\u0105tkowego charakteru. Zobacz, jakie kolory najlepiej pobudzaj\u0105 apetyt, a tak\u017ce jak dopasowa\u0107 komplet obiadowy do stylu wn\u0119trza!<\/p>\n","protected":false},"author":21,"featured_media":38859,"comment_status":"closed","ping_status":"open","sticky":false,"template":"","format":"standard","meta":{"footnotes":""},"categories":[39,738,26,572],"tags":[],"aioseo_notices":[],"_links":{"self":[{"href":"https:\/\/www.brw.pl\/blog\/wp-json\/wp\/v2\/posts\/38858"}],"collection":[{"href":"https:\/\/www.brw.pl\/blog\/wp-json\/wp\/v2\/posts"}],"about":[{"href":"https:\/\/www.brw.pl\/blog\/wp-json\/wp\/v2\/types\/post"}],"author":[{"embeddable":true,"href":"https:\/\/www.brw.pl\/blog\/wp-json\/wp\/v2\/users\/21"}],"replies":[{"embeddable":true,"href":"https:\/\/www.brw.pl\/blog\/wp-json\/wp\/v2\/comments?post=38858"}],"version-history":[{"count":4,"href":"https:\/\/www.brw.pl\/blog\/wp-json\/wp\/v2\/posts\/38858\/revisions"}],"predecessor-version":[{"id":38959,"href":"https:\/\/www.brw.pl\/blog\/wp-json\/wp\/v2\/posts\/38858\/revisions\/38959"}],"wp:featuredmedia":[{"embeddable":true,"href":"https:\/\/www.brw.pl\/blog\/wp-json\/wp\/v2\/media\/38859"}],"wp:attachment":[{"href":"https:\/\/www.brw.pl\/blog\/wp-json\/wp\/v2\/media?parent=38858"}],"wp:term":[{"taxonomy":"category","embeddable":true,"href":"https:\/\/www.brw.pl\/blog\/wp-json\/wp\/v2\/categories?post=38858"},{"taxonomy":"post_tag","embeddable":true,"href":"https:\/\/www.brw.pl\/blog\/wp-json\/wp\/v2\/tags?post=38858"}],"curies":[{"name":"wp","href":"https:\/\/api.w.org\/{rel}","templated":true}]}}