{"id":39076,"date":"2025-05-05T13:23:27","date_gmt":"2025-05-05T11:23:27","guid":{"rendered":"https:\/\/www.brw.pl\/blog\/?p=39076"},"modified":"2025-05-15T09:28:30","modified_gmt":"2025-05-15T07:28:30","slug":"dzien-dziecka-pelen-kreatywnosci-jak-urzadzic-kacik-malego-artysty","status":"publish","type":"post","link":"https:\/\/www.brw.pl\/blog\/dzien-dziecka-pelen-kreatywnosci-jak-urzadzic-kacik-malego-artysty\/","title":{"rendered":"Dzie\u0144 Dziecka pe\u0142en kreatywno\u015bci \u2013 jak urz\u0105dzi\u0107 k\u0105cik ma\u0142ego artysty?"},"content":{"rendered":"<p><strong>Chcesz podarowa\u0107 swojemu dziecku co\u015b wi\u0119cej ni\u017c kolejn\u0105 zabawk\u0119? Zorganizuj mu w\u0142asny k\u0105cik kreatywny \u2013 wyj\u0105tkow\u0105 przestrze\u0144, w kt\u00f3rej dzieci\u0119ce pomys\u0142y nabieraj\u0105 kszta\u0142t\u00f3w. Bez obaw, nie musisz przeprowadza\u0107 kosztownego remontu. Wystarczy dobry pomys\u0142 i odrobina zaanga\u017cowania. Z okazji Dnia Dziecka stw\u00f3rz razem z maluchem miejsce, kt\u00f3re b\u0119dzie sprzyja\u0107 rozwojowi i tw\u00f3rczej zabawie. Do dzie\u0142a!<\/strong><!--more--><\/p>\n<div style=\"display: flex; align-items: center; justify-content: center; text-align: center;\">\n<figure id=\"attachment_39170\" aria-describedby=\"caption-attachment-39170\" style=\"width: 800px\" class=\"wp-caption aligncenter\"><a href=\"https:\/\/www.brw.pl\/biurko-nepo-plus-100-cm-z-szuflada-i-polka-bialy,29656\" target=\"_blank\" rel=\"noopener noreferrer\"><img decoding=\"async\" class=\"wp-image-39170 size-medium lazyload\" data-src=\"https:\/\/www.brw.pl\/blog\/wp-content\/uploads\/2025\/05\/biurko-nepo-plus-800x600.jpg\" alt=\"Jak urz\u0105dzi\u0107 k\u0105cik ma\u0142ego artysty?\" width=\"800\" height=\"600\" data-srcset=\"https:\/\/www.brw.pl\/blog\/wp-content\/uploads\/2025\/05\/biurko-nepo-plus-800x600.jpg 800w, https:\/\/www.brw.pl\/blog\/wp-content\/uploads\/2025\/05\/biurko-nepo-plus-768x576.jpg 768w, https:\/\/www.brw.pl\/blog\/wp-content\/uploads\/2025\/05\/biurko-nepo-plus.jpg 1440w\" data-sizes=\"(max-width: 800px) 100vw, 800px\" src=\"data:image\/svg+xml;base64,PHN2ZyB3aWR0aD0iMSIgaGVpZ2h0PSIxIiB4bWxucz0iaHR0cDovL3d3dy53My5vcmcvMjAwMC9zdmciPjwvc3ZnPg==\" style=\"--smush-placeholder-width: 800px; --smush-placeholder-aspect-ratio: 800\/600;\" \/><\/a><figcaption id=\"caption-attachment-39170\" class=\"wp-caption-text\"><a href=\"https:\/\/www.brw.pl\/biurko-nepo-plus-100-cm-z-szuflada-i-polka-bialy,29656\" target=\"_blank\" rel=\"noopener noreferrer\"><span style=\"font-weight: 400;\">BIURKO NEPO PLUS Z SZUFLAD\u0104 I P\u00d3\u0141K\u0104<\/span><\/a><\/figcaption><\/figure>\n<\/div>\n<h2><strong>Dlaczego warto stworzy\u0107 k\u0105cik kreatywny dla dziecka?<\/strong><\/h2>\n<p>Kreatywno\u015b\u0107 to nie tylko nieskr\u0119powana zabawa, ale r\u00f3wnie\u017c spos\u00f3b my\u015blenia, kt\u00f3ry wychodzi daleko poza utarte schematy. Dzieci, kt\u00f3re maj\u0105 mo\u017cliwo\u015b\u0107 swobodnego tworzenia, lepiej radz\u0105 sobie z wyra\u017caniem emocji, ucz\u0105 si\u0119 cierpliwo\u015bci i buduj\u0105 poczucie sprawczo\u015bci. Nawet najprostsze prace plastyczne mog\u0105 by\u0107 dla dziecka \u017ar\u00f3d\u0142em dumy i pewno\u015bci siebie. A wsp\u00f3lne dzia\u0142ania artystyczne to \u015bwietna okazja do sp\u0119dzania warto\u015bciowego czasu z rodzicami.<\/p>\n<p>Warto pami\u0119ta\u0107, \u017ce dziecko mo\u017ce podejmowa\u0107 r\u00f3\u017cne aktywno\u015bci tw\u00f3rcze \u2013 ich lista nie ko\u0144czy si\u0119 na malowaniu i rysowaniu. <strong>Wyobra\u017ani\u0119 rozwija r\u00f3wnie\u017c projektowanie bi\u017cuterii, szyde\u0142kowanie, robienie kola\u017cy, sk\u0142adanie modeli czy lepienie z r\u00f3\u017cnego rodzaju mas plastycznych<\/strong>. Pociecha ma nieograniczone mo\u017cliwo\u015bci! Co wi\u0119cej, regularny trening r\u0119ki pozwala rozwija\u0107 dziecku inne sprawno\u015bci w zakresie motoryki ma\u0142ej. Efektem jest solidne przygotowanie do nauki pisania czy wi\u0105zania but\u00f3w. Jak wida\u0107, korzy\u015bci jest wiele.<\/p>\n<p>Nie zwlekaj! Nadchodz\u0105cy Dzie\u0144 Dziecka to idealny moment na spe\u0142nienie marzenia o niewielkiej metamorfozie wn\u0119trza. Jak si\u0119 za ni\u0105 zabra\u0107? O tym poni\u017cej!<\/p>\n<h2><strong>Wyb\u00f3r odpowiedniego miejsca \u2013 nawet ma\u0142y k\u0105t mo\u017ce dzia\u0142a\u0107 cuda<\/strong><\/h2>\n<p>Nie potrzebujesz oddzielnego pokoju, aby urz\u0105dzi\u0107 estetyczn\u0105 i funkcjonaln\u0105 przestrze\u0144 tw\u00f3rcz\u0105 dla Twojego dziecka. K\u0105cik ma\u0142ego artysty mo\u017cesz wygospodarowa\u0107 wsz\u0119dzie \u2013 wystarczy dobry plan. W pokoju dziecka sprawdzi si\u0119 np. wolna przestrze\u0144 pod oknem, niezagospodarowane naro\u017ce lub fragment \u015bciany mi\u0119dzy \u0142\u00f3\u017ckiem a drzwiami. Je\u015bli chodzi o mniejsze mieszkania, warto spojrze\u0107 przychylnym okiem na k\u0105t w salonie, wn\u0119k\u0119 w przedpokoju, a nawet&#8230; przestrze\u0144 pod schodami! W ten spos\u00f3b z pozoru nieu\u017cywane miejsca mog\u0105 zyska\u0107 nowe \u017cycie.<\/p>\n<div style=\"display: flex; align-items: center; justify-content: center; text-align: center;\">\n<figure id=\"attachment_38805\" aria-describedby=\"caption-attachment-38805\" style=\"width: 800px\" class=\"wp-caption aligncenter\"><a href=\"https:\/\/www.brw.pl\/inspiracje\/produkty\/?a=10716,camron\" target=\"_blank\" rel=\"noopener noreferrer\"><img decoding=\"async\" class=\"wp-image-38805 size-medium lazyload\" data-src=\"https:\/\/www.brw.pl\/blog\/wp-content\/uploads\/2025\/03\/biurko-camron-135-cm-z-szuflada-sosna-aurelio-xlargeb-800x659.webp\" alt=\"Biurko Camron\" width=\"800\" height=\"659\" data-srcset=\"https:\/\/www.brw.pl\/blog\/wp-content\/uploads\/2025\/03\/biurko-camron-135-cm-z-szuflada-sosna-aurelio-xlargeb-800x659.webp 800w, https:\/\/www.brw.pl\/blog\/wp-content\/uploads\/2025\/03\/biurko-camron-135-cm-z-szuflada-sosna-aurelio-xlargeb-768x633.webp 768w, https:\/\/www.brw.pl\/blog\/wp-content\/uploads\/2025\/03\/biurko-camron-135-cm-z-szuflada-sosna-aurelio-xlargeb.webp 1187w\" data-sizes=\"(max-width: 800px) 100vw, 800px\" src=\"data:image\/svg+xml;base64,PHN2ZyB3aWR0aD0iMSIgaGVpZ2h0PSIxIiB4bWxucz0iaHR0cDovL3d3dy53My5vcmcvMjAwMC9zdmciPjwvc3ZnPg==\" style=\"--smush-placeholder-width: 800px; --smush-placeholder-aspect-ratio: 800\/659;\" \/><\/a><figcaption id=\"caption-attachment-38805\" class=\"wp-caption-text\"><a href=\"https:\/\/www.brw.pl\/inspiracje\/produkty\/?a=10716,camron\" target=\"_blank\" rel=\"noopener noreferrer\"><span style=\"font-weight: 400;\">MEBLE Z KOLEKCJI CAMRON I DODATKI<\/span><\/a><b>, czyli spos\u00f3b na k\u0105cik tw\u00f3rczy w pokoju m\u0142odszej nastolatki <\/b><\/figcaption><\/figure>\n<\/div>\n<p>Dobrym rozwi\u0105zaniem jest r\u00f3wnie\u017c zaaran\u017cowanie strefy przylegaj\u0105cej do rodzicielskiego <a href=\"https:\/\/www.brw.pl\/meble\/meble-biurowe\/biurka\/\" target=\"_blank\" rel=\"noopener\">biurka<\/a> lub sto\u0142u. Dzieci lubi\u0105 tworzy\u0107 blisko doros\u0142ych \u2013 w\u00f3wczas czuj\u0105, \u017ce bior\u0105 udzia\u0142 w \u201epowa\u017cnych&#8221; zaj\u0119ciach. Je\u015bli wi\u0119c pracujesz zdalnie, pomy\u015bl o podarowaniu maluchowi jego w\u0142asnego blatu, dostawionego do Twojego miejsca.<\/p>\n<blockquote>\n<p style=\"text-align: left;\">Organizuj\u0105c dziecku jego k\u0105cik, pami\u0119tajmy bezpiecze\u0144stwie. Zadbajmy o to, aby w przestrzeni malca nie by\u0142o ostrych rog\u00f3w czy wystaj\u0105cych kabli. Z kolei wszystko, co potrzebne do tw\u00f3rczej pracy, powinno by\u0107 w zasi\u0119gu r\u0105k dziecka. \u0141atwy dost\u0119p do materia\u0142\u00f3w to podstawa <strong>\u2013 podkre\u015bla ekspert Black Red White.<\/strong><\/p>\n<\/blockquote>\n<p>W Twoim domu naprawd\u0119 brakuje miejsca na nowe rzeczy? Nie poddawaj si\u0119 i poszukaj sprytnych rozwi\u0105za\u0144. W niewielkiej przestrzeni egzamin zdadz\u0105 sk\u0142adane stoliki i mobilne <a href=\"https:\/\/www.brw.pl\/meble\/meble-biurowe\/kontenerki\/\" target=\"_blank\" rel=\"noopener\">kontenerki<\/a> z materia\u0142ami, kt\u00f3re mo\u017cna roz\u0142o\u017cy\u0107 w dowolnym miejscu i z\u0142o\u017cy\u0107 po zako\u0144czonej zabawie. Takie proste triki sprawi\u0105, \u017ce nawet najmniejszy k\u0105t stanie si\u0119 kreatywnym centrum dowodzenia.<\/p>\n<h2><strong>Meble i organizacja \u2013 porz\u0105dek w pokoju dzieci\u0119cym sprzyja kreatywno\u015bci<\/strong><\/h2>\n<p>W k\u0105ciku ma\u0142ego artysty nie mo\u017ce zabrakn\u0105\u0107 praktycznych i wygodnych mebli, dzi\u0119ki kt\u00f3rym zapanujecie nad ba\u0142aganem. Jakie rozwi\u0105zania do przechowywania warto w nim uwzgl\u0119dni\u0107?<\/p>\n<p>Na start przyda si\u0119 niewielki, solidny <strong>stolik lub biurko dostosowane do wzrostu dziecka<\/strong>. Blat powinien by\u0107 \u0142atwy do wyczyszczenia. Dobrze sprawdzi si\u0119 lakierowane drewno, p\u0142yta meblowa albo tworzywo sztuczne. Modele z szufladkami lub p\u00f3\u0142k\u0105 pod blatem pozwol\u0105 schowa\u0107 cz\u0119sto u\u017cywane przybory, np. kredki, no\u017cyczki, linijki czy klej.<\/p>\n<div style=\"display: flex; align-items: center; justify-content: center; text-align: center;\">\n<figure id=\"attachment_35359\" aria-describedby=\"caption-attachment-35359\" style=\"width: 800px\" class=\"wp-caption aligncenter\"><a href=\"https:\/\/www.brw.pl\/biurko-babydreams-100-cm-z-drzwiami-i-szuflada-biale,102207\" target=\"_blank\" rel=\"noopener noreferrer\"><img decoding=\"async\" class=\"wp-image-35359 size-medium lazyload\" data-src=\"https:\/\/www.brw.pl\/blog\/wp-content\/uploads\/2023\/12\/komoda-z-3-szufladami-babydreams-niebieska-straz-pozarna-xlargea-800x450.jpg\" alt=\"Biurko Babydreams\" width=\"800\" height=\"450\" data-srcset=\"https:\/\/www.brw.pl\/blog\/wp-content\/uploads\/2023\/12\/komoda-z-3-szufladami-babydreams-niebieska-straz-pozarna-xlargea-800x450.jpg 800w, https:\/\/www.brw.pl\/blog\/wp-content\/uploads\/2023\/12\/komoda-z-3-szufladami-babydreams-niebieska-straz-pozarna-xlargea.jpg 1920w, https:\/\/www.brw.pl\/blog\/wp-content\/uploads\/2023\/12\/komoda-z-3-szufladami-babydreams-niebieska-straz-pozarna-xlargea-768x432.jpg 768w, https:\/\/www.brw.pl\/blog\/wp-content\/uploads\/2023\/12\/komoda-z-3-szufladami-babydreams-niebieska-straz-pozarna-xlargea-1536x864.jpg 1536w\" data-sizes=\"(max-width: 800px) 100vw, 800px\" src=\"data:image\/svg+xml;base64,PHN2ZyB3aWR0aD0iMSIgaGVpZ2h0PSIxIiB4bWxucz0iaHR0cDovL3d3dy53My5vcmcvMjAwMC9zdmciPjwvc3ZnPg==\" style=\"--smush-placeholder-width: 800px; --smush-placeholder-aspect-ratio: 800\/450;\" \/><\/a><figcaption id=\"caption-attachment-35359\" class=\"wp-caption-text\"><a href=\"https:\/\/www.brw.pl\/biurko-babydreams-100-cm-z-drzwiami-i-szuflada-biale,102207\" target=\"_blank\" rel=\"noopener noreferrer\"><span style=\"font-weight: 400;\">BIURKO BABYDREAMS Z DRZWIAMI I SZUFLAD\u0104<\/span><\/a><\/figcaption><\/figure>\n<\/div>\n<p>Obok stolika warto ustawi\u0107 <strong>niski rega\u0142 z otwartymi p\u00f3\u0142kami<\/strong>, na kt\u00f3rych z kolei mo\u017cna umie\u015bci\u0107 pude\u0142ka z materia\u0142ami plastycznymi. Strza\u0142em w dziesi\u0105tk\u0119 b\u0119d\u0105 <strong><a href=\"https:\/\/www.brw.pl\/przechowywanie\/pojemniki-do-przechowywania\/kolor-wielokolorowy\/\" target=\"_blank\" rel=\"noopener\">kolorowe pojemniki<\/a> z etykietami<\/strong> \u2013 pomog\u0105 zachowa\u0107 porz\u0105dek i zach\u0119c\u0105 dziecko do samodzielnego sortowania przedmiot\u00f3w. Mo\u017cecie posegregowa\u0107 je wed\u0142ug rodzaju: osobno papier, farby, p\u0119dzle, w\u0142\u00f3czki, itd.<\/p>\n<div style=\"display: flex; align-items: center; justify-content: center; text-align: center;\">\n<figure id=\"attachment_10655\" aria-describedby=\"caption-attachment-10655\" style=\"width: 533px\" class=\"wp-caption aligncenter\"><a href=\"https:\/\/www.brw.pl\/regal-nandu-50-cm-z-3-szufladami-i-4-polkami-jasny-szary-dab-polski,29160\" target=\"_blank\" rel=\"noopener noreferrer\"><img decoding=\"async\" class=\"wp-image-10655 size-medium lazyload\" data-src=\"https:\/\/www.brw.pl\/blog\/wp-content\/uploads\/2015\/09\/Nandu_134A7736-Edit-533x800.jpg\" alt=\"Rega\u0142 Nandu\" width=\"533\" height=\"800\" data-srcset=\"https:\/\/www.brw.pl\/blog\/wp-content\/uploads\/2015\/09\/Nandu_134A7736-Edit-533x800.jpg 533w, https:\/\/www.brw.pl\/blog\/wp-content\/uploads\/2015\/09\/Nandu_134A7736-Edit.jpg 720w\" data-sizes=\"(max-width: 533px) 100vw, 533px\" src=\"data:image\/svg+xml;base64,PHN2ZyB3aWR0aD0iMSIgaGVpZ2h0PSIxIiB4bWxucz0iaHR0cDovL3d3dy53My5vcmcvMjAwMC9zdmciPjwvc3ZnPg==\" style=\"--smush-placeholder-width: 533px; --smush-placeholder-aspect-ratio: 533\/800;\" \/><\/a><figcaption id=\"caption-attachment-10655\" class=\"wp-caption-text\"><a href=\"https:\/\/www.brw.pl\/regal-nandu-50-cm-z-3-szufladami-i-4-polkami-jasny-szary-dab-polski,29160\" target=\"_blank\" rel=\"noopener noreferrer\"><span style=\"font-weight: 400;\">REGA\u0141 NANDU<\/span><\/a><\/figcaption><\/figure>\n<\/div>\n<p>W niewielkich przestrzeniach pomocne b\u0119d\u0105 <strong>mobilne w\u00f3zki na k\u00f3\u0142kach<\/strong> \u2013 zmieszcz\u0105 du\u017co, \u0142atwo je przesun\u0105\u0107 tam, gdzie akurat s\u0105 niezb\u0119dne, i w razie potrzeby schowa\u0107 pod biurkiem. Je\u015bli dziecko ma wi\u0119cej prac, dobrym rozwi\u0105zaniem b\u0119dzie <strong><a href=\"https:\/\/www.brw.pl\/meble\/przechowywanie\/komody\/\" target=\"_blank\" rel=\"noopener\">komoda<\/a> z szerokimi, p\u0142ytkimi szufladami<\/strong>, w kt\u00f3rej przechowa gotowe dzie\u0142a lub zestawy materia\u0142\u00f3w.<\/p>\n<div style=\"display: flex; align-items: center; justify-content: center; text-align: center;\">\n<figure id=\"attachment_36727\" aria-describedby=\"caption-attachment-36727\" style=\"width: 800px\" class=\"wp-caption aligncenter\"><a href=\"https:\/\/www.brw.pl\/kontenerek-victor-55-cm-skrzynia-na-zabawki-biala,102422\" target=\"_blank\" rel=\"noopener noreferrer\"><img decoding=\"async\" class=\"wp-image-36727 size-medium lazyload\" data-src=\"https:\/\/www.brw.pl\/blog\/wp-content\/uploads\/2024\/08\/glowne-Victor_Set_13-800x528.jpg\" alt=\"Kontenerek Victor\" width=\"800\" height=\"528\" data-srcset=\"https:\/\/www.brw.pl\/blog\/wp-content\/uploads\/2024\/08\/glowne-Victor_Set_13-800x528.jpg 800w, https:\/\/www.brw.pl\/blog\/wp-content\/uploads\/2024\/08\/glowne-Victor_Set_13-768x507.jpg 768w, https:\/\/www.brw.pl\/blog\/wp-content\/uploads\/2024\/08\/glowne-Victor_Set_13-1536x1015.jpg 1536w, https:\/\/www.brw.pl\/blog\/wp-content\/uploads\/2024\/08\/glowne-Victor_Set_13.jpg 1617w\" data-sizes=\"(max-width: 800px) 100vw, 800px\" src=\"data:image\/svg+xml;base64,PHN2ZyB3aWR0aD0iMSIgaGVpZ2h0PSIxIiB4bWxucz0iaHR0cDovL3d3dy53My5vcmcvMjAwMC9zdmciPjwvc3ZnPg==\" style=\"--smush-placeholder-width: 800px; --smush-placeholder-aspect-ratio: 800\/528;\" \/><\/a><figcaption id=\"caption-attachment-36727\" class=\"wp-caption-text\"><a href=\"https:\/\/www.brw.pl\/kontenerek-victor-55-cm-skrzynia-na-zabawki-biala,102422\" target=\"_blank\" rel=\"noopener noreferrer\"><span style=\"font-weight: 400;\">KONTENEREK VICTOR<\/span><\/a><\/figcaption><\/figure>\n<\/div>\n<p>Pami\u0119taj, \u017ce porz\u0105dek to nie tylko estetyka, ale te\u017c komfort pracy. Dziecko ch\u0119tniej wraca do tw\u00f3rczej zabawy, gdy wszystko wok\u00f3\u0142 jest przejrzyste i \u0142atwo dost\u0119pne.<\/p>\n<h2><strong>Detale \u2013 inspiruj\u0105ce dodatki dla ma\u0142ego artysty<\/strong><\/h2>\n<p>Chcesz, by przestrze\u0144 pomys\u0142owego malca sta\u0142a si\u0119 prawdziwie tw\u00f3rcza? Wprowad\u017a do niej dodatki, kt\u00f3re pobudz\u0105 wyobra\u017ani\u0119 dziecka i zach\u0119c\u0105 je do dzia\u0142ania.<\/p>\n<p>Zacznij od \u015bciany. Mo\u017cesz powiesi\u0107 na niej tablic\u0119 korkow\u0105, perforowan\u0105 lub magnetyczn\u0105. Dziecko b\u0119dzie mog\u0142o umie\u015bci\u0107 tam swoje prace albo przypina\u0107 inspiracje. Alternatyw\u0105 dla tablicy jest druciana siatka z klipsami, na kt\u00f3rej \u0142atwo zawiesi\u0107 rysunki i dekoracje. Zestaw ram do oprawiania dzie\u0142 doda miejscu powagi i sprawi, \u017ce maluch poczuje dum\u0119 ze swoich projekt\u00f3w.<\/p>\n<div style=\"display: flex; align-items: center; justify-content: center; text-align: center;\">\n<figure id=\"attachment_39078\" aria-describedby=\"caption-attachment-39078\" style=\"width: 800px\" class=\"wp-caption aligncenter\"><a href=\"https:\/\/www.brw.pl\/koszyk-plastikowy-country-2-l-bialy,12178\" target=\"_blank\" rel=\"noopener noreferrer\"><img decoding=\"async\" class=\"wp-image-39078 size-medium lazyload\" data-src=\"https:\/\/www.brw.pl\/blog\/wp-content\/uploads\/2025\/05\/koszyk-plastikowy-country-2-l-bialy-xlargea-800x600.jpg\" alt=\"Koszyk plastikowy Country\" width=\"800\" height=\"600\" data-srcset=\"https:\/\/www.brw.pl\/blog\/wp-content\/uploads\/2025\/05\/koszyk-plastikowy-country-2-l-bialy-xlargea-800x600.jpg 800w, https:\/\/www.brw.pl\/blog\/wp-content\/uploads\/2025\/05\/koszyk-plastikowy-country-2-l-bialy-xlargea-768x576.jpg 768w, https:\/\/www.brw.pl\/blog\/wp-content\/uploads\/2025\/05\/koszyk-plastikowy-country-2-l-bialy-xlargea.jpg 1440w\" data-sizes=\"(max-width: 800px) 100vw, 800px\" src=\"data:image\/svg+xml;base64,PHN2ZyB3aWR0aD0iMSIgaGVpZ2h0PSIxIiB4bWxucz0iaHR0cDovL3d3dy53My5vcmcvMjAwMC9zdmciPjwvc3ZnPg==\" style=\"--smush-placeholder-width: 800px; --smush-placeholder-aspect-ratio: 800\/600;\" \/><\/a><figcaption id=\"caption-attachment-39078\" class=\"wp-caption-text\"><a href=\"https:\/\/www.brw.pl\/koszyk-plastikowy-country-2-l-bialy,12178\" target=\"_blank\" rel=\"noopener noreferrer\"><span style=\"font-weight: 400;\">KOSZYK PLASTIKOWY COUNTRY<\/span><\/a><\/figcaption><\/figure>\n<\/div>\n<p>Na blacie biurka lub na p\u00f3\u0142kach dobrze mie\u0107 s\u0142oiczki, kubeczki i ma\u0142e organizery, w kt\u00f3rych znajd\u0105 si\u0119 kredki, flamastry, p\u0119dzle czy cienkopisy. Warto si\u0119gn\u0105\u0107 r\u00f3wnie\u017c po plastikowe lub kartonowe pude\u0142ka. Pomie\u015bcisz w nich wszelkiego rodzaju materia\u0142y plastyczne.<\/p>\n<div style=\"display: flex; align-items: center; justify-content: center; text-align: center;\">\n<p>&nbsp;<\/p>\n<figure id=\"attachment_39079\" aria-describedby=\"caption-attachment-39079\" style=\"width: 400px\" class=\"wp-caption aligncenter\"><a href=\"https:\/\/www.brw.pl\/pudelko-kartonowe-zwierzaki-26x34-cm,22279\" target=\"_blank\" rel=\"noopener noreferrer\"><img decoding=\"async\" class=\"wp-image-39079 lazyload\" data-src=\"https:\/\/www.brw.pl\/blog\/wp-content\/uploads\/2025\/05\/pudelko-kartonowe-zwierzaki-26x34-cm-slargea.jpg\" alt=\"Pude\u0142ko kartonowe Zwierzaki\" width=\"400\" height=\"301\" data-srcset=\"https:\/\/www.brw.pl\/blog\/wp-content\/uploads\/2025\/05\/pudelko-kartonowe-zwierzaki-26x34-cm-slargea.jpg 798w, https:\/\/www.brw.pl\/blog\/wp-content\/uploads\/2025\/05\/pudelko-kartonowe-zwierzaki-26x34-cm-slargea-768x577.jpg 768w\" data-sizes=\"(max-width: 400px) 100vw, 400px\" src=\"data:image\/svg+xml;base64,PHN2ZyB3aWR0aD0iMSIgaGVpZ2h0PSIxIiB4bWxucz0iaHR0cDovL3d3dy53My5vcmcvMjAwMC9zdmciPjwvc3ZnPg==\" style=\"--smush-placeholder-width: 400px; --smush-placeholder-aspect-ratio: 400\/301;\" \/><\/a><figcaption id=\"caption-attachment-39079\" class=\"wp-caption-text\"><a href=\"https:\/\/www.brw.pl\/pudelko-kartonowe-zwierzaki-26x34-cm,22279\" target=\"_blank\" rel=\"noopener noreferrer\"><span style=\"font-weight: 400;\">PUDE\u0141KO KARTONOWE ZWIERZAKI<\/span><\/a><\/figcaption><\/figure>\n<\/div>\n<p>Nie zapomnij o kolorowych dodatkach dekoracyjnych! Papierowe girlandy z literkami, lampki LED, <a href=\"https:\/\/www.brw.pl\/meble\/akcesoria-meblowe\/naklejki-na-meble\/\" target=\"_blank\" rel=\"noopener\">naklejki na meble<\/a> lub mi\u0119kki dywanik dodadz\u0105 aran\u017cacji przytulno\u015bci. Uwa\u017caj jedynie, aby nie przesadzi\u0107 \u2013 nadmiar ozd\u00f3b b\u0119dzie rozprasza\u0107 dziecko zamiast je inspirowa\u0107.<\/p>\n<p style=\"text-align: center;\"><strong>Szukasz pomys\u0142\u00f3w? Przeczytaj: <a href=\"https:\/\/www.brw.pl\/blog\/modne-dodatki-do-pokoju-dziecka-stworz-radosne-kolorowe-wnetrze\/\" target=\"_blank\" rel=\"noopener\">&#8222;Modne dodatki do pokoju dziecka \u2013 stw\u00f3rz radosne, kolorowe wn\u0119trze!&#8221;<\/a>.\u00a0<\/strong><\/p>\n<h2><strong>O\u015bwietlenie \u2013 dobre \u015bwiat\u0142o to podstawa przy tworzeniu dzie\u0142 sztuki<\/strong><\/h2>\n<p>Praca tw\u00f3rcza wymaga skupienia, i co za tym idzie \u2013 odpowiednich warunk\u00f3w o\u015bwietleniowych. Zadbaj o to, by k\u0105cik do rysowania czy malowania mia\u0142 dost\u0119p do \u015bwiat\u0142a. Je\u015bli to mo\u017cliwe, ustaw go blisko okna. \u015awiat\u0142o dzienne jest najzdrowsze dla oczu.<\/p>\n<p>Uk\u0142ad wn\u0119trza nie pozwala na wydzielenie k\u0105cika w miejscu przy oknie? W takim razie wyposa\u017c go w <a href=\"https:\/\/www.brw.pl\/oswietlenie\/oswietlenie-wewnetrzne\/lampy-stojace\/lampki-biurkowe\/\" target=\"_blank\" rel=\"noopener\">lampk\u0119 biurkow\u0105<\/a> z regulacj\u0105 k\u0105ta padania \u015bwiat\u0142a i neutraln\u0105 barw\u0105 \u017car\u00f3wki. Lampa tego rodzaju nie m\u0119czy wzroku i zapewnia komfort nawet podczas d\u0142u\u017cszej zabawy.<\/p>\n<div style=\"display: flex; align-items: center; justify-content: center; text-align: center;\">\n<figure id=\"attachment_39080\" aria-describedby=\"caption-attachment-39080\" style=\"width: 530px\" class=\"wp-caption aligncenter\"><a href=\"https:\/\/www.brw.pl\/lampka-birukowa-charlie-led-ze-mnienna-barwa-swiatla-biala,294162\" target=\"_blank\" rel=\"noopener noreferrer\"><img decoding=\"async\" class=\"wp-image-39080 size-medium lazyload\" data-src=\"https:\/\/www.brw.pl\/blog\/wp-content\/uploads\/2025\/05\/lampka-birukowa-charlie-led-ze-mnienna-barwa-swiatla-biala-xlargea-530x800.jpg\" alt=\"Lampka biurkowa Charlie LED\" width=\"530\" height=\"800\" data-srcset=\"https:\/\/www.brw.pl\/blog\/wp-content\/uploads\/2025\/05\/lampka-birukowa-charlie-led-ze-mnienna-barwa-swiatla-biala-xlargea-530x800.jpg 530w, https:\/\/www.brw.pl\/blog\/wp-content\/uploads\/2025\/05\/lampka-birukowa-charlie-led-ze-mnienna-barwa-swiatla-biala-xlargea.jpg 678w\" data-sizes=\"(max-width: 530px) 100vw, 530px\" src=\"data:image\/svg+xml;base64,PHN2ZyB3aWR0aD0iMSIgaGVpZ2h0PSIxIiB4bWxucz0iaHR0cDovL3d3dy53My5vcmcvMjAwMC9zdmciPjwvc3ZnPg==\" style=\"--smush-placeholder-width: 530px; --smush-placeholder-aspect-ratio: 530\/800;\" \/><\/a><figcaption id=\"caption-attachment-39080\" class=\"wp-caption-text\"><a href=\"https:\/\/www.brw.pl\/lampka-birukowa-charlie-led-ze-mnienna-barwa-swiatla-biala,294162\" target=\"_blank\" rel=\"noopener noreferrer\"><span style=\"font-weight: 400;\">LAMPKA BIURKOWA CHARLIE LED<\/span><\/a><\/figcaption><\/figure>\n<\/div>\n<h2><strong>Podsumowanie: ma\u0142y k\u0105cik, wielka frajda!<\/strong><\/h2>\n<p>Tworzenie to frajda, a dobrze zaplanowany k\u0105cik plastyczny to prezent, kt\u00f3ry zostanie z dzieckiem na d\u0142ugo. W kreatywnej przestrzeni m\u0142ody cz\u0142owiek mo\u017ce rozwija\u0107 swoje pasje, \u0107wiczy\u0107 sprawno\u015b\u0107 manualn\u0105, wyra\u017ca\u0107 emocje i wymy\u015bla\u0107 zabawy, kt\u00f3re tylko podsunie mu wyobra\u017ania.<\/p>\n<p>Z okazji Dnia Dziecka podaruj swojemu kilkulatkowi wyj\u0105tkowe miejsce. Niech to b\u0119dzie jego kawa\u0142ek \u015bwiata \u2013 gotowy na realizacj\u0119 ka\u017cdego pomys\u0142u!<\/p>\n<p><strong>Wi\u0119cej inspiruj\u0105cych sposob\u00f3w na aran\u017cacj\u0119 pokoju dziecka, w tym solidne meble i akcesoria, znajdziesz w <a href=\"https:\/\/www.brw.pl\/\" target=\"_blank\" rel=\"noopener\">sklepie internetowym Black Red White<\/a>. Zapraszamy!<\/strong><\/p>\n<p>&nbsp;<\/p>\n<p><em>Wybrane produkty pokazane w artykule s\u0105 dost\u0119pne r\u00f3wnie\u017c w sklepach stacjonarnych Black Red White. Informacj\u0119 o dost\u0119pno\u015bci znajdziesz w karcie produktu na www.<\/em><\/p>\n","protected":false},"excerpt":{"rendered":"<p>Chcesz podarowa\u0107 swojemu dziecku co\u015b wi\u0119cej ni\u017c kolejn\u0105 zabawk\u0119? Zorganizuj mu w\u0142asny k\u0105cik kreatywny \u2013 wyj\u0105tkow\u0105 przestrze\u0144, w kt\u00f3rej dzieci\u0119ce pomys\u0142y nabieraj\u0105 kszta\u0142t\u00f3w. Bez obaw, nie musisz przeprowadza\u0107 kosztownego remontu. Wystarczy dobry pomys\u0142 i odrobina zaanga\u017cowania. Z okazji Dnia Dziecka stw\u00f3rz razem z maluchem miejsce, kt\u00f3re b\u0119dzie sprzyja\u0107 rozwojowi i tw\u00f3rczej zabawie. Do dzie\u0142a!<\/p>\n","protected":false},"author":21,"featured_media":39170,"comment_status":"closed","ping_status":"open","sticky":false,"template":"","format":"standard","meta":{"footnotes":""},"categories":[39,750],"tags":[],"aioseo_notices":[],"_links":{"self":[{"href":"https:\/\/www.brw.pl\/blog\/wp-json\/wp\/v2\/posts\/39076"}],"collection":[{"href":"https:\/\/www.brw.pl\/blog\/wp-json\/wp\/v2\/posts"}],"about":[{"href":"https:\/\/www.brw.pl\/blog\/wp-json\/wp\/v2\/types\/post"}],"author":[{"embeddable":true,"href":"https:\/\/www.brw.pl\/blog\/wp-json\/wp\/v2\/users\/21"}],"replies":[{"embeddable":true,"href":"https:\/\/www.brw.pl\/blog\/wp-json\/wp\/v2\/comments?post=39076"}],"version-history":[{"count":18,"href":"https:\/\/www.brw.pl\/blog\/wp-json\/wp\/v2\/posts\/39076\/revisions"}],"predecessor-version":[{"id":39182,"href":"https:\/\/www.brw.pl\/blog\/wp-json\/wp\/v2\/posts\/39076\/revisions\/39182"}],"wp:featuredmedia":[{"embeddable":true,"href":"https:\/\/www.brw.pl\/blog\/wp-json\/wp\/v2\/media\/39170"}],"wp:attachment":[{"href":"https:\/\/www.brw.pl\/blog\/wp-json\/wp\/v2\/media?parent=39076"}],"wp:term":[{"taxonomy":"category","embeddable":true,"href":"https:\/\/www.brw.pl\/blog\/wp-json\/wp\/v2\/categories?post=39076"},{"taxonomy":"post_tag","embeddable":true,"href":"https:\/\/www.brw.pl\/blog\/wp-json\/wp\/v2\/tags?post=39076"}],"curies":[{"name":"wp","href":"https:\/\/api.w.org\/{rel}","templated":true}]}}