{"id":39463,"date":"2025-06-26T08:00:07","date_gmt":"2025-06-26T06:00:07","guid":{"rendered":"https:\/\/www.brw.pl\/blog\/?p=39463"},"modified":"2025-06-23T16:02:41","modified_gmt":"2025-06-23T14:02:41","slug":"jaka-posciel-na-lato-tekstylia-ktore-zapewnia-ci-komfort-w-upalne-dni","status":"publish","type":"post","link":"https:\/\/www.brw.pl\/blog\/jaka-posciel-na-lato-tekstylia-ktore-zapewnia-ci-komfort-w-upalne-dni\/","title":{"rendered":"Jaka po\u015bciel na lato? Tekstylia, kt\u00f3re zapewni\u0105 Ci komfort w upalne dni"},"content":{"rendered":"<p><strong>Letnie noce potrafi\u0105 by\u0107 pi\u0119kne, ale wysokie temperatury utrudniaj\u0105 za\u015bni\u0119cie. Gdy powietrze wydaje si\u0119 ci\u0119\u017ckie od upa\u0142u, wypoczynek nie przychodzi \u0142atwo. Co poprawia\u00a0jako\u015b\u0107 snu latem? Mi\u0119dzy innymi odpowiednie tekstylia do sypialni. Sprawd\u017a, jaka po\u015bciel przyniesie ulg\u0119 w gor\u0105ce dni!<\/strong><\/p>\n<p><!--more--><\/p>\n<p><center><img decoding=\"async\" class=\"alignnone size-medium wp-image-39464 lazyload\" data-src=\"https:\/\/www.brw.pl\/blog\/wp-content\/uploads\/2025\/06\/komplet-poscieli-bawelnianej-cozy-summer-160x200-2-x-70x80-cm-xlargea-800x718.webp\" alt=\"Komplet po\u015bcieli bawe\u0142nianej Cozy Summer - aran\u017cacja\" width=\"800\" height=\"718\" data-srcset=\"https:\/\/www.brw.pl\/blog\/wp-content\/uploads\/2025\/06\/komplet-poscieli-bawelnianej-cozy-summer-160x200-2-x-70x80-cm-xlargea-800x718.webp 800w, https:\/\/www.brw.pl\/blog\/wp-content\/uploads\/2025\/06\/komplet-poscieli-bawelnianej-cozy-summer-160x200-2-x-70x80-cm-xlargea-768x689.webp 768w, https:\/\/www.brw.pl\/blog\/wp-content\/uploads\/2025\/06\/komplet-poscieli-bawelnianej-cozy-summer-160x200-2-x-70x80-cm-xlargea.webp 1137w\" data-sizes=\"(max-width: 800px) 100vw, 800px\" src=\"data:image\/svg+xml;base64,PHN2ZyB3aWR0aD0iMSIgaGVpZ2h0PSIxIiB4bWxucz0iaHR0cDovL3d3dy53My5vcmcvMjAwMC9zdmciPjwvc3ZnPg==\" style=\"--smush-placeholder-width: 800px; --smush-placeholder-aspect-ratio: 800\/718;\" \/><\/center><\/p>\n<p style=\"text-align: center;\"><a href=\"https:\/\/www.brw.pl\/komplet-poscieli-bawelnianej-cozy-summer-160x200-2-x-70x80-cm,658064\" target=\"_blank\" rel=\"noopener\"><strong>KOMPLET PO\u015aCIELI COZY SUMMER\u00a0<\/strong><\/a>z bawe\u0142ny<\/p>\n<p><strong><!--StartFragment --><\/strong><\/p>\n<h2 class=\"pf0\"><strong><span class=\"cf0\">Letni sen bez kompromis\u00f3w \u2013 dlaczego warto zmieni\u0107 po\u015bciel na lato?<\/span><\/strong><\/h2>\n<p data-start=\"710\" data-end=\"1141\">Lato zmienia nie tylko rytm dnia czy garderob\u0119, lecz tak\u017ce Twoje potrzeby zwi\u0105zane ze snem. Kiedy doskwiera upa\u0142, a zmierzch zapada znacznie p\u00f3\u017aniej ni\u017c zim\u0105, cia\u0142o funkcjonuje inaczej. Lekkie, przewiewne tkaniny s\u0105 mile widziane zar\u00f3wno w formie ubra\u0144, jak i&#8230; wyposa\u017cenia sypialni. Zapomnij o puchowej pierzynie i flanelowej <a href=\"https:\/\/www.brw.pl\/tekstylia\/posciel\/poszewki\/\" target=\"_blank\" rel=\"noopener\">poszewce<\/a>. O tej porze roku powoduj\u0105 nadmierne pocenie si\u0119, przegrzanie organizmu, a co za tym idzie zaburzenia rytmu snu. W wakacje sprawdzaj\u0105 si\u0119 zupe\u0142nie inne materia\u0142y.<\/p>\n<p data-start=\"1143\" data-end=\"1600\">M\u0105drze dobrana <a href=\"https:\/\/www.brw.pl\/tekstylia\/posciel\/\" target=\"_blank\" rel=\"noopener\">po\u015bciel<\/a> na upalne dni to oczywi\u015bcie inwestycja w wygod\u0119, ale przede wszystkim we w\u0142asne zdrowie i dobre samopoczucie. <strong>L\u017cejsze\u00a0tkaniny pomagaj\u0105 regulowa\u0107 temperatur\u0119 cia\u0142a, umo\u017cliwiaj\u0105\u00a0cyrkulacj\u0119 powietrza, skutecznie odprowadzaj\u0105 nadmiar wilgoci. <\/strong>Dzi\u0119ki temu organizm ma szans\u0119 naturalnie si\u0119 sch\u0142adza\u0107, a sen staje si\u0119 g\u0142\u0119bszy oraz wydajniejszy. Dlatego wyb\u00f3r odpowiedniej po\u015bcieli ma tak du\u017ce znaczenie.<\/p>\n<div style=\"display: flex; align-items: center; justify-content: center; text-align: center;\">\n<figure id=\"attachment_34780\" aria-describedby=\"caption-attachment-34780\" style=\"width: 350px\" class=\"wp-caption aligncenter\"><a href=\"https:\/\/www.brw.pl\/komplet-poscieli-bawelnianej-colina-160x200-2-x-70x80-cm,641831\" target=\"_blank\" rel=\"noopener noreferrer\"><img decoding=\"async\" class=\"wp-image-34780 lazyload\" data-src=\"https:\/\/www.brw.pl\/blog\/wp-content\/uploads\/2025\/06\/komplet-poscieli-bawelnianej-colina-160x200-2-x-70x80-cm-slargea.webp\" alt=\"Komplet po\u015bcieli bawe\u0142nianej Colina\" width=\"350\" height=\"263\" src=\"data:image\/svg+xml;base64,PHN2ZyB3aWR0aD0iMSIgaGVpZ2h0PSIxIiB4bWxucz0iaHR0cDovL3d3dy53My5vcmcvMjAwMC9zdmciPjwvc3ZnPg==\" style=\"--smush-placeholder-width: 350px; --smush-placeholder-aspect-ratio: 350\/263;\" \/><\/a><figcaption id=\"caption-attachment-34780\" class=\"wp-caption-text\"><a href=\"https:\/\/www.brw.pl\/komplet-poscieli-bawelnianej-colina-160x200-2-x-70x80-cm,641831\" target=\"_blank\" rel=\"noopener noreferrer\"><span style=\"font-weight: 400;\">KOMPLET PO\u015aCIELI COLINA z bawe\u0142ny<\/span><\/a><\/figcaption><\/figure>\n<figure id=\"attachment_34780\" aria-describedby=\"caption-attachment-34780\" style=\"width: 350px\" class=\"wp-caption aligncenter\"><a href=\"https:\/\/www.brw.pl\/komplet-poscieli-prado-bawelna-satynowa-160x200-2-x-70x80-cm,641843\" target=\"_blank\" rel=\"noopener noreferrer\"><img decoding=\"async\" class=\"wp-image-34780 lazyload\" data-src=\"https:\/\/www.brw.pl\/blog\/wp-content\/uploads\/2025\/06\/komplet-poscieli-prado-bawelna-satynowa-160x200-2-x-70x80-cm-slargea.jpg\" alt=\"Komplet po\u015bcieli bawe\u0142nianej Prado\" width=\"350\" height=\"263\" src=\"data:image\/svg+xml;base64,PHN2ZyB3aWR0aD0iMSIgaGVpZ2h0PSIxIiB4bWxucz0iaHR0cDovL3d3dy53My5vcmcvMjAwMC9zdmciPjwvc3ZnPg==\" style=\"--smush-placeholder-width: 350px; --smush-placeholder-aspect-ratio: 350\/263;\" \/><\/a><figcaption id=\"caption-attachment-34780\" class=\"wp-caption-text\"><a href=\"https:\/\/www.brw.pl\/komplet-poscieli-prado-bawelna-satynowa-160x200-2-x-70x80-cm,641843\" target=\"_blank\" rel=\"noopener noreferrer\"><span style=\"font-weight: 400;\">KOMPLET PO\u015aCIELI PRADO z bawe\u0142ny satynowej<\/span><\/a><\/figcaption><\/figure>\n<\/div>\n<h2 class=\"pf0\"><strong><span class=\"cf1\">Jaka po\u015bciel na lato? Wybierz naturalne tkaniny!<\/span><span class=\"cf0\">\u00a0<\/span><\/strong><\/h2>\n<p><center><img decoding=\"async\" class=\"alignnone size-medium wp-image-39465 lazyload\" data-src=\"https:\/\/www.brw.pl\/blog\/wp-content\/uploads\/2025\/06\/komplet-poscieli-secret-garden-bawelna-satynowa-160x200-2-x-70x80-cm-xlargea-800x722.jpg\" alt=\"Komplet po\u015bcieli Secret Garden z bawe\u0142ny satynowej - aran\u017cacja\" width=\"800\" height=\"722\" data-srcset=\"https:\/\/www.brw.pl\/blog\/wp-content\/uploads\/2025\/06\/komplet-poscieli-secret-garden-bawelna-satynowa-160x200-2-x-70x80-cm-xlargea-800x722.jpg 800w, https:\/\/www.brw.pl\/blog\/wp-content\/uploads\/2025\/06\/komplet-poscieli-secret-garden-bawelna-satynowa-160x200-2-x-70x80-cm-xlargea-768x693.jpg 768w, https:\/\/www.brw.pl\/blog\/wp-content\/uploads\/2025\/06\/komplet-poscieli-secret-garden-bawelna-satynowa-160x200-2-x-70x80-cm-xlargea.jpg 1132w\" data-sizes=\"(max-width: 800px) 100vw, 800px\" src=\"data:image\/svg+xml;base64,PHN2ZyB3aWR0aD0iMSIgaGVpZ2h0PSIxIiB4bWxucz0iaHR0cDovL3d3dy53My5vcmcvMjAwMC9zdmciPjwvc3ZnPg==\" style=\"--smush-placeholder-width: 800px; --smush-placeholder-aspect-ratio: 800\/722;\" \/><\/center><\/p>\n<p style=\"text-align: center;\"><a href=\"https:\/\/www.brw.pl\/komplet-poscieli-secret-garden-bawelna-satynowa-160x200-2-x-70x80-cm,658062\" target=\"_blank\" rel=\"noopener\"><strong>KOMPLET PO\u015aCIELI SECRET GARDEN<\/strong><\/a> z bawe\u0142ny satynowej<\/p>\n<p data-start=\"1655\" data-end=\"2223\">Naturalne materia\u0142y wspieraj\u0105 termoregulacj\u0119, s\u0105 bezpieczne dla sk\u00f3ry. Najwi\u0119kszym powodzeniem ze wzgl\u0119du na swoje w\u0142a\u015bciwo\u015bci oraz cen\u0119 cieszy si\u0119 <strong>po\u015bciel bawe\u0142niana, zw\u0142aszcza\u00a0perkal i satyna bawe\u0142niana<\/strong>. Perkal ma g\u0119sty, matowy splot, kt\u00f3ry zapewnia ch\u0142odz\u0105ce wra\u017cenie podczas kontaktu ze sk\u00f3r\u0105, a przy tym jest bardzo wytrzyma\u0142y. Z kolei przyjemna w dotyku po\u015bciel satynowa z bawe\u0142ny \u0142\u0105czy w sobie mi\u0119kko\u015b\u0107, znakomit\u0105 absorpcj\u0119 wilgoci i delikatny po\u0142ysk, jest zatem dobrym wyborem dla os\u00f3b ceni\u0105cych komfort oraz elegancj\u0119.<\/p>\n<p data-start=\"2225\" data-end=\"2742\">Popularn\u0105 alternatyw\u0105 dla bawe\u0142ny jest <strong>len<\/strong>. To naturalny, ekologiczny materia\u0142, kt\u00f3ry zdaje egzamin, gdy doskwieraj\u0105 wysokie temperatury.\u00a0Szybko schnie, skutecznie wch\u0142ania wilgo\u0107, a co wi\u0119cej ma dzia\u0142anie antybakteryjne, wi\u0119c jest rekomendowany alergikom. Oczywi\u015bcie, jak wszystko, posiada swoje wady i zalety. Jego najwi\u0119kszym minusem jest to, \u017ce \u0142atwo si\u0119 gniecie, podobnie jak tkanina z w\u0142\u00f3kien bambusowych, z kt\u00f3r\u0105 dzieli wiele cech.<\/p>\n<blockquote>\n<p data-start=\"2744\" data-end=\"3008\">Najlepsza po\u015bciel na lato powinna by\u0107 przede wszystkim praktyczna. Wybieraj\u0105c materia\u0142y, kt\u00f3re &#8222;oddychaj\u0105&#8221;, reguluj\u0105 wilgotno\u015b\u0107, nie podra\u017cniaj\u0105 sk\u00f3ry, poprawiamy\u00a0jako\u015b\u0107 naszego snu oraz dbamy o zdrowie. A ono jest bezcenne \u2013 podkre\u015bla ekspert Black Red White.<\/p>\n<\/blockquote>\n<h2 class=\"pf0\"><strong><span class=\"cf1\">Kolory i wzory, kt\u00f3re sprzyjaj\u0105 wypoczynkowi w gor\u0105ce dni<\/span> <\/strong><\/h2>\n<p data-start=\"3072\" data-end=\"3448\">Latem warto postawi\u0107 na jasn\u0105 kolorystyk\u0119, kt\u00f3ra nie tylko pozytywnie wp\u0142ywa na humor, lecz tak\u017ce dodaje wn\u0119trzu lekko\u015bci. Delikatne barwy relaksuj\u0105, a w po\u0142\u0105czeniu z przewiewn\u0105 tkanin\u0105 sprawiaj\u0105, \u017ce wypoczynek staje si\u0119 znacznie przyjemniejszy.<\/p>\n<p data-start=\"3450\" data-end=\"3941\">Nowa po\u015bciel pozwala na ma\u0142\u0105, niedrog\u0105 metamorfoz\u0119 pokoju. <strong>Biel, krem, pastelowy r\u00f3\u017c, mi\u0119ta, b\u0142\u0119kit<\/strong> wnosz\u0105 do sypialni powiew \u015bwie\u017co\u015bci. Si\u0119gnij po <strong>tekstylia z kwiatowym lub li\u015bciastym deseniem<\/strong>. Wzory inspirowane \u015bwiatem przyrody uspokajaj\u0105, wprawiaj\u0105 w pogodny nastr\u00f3j.<\/p>\n<p data-start=\"3943\" data-end=\"4221\"><strong>Wa\u017cne:<\/strong> kolory nie powinny zdominowa\u0107 aran\u017cacji. Dzi\u0119ki subtelnemu dekorowi temu \u0142atwiej o wewn\u0119trzn\u0105 r\u00f3wnowag\u0119 i regeneracj\u0119, nawet je\u015bli za oknem panuje tropikalny klimat.<\/p>\n<p style=\"text-align: center;\" data-start=\"3943\" data-end=\"4221\">Czytaj tak\u017ce: <a href=\"https:\/\/www.brw.pl\/blog\/dobrze-urzadzona-sypialnia-czyli-jaka-elementy-ktorych-nie-moze-zabraknac\/\" target=\"_blank\" rel=\"noopener\"><strong>&#8222;Dobrze urz\u0105dzona sypialnia, czyli jaka? Elementy, kt\u00f3rych nie mo\u017ce zabrakn\u0105\u0107!&#8221;<\/strong><\/a>.<\/p>\n<h2 class=\"pf0\"><strong><span class=\"cf1\">Po\u015bciel to nie wszystko \u2013 inne letnie tekstylia, kt\u00f3re poprawi\u0105 komfort snu<\/span> <\/strong><\/h2>\n<p data-start=\"4303\" data-end=\"4710\">Wybieraj\u0105c poszewki na ko\u0142dry i poduszki oraz praktyczne <a href=\"https:\/\/www.brw.pl\/tekstylia\/posciel\/przescieradla\/rodzaj-z-gumka\/\" target=\"_blank\" rel=\"noopener\">prze\u015bcierad\u0142a z gumk\u0105<\/a>, warto rozwa\u017cy\u0107 zakup innych tekstyli\u00f3w. Czasem lekki <strong><a href=\"https:\/\/www.brw.pl\/tekstylia\/koce-i-pledy\/\" target=\"_blank\" rel=\"noopener\">koc<\/a><\/strong> mo\u017ce\u00a0z powodzeniem zast\u0105pi\u0107 klasyczn\u0105 <a href=\"https:\/\/www.brw.pl\/tekstylia\/posciel\/koldry\/\" target=\"_blank\" rel=\"noopener\">ko\u0142dr\u0119<\/a> \u2013 zapewnia podobn\u0105 przewiewno\u015b\u0107, a jest milszy w dotyku. Do ochronienia po\u015bcieli przed kurzem przydaje si\u0119 cienka <strong><a href=\"https:\/\/www.brw.pl\/tekstylia\/narzuty\/\" target=\"_blank\" rel=\"noopener\">narzuta<\/a><\/strong>, na kt\u00f3rej mo\u017cesz zdrzemn\u0105\u0107 si\u0119 podczas popo\u0142udniowej sjesty. Prawdziwym wybawieniem w upalne dni s\u0105 r\u00f3wnie\u017c <strong><a href=\"https:\/\/www.brw.pl\/tekstylia\/wystroj-okien\/zaslony\/\" target=\"_blank\" rel=\"noopener\">zas\u0142ony<\/a><\/strong>, kt\u00f3re pilnuj\u0105, by pomieszczenie zanadto si\u0119 nie nagrza\u0142o. Pami\u0119taj te\u017c o <a href=\"https:\/\/www.brw.pl\/tekstylia\/poduszki-dekoracyjne\/\" target=\"_blank\" rel=\"noopener\"><strong>poduszkach dekoracyjnych<\/strong> <\/a>jako ozdobie oraz dodatkowym podparciu pod plecy czy g\u0142ow\u0119 w czasie czytania przed snem.<\/p>\n<div style=\"display: flex; align-items: center; justify-content: center; text-align: center;\">\n<figure id=\"attachment_34780\" aria-describedby=\"caption-attachment-34780\" style=\"width: 350px\" class=\"wp-caption aligncenter\"><a href=\"https:\/\/www.brw.pl\/narzuta-loren-180x200-cm-bezowa,136524\" target=\"_blank\" rel=\"noopener noreferrer\"><img decoding=\"async\" class=\"wp-image-34780 lazyload\" data-src=\"https:\/\/www.brw.pl\/blog\/wp-content\/uploads\/2025\/05\/narzuta-loren-180x200-cm-bezowa-slargea.jpg\" alt=\"Narzuta Loren\" width=\"350\" height=\"263\" src=\"data:image\/svg+xml;base64,PHN2ZyB3aWR0aD0iMSIgaGVpZ2h0PSIxIiB4bWxucz0iaHR0cDovL3d3dy53My5vcmcvMjAwMC9zdmciPjwvc3ZnPg==\" style=\"--smush-placeholder-width: 350px; --smush-placeholder-aspect-ratio: 350\/263;\" \/><\/a><figcaption id=\"caption-attachment-34780\" class=\"wp-caption-text\"><a href=\"https:\/\/www.brw.pl\/narzuta-loren-180x200-cm-bezowa,136524\" target=\"_blank\" rel=\"noopener noreferrer\"><span style=\"font-weight: 400;\">NARZUTA LOREN<\/span><\/a><\/figcaption><\/figure>\n<figure id=\"attachment_34780\" aria-describedby=\"caption-attachment-34780\" style=\"width: 350px\" class=\"wp-caption aligncenter\"><a href=\"https:\/\/www.brw.pl\/poduszka-dekoracyjna-eukaliptus-45x45-cm,609003\" target=\"_blank\" rel=\"noopener noreferrer\"><img decoding=\"async\" class=\"wp-image-34780 lazyload\" data-src=\"https:\/\/www.brw.pl\/blog\/wp-content\/uploads\/2025\/06\/poduszka-dekoracyjna-eukaliptus-45x45-cm-slargea.webp\" alt=\"Poduszka dekoracyjna Eukaliptus\" width=\"350\" height=\"263\" src=\"data:image\/svg+xml;base64,PHN2ZyB3aWR0aD0iMSIgaGVpZ2h0PSIxIiB4bWxucz0iaHR0cDovL3d3dy53My5vcmcvMjAwMC9zdmciPjwvc3ZnPg==\" style=\"--smush-placeholder-width: 350px; --smush-placeholder-aspect-ratio: 350\/263;\" \/><\/a><figcaption id=\"caption-attachment-34780\" class=\"wp-caption-text\"><a href=\"https:\/\/www.brw.pl\/poduszka-dekoracyjna-eukaliptus-45x45-cm,609003\" target=\"_blank\" rel=\"noopener noreferrer\"><span style=\"font-weight: 400;\">PODUSZKA DEKORACYJNA EUKALIPTUS<\/span><\/a><\/figcaption><\/figure>\n<\/div>\n<div style=\"display: flex; align-items: center; justify-content: center; text-align: center;\">\n<figure id=\"attachment_34780\" aria-describedby=\"caption-attachment-34780\" style=\"width: 350px\" class=\"wp-caption aligncenter\"><a href=\"https:\/\/www.brw.pl\/poszewka-dekoracyjna-welwetowa-flowers-no-10-45x45-cm,536905\" target=\"_blank\" rel=\"noopener noreferrer\"><img decoding=\"async\" class=\"wp-image-34780 lazyload\" data-src=\"https:\/\/www.brw.pl\/blog\/wp-content\/uploads\/2025\/06\/poszewka-dekoracyjna-welwetowa-flowers-no-10-45x45-cm-slargea.webp\" alt=\"Poszewka dekoracyjna Flowers NO. 10\" width=\"350\" height=\"263\" src=\"data:image\/svg+xml;base64,PHN2ZyB3aWR0aD0iMSIgaGVpZ2h0PSIxIiB4bWxucz0iaHR0cDovL3d3dy53My5vcmcvMjAwMC9zdmciPjwvc3ZnPg==\" style=\"--smush-placeholder-width: 350px; --smush-placeholder-aspect-ratio: 350\/263;\" \/><\/a><figcaption id=\"caption-attachment-34780\" class=\"wp-caption-text\"><a href=\"https:\/\/www.brw.pl\/poszewka-dekoracyjna-welwetowa-flowers-no-10-45x45-cm,536905\" target=\"_blank\" rel=\"noopener noreferrer\"><span style=\"font-weight: 400;\">POSZEWKA DEKORACYJNA FLOWERS NO. 10<\/span><\/a><\/figcaption><\/figure>\n<\/div>\n<h2 class=\"pf0\"><strong><span class=\"cf1\">Jak dba\u0107 o letni\u0105 po\u015bciel, by s\u0142u\u017cy\u0142a przez wiele sezon\u00f3w?<\/span> <\/strong><\/h2>\n<p data-start=\"5587\" data-end=\"5955\">Letnia po\u015bciel z bawe\u0142ny czy lnu, cho\u0107 przewa\u017cnie delikatniejsza ni\u017c ta zimowa, nie wymaga skomplikowanej piel\u0119gnacji. Wystarczy przestrzega\u0107 kilku prostych zasad.<\/p>\n<p data-start=\"5587\" data-end=\"5955\">Przede wszystkim <strong>nale\u017cy\u00a0sprawdzi\u0107 zalecenia producenta dotycz\u0105ce temperatury prania<\/strong>. Zwykle naturalne materia\u0142y dobrze znosz\u0105 pranie w temperaturach 40\u201360\u00b0C, co pozwala skutecznie pozby\u0107 si\u0119 bakterii i zachowa\u0107 \u015bwie\u017co\u015b\u0107.\u00a0Do prania <strong>u\u017cywaj nieagresywnych, hipoalergicznych detergent\u00f3w<\/strong>. <strong>Unikaj suszenia po\u015bcieli w pe\u0142nym s\u0142o\u0144cu.<\/strong> Poszewki szybciej wyschn\u0105 i b\u0119d\u0105 \u0142adniej pachnie\u0107, ale materia\u0142 mo\u017ce wyblakn\u0105\u0107. Je\u015bli tkanina si\u0119 gniecie, warto prasowa\u0107 j\u0105 \u017celazkiem rozgrzanym do odpowiedniej temperatury. Po\u015bcieli satynowej zazwyczaj nie trzeba wyg\u0142adza\u0107, ale lnian\u0105 ju\u017c owszem.<\/p>\n<h2><strong><span class=\"cf0\">Jak\u0105 po\u015bciel wybra\u0107? T\u0119, kt\u00f3ra pozwoli Twojej sk\u00f3rze oddycha\u0107!<\/span><\/strong><\/h2>\n<p><center><img decoding=\"async\" class=\"alignnone size-medium wp-image-39468 lazyload\" data-src=\"https:\/\/www.brw.pl\/blog\/wp-content\/uploads\/2025\/06\/komplet-poscieli-sunny-vibes-bawelna-satynowa-160x200-2-x-70x80-cm-xlargea-800x725.webp\" alt=\"Komplet po\u015bcieli Sunny Vibes z bawe\u0142ny satynowej - aran\u017cacja\" width=\"800\" height=\"725\" data-srcset=\"https:\/\/www.brw.pl\/blog\/wp-content\/uploads\/2025\/06\/komplet-poscieli-sunny-vibes-bawelna-satynowa-160x200-2-x-70x80-cm-xlargea-800x725.webp 800w, https:\/\/www.brw.pl\/blog\/wp-content\/uploads\/2025\/06\/komplet-poscieli-sunny-vibes-bawelna-satynowa-160x200-2-x-70x80-cm-xlargea-768x696.webp 768w, https:\/\/www.brw.pl\/blog\/wp-content\/uploads\/2025\/06\/komplet-poscieli-sunny-vibes-bawelna-satynowa-160x200-2-x-70x80-cm-xlargea.webp 1136w\" data-sizes=\"(max-width: 800px) 100vw, 800px\" src=\"data:image\/svg+xml;base64,PHN2ZyB3aWR0aD0iMSIgaGVpZ2h0PSIxIiB4bWxucz0iaHR0cDovL3d3dy53My5vcmcvMjAwMC9zdmciPjwvc3ZnPg==\" style=\"--smush-placeholder-width: 800px; --smush-placeholder-aspect-ratio: 800\/725;\" \/><\/center><\/p>\n<p style=\"text-align: center;\"><a href=\"https:\/\/www.brw.pl\/komplet-poscieli-sunny-vibes-bawelna-satynowa-160x200-2-x-70x80-cm,658060\" target=\"_blank\" rel=\"noopener\"><strong>KOMPLET PO\u015aCIELI SUNNY VIBES<\/strong><\/a> z bawe\u0142ny satynowej<\/p>\n<p data-start=\"6827\" data-end=\"7207\">Mamy nadziej\u0119, \u017ce po lekturze naszego artyku\u0142u ju\u017c wiesz, jak\u0105 po\u015bciel wybra\u0107 na lato. Priorytetem powinna by\u0107 przewiewno\u015b\u0107, absorpcja wilgoci, delikatno\u015b\u0107 w kontakcie ze sk\u00f3r\u0105. Tkanina nie mo\u017ce podra\u017cnia\u0107 ani przegrzewa\u0107. Powinna wspiera\u0107 naturalne procesy termoregulacyjne organizmu, zapewnia\u0107 uczucie ch\u0142odu. Poszukaj takiej, kt\u00f3ra charakteryzuje si\u0119 lekko\u015bci\u0105, g\u0142adko\u015bci\u0105, jest mi\u0142a w dotyku. Wybieraj\u0105c naturalne materia\u0142y, takie jak bawe\u0142na, len czy bambus, i stawiaj\u0105c na dobr\u0105 jako\u015b\u0107 po\u015bcieli, dbasz o swoj\u0105 wygod\u0119 oraz zdrowie.<\/p>\n<p data-start=\"7630\" data-end=\"8056\" data-is-last-node=\"\" data-is-only-node=\"\">Oczywi\u015bcie nie ma jednoznacznej odpowiedzi na pytanie, jaka po\u015bciel najlepsza na lato, poniewa\u017c wiele zale\u017cy od\u00a0indywidualnych preferencji. Jednak bior\u0105c pod uwag\u0119 nasze wskaz\u00f3wki, na pewno podniesiesz komfort swojego snu.<\/p>\n<p data-start=\"7630\" data-end=\"8056\" data-is-last-node=\"\" data-is-only-node=\"\"><strong>W <a href=\"https:\/\/www.brw.pl\/\" target=\"_blank\" rel=\"noopener\">sklepie internetowym BRW<\/a> czeka na Ciebie szeroki wyb\u00f3r po\u015bcieli idealnej na letnie miesi\u0105ce. Zapraszamy do zapoznania si\u0119 z naszym asortymentem!\u00a0<\/strong><\/p>\n<p data-start=\"7630\" data-end=\"8056\" data-is-last-node=\"\" data-is-only-node=\"\"><em>Wybrane produkty pokazane w artykule s\u0105 dost\u0119pne r\u00f3wnie\u017c w sklepach stacjonarnych Black Red White. Informacj\u0119 o dost\u0119pno\u015bci znajdziesz w karcie produktu na www.<\/em><\/p>\n<p>&nbsp;<\/p>\n<p>&nbsp;<\/p>\n<p><!--EndFragment --><\/p>\n","protected":false},"excerpt":{"rendered":"<p>Letnie noce potrafi\u0105 by\u0107 pi\u0119kne, ale wysokie temperatury utrudniaj\u0105 za\u015bni\u0119cie. Gdy powietrze wydaje si\u0119 ci\u0119\u017ckie od upa\u0142u, wypoczynek nie przychodzi \u0142atwo. Co poprawia\u00a0jako\u015b\u0107 snu latem? Mi\u0119dzy innymi odpowiednie tekstylia do sypialni. Sprawd\u017a, jaka po\u015bciel przyniesie ulg\u0119 w gor\u0105ce dni!<\/p>\n","protected":false},"author":29,"featured_media":39464,"comment_status":"closed","ping_status":"open","sticky":false,"template":"","format":"standard","meta":{"footnotes":""},"categories":[574,29,572],"tags":[],"aioseo_notices":[],"_links":{"self":[{"href":"https:\/\/www.brw.pl\/blog\/wp-json\/wp\/v2\/posts\/39463"}],"collection":[{"href":"https:\/\/www.brw.pl\/blog\/wp-json\/wp\/v2\/posts"}],"about":[{"href":"https:\/\/www.brw.pl\/blog\/wp-json\/wp\/v2\/types\/post"}],"author":[{"embeddable":true,"href":"https:\/\/www.brw.pl\/blog\/wp-json\/wp\/v2\/users\/29"}],"replies":[{"embeddable":true,"href":"https:\/\/www.brw.pl\/blog\/wp-json\/wp\/v2\/comments?post=39463"}],"version-history":[{"count":3,"href":"https:\/\/www.brw.pl\/blog\/wp-json\/wp\/v2\/posts\/39463\/revisions"}],"predecessor-version":[{"id":40913,"href":"https:\/\/www.brw.pl\/blog\/wp-json\/wp\/v2\/posts\/39463\/revisions\/40913"}],"wp:featuredmedia":[{"embeddable":true,"href":"https:\/\/www.brw.pl\/blog\/wp-json\/wp\/v2\/media\/39464"}],"wp:attachment":[{"href":"https:\/\/www.brw.pl\/blog\/wp-json\/wp\/v2\/media?parent=39463"}],"wp:term":[{"taxonomy":"category","embeddable":true,"href":"https:\/\/www.brw.pl\/blog\/wp-json\/wp\/v2\/categories?post=39463"},{"taxonomy":"post_tag","embeddable":true,"href":"https:\/\/www.brw.pl\/blog\/wp-json\/wp\/v2\/tags?post=39463"}],"curies":[{"name":"wp","href":"https:\/\/api.w.org\/{rel}","templated":true}]}}