{"id":40716,"date":"2026-01-12T08:27:30","date_gmt":"2026-01-12T07:27:30","guid":{"rendered":"https:\/\/www.brw.pl\/blog\/?p=40716"},"modified":"2026-01-23T09:09:38","modified_gmt":"2026-01-23T08:09:38","slug":"jak-urzadzic-kaszmirowy-salon-podpowiedzi-od-brw","status":"publish","type":"post","link":"https:\/\/www.brw.pl\/blog\/jak-urzadzic-kaszmirowy-salon-podpowiedzi-od-brw\/","title":{"rendered":"Jak urz\u0105dzi\u0107 kaszmirowy salon? Podpowiedzi od BRW"},"content":{"rendered":"<p><strong>Kaszmirowy kolor to modny wyb\u00f3r do ka\u017cdego pomieszczenia, jednak jego urod\u0119 warto wyeksponowa\u0107 przede wszystkim w salonie. Jak urz\u0105dzi\u0107 pok\u00f3j dzienny w tak subtelnej ods\u0142onie? W naszym artykule znajdziesz gar\u015b\u0107 inspiracji, dzi\u0119ki kt\u00f3rym stworzysz pi\u0119kne, stylowe i funkcjonalne wn\u0119trze. Zapraszamy do lektury!<\/strong><!--more--><\/p>\n<div style=\"display: flex; align-items: center; justify-content: center; text-align: center;\">\n<figure id=\"attachment_40717\" aria-describedby=\"caption-attachment-40717\" style=\"width: 800px\" class=\"wp-caption aligncenter\"><a href=\"https:\/\/www.brw.pl\/inspiracje\/produkty\/?a=11202,kaspian\" target=\"_blank\" rel=\"noopener noreferrer\"><img decoding=\"async\" class=\"wp-image-40717 size-medium lazyload\" data-src=\"https:\/\/www.brw.pl\/blog\/wp-content\/uploads\/2026\/01\/kaspian_dzienny_kaszmir_2-800x502.jpg\" alt=\"Meble z kolekcji Kaspian - aran\u017cacja pokoju dziennego\" width=\"800\" height=\"502\" data-srcset=\"https:\/\/www.brw.pl\/blog\/wp-content\/uploads\/2026\/01\/kaspian_dzienny_kaszmir_2-800x502.jpg 800w, https:\/\/www.brw.pl\/blog\/wp-content\/uploads\/2026\/01\/kaspian_dzienny_kaszmir_2-768x482.jpg 768w, https:\/\/www.brw.pl\/blog\/wp-content\/uploads\/2026\/01\/kaspian_dzienny_kaszmir_2-1536x964.jpg 1536w, https:\/\/www.brw.pl\/blog\/wp-content\/uploads\/2026\/01\/kaspian_dzienny_kaszmir_2.jpg 1712w\" data-sizes=\"(max-width: 800px) 100vw, 800px\" src=\"data:image\/svg+xml;base64,PHN2ZyB3aWR0aD0iMSIgaGVpZ2h0PSIxIiB4bWxucz0iaHR0cDovL3d3dy53My5vcmcvMjAwMC9zdmciPjwvc3ZnPg==\" style=\"--smush-placeholder-width: 800px; --smush-placeholder-aspect-ratio: 800\/502;\" \/><\/a><figcaption id=\"caption-attachment-40717\" class=\"wp-caption-text\"><a href=\"https:\/\/www.brw.pl\/inspiracje\/produkty\/?a=11202,kaspian\" target=\"_blank\" rel=\"noopener noreferrer\"><span style=\"font-weight: 400;\">Meble z kolekcji Kaspian \u2013 kup aran\u017cacj\u0119<\/span><\/a><\/figcaption><\/figure>\n<\/div>\n<p>Kaszmir na dobre zadomowi\u0142 si\u0119 w trendach i od kilku sezon\u00f3w podbija serca designer\u00f3w. Barwa cieszy si\u0119 ogromn\u0105 popularno\u015bci\u0105, tym samym wyznaczaj\u0105c kierunek, w jakim urz\u0105dzane s\u0105 wsp\u00f3\u0142czesne mieszkania. Czy jeste\u015bmy zaskoczeni? Ani troch\u0119! Elegancki, stonowany kaszmir to znakomity wyb\u00f3r \u2013 odnajduje si\u0119 w wi\u0119kszo\u015bci styl\u00f3w aran\u017cacyjnych, pi\u0119knie pracuje ze \u015bwiat\u0142em,\u00a0buduje we wn\u0119trzu wra\u017cenie cichego luksusu. Warto wprowadzi\u0107 go do reprezentacyjnej przestrzeni dziennej, w kt\u00f3rej w pe\u0142ni rozwinie sw\u00f3j potencja\u0142. Zobacz, jak to zrobi\u0107!<\/p>\n<h2><strong>Kolor kaszmirowy, czyli jaki?<\/strong><\/h2>\n<p>Inspiracj\u0105 dla jednego z najciekawszych kolor\u00f3w ostatnich sezon\u00f3w jest luksusowa we\u0142na k\u00f3z kaszmirskich. To w\u0142a\u015bnie od drogocennego w\u0142\u00f3kna wzi\u0119\u0142a si\u0119 r\u00f3wnie\u017c jego nazwa. <strong>Kaszmir opisa\u0107 mo\u017cna jako subtelne po\u0142\u0105czenie be\u017cu, szaro\u015bci i pudrowego r\u00f3\u017cu<\/strong>. Tym, co wyr\u00f3\u017cnia go na tle standardowych szaro-be\u017c\u00f3w, s\u0105 delikatne nuty ciep\u0142a, dzi\u0119ki kt\u00f3rym barwa &#8222;otula&#8221; wn\u0119trze jak mi\u0119kki sweter.<\/p>\n<p>Kaszmirowy kolor rzadko prezentuje si\u0119 tak samo \u2013 w zale\u017cno\u015bci od o\u015bwietlenia mo\u017ce przybiera\u0107 r\u00f3\u017cne odcienie. W naturalnym \u015bwietle dziennym wygl\u0105da lekko i neutralnie, natomiast przy sztucznym o\u015bwietleniu nabiera przytulnego charakteru. Poniewa\u017c doskonale komponuje si\u0119 z innymi barwami, uchodzi za bezpieczny wyb\u00f3r do domu. Sprawdza si\u0119 jako kolor \u015bcian, ale r\u00f3wnie dobrze gra z meblami, tekstyliami i dekoracjami.<\/p>\n<p style=\"text-align: center;\"><strong>Sprawd\u017a: <a href=\"https:\/\/www.brw.pl\/blog\/kaszmir-we-wnetrzach-czy-to-dobry-wybor\/\" target=\"_blank\" rel=\"noopener\">&#8222;Kaszmir we wn\u0119trzach: czy to dobry wyb\u00f3r?&#8221;<\/a>.\u00a0<\/strong><\/p>\n<h2><strong>Kaszmirowy salon jako przestrze\u0144 elegancji i komfortu<\/strong><\/h2>\n<p>Kaszmir w aran\u017cacji salonu to doskona\u0142y wyb\u00f3r dla os\u00f3b, kt\u00f3re szukaj\u0105 sposobu na wprowadzenie do wn\u0119trza subtelnej elegancji. <strong>Je\u015bli wi\u0119c zale\u017cy Ci na osi\u0105gni\u0119ciu efektu &#8222;quiet luxury&#8221;, kaszmirowe akcenty b\u0119d\u0105 strza\u0142em w dziesi\u0105tk\u0119<\/strong>. Ciep\u0142e tonacje dodaj\u0105 przestrzeni mi\u0119kko\u015bci, wyciszaj\u0105 j\u0105, spajaj\u0105 zawarte w niej elementy w jedn\u0105 ca\u0142o\u015b\u0107. Dzi\u0119ki szlachetnej urodzie kaszmiru salon ma szans\u0119 sta\u0107 si\u0119 reprezentacj\u0105 luksusu i wyrafinowania, podobnie jak sypialnia. <a href=\"https:\/\/www.brw.pl\/blog\/jak-stworzyc-kaszmirowa-sypialnie-podpowiadamy\/\" target=\"_blank\" rel=\"noopener\">Jak stworzy\u0107 kaszmirow\u0105 sypialni\u0119? Podpowiadamy!<\/a><\/p>\n<p>Neutralny charakter koloru \u015bwietnie wsp\u00f3\u0142gra z r\u00f3\u017cnymi stylami wn\u0119trzarskimi. To dobra baza dla aran\u017cacji glamour, nowojorskich, nowoczesnych, modern classic, japandi. Decyduj\u0105c si\u0119 na tak stonowane t\u0142o, otwierasz przed sob\u0105 szerokie spektrum dekoracyjnych mo\u017cliwo\u015bci.\u00a0O ostatecznym kszta\u0142cie wn\u0119trza mog\u0105 zatem zdecydowa\u0107 pomniejsze meble i dodatki.<\/p>\n<h2><strong>Kaszmirowe meble \u2013 jak zbudowa\u0107 sp\u00f3jn\u0105 baz\u0119 aran\u017cacji przytulnego salonu?<\/strong><\/h2>\n<div style=\"display: flex; align-items: center; justify-content: center; text-align: center;\">\n<figure id=\"attachment_40718\" aria-describedby=\"caption-attachment-40718\" style=\"width: 800px\" class=\"wp-caption aligncenter\"><a href=\"https:\/\/www.brw.pl\/inspiracje\/produkty\/?a=11204,brevas\" target=\"_blank\" rel=\"noopener noreferrer\"><img decoding=\"async\" class=\"wp-image-40718 size-medium lazyload\" data-src=\"https:\/\/www.brw.pl\/blog\/wp-content\/uploads\/2026\/01\/brevas_dzienny_kaszmir_lq-800x584.jpg\" alt=\"Meble z kolekcji Brevas - aran\u017cacja pokoju dziennego\" width=\"800\" height=\"584\" data-srcset=\"https:\/\/www.brw.pl\/blog\/wp-content\/uploads\/2026\/01\/brevas_dzienny_kaszmir_lq-800x584.jpg 800w, https:\/\/www.brw.pl\/blog\/wp-content\/uploads\/2026\/01\/brevas_dzienny_kaszmir_lq-768x560.jpg 768w, https:\/\/www.brw.pl\/blog\/wp-content\/uploads\/2026\/01\/brevas_dzienny_kaszmir_lq.jpg 1480w\" data-sizes=\"(max-width: 800px) 100vw, 800px\" src=\"data:image\/svg+xml;base64,PHN2ZyB3aWR0aD0iMSIgaGVpZ2h0PSIxIiB4bWxucz0iaHR0cDovL3d3dy53My5vcmcvMjAwMC9zdmciPjwvc3ZnPg==\" style=\"--smush-placeholder-width: 800px; --smush-placeholder-aspect-ratio: 800\/584;\" \/><\/a><figcaption id=\"caption-attachment-40718\" class=\"wp-caption-text\"><a href=\"https:\/\/www.brw.pl\/inspiracje\/produkty\/?a=11204,brevas\" target=\"_blank\" rel=\"noopener noreferrer\"><span style=\"font-weight: 400;\">Meble z kolekcji Brevas \u2013 kup aran\u017cacj\u0119<\/span><\/a><\/figcaption><\/figure>\n<\/div>\n<p>Kaszmirowy kolor naj\u0142atwiej wprowadzi\u0107 do salonu pod postaci\u0105 mebli wypoczynkowych i s\u0142u\u017c\u0105cych przechowywaniu. <strong><a href=\"https:\/\/www.brw.pl\/meble\/meble-wypoczynkowe\/sofy\/\" target=\"_blank\" rel=\"noopener\">Sofy<\/a>, <a href=\"https:\/\/www.brw.pl\/meble\/meble-wypoczynkowe\/fotele\/\" target=\"_blank\" rel=\"noopener\">fotele<\/a>, <a href=\"https:\/\/www.brw.pl\/meble\/przechowywanie\/komody\/\" target=\"_blank\" rel=\"noopener\">komody<\/a>, <a href=\"https:\/\/www.brw.pl\/meble\/przechowywanie\/regaly\/\" target=\"_blank\" rel=\"noopener\">rega\u0142y<\/a>, <a href=\"https:\/\/www.brw.pl\/meble\/przechowywanie\/witryny\/\" target=\"_blank\" rel=\"noopener\">witryny<\/a> oraz <a href=\"https:\/\/www.brw.pl\/meble\/przechowywanie\/witryny\/\" target=\"_blank\" rel=\"noopener\">szafki RTV<\/a> w tym odcieniu tworz\u0105 spokojn\u0105, eleganck\u0105 podstaw\u0119 aran\u017cacji<\/strong>. W samym centrum strefy dziennej warto ustawi\u0107 kaszmirow\u0105 sof\u0119 obit\u0105 welwetow\u0105 tkanin\u0105. Taki element podkre\u015bli przytulno\u015b\u0107 wn\u0119trza i zach\u0119ci domownik\u00f3w do wypoczynku. Obawiasz si\u0119, \u017ce na jasnej tapicerce od razu b\u0119dzie wida\u0107 ka\u017cd\u0105 plam\u0119? Nie martw si\u0119 na zapas \u2013 jasny, ale nie krystalicznie bia\u0142y odcie\u0144 lepiej maskuje drobne zabrudzenia.<\/p>\n<div style=\"display: flex; align-items: center; justify-content: center; text-align: center;\">\n<figure id=\"attachment_40719\" aria-describedby=\"caption-attachment-40719\" style=\"width: 800px\" class=\"wp-caption aligncenter\"><a href=\"https:\/\/www.brw.pl\/sofa-trzyosobowa-meloria-rozkladana-z-pojemnikiem-bezowa,852827\" target=\"_blank\" rel=\"noopener noreferrer\"><img decoding=\"async\" class=\"wp-image-40719 size-medium lazyload\" data-src=\"https:\/\/www.brw.pl\/blog\/wp-content\/uploads\/2026\/01\/MELORIA_LINCOLN_D_03_BEIGE_ar1-800x447.jpg\" alt=\"Sofa Meloria\" width=\"800\" height=\"447\" data-srcset=\"https:\/\/www.brw.pl\/blog\/wp-content\/uploads\/2026\/01\/MELORIA_LINCOLN_D_03_BEIGE_ar1-800x447.jpg 800w, https:\/\/www.brw.pl\/blog\/wp-content\/uploads\/2026\/01\/MELORIA_LINCOLN_D_03_BEIGE_ar1-768x429.jpg 768w, https:\/\/www.brw.pl\/blog\/wp-content\/uploads\/2026\/01\/MELORIA_LINCOLN_D_03_BEIGE_ar1-1536x858.jpg 1536w, https:\/\/www.brw.pl\/blog\/wp-content\/uploads\/2026\/01\/MELORIA_LINCOLN_D_03_BEIGE_ar1.jpg 1920w\" data-sizes=\"(max-width: 800px) 100vw, 800px\" src=\"data:image\/svg+xml;base64,PHN2ZyB3aWR0aD0iMSIgaGVpZ2h0PSIxIiB4bWxucz0iaHR0cDovL3d3dy53My5vcmcvMjAwMC9zdmciPjwvc3ZnPg==\" style=\"--smush-placeholder-width: 800px; --smush-placeholder-aspect-ratio: 800\/447;\" \/><\/a><figcaption id=\"caption-attachment-40719\" class=\"wp-caption-text\"><a href=\"https:\/\/www.brw.pl\/sofa-trzyosobowa-meloria-rozkladana-z-pojemnikiem-bezowa,852827\" target=\"_blank\" rel=\"noopener noreferrer\"><span style=\"font-weight: 400;\">Sofa Meloria<\/span><\/a><\/figcaption><\/figure>\n<\/div>\n<blockquote><p>Wybieraj\u0105c meble do salonu, zwr\u00f3\u0107my uwag\u0119 na bry\u0142y o prostych sylwetkach, kt\u00f3re pozwalaj\u0105 barwom wysun\u0105\u0107 si\u0119 na pierwszy plan. Meble w kolorze kaszmiru dobrze wygl\u0105daj\u0105 zar\u00f3wno w wersji matowej, jak i satynowej. Aby unikn\u0105\u0107 monotonii, zestawmy je z elementami w innych wyko\u0144czeniach: drewnianym sto\u0142em, tapicerk\u0105 o wyrazistej fakturze, dywanem o g\u0119stym runie czy strukturalnym wyko\u0144czeniem \u015bciany <strong>\u2013 podpowiada ekspert Black Red White.<\/strong><\/p><\/blockquote>\n<h2><strong>Jakie kolory najlepiej \u0142\u0105czy\u0107 z odcieniem kaszmiru w salonie?<\/strong><\/h2>\n<div style=\"display: flex; align-items: center; justify-content: center; text-align: center;\">\n<figure id=\"attachment_40921\" aria-describedby=\"caption-attachment-40921\" style=\"width: 800px\" class=\"wp-caption aligncenter\"><a href=\"https:\/\/www.brw.pl\/inspiracje\/produkty\/?a=11210,brevas\" target=\"_blank\" rel=\"noopener noreferrer\"><img decoding=\"async\" class=\"wp-image-40921 size-medium lazyload\" data-src=\"https:\/\/www.brw.pl\/blog\/wp-content\/uploads\/2026\/01\/Brevas-Salon02-1-800x447.jpg\" alt=\"Meble z kolekcji Brevas w aran\u017cacji salonu\" width=\"800\" height=\"447\" data-srcset=\"https:\/\/www.brw.pl\/blog\/wp-content\/uploads\/2026\/01\/Brevas-Salon02-1-800x447.jpg 800w, https:\/\/www.brw.pl\/blog\/wp-content\/uploads\/2026\/01\/Brevas-Salon02-1-768x429.jpg 768w, https:\/\/www.brw.pl\/blog\/wp-content\/uploads\/2026\/01\/Brevas-Salon02-1-1536x858.jpg 1536w, https:\/\/www.brw.pl\/blog\/wp-content\/uploads\/2026\/01\/Brevas-Salon02-1.jpg 1920w\" data-sizes=\"(max-width: 800px) 100vw, 800px\" src=\"data:image\/svg+xml;base64,PHN2ZyB3aWR0aD0iMSIgaGVpZ2h0PSIxIiB4bWxucz0iaHR0cDovL3d3dy53My5vcmcvMjAwMC9zdmciPjwvc3ZnPg==\" style=\"--smush-placeholder-width: 800px; --smush-placeholder-aspect-ratio: 800\/447;\" \/><\/a><figcaption id=\"caption-attachment-40921\" class=\"wp-caption-text\"><a href=\"https:\/\/www.brw.pl\/inspiracje\/produkty\/?a=11210,brevas\" target=\"_blank\" rel=\"noopener noreferrer\"><span style=\"font-weight: 400;\">Meble z kolekcji Brevas \u2013 kup aran\u017cacj\u0119<\/span><\/a><\/figcaption><\/figure>\n<\/div>\n<p>Kaszmir pasuje do wielu barw, dlatego wyb\u00f3r towarzysz\u0105cych kolor\u00f3w jest niemal nieograniczony. \u015awietnie komponuje si\u0119 z <strong>biel\u0105, kt\u00f3ra podkre\u015bla jego subtelno\u015b\u0107<\/strong>. Bardzo harmonijnym po\u0142\u0105czeniem s\u0105 r\u00f3wnie\u017c <strong>szaro\u015bci i be\u017ce<\/strong>. Interesuj\u0105cy set kolorystyczny osi\u0105gniesz, si\u0119gaj\u0105c po <strong>duet kaszmiru i czerni<\/strong> \u2013 kontrastowe po\u0142\u0105czenie wnosi do wn\u0119trza dynamiczny akcent.<\/p>\n<p>Je\u015bli chcesz wzmocni\u0107 przytuln\u0105 atmosfer\u0119 w salonie, do kaszmirowych mebli lub \u015bcian dobierz wyposa\u017cenie z naturalnego drewna. Nie musisz ogranicza\u0107 si\u0119 do krzese\u0142 czy stolika kawowego. W kaszmirowym wn\u0119trzu pi\u0119knie zagraj\u0105 r\u00f3wnie\u017c pod\u0142ogi i drzwi w z\u0142ocistym d\u0119bowym wybarwieniu. Spokojn\u0105 aran\u017cacj\u0119 o\u017cywi\u0105 dekoracje w przygaszonych odcieniach zieleni, takich jak sza\u0142wia czy oliwka. Punktowa obecno\u015b\u0107 dodatkowej barwy pozwoli unikn\u0105\u0107 monotonii.<\/p>\n<h2><strong>Materia\u0142y i faktury, kt\u00f3re podkre\u015bl\u0105 kaszmirowy charakter wn\u0119trza<\/strong><\/h2>\n<div style=\"display: flex; align-items: center; justify-content: center; text-align: center;\">\n<figure id=\"attachment_40721\" aria-describedby=\"caption-attachment-40721\" style=\"width: 800px\" class=\"wp-caption aligncenter\"><a href=\"https:\/\/www.brw.pl\/fotel-kubelkowy-simon-bezowy,747456?\" target=\"_blank\" rel=\"noopener noreferrer\"><img decoding=\"async\" class=\"wp-image-40721 size-medium lazyload\" data-src=\"https:\/\/www.brw.pl\/blog\/wp-content\/uploads\/2026\/01\/fotel-kubelkowy-simon-bezowy-xlargeb-800x458.jpg\" alt=\"Fotel kube\u0142kowy Simon\" width=\"800\" height=\"458\" data-srcset=\"https:\/\/www.brw.pl\/blog\/wp-content\/uploads\/2026\/01\/fotel-kubelkowy-simon-bezowy-xlargeb-800x458.jpg 800w, https:\/\/www.brw.pl\/blog\/wp-content\/uploads\/2026\/01\/fotel-kubelkowy-simon-bezowy-xlargeb-768x439.jpg 768w, https:\/\/www.brw.pl\/blog\/wp-content\/uploads\/2026\/01\/fotel-kubelkowy-simon-bezowy-xlargeb-1536x878.jpg 1536w, https:\/\/www.brw.pl\/blog\/wp-content\/uploads\/2026\/01\/fotel-kubelkowy-simon-bezowy-xlargeb.jpg 1717w\" data-sizes=\"(max-width: 800px) 100vw, 800px\" src=\"data:image\/svg+xml;base64,PHN2ZyB3aWR0aD0iMSIgaGVpZ2h0PSIxIiB4bWxucz0iaHR0cDovL3d3dy53My5vcmcvMjAwMC9zdmciPjwvc3ZnPg==\" style=\"--smush-placeholder-width: 800px; --smush-placeholder-aspect-ratio: 800\/458;\" \/><\/a><figcaption id=\"caption-attachment-40721\" class=\"wp-caption-text\"><a href=\"https:\/\/www.brw.pl\/fotel-kubelkowy-simon-bezowy,747456?\" target=\"_blank\" rel=\"noopener noreferrer\"><span style=\"font-weight: 400;\">Fotel kube\u0142kowy Simon<\/span><\/a><\/figcaption><\/figure>\n<\/div>\n<p>W kaszmirowym salonie wa\u017cn\u0105 rol\u0119 odgrywaj\u0105 materia\u0142y. Zapro\u015b do niego welurow\u0105 tapicerk\u0119, kt\u00f3ra pot\u0119guje wra\u017cenie komfortu i luksusu. Podobny efekt daj\u0105 matowe fronty mebli. <strong>Aby wn\u0119trze pozosta\u0142o sp\u00f3jne pod wzgl\u0119dem koloru, jednak nie straci\u0142o wizualnej g\u0142\u0119bi, warto po\u0142\u0105czy\u0107 r\u00f3\u017cne faktury<\/strong>. Jak to zrobi\u0107? Wystarczy, \u017ce obok g\u0142adkich powierzchni znajd\u0105 si\u0119 takie, kt\u00f3re nie s\u0105 jednorodne. Mog\u0105 to by\u0107 <a href=\"https:\/\/www.brw.pl\/tekstylia\/wystroj-okien\/zaslony\/material-len\/\" target=\"_blank\" rel=\"noopener\">lniane zas\u0142ony<\/a>, we\u0142niany pled, stolik z surowego drewna, sztruksowy fotel, lampa z aba\u017curem z plecionki, kamienny blat roboczy, je\u015bli salon posiada aneks kuchenny. Rozwi\u0105za\u0144 jest wiele.<\/p>\n<p style=\"text-align: center;\">Przeczytaj r\u00f3wnie\u017c: <a href=\"https:\/\/www.brw.pl\/blog\/kuchnia-kaszmirowa-aranzacje\/\">&#8222;<\/a><a href=\"https:\/\/www.brw.pl\/blog\/kuchnia-kaszmirowa-aranzacje\/\" target=\"_blank\" rel=\"noopener\">Kuchnia kaszmirowa \u2013 aran\u017cacje i dodatki&#8221;<\/a>.<\/p>\n<h2><strong>Dodatki w kaszmirowym salonie: co wybra\u0107?<\/strong><\/h2>\n<div style=\"display: flex; align-items: center; justify-content: center; text-align: center;\">\n<figure id=\"attachment_40305\" aria-describedby=\"caption-attachment-40305\" style=\"width: 800px\" class=\"wp-caption aligncenter\"><a href=\"https:\/\/www.brw.pl\/obraz-w-ramie-olive-branch-53x73-cm,685017\" target=\"_blank\" rel=\"noopener noreferrer\"><img decoding=\"async\" class=\"wp-image-40305 size-medium lazyload\" data-src=\"https:\/\/www.brw.pl\/blog\/wp-content\/uploads\/2025\/10\/obraz-w-ramie-olive-branch-53x73-cm-xlargea-800x798.jpg\" alt=\"Obraz w ramie Olive Branch\" width=\"800\" height=\"798\" data-srcset=\"https:\/\/www.brw.pl\/blog\/wp-content\/uploads\/2025\/10\/obraz-w-ramie-olive-branch-53x73-cm-xlargea-800x798.jpg 800w, https:\/\/www.brw.pl\/blog\/wp-content\/uploads\/2025\/10\/obraz-w-ramie-olive-branch-53x73-cm-xlargea-150x150.jpg 150w, https:\/\/www.brw.pl\/blog\/wp-content\/uploads\/2025\/10\/obraz-w-ramie-olive-branch-53x73-cm-xlargea-768x766.jpg 768w, https:\/\/www.brw.pl\/blog\/wp-content\/uploads\/2025\/10\/obraz-w-ramie-olive-branch-53x73-cm-xlargea-165x165.jpg 165w, https:\/\/www.brw.pl\/blog\/wp-content\/uploads\/2025\/10\/obraz-w-ramie-olive-branch-53x73-cm-xlargea-120x120.jpg 120w, https:\/\/www.brw.pl\/blog\/wp-content\/uploads\/2025\/10\/obraz-w-ramie-olive-branch-53x73-cm-xlargea.jpg 1021w\" data-sizes=\"(max-width: 800px) 100vw, 800px\" src=\"data:image\/svg+xml;base64,PHN2ZyB3aWR0aD0iMSIgaGVpZ2h0PSIxIiB4bWxucz0iaHR0cDovL3d3dy53My5vcmcvMjAwMC9zdmciPjwvc3ZnPg==\" style=\"--smush-placeholder-width: 800px; --smush-placeholder-aspect-ratio: 800\/798;\" \/><\/a><figcaption id=\"caption-attachment-40305\" class=\"wp-caption-text\"><a href=\"https:\/\/www.brw.pl\/obraz-w-ramie-olive-branch-53x73-cm,685017\" target=\"_blank\" rel=\"noopener noreferrer\"><span style=\"font-weight: 400;\">Obraz w ramie Olive Branch<\/span><\/a><\/figcaption><\/figure>\n<\/div>\n<p>Detale s\u0105 kropk\u0105 nad i ka\u017cdej aran\u017cacji. W kaszmirowym salonie najlepiej sprawdz\u0105 si\u0119 <a href=\"https:\/\/www.brw.pl\/tekstylia\/\" target=\"_blank\" rel=\"noopener\">tekstylia<\/a> \u2013 poduszki dekoracyjne, dywany, zas\u0142ony utrzymane w zbli\u017conej tonacji lub delikatnie kontrastuj\u0105ce z baz\u0105. O\u015bwietlenie o ciep\u0142ej barwie \u015bwiat\u0142a podkre\u015bli mi\u0119kko\u015b\u0107 koloru. Dekoracje \u015bcienne i sto\u0142owe warto dobiera\u0107 z umiarem. W tym przypadku jako\u015b\u0107 i sp\u00f3jno\u015b\u0107 s\u0105 wa\u017cniejsze ni\u017c ilo\u015b\u0107. Kaszmirowy kolor sam w sobie jest elegancki, dlatego dodatki powinny jedynie dyskretnie zaznacza\u0107 swoj\u0105 obecno\u015b\u0107.<\/p>\n<div style=\"display: flex; align-items: center; justify-content: center; text-align: center;\">\n<figure id=\"attachment_40723\" aria-describedby=\"caption-attachment-40723\" style=\"width: 800px\" class=\"wp-caption alignnone\"><a href=\"https:\/\/www.brw.pl\/koc-michael-220x240-cm-bezowy,736516\" target=\"_blank\" rel=\"noopener noreferrer\"><img decoding=\"async\" class=\"wp-image-40723 size-medium lazyload\" data-src=\"https:\/\/www.brw.pl\/blog\/wp-content\/uploads\/2026\/01\/koc-michael-220x240-cm-bezowy-xlargea-800x800.jpg\" alt=\"Koc Michael be\u017cowy\" width=\"800\" height=\"800\" data-srcset=\"https:\/\/www.brw.pl\/blog\/wp-content\/uploads\/2026\/01\/koc-michael-220x240-cm-bezowy-xlargea-800x800.jpg 800w, https:\/\/www.brw.pl\/blog\/wp-content\/uploads\/2026\/01\/koc-michael-220x240-cm-bezowy-xlargea-150x150.jpg 150w, https:\/\/www.brw.pl\/blog\/wp-content\/uploads\/2026\/01\/koc-michael-220x240-cm-bezowy-xlargea-768x768.jpg 768w, https:\/\/www.brw.pl\/blog\/wp-content\/uploads\/2026\/01\/koc-michael-220x240-cm-bezowy-xlargea-165x165.jpg 165w, https:\/\/www.brw.pl\/blog\/wp-content\/uploads\/2026\/01\/koc-michael-220x240-cm-bezowy-xlargea-120x120.jpg 120w, https:\/\/www.brw.pl\/blog\/wp-content\/uploads\/2026\/01\/koc-michael-220x240-cm-bezowy-xlargea.jpg 1026w\" data-sizes=\"(max-width: 800px) 100vw, 800px\" src=\"data:image\/svg+xml;base64,PHN2ZyB3aWR0aD0iMSIgaGVpZ2h0PSIxIiB4bWxucz0iaHR0cDovL3d3dy53My5vcmcvMjAwMC9zdmciPjwvc3ZnPg==\" style=\"--smush-placeholder-width: 800px; --smush-placeholder-aspect-ratio: 800\/800;\" \/><\/a><figcaption id=\"caption-attachment-40723\" class=\"wp-caption-text\"><a href=\"https:\/\/www.brw.pl\/koc-michael-220x240-cm-bezowy,736516\" target=\"_blank\" rel=\"noopener noreferrer\"><span style=\"font-weight: 400;\">Koc Michael w kolorze be\u017cowym<\/span><\/a><\/figcaption><\/figure>\n<\/div>\n<h2><strong>Kaszmirowy salon \u2013 ponadczasowa barwa na lata<\/strong><\/h2>\n<p>Kaszmir to kolor, kt\u00f3ry wymyka si\u0119 modom jednego sezonu. Jest na tyle uniwersalny, \u017ce doskonale sprawdza si\u0119 jako baza aran\u017cacyjna na lata. Wn\u0119trze utrzymane w tej tonacji \u0142atwo od\u015bwie\u017cysz za pomoc\u0105 samych dodatk\u00f3w \u2013 zmieniaj\u0105c tekstylia, dekoracje czy akcenty kolorystyczne. Inwestuj\u0105c w kaszmirowy salon, zyskujesz pi\u0119kne, ponadczasowe wn\u0119trze.<\/p>\n<p style=\"text-align: center;\"><strong>Meble i dodatki w kolorze kaszmir znajdziesz w <a href=\"https:\/\/www.brw.pl\/\" target=\"_blank\" rel=\"noopener\">sklepie internetowym Black Red White<\/a>. Zapraszamy na zakupy!<\/strong><\/p>\n<p>&nbsp;<\/p>\n\n","protected":false},"excerpt":{"rendered":"<p>Kaszmirowy kolor to modny wyb\u00f3r do ka\u017cdego pomieszczenia, jednak jego urod\u0119 warto wyeksponowa\u0107 przede wszystkim w salonie. Jak urz\u0105dzi\u0107 pok\u00f3j dzienny w tak subtelnej ods\u0142onie? W naszym artykule znajdziesz gar\u015b\u0107 inspiracji, dzi\u0119ki kt\u00f3rym stworzysz pi\u0119kne, stylowe i funkcjonalne wn\u0119trze. Zapraszamy do lektury!<\/p>\n","protected":false},"author":21,"featured_media":40717,"comment_status":"closed","ping_status":"open","sticky":false,"template":"","format":"standard","meta":{"footnotes":""},"categories":[39,28,735,572],"tags":[],"aioseo_notices":[],"_links":{"self":[{"href":"https:\/\/www.brw.pl\/blog\/wp-json\/wp\/v2\/posts\/40716"}],"collection":[{"href":"https:\/\/www.brw.pl\/blog\/wp-json\/wp\/v2\/posts"}],"about":[{"href":"https:\/\/www.brw.pl\/blog\/wp-json\/wp\/v2\/types\/post"}],"author":[{"embeddable":true,"href":"https:\/\/www.brw.pl\/blog\/wp-json\/wp\/v2\/users\/21"}],"replies":[{"embeddable":true,"href":"https:\/\/www.brw.pl\/blog\/wp-json\/wp\/v2\/comments?post=40716"}],"version-history":[{"count":6,"href":"https:\/\/www.brw.pl\/blog\/wp-json\/wp\/v2\/posts\/40716\/revisions"}],"predecessor-version":[{"id":40922,"href":"https:\/\/www.brw.pl\/blog\/wp-json\/wp\/v2\/posts\/40716\/revisions\/40922"}],"wp:featuredmedia":[{"embeddable":true,"href":"https:\/\/www.brw.pl\/blog\/wp-json\/wp\/v2\/media\/40717"}],"wp:attachment":[{"href":"https:\/\/www.brw.pl\/blog\/wp-json\/wp\/v2\/media?parent=40716"}],"wp:term":[{"taxonomy":"category","embeddable":true,"href":"https:\/\/www.brw.pl\/blog\/wp-json\/wp\/v2\/categories?post=40716"},{"taxonomy":"post_tag","embeddable":true,"href":"https:\/\/www.brw.pl\/blog\/wp-json\/wp\/v2\/tags?post=40716"}],"curies":[{"name":"wp","href":"https:\/\/api.w.org\/{rel}","templated":true}]}}