{"id":40761,"date":"2026-01-15T09:57:55","date_gmt":"2026-01-15T08:57:55","guid":{"rendered":"https:\/\/www.brw.pl\/blog\/?p=40761"},"modified":"2026-02-02T16:11:17","modified_gmt":"2026-02-02T15:11:17","slug":"jak-ukladac-ksiazki-na-polkach-7-sposobow-ktore-odmienia-twoje-wnetrze","status":"publish","type":"post","link":"https:\/\/www.brw.pl\/blog\/jak-ukladac-ksiazki-na-polkach-7-sposobow-ktore-odmienia-twoje-wnetrze\/","title":{"rendered":"Jak uk\u0142ada\u0107 ksi\u0105\u017cki na p\u00f3\u0142kach? 7 sposob\u00f3w, kt\u00f3re odmieni\u0105 Twoje wn\u0119trze"},"content":{"rendered":"<p><strong>Ci\u0105gle odk\u0142adasz na p\u00f3\u017aniej organizacj\u0119 domowej biblioteczki? Pocz\u0105tek roku to idealny moment, aby posegregowa\u0107 i odpowiednio wyeksponowa\u0107 ulubione ksi\u0105\u017cki. Cel: utrzymanie porz\u0105dku i estetyczny efekt wizualny. W naszym artykule znajdziesz 7 spos\u00f3b na przechowywanie ksi\u0105\u017cek. Zobacz, kt\u00f3ry z nich sprawdzi si\u0119 w Twoim domu!<\/strong><!--more--><\/p>\n<div style=\"display: flex; align-items: center; justify-content: center; text-align: center;\">\n<figure id=\"attachment_40763\" aria-describedby=\"caption-attachment-40763\" style=\"width: 800px\" class=\"wp-caption aligncenter\"><a href=\"https:\/\/www.brw.pl\/regal-tetrix-88-cm-z-12-polkami-bialy,40080\" target=\"_blank\" rel=\"noopener noreferrer\"><img decoding=\"async\" class=\"wp-image-40763 size-medium lazyload\" data-src=\"https:\/\/www.brw.pl\/blog\/wp-content\/uploads\/2026\/01\/regal-tetrix-88-cm-z-12-polkami-bialy-xlargeb-800x534.jpg\" alt=\"Jak uk\u0142ada\u0107 ksi\u0105\u017cki na p\u00f3\u0142kach?\" width=\"800\" height=\"534\" data-srcset=\"https:\/\/www.brw.pl\/blog\/wp-content\/uploads\/2026\/01\/regal-tetrix-88-cm-z-12-polkami-bialy-xlargeb-800x534.jpg 800w, https:\/\/www.brw.pl\/blog\/wp-content\/uploads\/2026\/01\/regal-tetrix-88-cm-z-12-polkami-bialy-xlargeb-768x512.jpg 768w, https:\/\/www.brw.pl\/blog\/wp-content\/uploads\/2026\/01\/regal-tetrix-88-cm-z-12-polkami-bialy-xlargeb-1536x1025.jpg 1536w, https:\/\/www.brw.pl\/blog\/wp-content\/uploads\/2026\/01\/regal-tetrix-88-cm-z-12-polkami-bialy-xlargeb.jpg 1619w\" data-sizes=\"(max-width: 800px) 100vw, 800px\" src=\"data:image\/svg+xml;base64,PHN2ZyB3aWR0aD0iMSIgaGVpZ2h0PSIxIiB4bWxucz0iaHR0cDovL3d3dy53My5vcmcvMjAwMC9zdmciPjwvc3ZnPg==\" style=\"--smush-placeholder-width: 800px; --smush-placeholder-aspect-ratio: 800\/534;\" \/><\/a><figcaption id=\"caption-attachment-40763\" class=\"wp-caption-text\"><a href=\"https:\/\/www.brw.pl\/regal-tetrix-88-cm-z-12-polkami-bialy,40080\" target=\"_blank\" rel=\"noopener noreferrer\"><span style=\"font-weight: 400;\">Rega\u0142 Tetrix <\/span><\/a><\/figcaption><\/figure>\n<\/div>\n<p>Mimo popularno\u015bci elektronicznych wyda\u0144, wielu z nas wci\u0105\u017c wiernie trwa przy publikacjach drukowanych. To zrozumia\u0142e \u2013 nie ma nic przyjemniejszego, ni\u017c usi\u0105\u015b\u0107 w fotelu z nowo zakupion\u0105 lektur\u0105. Szelestu przerzucanych kartek nie zast\u0105pi \u017caden e-book. Je\u015bli czytanie to Twoje hobby, z pewno\u015bci\u0105 masz w domu niema\u0142y ksi\u0119gozbi\u00f3r. Sprawd\u017a, jak u\u0142o\u017cy\u0107 ksi\u0105\u017cki na regale lub na p\u00f3\u0142kach!<\/p>\n<h2><strong>1. Klasycznie w pionie \u2013 porz\u0105dek na p\u00f3\u0142kach, kt\u00f3ry zawsze si\u0119 obroni<\/strong><\/h2>\n<div style=\"display: flex; align-items: center; justify-content: center; text-align: center;\">\n<figure id=\"attachment_40764\" aria-describedby=\"caption-attachment-40764\" style=\"width: 800px\" class=\"wp-caption aligncenter\"><a href=\"https:\/\/www.brw.pl\/polka-scienna-weston-120-cm-sosna-old-style,41288\" target=\"_blank\" rel=\"noopener noreferrer\"><img decoding=\"async\" class=\"wp-image-40764 size-medium lazyload\" data-src=\"https:\/\/www.brw.pl\/blog\/wp-content\/uploads\/2026\/01\/polka-scienna-weston-120-cm-sosna-old-style-xlargeb-800x480.jpg\" alt=\"P\u00f3\u0142ka \u015bcienna Weston\" width=\"800\" height=\"480\" data-srcset=\"https:\/\/www.brw.pl\/blog\/wp-content\/uploads\/2026\/01\/polka-scienna-weston-120-cm-sosna-old-style-xlargeb-800x480.jpg 800w, https:\/\/www.brw.pl\/blog\/wp-content\/uploads\/2026\/01\/polka-scienna-weston-120-cm-sosna-old-style-xlargeb-768x461.jpg 768w, https:\/\/www.brw.pl\/blog\/wp-content\/uploads\/2026\/01\/polka-scienna-weston-120-cm-sosna-old-style-xlargeb-1536x922.jpg 1536w, https:\/\/www.brw.pl\/blog\/wp-content\/uploads\/2026\/01\/polka-scienna-weston-120-cm-sosna-old-style-xlargeb.jpg 1800w\" data-sizes=\"(max-width: 800px) 100vw, 800px\" src=\"data:image\/svg+xml;base64,PHN2ZyB3aWR0aD0iMSIgaGVpZ2h0PSIxIiB4bWxucz0iaHR0cDovL3d3dy53My5vcmcvMjAwMC9zdmciPjwvc3ZnPg==\" style=\"--smush-placeholder-width: 800px; --smush-placeholder-aspect-ratio: 800\/480;\" \/><\/a><figcaption id=\"caption-attachment-40764\" class=\"wp-caption-text\"><a href=\"https:\/\/www.brw.pl\/polka-scienna-weston-120-cm-sosna-old-style,41288\" target=\"_blank\" rel=\"noopener noreferrer\"><span style=\"font-weight: 400;\">P\u00f3\u0142ka \u015bcienna Weston<\/span><\/a><\/figcaption><\/figure>\n<\/div>\n<p>Najprostsza odpowied\u017a na pytanie, jak ustawi\u0107 ksi\u0105\u017cki na <a href=\"https:\/\/www.brw.pl\/meble\/przechowywanie\/polki\/\" target=\"_blank\" rel=\"noopener\">p\u00f3\u0142kach<\/a>, brzmi: pionowo. Niekoniecznie oryginalne, ale za to funkcjonalne rozwi\u0105zanie sprawdza si\u0119 w ka\u017cdej biblioteczce, niezale\u017cnie od jej rozmiar\u00f3w.<\/p>\n<p><strong>Uk\u0142adaj\u0105c ksi\u0105\u017cki w pionie, jedna obok drugiej, zyskujesz do nich \u0142atwy dost\u0119p<\/strong>. Grzbiety opatrzone tytu\u0142em i nazwiskiem autora s\u0105 dobrze widoczne, wi\u0119c bez problemu znajdziesz poszukiwany tom czy seri\u0119. Wra\u017cenie porz\u0105dku to jeszcze jeden plus takiego uk\u0142adu. Ksi\u0105\u017cki u\u0142o\u017cone pionowo to optymalny spos\u00f3b na ich przechowywanie w salonie lub gabinecie.<\/p>\n<p><strong>Wskaz\u00f3wka od Black Red White<\/strong>: dla lepszego efektu dopilnuj, aby grzbiety tworzy\u0142y r\u00f3wn\u0105 lini\u0119 i nie przesuwa\u0142y si\u0119 w g\u0142\u0105b p\u00f3\u0142ki.<\/p>\n<h2><strong>2. Uk\u0142adanie ksi\u0105\u017cek na p\u00f3\u0142kach poziomo i pionowo \u2013 spos\u00f3b na prze\u0142amanie monotonii<\/strong><\/h2>\n<div style=\"display: flex; align-items: center; justify-content: center; text-align: center;\">\n<figure id=\"attachment_38289\" aria-describedby=\"caption-attachment-38289\" style=\"width: 800px\" class=\"wp-caption aligncenter\"><a href=\"https:\/\/www.brw.pl\/polka-scienna-lamea-135-cm-dab-artisan,209890\" target=\"_blank\" rel=\"noopener noreferrer\"><img decoding=\"async\" class=\"wp-image-38289 size-medium lazyload\" data-src=\"https:\/\/www.brw.pl\/blog\/wp-content\/uploads\/2024\/12\/polka-scienna-lamea-135-cm-dab-artisan-xlargeb-800x582.jpg\" alt=\"P\u00f3\u0142ka \u015bcienna Lamea\" width=\"800\" height=\"582\" data-srcset=\"https:\/\/www.brw.pl\/blog\/wp-content\/uploads\/2024\/12\/polka-scienna-lamea-135-cm-dab-artisan-xlargeb-800x582.jpg 800w, https:\/\/www.brw.pl\/blog\/wp-content\/uploads\/2024\/12\/polka-scienna-lamea-135-cm-dab-artisan-xlargeb-768x559.jpg 768w, https:\/\/www.brw.pl\/blog\/wp-content\/uploads\/2024\/12\/polka-scienna-lamea-135-cm-dab-artisan-xlargeb.jpg 1346w\" data-sizes=\"(max-width: 800px) 100vw, 800px\" src=\"data:image\/svg+xml;base64,PHN2ZyB3aWR0aD0iMSIgaGVpZ2h0PSIxIiB4bWxucz0iaHR0cDovL3d3dy53My5vcmcvMjAwMC9zdmciPjwvc3ZnPg==\" style=\"--smush-placeholder-width: 800px; --smush-placeholder-aspect-ratio: 800\/582;\" \/><\/a><figcaption id=\"caption-attachment-38289\" class=\"wp-caption-text\"><a href=\"https:\/\/www.brw.pl\/polka-scienna-lamea-135-cm-dab-artisan,209890\" target=\"_blank\" rel=\"noopener noreferrer\"><span style=\"font-weight: 400;\">P\u00f3\u0142ka \u015bcienna Lamea<\/span><\/a><\/figcaption><\/figure>\n<\/div>\n<p>Swobodny, designerski efekt zapewni Ci biblioteczka zorganizowana w spos\u00f3b mieszany. <strong>Cz\u0119\u015b\u0107 ksi\u0105\u017cek postaw w pionie, a cz\u0119\u015b\u0107 wyeksponuj na p\u00f3\u0142ce w poziomych stosach<\/strong>. To metoda, kt\u00f3ra sprawdzi si\u0119, je\u015bli chcesz \u0142adnie u\u0142o\u017cy\u0107 ksi\u0105\u017cki, ale nie masz czasu na porz\u0105dkowanie ich wed\u0142ug skomplikowanego klucza.<\/p>\n<p>\u201ePrzerywnik\u201d w postaci poziomego stosu pomaga podzieli\u0107 d\u0142ug\u0105 przestrze\u0144 na mniejsze sekcje, a przy okazji stabilizuje uk\u0142ad podobnie jak <a href=\"https:\/\/www.brw.pl\/dekoracje\/podporki-do-ksiazek\/\" target=\"_blank\" rel=\"noopener\">podp\u00f3rka do ksi\u0105\u017cek<\/a>. Mo\u017cesz wykorzysta\u0107 go r\u00f3wnie\u017c jako element kompozycji z dekoracj\u0105 w roli g\u0142\u00f3wnej i postawi\u0107 na nim doniczk\u0119 z ro\u015blin\u0105, figurk\u0119, <a href=\"https:\/\/www.brw.pl\/dekoracje\/zegary\/rodzaj-stolowy\/\" target=\"_blank\" rel=\"noopener\">zegar sto\u0142owy<\/a>, latarenk\u0119. Koniecznie wypr\u00f3buj ten trik!<\/p>\n<h2><strong>3. U\u0142o\u017cenie ksi\u0105\u017cek kolorami \u2013 gdy p\u00f3\u0142ka na ksi\u0105\u017cki staje si\u0119 dekoracj\u0105<\/strong><\/h2>\n<p>Nale\u017cysz do pomys\u0142owych os\u00f3b, kt\u00f3re swoj\u0105 kreatywno\u015b\u0107 przenosz\u0105 r\u00f3wnie\u017c na aran\u017cacj\u0119 wn\u0119trza? <strong>Spr\u00f3buj posegregowa\u0107 ksi\u0105\u017cki wed\u0142ug kolor\u00f3w ok\u0142adek<\/strong>. To estetyczna i bardzo inspiruj\u0105ca propozycja! Ostateczny efekt zale\u017cy oczywi\u015bcie od koncepcji. <strong>Tomy mog\u0105 uk\u0142ada\u0107 si\u0119 w t\u0119cz\u0119, odwzorowywa\u0107 ko\u0142o barw albo palet\u0119 szaro\u015bci<\/strong>, w kt\u00f3rej najciemniejszym kolorem jest czer\u0144, a najja\u015bniejszym\u00a0\u2013 biel.<\/p>\n<div style=\"display: flex; align-items: center; justify-content: center; text-align: center;\">\n<figure id=\"attachment_28856\" aria-describedby=\"caption-attachment-28856\" style=\"width: 350px\" class=\"wp-caption alignnone\"><a href=\"https:\/\/www.brw.pl\/polka-scienna-bergen-156-cm-modrzew-sibiu-zloty,20093\" target=\"_blank\" rel=\"noopener noreferrer\"><img decoding=\"async\" class=\"wp-image-28856 lazyload\" data-src=\"https:\/\/www.brw.pl\/blog\/wp-content\/uploads\/2022\/12\/polka-bergen.jpg\" alt=\"P\u00f3\u0142ka Bergen\" width=\"350\" height=\"263\" src=\"data:image\/svg+xml;base64,PHN2ZyB3aWR0aD0iMSIgaGVpZ2h0PSIxIiB4bWxucz0iaHR0cDovL3d3dy53My5vcmcvMjAwMC9zdmciPjwvc3ZnPg==\" style=\"--smush-placeholder-width: 350px; --smush-placeholder-aspect-ratio: 350\/263;\" \/><\/a><figcaption id=\"caption-attachment-28856\" class=\"wp-caption-text\"><a href=\"https:\/\/www.brw.pl\/polka-scienna-lamea-135-cm-dab-artisan,209890\" target=\"_blank\" rel=\"noopener noreferrer\"><span style=\"font-weight: 400;\">P\u00f3\u0142ka \u015bcienna Bergen<\/span><\/a><\/figcaption><\/figure>\n<\/div>\n<p><a href=\"https:\/\/www.brw.pl\/meble\/przechowywanie\/regaly\/\" target=\"_blank\" rel=\"noopener\">Rega\u0142<\/a> uporz\u0105dkowany wed\u0142ug kolorystycznego klucza z pewno\u015bci\u0105 nie pozostanie niezauwa\u017cony\u00a0\u2013 najpi\u0119kniej zaprezentuje si\u0119 w minimalistycznym wn\u0119trzu. Warto tylko pami\u0119ta\u0107 o jednym. Jest to uk\u0142ad nastawiony na efekt wizualny, wi\u0119c je\u015bli cz\u0119sto si\u0119gasz po konkretnego autora lub gatunek, czasem trzeba b\u0119dzie po\u015bwi\u0119ci\u0107 chwil\u0119, by znale\u017a\u0107 po\u017c\u0105dany tytu\u0142.<\/p>\n<h2><strong>4. Ksi\u0105\u017cki i dodatki \u2013 harmonia zamiast prze\u0142adowania<\/strong><\/h2>\n<div style=\"display: flex; align-items: center; justify-content: center; text-align: center;\">\n<figure id=\"attachment_40765\" aria-describedby=\"caption-attachment-40765\" style=\"width: 796px\" class=\"wp-caption alignnone\"><a href=\"https:\/\/www.brw.pl\/regal-benny-60-cm-z-14-polkami-dab-artisan,208060\" target=\"_blank\" rel=\"noopener noreferrer\"><img decoding=\"async\" class=\"wp-image-40765 size-medium lazyload\" data-src=\"https:\/\/www.brw.pl\/blog\/wp-content\/uploads\/2026\/01\/regal-benny-60-cm-z-14-polkami-dab-artisan-xlargeb-796x800.jpg\" alt=\"Rega\u0142 Benny\" width=\"796\" height=\"800\" data-srcset=\"https:\/\/www.brw.pl\/blog\/wp-content\/uploads\/2026\/01\/regal-benny-60-cm-z-14-polkami-dab-artisan-xlargeb-796x800.jpg 796w, https:\/\/www.brw.pl\/blog\/wp-content\/uploads\/2026\/01\/regal-benny-60-cm-z-14-polkami-dab-artisan-xlargeb-150x150.jpg 150w, https:\/\/www.brw.pl\/blog\/wp-content\/uploads\/2026\/01\/regal-benny-60-cm-z-14-polkami-dab-artisan-xlargeb-768x772.jpg 768w, https:\/\/www.brw.pl\/blog\/wp-content\/uploads\/2026\/01\/regal-benny-60-cm-z-14-polkami-dab-artisan-xlargeb-165x165.jpg 165w, https:\/\/www.brw.pl\/blog\/wp-content\/uploads\/2026\/01\/regal-benny-60-cm-z-14-polkami-dab-artisan-xlargeb-120x120.jpg 120w, https:\/\/www.brw.pl\/blog\/wp-content\/uploads\/2026\/01\/regal-benny-60-cm-z-14-polkami-dab-artisan-xlargeb.jpg 979w\" data-sizes=\"(max-width: 796px) 100vw, 796px\" src=\"data:image\/svg+xml;base64,PHN2ZyB3aWR0aD0iMSIgaGVpZ2h0PSIxIiB4bWxucz0iaHR0cDovL3d3dy53My5vcmcvMjAwMC9zdmciPjwvc3ZnPg==\" style=\"--smush-placeholder-width: 796px; --smush-placeholder-aspect-ratio: 796\/800;\" \/><\/a><figcaption id=\"caption-attachment-40765\" class=\"wp-caption-text\"><a href=\"https:\/\/www.brw.pl\/regal-benny-60-cm-z-14-polkami-dab-artisan,208060\" target=\"_blank\" rel=\"noopener noreferrer\"><span style=\"font-weight: 400;\">Rega\u0142 Benny<\/span><\/a><\/figcaption><\/figure>\n<\/div>\n<p>M\u00f3wi si\u0119, \u017ce ksi\u0105\u017cek w domu nigdy nie jest do\u015b\u0107, jednak nie wszystkie rozwi\u0105zania do przechowywania unios\u0105 ci\u0119\u017car Twojej mi\u0142o\u015bci do literatury. Je\u015bli biblioteczka zaczyna przypomina\u0107 wypchany po brzegi magazyn, najwy\u017cszy czas wprowadzi\u0107 kilka ma\u0142ych zmian. <strong>Inwestuj\u0105c w obszerny rega\u0142, zyskasz troch\u0119 wolnego miejsca i tym samym sposobno\u015b\u0107, by przearan\u017cowa\u0107 dotychczasow\u0105 kompozycj\u0119<\/strong>. Aby ksi\u0119gozbi\u00f3r wpisywa\u0142 si\u0119 harmonijnie w aran\u017cacj\u0119 wn\u0119trza, umie\u015b\u0107 na p\u00f3\u0142kach dodatki: ceramik\u0119, <a href=\"https:\/\/www.brw.pl\/dekoracje\/ramki-do-zdjec\/\" target=\"_blank\" rel=\"noopener\">ramki do zdj\u0119\u0107<\/a>, ro\u015bliny czy \u015bwiece.<\/p>\n<div style=\"display: flex; align-items: center; justify-content: center; text-align: center;\">\n<figure id=\"attachment_40769\" aria-describedby=\"caption-attachment-40769\" style=\"width: 350px\" class=\"wp-caption alignnone\"><a href=\"https:\/\/www.brw.pl\/figurka-dekoracyjna-drzewko-25-5-cm-zlote,310691\" target=\"_blank\" rel=\"noopener noreferrer\"><img decoding=\"async\" class=\"wp-image-40769 lazyload\" data-src=\"https:\/\/www.brw.pl\/blog\/wp-content\/uploads\/2026\/01\/figurka-dekoracyjna-drzewko-25-5-cm-zlote-slargea.jpg\" alt=\"Figurka dekoracyjna drzewko\" width=\"350\" height=\"263\" data-srcset=\"https:\/\/www.brw.pl\/blog\/wp-content\/uploads\/2026\/01\/figurka-dekoracyjna-drzewko-25-5-cm-zlote-slargea.jpg 798w, https:\/\/www.brw.pl\/blog\/wp-content\/uploads\/2026\/01\/figurka-dekoracyjna-drzewko-25-5-cm-zlote-slargea-768x577.jpg 768w\" data-sizes=\"(max-width: 350px) 100vw, 350px\" src=\"data:image\/svg+xml;base64,PHN2ZyB3aWR0aD0iMSIgaGVpZ2h0PSIxIiB4bWxucz0iaHR0cDovL3d3dy53My5vcmcvMjAwMC9zdmciPjwvc3ZnPg==\" style=\"--smush-placeholder-width: 350px; --smush-placeholder-aspect-ratio: 350\/263;\" \/><\/a><figcaption id=\"caption-attachment-40769\" class=\"wp-caption-text\"><a href=\"https:\/\/www.brw.pl\/figurka-dekoracyjna-drzewko-25-5-cm-zlote,310691\" target=\"_blank\" rel=\"noopener noreferrer\"><span style=\"font-weight: 400;\">Figurka dekoracyjna drzewko<\/span><\/a><\/figcaption><\/figure>\n<\/div>\n<p>Kluczem do sukcesu jest pusta przestrze\u0144. Nawet je\u015bli masz spor\u0105 kolekcj\u0119 ksi\u0105\u017cek, warto zostawi\u0107 gdzieniegdzie wolne miejsce, poniewa\u017c to ono buduje wra\u017cenie elegancji. Dekoracje pomog\u0105 Ci wyr\u00f3\u017cni\u0107\u00a0ulubione pozycje i tym samym \u0142atwiej do nich dotrze\u0107 \u2013 na przyk\u0142ad krymina\u0142, po kt\u00f3ry wracasz co roku, albo biografie, kt\u00f3re tworz\u0105 osobn\u0105 mini-kolekcj\u0119. W efekcie p\u00f3\u0142ki b\u0119d\u0105 prezentowa\u0107 si\u0119 sp\u00f3jnie, a u\u0142o\u017cenie ksi\u0105\u017cek sprawia\u0107 wra\u017cenie celowego, a nie przypadkowego.<\/p>\n<h2><strong>5. Ksi\u0119gozbi\u00f3r wed\u0142ug wielko\u015bci \u2013 estetyka i spok\u00f3j wizualny<\/strong><\/h2>\n<p>W domu ponad wszystko cenisz spok\u00f3j i \u0142ad? Spr\u00f3buj grupowania ksi\u0105\u017cek wed\u0142ug formatu. <strong>Woluminy o podobnej wysoko\u015bci tworz\u0105 p\u0142ynn\u0105 lini\u0119, dzi\u0119ki czemu wn\u0119trze wydaje si\u0119 uporz\u0105dkowane<\/strong>. Z pewno\u015bci\u0105 docenisz praktyczn\u0105 stron\u0119 tej strategii organizacyjnej: gdy u\u0142o\u017cysz ksi\u0105\u017cki od najwi\u0119kszej do najmniejszej (albo w kilku \u201eblokach\u201d rozmiar\u00f3w), \u0142atwiej ogarniesz wzrokiem, co gdzie stoi, i szybciej znajdziesz dany tom.<\/p>\n<blockquote><p>Maj\u0105c na uwadze stabilno\u015b\u0107 mebla, ci\u0119\u017ckie ksi\u0105\u017cki, takie jak albumy, podr\u0119czniki, encyklopedie, ustawiajmy zawsze na najni\u017cszych p\u00f3\u0142kach rega\u0142u <strong>\u2013 dodaje ekspert Black Red White.<\/strong><\/p><\/blockquote>\n<h2><strong>6. Tematycznie \u2013 biblioteczka, kt\u00f3ra opowiada histori\u0119<\/strong><\/h2>\n<p>Do\u015bwiadczeni kolekcjonerzy nierzadko decyduj\u0105 si\u0119 na uporz\u0105dkowanie ksi\u0105\u017cek wed\u0142ug kategorii tematycznych lub gatunkowych. <strong>W tym uk\u0142adzie wystarczy podzieli\u0107 je na odpowiednie sekcje, np. kulinaria, podr\u00f3\u017ce, design, literatura pi\u0119kna, krymina\u0142, biografie<\/strong>. Dzi\u0119ki przemy\u015blanej strategii b\u0119dziesz m\u00f3g\u0142 cieszy\u0107 si\u0119 \u0142atwym w obs\u0142udze zbiorem. Niekt\u00f3rzy preferuj\u0105 uk\u0142ad alfabetyczny \u2013 po nazwisku autora. To \u015bwietne rozwi\u0105zanie dla du\u017cej liczby ksi\u0105\u017cek. W przypadku serii warto trzyma\u0107 si\u0119 kolejno\u015bci tom\u00f3w.<\/p>\n<h2><strong>7. Mniej znaczy wi\u0119cej \u2013 selekcja ksi\u0105\u017cek w domu jako element aran\u017cacji<\/strong><\/h2>\n<div style=\"display: flex; align-items: center; justify-content: center; text-align: center;\">\n<figure id=\"attachment_40921\" aria-describedby=\"caption-attachment-40921\" style=\"width: 800px\" class=\"wp-caption alignnone\"><a href=\"https:\/\/www.brw.pl\/witryna-brevas-90-cm-z-3-drzwiami-dab-artisan-kaszmir,849093\" target=\"_blank\" rel=\"noopener noreferrer\"><img decoding=\"async\" class=\"wp-image-40921 size-medium lazyload\" data-src=\"https:\/\/www.brw.pl\/blog\/wp-content\/uploads\/2026\/01\/Brevas-Salon02-1-800x447.jpg\" alt=\"Meble z kolekcji Brevas w aran\u017cacji salonu\" width=\"800\" height=\"447\" data-srcset=\"https:\/\/www.brw.pl\/blog\/wp-content\/uploads\/2026\/01\/Brevas-Salon02-1-800x447.jpg 800w, https:\/\/www.brw.pl\/blog\/wp-content\/uploads\/2026\/01\/Brevas-Salon02-1-768x429.jpg 768w, https:\/\/www.brw.pl\/blog\/wp-content\/uploads\/2026\/01\/Brevas-Salon02-1-1536x858.jpg 1536w, https:\/\/www.brw.pl\/blog\/wp-content\/uploads\/2026\/01\/Brevas-Salon02-1.jpg 1920w\" data-sizes=\"(max-width: 800px) 100vw, 800px\" src=\"data:image\/svg+xml;base64,PHN2ZyB3aWR0aD0iMSIgaGVpZ2h0PSIxIiB4bWxucz0iaHR0cDovL3d3dy53My5vcmcvMjAwMC9zdmciPjwvc3ZnPg==\" style=\"--smush-placeholder-width: 800px; --smush-placeholder-aspect-ratio: 800\/447;\" \/><\/a><figcaption id=\"caption-attachment-40921\" class=\"wp-caption-text\"><a href=\"https:\/\/www.brw.pl\/witryna-brevas-90-cm-z-3-drzwiami-dab-artisan-kaszmir,849093\" target=\"_blank\" rel=\"noopener noreferrer\"><span style=\"font-weight: 400;\">Witryna Brevas<\/span><\/a><\/figcaption><\/figure>\n<\/div>\n<p>Na koniec rzecz, o kt\u00f3rej rzadko si\u0119 m\u00f3wi wprost: nie wszystkie ksi\u0105\u017cki musz\u0105 pozostawa\u0107 na widoku. Gdy biblioteczka zaczyna wygl\u0105da\u0107 ci\u0119\u017cko, a ksi\u0105\u017cki trzeba uk\u0142ada\u0107 w dw\u00f3ch rz\u0119dach, warto zrobi\u0107 selekcj\u0119. <strong>Na widoku zostaw tylko ulubione tytu\u0142y, czyli te, po kt\u00f3re najcz\u0119\u015bciej si\u0119gasz, albo takie, kt\u00f3re chcesz uwidoczni\u0107<\/strong>. Reszt\u0119 mo\u017cesz przenie\u015b\u0107 do zamkni\u0119tej cz\u0119\u015bci rega\u0142u, <a href=\"https:\/\/www.brw.pl\/meble\/przechowywanie\/witryny\/\" target=\"_blank\" rel=\"noopener\">witryny<\/a> lub schowa\u0107 do pude\u0142. Domowa biblioteczka nadal b\u0119dzie pe\u0142na, ale lepiej zorganizowana. Pami\u0119taj, \u017ce ksi\u0105\u017cki schowane za frontem meblowym mniej si\u0119 kurz\u0105.<\/p>\n<h2><strong>Ksi\u0105\u017cki w roli g\u0142\u00f3wnej \u2013 akcent, kt\u00f3ry spina aran\u017cacj\u0119<\/strong><\/h2>\n<p>Spos\u00f3b, w jaki uk\u0142adamy ksi\u0105\u017cki, nie jest bez znaczenia! Dla wielu z nas domowa biblioteczka to wa\u017cny element aran\u017cacji wn\u0119trza. I s\u0142usznie, gdy\u017c ksi\u0105\u017cki nie tylko z przyjemno\u015bci\u0105 si\u0119 czyta, ale i mi\u0142o na nie patrzy. Gdy standardowa p\u00f3\u0142ka przestaje mie\u015bci\u0107 poka\u017an\u0105 kolekcj\u0119, z pomoc\u0105 przychodzi rega\u0142. Postaw na model, kt\u00f3ry pasuje do stylu pomieszczenia i daje \u0142atwy dost\u0119p do najcz\u0119\u015bciej wybieranych ksi\u0105\u017ckowych tytu\u0142\u00f3w.<\/p>\n<p><strong>Du\u017cy wyb\u00f3r p\u00f3\u0142ek \u015bciennych i rega\u0142\u00f3w znajdziesz w <a href=\"https:\/\/www.brw.pl\/\" target=\"_blank\" rel=\"noopener\">sklepie internetowym Black Red White<\/a>. Zapraszamy do zapoznania si\u0119 z nasz\u0105 ofert\u0105!<\/strong><\/p>\n<p style=\"text-align: center;\">Zainspiruj si\u0119: <a href=\"https:\/\/www.brw.pl\/blog\/jak-przechowywac-ulubione-pozycje-literackie-wybierz-ciekawe-polki-na-ksiazki\/\" target=\"_blank\" rel=\"noopener\">&#8222;Jak przechowywa\u0107 ulubione pozycje literackie? Wybierz ciekawe p\u00f3\u0142ki na ksi\u0105\u017cki!&#8221;<\/a>.<\/p>\n\n","protected":false},"excerpt":{"rendered":"<p>Ci\u0105gle odk\u0142adasz na p\u00f3\u017aniej organizacj\u0119 domowej biblioteczki? Pocz\u0105tek roku to idealny moment, aby posegregowa\u0107 i odpowiednio wyeksponowa\u0107 ulubione ksi\u0105\u017cki. Cel: utrzymanie porz\u0105dku i estetyczny efekt wizualny. W naszym artykule znajdziesz 7 spos\u00f3b na przechowywanie ksi\u0105\u017cek. Zobacz, kt\u00f3ry z nich sprawdzi si\u0119 w Twoim domu!<\/p>\n","protected":false},"author":21,"featured_media":40763,"comment_status":"closed","ping_status":"open","sticky":false,"template":"","format":"standard","meta":{"footnotes":""},"categories":[39,574],"tags":[],"aioseo_notices":[],"_links":{"self":[{"href":"https:\/\/www.brw.pl\/blog\/wp-json\/wp\/v2\/posts\/40761"}],"collection":[{"href":"https:\/\/www.brw.pl\/blog\/wp-json\/wp\/v2\/posts"}],"about":[{"href":"https:\/\/www.brw.pl\/blog\/wp-json\/wp\/v2\/types\/post"}],"author":[{"embeddable":true,"href":"https:\/\/www.brw.pl\/blog\/wp-json\/wp\/v2\/users\/21"}],"replies":[{"embeddable":true,"href":"https:\/\/www.brw.pl\/blog\/wp-json\/wp\/v2\/comments?post=40761"}],"version-history":[{"count":9,"href":"https:\/\/www.brw.pl\/blog\/wp-json\/wp\/v2\/posts\/40761\/revisions"}],"predecessor-version":[{"id":40975,"href":"https:\/\/www.brw.pl\/blog\/wp-json\/wp\/v2\/posts\/40761\/revisions\/40975"}],"wp:featuredmedia":[{"embeddable":true,"href":"https:\/\/www.brw.pl\/blog\/wp-json\/wp\/v2\/media\/40763"}],"wp:attachment":[{"href":"https:\/\/www.brw.pl\/blog\/wp-json\/wp\/v2\/media?parent=40761"}],"wp:term":[{"taxonomy":"category","embeddable":true,"href":"https:\/\/www.brw.pl\/blog\/wp-json\/wp\/v2\/categories?post=40761"},{"taxonomy":"post_tag","embeddable":true,"href":"https:\/\/www.brw.pl\/blog\/wp-json\/wp\/v2\/tags?post=40761"}],"curies":[{"name":"wp","href":"https:\/\/api.w.org\/{rel}","templated":true}]}}