{"id":41105,"date":"2026-03-04T10:37:59","date_gmt":"2026-03-04T09:37:59","guid":{"rendered":"https:\/\/www.brw.pl\/blog\/?p=41105"},"modified":"2026-03-05T10:32:43","modified_gmt":"2026-03-05T09:32:43","slug":"wielkanoc-2026-bez-stresu-jak-zaplanowac-spokojne-swieta","status":"publish","type":"post","link":"https:\/\/www.brw.pl\/blog\/wielkanoc-2026-bez-stresu-jak-zaplanowac-spokojne-swieta\/","title":{"rendered":"Wielkanoc 2026 bez stresu \u2013 jak zaplanowa\u0107 spokojne \u015bwi\u0119ta?"},"content":{"rendered":"<p><strong>Przygotowa\u0144 do \u015bwi\u0105t nie warto odk\u0142ada\u0107 na ostatni\u0105 chwil\u0119. Zacznij z wyprzedzeniem, a unikniesz stresu, kt\u00f3ry zwykle towarzyszy przed\u015bwi\u0105tecznej gor\u0105czce. Jak zaplanowa\u0107 Wielkanoc 2026, aby m\u00f3c cieszy\u0107 si\u0119 spokojnym, rodzinnym czasem? Oto sprawdzone kalendarium, kt\u00f3re u\u0142atwi Ci organizacj\u0119 obowi\u0105zk\u00f3w.\u00a0<\/strong><!--more--><\/p>\n<div style=\"display: flex; align-items: center; justify-content: center; text-align: center;\">\n<figure id=\"attachment_41108\" aria-describedby=\"caption-attachment-41108\" style=\"width: 800px\" class=\"wp-caption aligncenter\"><a href=\"https:\/\/www.brw.pl\/talerz-deserowy-porcelanowy-floral-nbc-20-cm,940538\" target=\"_blank\" rel=\"noopener noreferrer\"><img decoding=\"async\" class=\"wp-image-41108 size-medium lazyload\" data-src=\"https:\/\/www.brw.pl\/blog\/wp-content\/uploads\/2026\/03\/miska-floral-talerz-deserowy-floral-aranzacja-wielkanocnego-stolu-800x536.jpg\" alt=\"Miska Floral, talerz deserowy Floral - aran\u017cacja wielkanocnego sto\u0142u\" width=\"800\" height=\"536\" data-srcset=\"https:\/\/www.brw.pl\/blog\/wp-content\/uploads\/2026\/03\/miska-floral-talerz-deserowy-floral-aranzacja-wielkanocnego-stolu-800x536.jpg 800w, https:\/\/www.brw.pl\/blog\/wp-content\/uploads\/2026\/03\/miska-floral-talerz-deserowy-floral-aranzacja-wielkanocnego-stolu-768x515.jpg 768w, https:\/\/www.brw.pl\/blog\/wp-content\/uploads\/2026\/03\/miska-floral-talerz-deserowy-floral-aranzacja-wielkanocnego-stolu-1536x1029.jpg 1536w, https:\/\/www.brw.pl\/blog\/wp-content\/uploads\/2026\/03\/miska-floral-talerz-deserowy-floral-aranzacja-wielkanocnego-stolu.jpg 1604w\" data-sizes=\"(max-width: 800px) 100vw, 800px\" src=\"data:image\/svg+xml;base64,PHN2ZyB3aWR0aD0iMSIgaGVpZ2h0PSIxIiB4bWxucz0iaHR0cDovL3d3dy53My5vcmcvMjAwMC9zdmciPjwvc3ZnPg==\" style=\"--smush-placeholder-width: 800px; --smush-placeholder-aspect-ratio: 800\/536;\" \/><\/a><figcaption id=\"caption-attachment-41108\" class=\"wp-caption-text\"><a href=\"https:\/\/www.brw.pl\/talerz-deserowy-porcelanowy-floral-nbc-20-cm,940538\" target=\"_blank\" rel=\"noopener noreferrer\"><span style=\"font-weight: 400;\">Talerz deserowy porcelanowy Floral<\/span><\/a><\/figcaption><\/figure>\n<\/div>\n<p>Z naszego artyku\u0142u dowiesz si\u0119:<\/p>\n<ul>\n<li>jak krok po kroku przygotowa\u0107 si\u0119 do \u015bwi\u0105t,<\/li>\n<li>jak podzieli\u0107 porz\u0105dki i unikn\u0105\u0107 zm\u0119czenia,<\/li>\n<li>kiedy zrobi\u0107 wielkanocne zakupy i jak roz\u0142o\u017cy\u0107 je w czasie,<\/li>\n<li>co mo\u017cna zamrozi\u0107 i przechowa\u0107 w zamra\u017carce,<\/li>\n<li>jak sprytnie rozplanowa\u0107 gotowanie,<\/li>\n<li>kiedy jest najlepszy moment na dekoracje wielkanocne i nakrywanie do sto\u0142u,<\/li>\n<li>jak prze\u017cy\u0107 \u015bwi\u0119ta w spokojnej atmosferze.<\/li>\n<\/ul>\n<h2><strong>\u015awi\u0105teczny plan dzia\u0142ania \u2013 zacznij od listy (3\u20134 tygodnie wcze\u015bniej)<\/strong><\/h2>\n<p>Wielkanoc coraz bli\u017cej, a Ty ju\u017c na sam\u0105 my\u015bl o nadchodz\u0105cej krz\u0105taninie czujesz zm\u0119czenie? Mamy na to spos\u00f3b.<\/p>\n<p>Zamiast rzuca\u0107 si\u0119 w wir obowi\u0105zk\u00f3w na kilka dni przed Wielkanoc\u0105, <strong>przygotowania rozpocznij ju\u017c oko\u0142o 3-4 tygodnie wcze\u015bniej<\/strong>. Od czego zacz\u0105\u0107? Najlepiej od szczeg\u00f3\u0142owego planu. Chodzi o to, aby stworzy\u0107 ramy, kt\u00f3re pozwol\u0105 Ci zobaczy\u0107 skal\u0119 planowanych dzia\u0142a\u0144 i uporz\u0105dkowa\u0107 je.<\/p>\n<p>Przede wszystkim <strong>sporz\u0105d\u017a list\u0119 rzeczy do zrobienia<\/strong> \u2013 w notesie, telefonie lub na kartce. <strong>Zadania mo\u017cesz podzieli\u0107 na kategorie takie jak sprz\u0105tanie, zakupy, \u015bwi\u0105teczne menu, dekoracje wielkanocne, organizacja sto\u0142u, ewentualne prezenty dla najm\u0142odszych<\/strong>. Klarowny podzia\u0142 u\u0142atwi Ci roz\u0142o\u017cenie pracy w czasie.<\/p>\n<p>Na tym etapie warto r\u00f3wnie\u017c ustali\u0107, ile os\u00f3b b\u0119dzie \u015bwi\u0119towa\u0107 przy wsp\u00f3lnym <a href=\"https:\/\/www.brw.pl\/meble\/stoly-i-krzesla\/stoly\/\" target=\"_blank\" rel=\"noopener\">stole<\/a>. Zastan\u00f3w si\u0119, czy st\u00f3\u0142 jest do\u015b\u0107 du\u017cy, aby pomie\u015bci\u0107 wszystkich domownik\u00f3w i go\u015bci. Czy potrzebne b\u0119d\u0105 dodatkowe <a href=\"https:\/\/www.brw.pl\/meble\/stoly-i-krzesla\/krzesla\/\" target=\"_blank\" rel=\"noopener\">krzes\u0142a<\/a>? Czy zastawa sk\u0142ada si\u0119 z wystarczaj\u0105cej liczby talerzy? To kwestie, kt\u00f3re dobrze mie\u0107 na uwadze \u2013 je\u015bli oka\u017ce si\u0119, \u017ce czego\u015b brakuje, b\u0119dziesz mie\u0107 jeszcze sporo czasu, aby zaopatrzy\u0107 si\u0119 w odpowiednie meble lub ceramik\u0119.<\/p>\n<p><strong>Pami\u0119taj o tym, \u017ce przygotowa\u0107 \u015bwi\u0119ta bez stresu mo\u017cna tylko wtedy, gdy obowi\u0105zki s\u0105 sprawiedliwie podzielone<\/strong>. Nie musisz bra\u0107 wszystkiego na siebie. Wielkanoc to czas rodzinnych spotka\u0144, zadbaj wi\u0119c o to, aby planowanie tak\u017ce sta\u0142o si\u0119 elementem wsp\u00f3lnych stara\u0144.<\/p>\n<h2><strong>Generalne porz\u0105dki z wyprzedzeniem (2\u20133 tygodnie wcze\u015bniej)<\/strong><\/h2>\n<div style=\"display: flex; align-items: center; justify-content: center; text-align: center;\">\n<figure id=\"attachment_41120\" aria-describedby=\"caption-attachment-41120\" style=\"width: 800px\" class=\"wp-caption aligncenter\"><a href=\"https:\/\/www.brw.pl\/poduszka-dekoracyjna-len-45x45-cm-niebieska,949122\" target=\"_blank\" rel=\"noopener noreferrer\"><img decoding=\"async\" class=\"wp-image-41120 size-medium lazyload\" data-src=\"https:\/\/www.brw.pl\/blog\/wp-content\/uploads\/2026\/03\/aranzacja-poduszki-dekoracyjne-len-800x745.jpg\" alt=\"Poduszka dekoracyjna Len\" width=\"800\" height=\"745\" data-srcset=\"https:\/\/www.brw.pl\/blog\/wp-content\/uploads\/2026\/03\/aranzacja-poduszki-dekoracyjne-len-800x745.jpg 800w, https:\/\/www.brw.pl\/blog\/wp-content\/uploads\/2026\/03\/aranzacja-poduszki-dekoracyjne-len-768x715.jpg 768w, https:\/\/www.brw.pl\/blog\/wp-content\/uploads\/2026\/03\/aranzacja-poduszki-dekoracyjne-len.jpg 1158w\" data-sizes=\"(max-width: 800px) 100vw, 800px\" src=\"data:image\/svg+xml;base64,PHN2ZyB3aWR0aD0iMSIgaGVpZ2h0PSIxIiB4bWxucz0iaHR0cDovL3d3dy53My5vcmcvMjAwMC9zdmciPjwvc3ZnPg==\" style=\"--smush-placeholder-width: 800px; --smush-placeholder-aspect-ratio: 800\/745;\" \/><\/a><figcaption id=\"caption-attachment-41120\" class=\"wp-caption-text\"><a href=\"https:\/\/www.brw.pl\/poduszka-dekoracyjna-len-45x45-cm-niebieska,949122\" target=\"_blank\" rel=\"noopener noreferrer\"><span style=\"font-weight: 400;\">Poduszka dekoracyjna Len<\/span><\/a><\/figcaption><\/figure>\n<\/div>\n<p>Przygotowaniom do Wielkanocy zwykle towarzysz\u0105 wi\u0119ksze porz\u0105dki. Nic dziwnego \u2013 pierwsze wiosenne dni to najlepszy czas na od\u015bwie\u017cenie mieszkania po zimie! Gruntowne sprz\u0105tanie <strong>warto roz\u0142o\u017cy\u0107 na etapy<\/strong>, zaczynaj\u0105c od pomieszcze\u0144, kt\u00f3re nie s\u0105 tak mocno eksploatowane tu\u017c przed \u015bwi\u0119tami (np. sypialni, pokoi dzieci), nast\u0119pnie przechodz\u0105c do strefy dziennej i \u0142azienek, a ko\u0144cz\u0105c na kuchni i jadalni. W tych ostatnich batalia trwa najcz\u0119\u015bciej a\u017c do Wielkiej Soboty.<\/p>\n<p>Porz\u0105dki mo\u017cesz przeprowadzi\u0107 te\u017c wed\u0142ug innego systemu, <strong>dziel\u0105c zadania na poszczeg\u00f3lne rodzaje prac<\/strong>. Nale\u017c\u0105 do nich mycie okien, sprz\u0105tanie balkonu, pranie zas\u0142on, czyszczenie lamp, odgracanie mieszkania, pranie dywan\u00f3w i tapicerek, czyszczenie kratek wentylacyjnych, itd. Pomy\u015bl, czym rzeczywi\u015bcie warto zaj\u0105\u0107 si\u0119 ju\u017c teraz, i dokonaj selekcji. Perfekcyjne \u015bwi\u0119ta nie musz\u0105 przecie\u017c wi\u0105za\u0107 si\u0119 z szorowaniem ka\u017cdej fugi w domu. Zaopatrz si\u0119 w <a href=\"https:\/\/www.brw.pl\/czystosc-w-domu\/srodki-czystosci\/\" target=\"_blank\" rel=\"noopener\">\u015brodki czysto\u015bci<\/a> i <a href=\"https:\/\/www.brw.pl\/czystosc-w-domu\/akcesoria-do-sprzatania\/\" target=\"_blank\" rel=\"noopener\">akcesoria do sprz\u0105tania<\/a>.<\/p>\n<h2><strong>Przegl\u0105d kuchni i zapas\u00f3w (ok. 10 dni przed \u015bwi\u0119tami)<\/strong><\/h2>\n<div style=\"display: flex; align-items: center; justify-content: center; text-align: center;\">\n<figure id=\"attachment_41002\" aria-describedby=\"caption-attachment-41002\" style=\"width: 800px\" class=\"wp-caption aligncenter\"><a href=\"https:\/\/www.brw.pl\/inspiracje\/produkty\/?a=11221,kuchnie-family-line-verdi-szalwia-mat\" target=\"_blank\" rel=\"noopener noreferrer\"><img decoding=\"async\" class=\"wp-image-41002 size-medium lazyload\" data-src=\"https:\/\/www.brw.pl\/blog\/wp-content\/uploads\/2026\/02\/verdi-xlargea-800x600.jpg\" alt=\"Kuchnia Verdi z frontami w kolorze sza\u0142wia mat\" width=\"800\" height=\"600\" data-srcset=\"https:\/\/www.brw.pl\/blog\/wp-content\/uploads\/2026\/02\/verdi-xlargea-800x600.jpg 800w, https:\/\/www.brw.pl\/blog\/wp-content\/uploads\/2026\/02\/verdi-xlargea.jpg 1440w, https:\/\/www.brw.pl\/blog\/wp-content\/uploads\/2026\/02\/verdi-xlargea-768x576.jpg 768w, https:\/\/www.brw.pl\/blog\/wp-content\/uploads\/2026\/02\/verdi-xlargea-1536x1152.jpg 1536w\" data-sizes=\"(max-width: 800px) 100vw, 800px\" src=\"data:image\/svg+xml;base64,PHN2ZyB3aWR0aD0iMSIgaGVpZ2h0PSIxIiB4bWxucz0iaHR0cDovL3d3dy53My5vcmcvMjAwMC9zdmciPjwvc3ZnPg==\" style=\"--smush-placeholder-width: 800px; --smush-placeholder-aspect-ratio: 800\/600;\" \/><\/a><figcaption id=\"caption-attachment-41002\" class=\"wp-caption-text\"><a href=\"https:\/\/www.brw.pl\/inspiracje\/produkty\/?a=11221,kuchnie-family-line-verdi-szalwia-mat\" target=\"_blank\" rel=\"noopener noreferrer\"><span style=\"font-weight: 400;\">Kuchnia Family Line Verdi<\/span><\/a><b> z frontami w kolorze sza\u0142wia mat<\/b><\/figcaption><\/figure>\n<\/div>\n<p>Na oko\u0142o 10 dni przed Wielkanoc\u0105 zr\u00f3b dok\u0142adny przegl\u0105d szafek, lod\u00f3wki, zamra\u017carki. <strong>Sprawd\u017a wszystkie zgromadzone produkty sypkie oraz przyprawy i skontroluj ich daty wa\u017cno\u015bci<\/strong>. Dzi\u0119ki temu zyskasz pewno\u015b\u0107, \u017ce nic si\u0119 nie zmarnuje. Na podstawie przegl\u0105du mo\u017cesz przygotowa\u0107 wst\u0119pn\u0105 list\u0119 brakuj\u0105cych sk\u0142adnik\u00f3w. Wr\u00f3cisz do niej, gdy przyjdzie czas na \u015bwi\u0105teczne zakupy.<\/p>\n<p>Nie zapomnij o ocenie stanu zaplecza kuchennego. Upewnij si\u0119, \u017ce Tw\u00f3j garnek na zup\u0119 zmie\u015bci planowane 5 litr\u00f3w \u017curku, a brytfanna \u2013 mi\u0119so przeznaczone na piecze\u0144. W strefie zapas\u00f3w przydadz\u0105 Ci si\u0119 r\u00f3wnie\u017c <a href=\"https:\/\/www.brw.pl\/przechowywanie\/pojemniki-do-przechowywania\/\" target=\"_blank\" rel=\"noopener\">pojemniki do przechowywania<\/a>, r\u00f3\u017cnego rodzaju organizery, <a href=\"https:\/\/www.brw.pl\/przechowywanie\/kosze-i-koszyki\/\" target=\"_blank\" rel=\"noopener\">kosze i koszyki<\/a>.<\/p>\n<div style=\"display: flex; align-items: center; justify-content: center; text-align: center;\">\n<figure id=\"attachment_41114\" aria-describedby=\"caption-attachment-41114\" style=\"width: 800px\" class=\"wp-caption aligncenter\"><a href=\"https:\/\/www.brw.pl\/pojemnik-na-zywnosc-loft-plastikowy-1-l,42964\" target=\"_blank\" rel=\"noopener noreferrer\"><img decoding=\"async\" class=\"wp-image-41114 size-medium lazyload\" data-src=\"https:\/\/www.brw.pl\/blog\/wp-content\/uploads\/2026\/03\/pojemnik-na-zywnosc-loft-plastikowy-1-l-xlargea-800x800.jpg\" alt=\"Pojemnik na \u017cywno\u015b\u0107 Loft\" width=\"800\" height=\"800\" data-srcset=\"https:\/\/www.brw.pl\/blog\/wp-content\/uploads\/2026\/03\/pojemnik-na-zywnosc-loft-plastikowy-1-l-xlargea-800x800.jpg 800w, https:\/\/www.brw.pl\/blog\/wp-content\/uploads\/2026\/03\/pojemnik-na-zywnosc-loft-plastikowy-1-l-xlargea-150x150.jpg 150w, https:\/\/www.brw.pl\/blog\/wp-content\/uploads\/2026\/03\/pojemnik-na-zywnosc-loft-plastikowy-1-l-xlargea-768x768.jpg 768w, https:\/\/www.brw.pl\/blog\/wp-content\/uploads\/2026\/03\/pojemnik-na-zywnosc-loft-plastikowy-1-l-xlargea-165x165.jpg 165w, https:\/\/www.brw.pl\/blog\/wp-content\/uploads\/2026\/03\/pojemnik-na-zywnosc-loft-plastikowy-1-l-xlargea-120x120.jpg 120w, https:\/\/www.brw.pl\/blog\/wp-content\/uploads\/2026\/03\/pojemnik-na-zywnosc-loft-plastikowy-1-l-xlargea.jpg 1025w\" data-sizes=\"(max-width: 800px) 100vw, 800px\" src=\"data:image\/svg+xml;base64,PHN2ZyB3aWR0aD0iMSIgaGVpZ2h0PSIxIiB4bWxucz0iaHR0cDovL3d3dy53My5vcmcvMjAwMC9zdmciPjwvc3ZnPg==\" style=\"--smush-placeholder-width: 800px; --smush-placeholder-aspect-ratio: 800\/800;\" \/><\/a><figcaption id=\"caption-attachment-41114\" class=\"wp-caption-text\"><a href=\"https:\/\/www.brw.pl\/pojemnik-na-zywnosc-loft-plastikowy-1-l,42964\" target=\"_blank\" rel=\"noopener noreferrer\"><span style=\"font-weight: 400;\">Pojemnik na \u017cywno\u015b\u0107 Loft<\/span><\/a><\/figcaption><\/figure>\n<\/div>\n<h2><strong>Menu wielkanocne (tydzie\u0144 przed \u015bwi\u0119tami)<\/strong><\/h2>\n<p>Tydzie\u0144 przed \u015bwi\u0119tami usi\u0105d\u017a i zaplanuj wielkanocne menu. Je\u015bli Twoja rodzina gustuje w tradycyjnej kuchni, nie musisz gotowa\u0107 wymy\u015blnych potraw. <strong>W wi\u0119kszo\u015bci dom\u00f3w najlepiej sprawdzaj\u0105 si\u0119 proste dania: \u017curek, pasztet, pieczony schab, sa\u0142atka jarzynowa, nadziewane jajka, sernik, ciasto dro\u017cd\u017cowe, mazurek<\/strong>. Kto\u015b z zapowiedzianych go\u015bci nie je mi\u0119sa, kto\u015b inny ma nietolerancj\u0119 laktozy? Zatroszcz si\u0119 o to, by na wielkanocnym stole nie zabrak\u0142o propozycji uwzgl\u0119dniaj\u0105cych ograniczenia w dietach.<\/p>\n<p>Wybieraj przepisy, kt\u00f3re znasz i \u015bmia\u0142o mo\u017cesz poleci\u0107 \u2013 eksperymenty kulinarne zostaw na inne okazje. Zapisz, co konkretnie przyrz\u0105dzisz w Wielki Pi\u0105tek, co w Wielk\u0105 Sobot\u0119, a co w Niedziel\u0119 Wielkanocn\u0105. Harmonogram pozwoli Ci mie\u0107 wszystko pod kontrol\u0105.<\/p>\n<p style=\"text-align: center;\">Jakie tradycyjne dania przygotowa\u0107 na Wielkanoc? Sprawd\u017a nasze pomys\u0142y na <a href=\"https:\/\/www.brw.pl\/blog\/proste-wielkanocne-przepisy\/\">p<\/a><a href=\"https:\/\/www.brw.pl\/blog\/proste-wielkanocne-przepisy\/\" target=\"_blank\" rel=\"noopener\">roste, szybkie i pyszne potrawy wielkanocne<\/a>!<\/p>\n<h2><strong>Zr\u00f3b list\u0119 i zaplanuj zakupy z g\u0142ow\u0105 (3\u20135 dni przed \u015bwi\u0119tami)<\/strong><\/h2>\n<p><strong>Na \u015bwi\u0105teczne zakupy najlepiej wybra\u0107 si\u0119 oko\u0142o trzech do pi\u0119ciu dni przed Wielkanoc\u0105<\/strong>. W tym czasie sklepy nie s\u0105 jeszcze tak zat\u0142oczone jak w Wielk\u0105 Sobot\u0119, wi\u0119c bez problemu zaopatrzysz si\u0119 w to, czego potrzebujesz. Koniecznie zabierz ze sob\u0105 list\u0119 zakup\u00f3w \u2013 o niczym nie zapomnisz i b\u0119dzie Ci \u0142atwiej trzyma\u0107 si\u0119 ustalonego bud\u017cetu.<\/p>\n<p><strong>Zakupy warto podzieli\u0107 na produkty trwa\u0142e oraz \u015bwie\u017ce<\/strong>. M\u0105k\u0119, cukier, przyprawy, bakalie mo\u017cesz kupi\u0107 znacznie wcze\u015bniej i przechowywa\u0107 w szafkach. Z kolei <strong>\u015bwie\u017ce mi\u0119so na pasztet, pieczony schab czy kie\u0142basy najlepiej naby\u0107 kilka dni przed \u015bwi\u0119tami<\/strong>. Na li\u015bcie powinny znale\u017a\u0107 si\u0119 tak\u017ce jajka, warzywa korzeniowe oraz sk\u0142adniki potrzebne do upieczenia sernik\u00f3w i innych \u015bwi\u0105tecznych ciast.<\/p>\n<p>Niekt\u00f3re produkty mo\u017cesz podda\u0107 wst\u0119pnej obr\u00f3bce z wyprzedzeniem. Na przyk\u0142ad mi\u0119so na piecze\u0144 warto wcze\u015bniej przyprawi\u0107, zapakowa\u0107 do woreczka pr\u00f3\u017cniowego i zamrozi\u0107. Tak przygotowane spokojnie poczeka w zamra\u017carce. W Wielki Pi\u0105tek wystarczy je rozmrozi\u0107, a w Wielk\u0105 Sobot\u0119 upiec.<\/p>\n<div style=\"display: flex; align-items: center; justify-content: center; text-align: center;\">\n<figure id=\"attachment_38788\" aria-describedby=\"caption-attachment-38788\" style=\"width: 621px\" class=\"wp-caption aligncenter\"><a href=\"https:\/\/www.brw.pl\/pojemnik-na-zywnosc-ela-0-75-l-okragly-niebieski,210681\" target=\"_blank\" rel=\"noopener noreferrer\"><img decoding=\"async\" class=\"wp-image-38788 size-medium lazyload\" data-src=\"https:\/\/www.brw.pl\/blog\/wp-content\/uploads\/2025\/03\/pojemnik-na-zywnosc-ela-0-75-l-okragly-niebieski-xlargea-621x800.jpg\" alt=\"Pojemnik na \u017cywno\u015b\u0107 Ela - aran\u017cacja\" width=\"621\" height=\"800\" data-srcset=\"https:\/\/www.brw.pl\/blog\/wp-content\/uploads\/2025\/03\/pojemnik-na-zywnosc-ela-0-75-l-okragly-niebieski-xlargea-621x800.jpg 621w, https:\/\/www.brw.pl\/blog\/wp-content\/uploads\/2025\/03\/pojemnik-na-zywnosc-ela-0-75-l-okragly-niebieski-xlargea-768x989.jpg 768w, https:\/\/www.brw.pl\/blog\/wp-content\/uploads\/2025\/03\/pojemnik-na-zywnosc-ela-0-75-l-okragly-niebieski-xlargea.jpg 796w\" data-sizes=\"(max-width: 621px) 100vw, 621px\" src=\"data:image\/svg+xml;base64,PHN2ZyB3aWR0aD0iMSIgaGVpZ2h0PSIxIiB4bWxucz0iaHR0cDovL3d3dy53My5vcmcvMjAwMC9zdmciPjwvc3ZnPg==\" style=\"--smush-placeholder-width: 621px; --smush-placeholder-aspect-ratio: 621\/800;\" \/><\/a><figcaption id=\"caption-attachment-38788\" class=\"wp-caption-text\"><a href=\"https:\/\/www.brw.pl\/pojemnik-na-zywnosc-ela-0-75-l-okragly-niebieski,210681\" target=\"_blank\" rel=\"noopener noreferrer\"><span style=\"font-weight: 400;\">Pojemnik na \u017cywno\u015b\u0107 Ela<\/span><\/a><\/figcaption><\/figure>\n<\/div>\n<p>W\u0119dliny i sery przechowuj w <strong>szczelnych pojemnikach<\/strong>, kt\u00f3re u\u0142atwiaj\u0105 utrzymanie<strong> porz\u0105dku w lod\u00f3wce <\/strong>i <strong>przed\u0142u\u017caj\u0105 \u015bwie\u017co\u015b\u0107 produkt\u00f3w<\/strong>. Je\u015bli planujesz marynowanie mi\u0119sa, wykorzystaj pojemnik przeznaczony do tego celu. Dobrze zorganizowana przestrze\u0144 w lod\u00f3wce jest na wag\u0119 z\u0142ota. Docenisz j\u0105 zw\u0142aszcza w gor\u0105cym okresie przed\u015bwi\u0105tecznym.<\/p>\n<h2><strong>Przygotowania kulinarne etapami (2\u20133 dni wcze\u015bniej)<\/strong><\/h2>\n<p>Gotowanie i pieczenie mo\u017cesz rozpocz\u0105\u0107 ju\u017c dwa lub trzy dni przed \u015bwi\u0119tami. Je\u015bli obawiasz si\u0119, \u017ce mimo wszystko nie wystarczy Ci czasu, niekt\u00f3re wypieki przygotuj na tydzie\u0144 lub dwa do przodu. <strong>Ciasta kruche i dro\u017cd\u017cowe dobrze znosz\u0105 mro\u017cenie<\/strong>, dlatego nic nie stoi na przeszkodzie, by po upieczeniu by\u0142y bezpiecznie przechowywane w zamra\u017carce.<\/p>\n<p>Czy wiesz, \u017ce wiele potraw zyskuje na smaku po kilku godzinach, a nawet po ca\u0142ej dobie? Dotyczy to zar\u00f3wno mi\u0119s, jak i sa\u0142atek. Przyrz\u0105dzaj\u0105c je dzie\u0144 wcze\u015bniej nie tylko oszcz\u0119dzasz czas, lecz tak\u017ce wp\u0142ywasz pozytywnie na ich walory smakowe.<\/p>\n<p>Dwa dni przed \u015bwi\u0119tami przygotuj koszyczek, je\u015bli praktykujesz t\u0119 tradycj\u0119. Pami\u0119taj jedynie, aby chrzan, pieczywo czy kie\u0142bas\u0119 w\u0142o\u017cy\u0107 do niego tu\u017c przed wyj\u015bciem z domu.<\/p>\n<div style=\"display: flex; align-items: center; justify-content: center; text-align: center;\">\n<figure id=\"attachment_41115\" aria-describedby=\"caption-attachment-41115\" style=\"width: 350px\" class=\"wp-caption alignnone\"><a href=\"https:\/\/www.brw.pl\/forma-do-babki-stalowa-fern-22-cm-zielona,938492\" target=\"_blank\" rel=\"noopener noreferrer\"><img decoding=\"async\" class=\"wp-image-41115 lazyload\" data-src=\"https:\/\/www.brw.pl\/blog\/wp-content\/uploads\/2026\/03\/forma-do-babki-stalowa-fern-22-cm-zielona-slargea.jpg\" alt=\"Forma do babki stalowa Fern\" width=\"350\" height=\"263\" data-srcset=\"https:\/\/www.brw.pl\/blog\/wp-content\/uploads\/2026\/03\/forma-do-babki-stalowa-fern-22-cm-zielona-slargea.jpg 798w, https:\/\/www.brw.pl\/blog\/wp-content\/uploads\/2026\/03\/forma-do-babki-stalowa-fern-22-cm-zielona-slargea-768x577.jpg 768w\" data-sizes=\"(max-width: 350px) 100vw, 350px\" src=\"data:image\/svg+xml;base64,PHN2ZyB3aWR0aD0iMSIgaGVpZ2h0PSIxIiB4bWxucz0iaHR0cDovL3d3dy53My5vcmcvMjAwMC9zdmciPjwvc3ZnPg==\" style=\"--smush-placeholder-width: 350px; --smush-placeholder-aspect-ratio: 350\/263;\" \/><\/a><figcaption id=\"caption-attachment-41115\" class=\"wp-caption-text\"><a href=\"https:\/\/www.brw.pl\/forma-do-babki-stalowa-fern-22-cm-zielona,938492\" target=\"_blank\" rel=\"noopener noreferrer\"><span style=\"font-weight: 400;\">Forma do babki stalowa Fern<\/span><\/a><\/figcaption><\/figure>\n<figure id=\"attachment_41116\" aria-describedby=\"caption-attachment-41116\" style=\"width: 350px\" class=\"wp-caption alignnone\"><a href=\"https:\/\/www.brw.pl\/keksowka-fern-30x13-cm-zielona,938493\" target=\"_blank\" rel=\"noopener noreferrer\"><img decoding=\"async\" class=\"wp-image-41116 lazyload\" data-src=\"https:\/\/www.brw.pl\/blog\/wp-content\/uploads\/2026\/03\/keksowka-fern-30x13-cm-zielona-slargea.jpg\" alt=\"Keks\u00f3wka Fern\" width=\"350\" height=\"263\" data-srcset=\"https:\/\/www.brw.pl\/blog\/wp-content\/uploads\/2026\/03\/keksowka-fern-30x13-cm-zielona-slargea.jpg 798w, https:\/\/www.brw.pl\/blog\/wp-content\/uploads\/2026\/03\/keksowka-fern-30x13-cm-zielona-slargea-768x577.jpg 768w\" data-sizes=\"(max-width: 350px) 100vw, 350px\" src=\"data:image\/svg+xml;base64,PHN2ZyB3aWR0aD0iMSIgaGVpZ2h0PSIxIiB4bWxucz0iaHR0cDovL3d3dy53My5vcmcvMjAwMC9zdmciPjwvc3ZnPg==\" style=\"--smush-placeholder-width: 350px; --smush-placeholder-aspect-ratio: 350\/263;\" \/><\/a><figcaption id=\"caption-attachment-41116\" class=\"wp-caption-text\"><a href=\"https:\/\/www.brw.pl\/keksowka-fern-30x13-cm-zielona,938493\" target=\"_blank\" rel=\"noopener noreferrer\"><span style=\"font-weight: 400;\">Keks\u00f3wka Fern<\/span><\/a><\/figcaption><\/figure>\n<\/div>\n<h2><strong>Dekoracje wielkanocne i klimat \u015bwi\u0105t (1\u20132 dni przed Wielkanoc\u0105)<\/strong><\/h2>\n<div style=\"display: flex; align-items: center; justify-content: center; text-align: center;\">\n<figure id=\"attachment_41109\" aria-describedby=\"caption-attachment-41109\" style=\"width: 796px\" class=\"wp-caption aligncenter\"><a href=\"https:\/\/www.brw.pl\/figurka-dekoracyjna-ges-9-cm-biala-mix-wzorow,934040\" target=\"_blank\" rel=\"noopener noreferrer\"><img decoding=\"async\" class=\"wp-image-41109 size-medium lazyload\" data-src=\"https:\/\/www.brw.pl\/blog\/wp-content\/uploads\/2026\/03\/wielkanocne-dekoracje-figurki-gesi-oslonki-na-doniczke-suna-796x800.jpg\" alt=\"Figurka dekoracyjna G\u0119\u015b, os\u0142onka na doniczk\u0119 Suna - aran\u017cacja wielkanocna\" width=\"796\" height=\"800\" data-srcset=\"https:\/\/www.brw.pl\/blog\/wp-content\/uploads\/2026\/03\/wielkanocne-dekoracje-figurki-gesi-oslonki-na-doniczke-suna-796x800.jpg 796w, https:\/\/www.brw.pl\/blog\/wp-content\/uploads\/2026\/03\/wielkanocne-dekoracje-figurki-gesi-oslonki-na-doniczke-suna-150x150.jpg 150w, https:\/\/www.brw.pl\/blog\/wp-content\/uploads\/2026\/03\/wielkanocne-dekoracje-figurki-gesi-oslonki-na-doniczke-suna-768x772.jpg 768w, https:\/\/www.brw.pl\/blog\/wp-content\/uploads\/2026\/03\/wielkanocne-dekoracje-figurki-gesi-oslonki-na-doniczke-suna-165x165.jpg 165w, https:\/\/www.brw.pl\/blog\/wp-content\/uploads\/2026\/03\/wielkanocne-dekoracje-figurki-gesi-oslonki-na-doniczke-suna-120x120.jpg 120w, https:\/\/www.brw.pl\/blog\/wp-content\/uploads\/2026\/03\/wielkanocne-dekoracje-figurki-gesi-oslonki-na-doniczke-suna.jpg 1073w\" data-sizes=\"(max-width: 796px) 100vw, 796px\" src=\"data:image\/svg+xml;base64,PHN2ZyB3aWR0aD0iMSIgaGVpZ2h0PSIxIiB4bWxucz0iaHR0cDovL3d3dy53My5vcmcvMjAwMC9zdmciPjwvc3ZnPg==\" style=\"--smush-placeholder-width: 796px; --smush-placeholder-aspect-ratio: 796\/800;\" \/><\/a><figcaption id=\"caption-attachment-41109\" class=\"wp-caption-text\"><a href=\"https:\/\/www.brw.pl\/figurka-dekoracyjna-ges-9-cm-biala-mix-wzorow,934040\" target=\"_blank\" rel=\"noopener noreferrer\"><span style=\"font-weight: 400;\">Figurka dekoracyjna G\u0119\u015b<\/span><\/a><\/figcaption><\/figure>\n<\/div>\n<p>Do Wielkanocy zosta\u0142y ju\u017c tylko dwa dni? Czas na udekorowanie domu! To zdecydowanie jeden z najprzyjemniejszych etap\u00f3w przygotowa\u0144 do \u015bwi\u0105t, w kt\u00f3ry warto zaanga\u017cowa\u0107 ca\u0142\u0105 rodzin\u0119, w tym najm\u0142odszych domownik\u00f3w.<\/p>\n<p>Jak mo\u017cna przystroi\u0107 wn\u0119trza? Wystarczy si\u0119gn\u0105\u0107 po drobne\u00a0<a href=\"https:\/\/www.brw.pl\/dekoracje\/ozdoby-swiateczne\/wielkanoc\/\" target=\"_blank\" rel=\"noopener\"><strong>dekoracje wielkanocne<\/strong><\/a> takie jak figurki zaj\u0105czk\u00f3w czy zawieszki-jajka, wykorzysta\u0107 <strong>wierzbowe ga\u0142\u0105zki i \u015bwie\u017ce kwiaty<\/strong> (hiacynty w doniczkach, \u017conkile lub tulipany w wazonie sprawdz\u0105 si\u0119 \u015bwietnie), wykona\u0107 niewielki<strong> stroik DIY<\/strong> b\u0105d\u017a kupi\u0107 gotow\u0105 kompozycj\u0119 na st\u00f3\u0142. Funkcj\u0119 ozdobn\u0105 z powodzeniem mog\u0105 pe\u0142ni\u0107 r\u00f3wnie\u017c <strong>pisanki<\/strong> u\u0142o\u017cone w <strong>wielkanocnym koszyczku<\/strong>.<\/p>\n<div style=\"display: flex; align-items: center; justify-content: center; text-align: center;\">\n<figure id=\"attachment_41110\" aria-describedby=\"caption-attachment-41110\" style=\"width: 800px\" class=\"wp-caption aligncenter\"><a href=\"https:\/\/www.brw.pl\/wianek-dekoracyjny-22-cm-mix-wzorow,926277\" target=\"_blank\" rel=\"noopener noreferrer\"><img decoding=\"async\" class=\"wp-image-41110 size-medium lazyload\" data-src=\"https:\/\/www.brw.pl\/blog\/wp-content\/uploads\/2026\/03\/aranzacja-wielkanocna-wianek-dekoracyjny-800x800.jpg\" alt=\"Wianek dekoracyjny - aran\u017cacja wielkanocna\" width=\"800\" height=\"800\" data-srcset=\"https:\/\/www.brw.pl\/blog\/wp-content\/uploads\/2026\/03\/aranzacja-wielkanocna-wianek-dekoracyjny-800x800.jpg 800w, https:\/\/www.brw.pl\/blog\/wp-content\/uploads\/2026\/03\/aranzacja-wielkanocna-wianek-dekoracyjny-150x150.jpg 150w, https:\/\/www.brw.pl\/blog\/wp-content\/uploads\/2026\/03\/aranzacja-wielkanocna-wianek-dekoracyjny-768x768.jpg 768w, https:\/\/www.brw.pl\/blog\/wp-content\/uploads\/2026\/03\/aranzacja-wielkanocna-wianek-dekoracyjny-165x165.jpg 165w, https:\/\/www.brw.pl\/blog\/wp-content\/uploads\/2026\/03\/aranzacja-wielkanocna-wianek-dekoracyjny-120x120.jpg 120w, https:\/\/www.brw.pl\/blog\/wp-content\/uploads\/2026\/03\/aranzacja-wielkanocna-wianek-dekoracyjny.jpg 1078w\" data-sizes=\"(max-width: 800px) 100vw, 800px\" src=\"data:image\/svg+xml;base64,PHN2ZyB3aWR0aD0iMSIgaGVpZ2h0PSIxIiB4bWxucz0iaHR0cDovL3d3dy53My5vcmcvMjAwMC9zdmciPjwvc3ZnPg==\" style=\"--smush-placeholder-width: 800px; --smush-placeholder-aspect-ratio: 800\/800;\" \/><\/a><figcaption id=\"caption-attachment-41110\" class=\"wp-caption-text\"><a href=\"https:\/\/www.brw.pl\/wianek-dekoracyjny-22-cm-mix-wzorow,926277\" target=\"_blank\" rel=\"noopener noreferrer\"><span style=\"font-weight: 400;\">Wianek dekoracyjny mix wzor\u00f3w<\/span><\/a><\/figcaption><\/figure>\n<\/div>\n<blockquote><p>Dobrym pomys\u0142em na wprowadzenie do wn\u0119trz radosnej atmosfery towarzysz\u0105cej \u015bwi\u0119tom wielkanocnym jest wymiana sezonowych dodatk\u00f3w. Do salonu wybierzmy poduszki dekoracyjne z wiosennym motywem, do jadalni \u2013 lniany obrus w jasnym kolorze, a do kuchni \u2013 zastaw\u0119 sto\u0142ow\u0105 i kubki w kwiatowy wz\u00f3r. Takimi dodatkami b\u0119dziemy cieszy\u0107 si\u0119 nie tylko podczas \u015bwi\u0105t, ale i przez ca\u0142\u0105 wiosn\u0119 <strong>\u2013 doradza ekspert Black Red White.\u00a0<\/strong><\/p><\/blockquote>\n<h2><strong>Przygotowanie \u015bwi\u0105tecznego sto\u0142u (dzie\u0144 wcze\u015bniej lub rano)<\/strong><\/h2>\n<p>St\u00f3\u0142 \u015bwi\u0105teczny warto przygotowa\u0107 dzie\u0144 wcze\u015bniej lub rano \u2013 dwie, trzy godziny przed \u015bniadaniem wielkanocnym. Rozmieszczenie miejsc dla go\u015bci nie powinno by\u0107 przypadkowe. Trzeba uwzgl\u0119dni\u0107 zar\u00f3wno liczb\u0119 os\u00f3b, jak i dost\u0119p do potraw oraz swobod\u0119 poruszania si\u0119 przy stole. Je\u015bli st\u00f3\u0142 jest rozk\u0142adany, dobrze zawczasu sprawdzi\u0107 jego ustawienie i przygotowa\u0107 odpowiedni\u0105 liczb\u0119 krzese\u0142.<\/p>\n<p>Aran\u017cacja \u015bwi\u0105tecznego sto\u0142u mo\u017ce opiera\u0107 si\u0119 na kilku elementach: <strong>pastelowym <a href=\"https:\/\/www.brw.pl\/serwowanie\/dekoracja-stolu\/obrusy\/\" target=\"_blank\" rel=\"noopener\">obrusie<\/a>, serwetkach, <a href=\"https:\/\/www.brw.pl\/serwowanie\/serwowanie-potraw\/serwisy-obiadowe\/\" target=\"_blank\" rel=\"noopener\">serwisie obiadowym<\/a> z eleganckim kwiatowym wzorem, z\u0142otych <a href=\"https:\/\/www.brw.pl\/serwowanie\/serwowanie-potraw\/sztucce\/\" target=\"_blank\" rel=\"noopener\">sztu\u0107cach<\/a>, stroiku z ga\u0142\u0105zek, \u015bwiecznikach, pisankach i \u015bwie\u017cych kwiatach<\/strong>. W okresie Wielkanocy dobrze sprawdzaj\u0105 si\u0119 tulipany, \u017conkile lub hiacynty, kt\u00f3re podkre\u015blaj\u0105 wiosenny charakter \u015bwi\u0105t. Dekoracja nie powinna jednak utrudnia\u0107 kontaktu wzrokowego mi\u0119dzy go\u015b\u0107mi ani zajmowa\u0107 miejsca przeznaczonego na p\u00f3\u0142miski. Liczb\u0119 element\u00f3w nale\u017cy dostosowa\u0107 do wielko\u015bci sto\u0142u.<\/p>\n<div style=\"display: flex; align-items: center; justify-content: center; text-align: center;\">\n<figure id=\"attachment_41111\" aria-describedby=\"caption-attachment-41111\" style=\"width: 573px\" class=\"wp-caption aligncenter\"><a href=\"https:\/\/www.brw.pl\/swiecznik-szklany-na-nozce-tulipan-16-cm-mix-kolorow,934430\" target=\"_blank\" rel=\"noopener noreferrer\"><img decoding=\"async\" class=\"wp-image-41111 size-medium lazyload\" data-src=\"https:\/\/www.brw.pl\/blog\/wp-content\/uploads\/2026\/03\/swiecznik-szklany-na-nozce-tulipan-16-cm-mix-kolorow-xlargea-573x800.jpg\" alt=\"\u015awiecznik szklany na n\u00f3\u017cce Tulipan - wiosenna aran\u017cacja sto\u0142u\" width=\"573\" height=\"800\" data-srcset=\"https:\/\/www.brw.pl\/blog\/wp-content\/uploads\/2026\/03\/swiecznik-szklany-na-nozce-tulipan-16-cm-mix-kolorow-xlargea-573x800.jpg 573w, https:\/\/www.brw.pl\/blog\/wp-content\/uploads\/2026\/03\/swiecznik-szklany-na-nozce-tulipan-16-cm-mix-kolorow-xlargea.jpg 734w\" data-sizes=\"(max-width: 573px) 100vw, 573px\" src=\"data:image\/svg+xml;base64,PHN2ZyB3aWR0aD0iMSIgaGVpZ2h0PSIxIiB4bWxucz0iaHR0cDovL3d3dy53My5vcmcvMjAwMC9zdmciPjwvc3ZnPg==\" style=\"--smush-placeholder-width: 573px; --smush-placeholder-aspect-ratio: 573\/800;\" \/><\/a><figcaption id=\"caption-attachment-41111\" class=\"wp-caption-text\"><a href=\"https:\/\/www.brw.pl\/swiecznik-szklany-na-nozce-tulipan-16-cm-mix-kolorow,934430\" target=\"_blank\" rel=\"noopener noreferrer\"><span style=\"font-weight: 400;\">\u015awiecznik szklany na n\u00f3\u017cce Tulipan<\/span><\/a> <b> u\u015bwietni aran\u017cacj\u0119 wielkanocnego sto\u0142u<\/b><\/figcaption><\/figure>\n<\/div>\n<p>Elementy do serwowania potraw warto rozstawi\u0107 w spos\u00f3b przemy\u015blany. <a href=\"https:\/\/www.brw.pl\/serwowanie\/serwowanie-potraw\/polmiski\/\" target=\"_blank\" rel=\"noopener\">P\u00f3\u0142miski<\/a> z mi\u0119sem, pasztetem czy jajkami najlepiej ustawi\u0107 tak, aby ka\u017cdy mia\u0142 do nich wygodny dost\u0119p. <a href=\"https:\/\/www.brw.pl\/serwowanie\/serwowanie-potraw\/sosjerki\/\" target=\"_blank\" rel=\"noopener\">Sosjerki<\/a>, miski na sa\u0142atki i talerze do serwowania powinny by\u0107 dopasowane stylistycznie do zastawy, ale przede wszystkim funkcjonalne.<\/p>\n<div style=\"display: flex; align-items: center; justify-content: center; text-align: center;\">\n<figure id=\"attachment_41112\" aria-describedby=\"caption-attachment-41112\" style=\"width: 350px\" class=\"wp-caption alignnone\"><a href=\"https:\/\/www.brw.pl\/serwetka-szafirek-z-zonkilami-20-szt-33x33-cm,507782\" target=\"_blank\" rel=\"noopener noreferrer\"><img decoding=\"async\" class=\"wp-image-41112 lazyload\" data-src=\"https:\/\/www.brw.pl\/blog\/wp-content\/uploads\/2026\/03\/serwetka-szafirek-z-zonkilami-20-szt-33x33-cm-slargea.webp\" alt=\"Serwetka Szafirek z \u017bonkilami\" width=\"350\" height=\"263\" data-srcset=\"https:\/\/www.brw.pl\/blog\/wp-content\/uploads\/2026\/03\/serwetka-szafirek-z-zonkilami-20-szt-33x33-cm-slargea.webp 798w, https:\/\/www.brw.pl\/blog\/wp-content\/uploads\/2026\/03\/serwetka-szafirek-z-zonkilami-20-szt-33x33-cm-slargea-768x577.webp 768w\" data-sizes=\"(max-width: 350px) 100vw, 350px\" src=\"data:image\/svg+xml;base64,PHN2ZyB3aWR0aD0iMSIgaGVpZ2h0PSIxIiB4bWxucz0iaHR0cDovL3d3dy53My5vcmcvMjAwMC9zdmciPjwvc3ZnPg==\" style=\"--smush-placeholder-width: 350px; --smush-placeholder-aspect-ratio: 350\/263;\" \/><\/a><figcaption id=\"caption-attachment-41112\" class=\"wp-caption-text\"><a href=\"https:\/\/www.brw.pl\/serwetka-szafirek-z-zonkilami-20-szt-33x33-cm,507782\" target=\"_blank\" rel=\"noopener noreferrer\"><span style=\"font-weight: 400;\">Serwetka Szafirek z \u017bonkilami<\/span><\/a><\/figcaption><\/figure>\n<figure id=\"attachment_41113\" aria-describedby=\"caption-attachment-41113\" style=\"width: 350px\" class=\"wp-caption alignnone\"><a href=\"https:\/\/www.brw.pl\/serwetki-wianek-wielkanocny-20-szt-33x33-cm,507783\" target=\"_blank\" rel=\"noopener noreferrer\"><img decoding=\"async\" class=\"wp-image-41113 lazyload\" data-src=\"https:\/\/www.brw.pl\/blog\/wp-content\/uploads\/2026\/03\/serwetki-wianek-wielkanocny-20-szt-33x33-cm-slargea.webp\" alt=\"Serwetki Wianek Wielkanocny\" width=\"350\" height=\"263\" data-srcset=\"https:\/\/www.brw.pl\/blog\/wp-content\/uploads\/2026\/03\/serwetki-wianek-wielkanocny-20-szt-33x33-cm-slargea.webp 798w, https:\/\/www.brw.pl\/blog\/wp-content\/uploads\/2026\/03\/serwetki-wianek-wielkanocny-20-szt-33x33-cm-slargea-768x577.webp 768w\" data-sizes=\"(max-width: 350px) 100vw, 350px\" src=\"data:image\/svg+xml;base64,PHN2ZyB3aWR0aD0iMSIgaGVpZ2h0PSIxIiB4bWxucz0iaHR0cDovL3d3dy53My5vcmcvMjAwMC9zdmciPjwvc3ZnPg==\" style=\"--smush-placeholder-width: 350px; --smush-placeholder-aspect-ratio: 350\/263;\" \/><\/a><figcaption id=\"caption-attachment-41113\" class=\"wp-caption-text\"><a href=\"https:\/\/www.brw.pl\/serwetki-wianek-wielkanocny-20-szt-33x33-cm,507783\" target=\"_blank\" rel=\"noopener noreferrer\"><span style=\"font-weight: 400;\">Serwetki Wianek Wielkanocny<\/span><\/a><\/figcaption><\/figure>\n<\/div>\n<h2><strong>Niedziela Wielkanocna \u2013 luz i obecno\u015b\u0107<\/strong><\/h2>\n<p>Je\u015bli przygotowania do \u015bwi\u0105t uda\u0142o Ci si\u0119 roz\u0142o\u017cy\u0107 na kilka tygodni, niedziel\u0119 wielkanocn\u0105 spokojnie mo\u017cesz przeznaczy\u0107 na odpoczynek. St\u00f3\u0142 nakryty, potrawy gotowe, dom uporz\u0105dkowany. Mo\u017cna \u015bwi\u0119towa\u0107!<\/p>\n<p>Pami\u0119taj, \u017ce w tym wyj\u0105tkowym czasie najwa\u017cniejsza jest obecno\u015b\u0107 najbli\u017cszych os\u00f3b, a nie perfekcyjnie przygotowane menu czy idealnie u\u0142o\u017cona zastawa. Co\u015b nie wysz\u0142o dok\u0142adnie tak, jak zak\u0142ada\u0142e\u015b(-a\u015b)? Niech nie przeszkodzi Ci to w czerpaniu rado\u015bci ze wsp\u00f3lnego \u015bniadania wielkanocnego!<\/p>\n<p>Po posi\u0142ku warto wyj\u015b\u0107 na spacer, wykorzystuj\u0105c pierwsze ciep\u0142e dni wiosny. Sp\u0119d\u017a czas na graniu w plansz\u00f3wki, rozmowach, wsp\u00f3lnym przegl\u0105daniu rodzinnych zdj\u0119\u0107 albo po prostu tak jak lubisz. Wielkanoc to przede wszystkim czas dla rodziny.<\/p>\n<h2><strong>Zaplanowana Wielkanoc 2026 \u2013 mniej stresu, wi\u0119cej rado\u015bci<\/strong><\/h2>\n<p>Chcesz, by Wielkanoc 2026 up\u0142yn\u0119\u0142a w atmosferze spokoju i rado\u015bci? To mo\u017cliwe! Wystarczy opracowa\u0107 dobry plan dzia\u0142ania, a obowi\u0105zki roz\u0142o\u017cy\u0107 na etapy. W przygotowania do \u015bwi\u0105t warto zaanga\u017cowa\u0107 pozosta\u0142ych cz\u0142onk\u00f3w rodziny \u2013 nawet najm\u0142odsi mog\u0105 pomaga\u0107 w prostych pracach domowych.<\/p>\n<p><strong>Wielkanocne dekoracje, tekstylia i produkty z kategorii serwowanie, dzi\u0119ki kt\u00f3rym przygotujesz niezapomniane \u015bwi\u0119ta, znajdziesz w <a href=\"https:\/\/www.brw.pl\/\" target=\"_blank\" rel=\"noopener\">sklepie internetowym Black Red White<\/a>. Zapraszamy na zakupy!<\/strong><\/p>\n<p><em>Wybrane produkty pokazane w artykule s\u0105 dost\u0119pne r\u00f3wnie\u017c w sklepach stacjonarnych Black Red White. Informacj\u0119 o dost\u0119pno\u015bci znajdziesz w karcie produktu na www.<\/em><\/p>\n\n","protected":false},"excerpt":{"rendered":"<p>Przygotowa\u0144 do \u015bwi\u0105t nie warto odk\u0142ada\u0107 na ostatni\u0105 chwil\u0119. Zacznij z wyprzedzeniem, a unikniesz stresu, kt\u00f3ry zwykle towarzyszy przed\u015bwi\u0105tecznej gor\u0105czce. Jak zaplanowa\u0107 Wielkanoc 2026, aby m\u00f3c cieszy\u0107 si\u0119 spokojnym, rodzinnym czasem? Oto sprawdzone kalendarium, kt\u00f3re u\u0142atwi Ci organizacj\u0119 obowi\u0105zk\u00f3w.\u00a0<\/p>\n","protected":false},"author":21,"featured_media":41108,"comment_status":"closed","ping_status":"open","sticky":false,"template":"","format":"standard","meta":{"footnotes":""},"categories":[574,742],"tags":[],"aioseo_notices":[],"_links":{"self":[{"href":"https:\/\/www.brw.pl\/blog\/wp-json\/wp\/v2\/posts\/41105"}],"collection":[{"href":"https:\/\/www.brw.pl\/blog\/wp-json\/wp\/v2\/posts"}],"about":[{"href":"https:\/\/www.brw.pl\/blog\/wp-json\/wp\/v2\/types\/post"}],"author":[{"embeddable":true,"href":"https:\/\/www.brw.pl\/blog\/wp-json\/wp\/v2\/users\/21"}],"replies":[{"embeddable":true,"href":"https:\/\/www.brw.pl\/blog\/wp-json\/wp\/v2\/comments?post=41105"}],"version-history":[{"count":5,"href":"https:\/\/www.brw.pl\/blog\/wp-json\/wp\/v2\/posts\/41105\/revisions"}],"predecessor-version":[{"id":41122,"href":"https:\/\/www.brw.pl\/blog\/wp-json\/wp\/v2\/posts\/41105\/revisions\/41122"}],"wp:featuredmedia":[{"embeddable":true,"href":"https:\/\/www.brw.pl\/blog\/wp-json\/wp\/v2\/media\/41108"}],"wp:attachment":[{"href":"https:\/\/www.brw.pl\/blog\/wp-json\/wp\/v2\/media?parent=41105"}],"wp:term":[{"taxonomy":"category","embeddable":true,"href":"https:\/\/www.brw.pl\/blog\/wp-json\/wp\/v2\/categories?post=41105"},{"taxonomy":"post_tag","embeddable":true,"href":"https:\/\/www.brw.pl\/blog\/wp-json\/wp\/v2\/tags?post=41105"}],"curies":[{"name":"wp","href":"https:\/\/api.w.org\/{rel}","templated":true}]}}