{"id":41150,"date":"2026-03-13T12:13:04","date_gmt":"2026-03-13T11:13:04","guid":{"rendered":"https:\/\/www.brw.pl\/blog\/?p=41150"},"modified":"2026-03-18T08:35:47","modified_gmt":"2026-03-18T07:35:47","slug":"ciekawe-ozdoby-do-ogrodu-co-wybrac-na-wiosne","status":"publish","type":"post","link":"https:\/\/www.brw.pl\/blog\/ciekawe-ozdoby-do-ogrodu-co-wybrac-na-wiosne\/","title":{"rendered":"Ciekawe ozdoby do ogrodu: co wybra\u0107 na wiosn\u0119?"},"content":{"rendered":"<p><strong>Gdy nadchodz\u0105 pierwsze ciep\u0142e dni, ogr\u00f3d zaczyna \u017cy\u0107 na nowo. Wiosna to dobry moment, aby przyjrze\u0107 si\u0119 przestrzeni wok\u00f3\u0142 domu i pomy\u015ble\u0107 o drobnych zmianach. Ciekawe ozdoby do ogrodu urozmaic\u0105 aran\u017cacj\u0119 rabat, tarasu czy altany. Sprawd\u017a, kt\u00f3re dekoracje ogrodowe najlepiej sprawdz\u0105 si\u0119 w wiosennym otoczeniu!<\/strong><!--more--><\/p>\n<div style=\"display: flex; align-items: center; justify-content: center; text-align: center;\">\n<figure id=\"attachment_41151\" aria-describedby=\"caption-attachment-41151\" style=\"width: 800px\" class=\"wp-caption aligncenter\"><a href=\"https:\/\/www.brw.pl\/zestaw-mebli-ogrodowych-z-technorattanu-oregon-fotel-z-podnozkiem-brazowo-szary,959646\" target=\"_blank\" rel=\"noopener noreferrer\"><img decoding=\"async\" class=\"wp-image-41151 size-medium lazyload\" data-src=\"https:\/\/www.brw.pl\/blog\/wp-content\/uploads\/2026\/03\/OM-MLM-SET_2-OREGON_ar_GEN-800x537.jpg\" alt=\"Zestaw mebli ogrodowych Oregon - aran\u017cacja ogrodu\" width=\"800\" height=\"537\" data-srcset=\"https:\/\/www.brw.pl\/blog\/wp-content\/uploads\/2026\/03\/OM-MLM-SET_2-OREGON_ar_GEN-800x537.jpg 800w, https:\/\/www.brw.pl\/blog\/wp-content\/uploads\/2026\/03\/OM-MLM-SET_2-OREGON_ar_GEN-768x516.jpg 768w, https:\/\/www.brw.pl\/blog\/wp-content\/uploads\/2026\/03\/OM-MLM-SET_2-OREGON_ar_GEN-1536x1031.jpg 1536w, https:\/\/www.brw.pl\/blog\/wp-content\/uploads\/2026\/03\/OM-MLM-SET_2-OREGON_ar_GEN.jpg 1606w\" data-sizes=\"(max-width: 800px) 100vw, 800px\" src=\"data:image\/svg+xml;base64,PHN2ZyB3aWR0aD0iMSIgaGVpZ2h0PSIxIiB4bWxucz0iaHR0cDovL3d3dy53My5vcmcvMjAwMC9zdmciPjwvc3ZnPg==\" style=\"--smush-placeholder-width: 800px; --smush-placeholder-aspect-ratio: 800\/537;\" \/><\/a><figcaption id=\"caption-attachment-41151\" class=\"wp-caption-text\"><a href=\"https:\/\/www.brw.pl\/zestaw-mebli-ogrodowych-z-technorattanu-oregon-fotel-z-podnozkiem-brazowo-szary,959646\" target=\"_blank\" rel=\"noopener noreferrer\"><span style=\"font-weight: 400;\">Zestaw mebli ogrodowych Oregon<\/span><\/a><\/figcaption><\/figure>\n<\/div>\n<p>Z tego artyku\u0142u dowiesz si\u0119:<\/p>\n<ul>\n<li>jakie ciekawe ozdoby do ogrodu s\u0105 modne w tym sezonie,<\/li>\n<li>jak dobra\u0107 dekoracje ogrodowe do stylu przestrzeni zielonej,<\/li>\n<li>gdzie ustawi\u0107 figurki i rze\u017aby, aby przyci\u0105ga\u0142y wzrok;<\/li>\n<li>dlaczego warto zaprosi\u0107 ptaki do ogrodu,<\/li>\n<li>jakie dodatki do ogrodu buduj\u0105 przytulny klimat.<\/li>\n<\/ul>\n<h2><strong>Wiosna w ogrodzie \u2013 dlaczego warto postawi\u0107 na\u00a0ciekawe dekoracje?<\/strong><\/h2>\n<p>Ogr\u00f3d to nie tylko drzewa, krzewy i starannie zaplanowane rabaty. To r\u00f3wnie\u017c przestrze\u0144, w kt\u00f3rej sp\u0119dzamy czas z rodzin\u0105, relaksujemy si\u0119, \u015bwi\u0119tujemy, spotykamy si\u0119 z bliskimi. Dzi\u0119ki oryginalnym dekoracjom ogr\u00f3d staje si\u0119 bardziej przyjazny i zyskuje indywidualny charakter.<\/p>\n<p><strong>Elementy dekoracyjne wp\u0142ywaj\u0105 pozytywnie na estetyk\u0119 ogrodu<\/strong>. Nawet niewielka przestrze\u0144 zielona, je\u015bli j\u0105 odpowiednio przystroi\u0107, mo\u017ce zmieni\u0107 si\u0119 w stylowe miejsce do odpoczynku. Ozdoby ogrodowe oczywi\u015bcie ciesz\u0105 oko, jednak nie jest to ich jedyna funkcja. Poza tym, \u017ce pi\u0119knie wygl\u0105daj\u0105, <strong>podkre\u015blaj\u0105 kompozycj\u0119 ro\u015blinno\u015bci, akcentuj\u0105 \u015bcie\u017cki lub wyznaczaj\u0105 granice poszczeg\u00f3lnych stref<\/strong>.<\/p>\n<p>Wiosna sprzyja ma\u0142ym i wi\u0119kszym metamorfozom. O tej porze warto od\u015bwie\u017cy\u0107 nie tylko wn\u0119trza, lecz tak\u017ce ogr\u00f3d i taras. Przydomowa przestrze\u0144 zmieni si\u0119 na lepsze, je\u015bli zaprosisz do niej kilka nowych dekoracji. Przekonaj si\u0119!<\/p>\n<h2><strong>Jakie s\u0105 najmodniejsze ozdoby ogrodowe na wiosn\u0119?<\/strong><\/h2>\n<div style=\"display: flex; align-items: center; justify-content: center; text-align: center;\">\n<figure id=\"attachment_38936\" aria-describedby=\"caption-attachment-38936\" style=\"width: 800px\" class=\"wp-caption aligncenter\"><a href=\"https:\/\/www.brw.pl\/zestaw-mebli-ogrodowych-z-technorattanu-vitoria-stolik-sofa-2-fotele-2-siedziska-z-poduszkami,959654\" target=\"_blank\" rel=\"noopener noreferrer\"><img decoding=\"async\" class=\"wp-image-38936 size-medium lazyload\" data-src=\"https:\/\/www.brw.pl\/blog\/wp-content\/uploads\/2025\/04\/zestaw-mebli-ogrodowych-z-technoratanu-vitoria-stolik-sofa-2-fotele-2-siedziska-z-poduszkami-xlargea-800x533.jpg\" alt=\"Zestaw mebli ogrodowych z technorattanu Vitoria\" width=\"800\" height=\"533\" data-srcset=\"https:\/\/www.brw.pl\/blog\/wp-content\/uploads\/2025\/04\/zestaw-mebli-ogrodowych-z-technoratanu-vitoria-stolik-sofa-2-fotele-2-siedziska-z-poduszkami-xlargea-800x533.jpg 800w, https:\/\/www.brw.pl\/blog\/wp-content\/uploads\/2025\/04\/zestaw-mebli-ogrodowych-z-technoratanu-vitoria-stolik-sofa-2-fotele-2-siedziska-z-poduszkami-xlargea-768x511.jpg 768w, https:\/\/www.brw.pl\/blog\/wp-content\/uploads\/2025\/04\/zestaw-mebli-ogrodowych-z-technoratanu-vitoria-stolik-sofa-2-fotele-2-siedziska-z-poduszkami-xlargea-1536x1023.jpg 1536w, https:\/\/www.brw.pl\/blog\/wp-content\/uploads\/2025\/04\/zestaw-mebli-ogrodowych-z-technoratanu-vitoria-stolik-sofa-2-fotele-2-siedziska-z-poduszkami-xlargea.jpg 1538w\" data-sizes=\"(max-width: 800px) 100vw, 800px\" src=\"data:image\/svg+xml;base64,PHN2ZyB3aWR0aD0iMSIgaGVpZ2h0PSIxIiB4bWxucz0iaHR0cDovL3d3dy53My5vcmcvMjAwMC9zdmciPjwvc3ZnPg==\" style=\"--smush-placeholder-width: 800px; --smush-placeholder-aspect-ratio: 800\/533;\" \/><\/a><figcaption id=\"caption-attachment-38936\" class=\"wp-caption-text\"><a href=\"https:\/\/www.brw.pl\/zestaw-mebli-ogrodowych-z-technorattanu-vitoria-stolik-sofa-2-fotele-2-siedziska-z-poduszkami,959654\" target=\"_blank\" rel=\"noopener noreferrer\"><span style=\"font-weight: 400;\">Zestaw mebli ogrodowych Vitoria<\/span><\/a><\/figcaption><\/figure>\n<\/div>\n<p>Podobnie jak w \u015bwiecie designu wn\u0119trz, tak r\u00f3wnie\u017c w trendach ogrodowych wida\u0107 kierunki, w kt\u00f3rych warto pod\u0105\u017ca\u0107 w najbli\u017cszych miesi\u0105cach. Jakie <a href=\"https:\/\/www.brw.pl\/ogrod\/dekoracje-ogrodowe\/\" target=\"_blank\" rel=\"noopener\">dekoracje ogrodowe<\/a> wysuwaj\u0105 si\u0119 na pierwszy plan?<\/p>\n<p><strong>Jednym z czo\u0142owych trend\u00f3w jest zwrot w stron\u0119 natury<\/strong>. Na znaczeniu zyskuj\u0105 ozdoby wykonane z ekologicznych materia\u0142\u00f3w \u2013 drewna, wikliny, kamienia czy ceramiki. Naturalne dekoracje wspaniale prezentuj\u0105 si\u0119 w otoczeniu bujnej ro\u015blinno\u015bci. Popularno\u015bci\u0105 ciesz\u0105 si\u0119 tak\u017ce elementy z metalu lub stali kortenowskiej, kt\u00f3ra z czasem nabiera charakterystycznej patyny.<\/p>\n<p><strong>Drugim kierunkiem jest nowoczesny minimalizm<\/strong> reprezentowany przez proste, geometryczne rze\u017aby i dekoracyjne kule, kt\u00f3re stanowi\u0105 mocny akcent w przestrzeni zielonej. Du\u017ce ozdoby do ogrodu przyci\u0105gaj\u0105 wzrok i podkre\u015blaj\u0105 nowoczesny charakter aran\u017cacji.<\/p>\n<p>Niezale\u017cnie od tego, na jaki styl postawisz, zwr\u00f3\u0107 uwag\u0119 na kolory dekoracji. <strong>Jasne, wiosenne barwy o\u017cywiaj\u0105 ogr\u00f3d i pi\u0119knie prezentuj\u0105 si\u0119 w po\u0142\u0105czeniu z ro\u015blinami<\/strong>, kt\u00f3re w\u0142a\u015bnie zaczynaj\u0105 kwitn\u0105\u0107.<\/p>\n<h2><strong>Figurki i rze\u017aby ogrodowe \u2013 pomys\u0142 na \u0142adn\u0105 aran\u017cacj\u0119 przestrzeni<\/strong><\/h2>\n<div style=\"display: flex; align-items: center; justify-content: center; text-align: center;\">\n<figure id=\"attachment_41153\" aria-describedby=\"caption-attachment-41153\" style=\"width: 600px\" class=\"wp-caption aligncenter\"><a href=\"https:\/\/www.brw.pl\/figurka-ogrodowa-baleya-kaczka-brazowy,748020\" target=\"_blank\" rel=\"noopener noreferrer\"><img decoding=\"async\" class=\"wp-image-41153 size-full lazyload\" data-src=\"https:\/\/www.brw.pl\/blog\/wp-content\/uploads\/2026\/03\/figurka-ogrodowa-baleya-kaczka-brazowy-xlarge.jpg\" alt=\"Figurka ogrodowa Kaczka\" width=\"600\" height=\"750\" src=\"data:image\/svg+xml;base64,PHN2ZyB3aWR0aD0iMSIgaGVpZ2h0PSIxIiB4bWxucz0iaHR0cDovL3d3dy53My5vcmcvMjAwMC9zdmciPjwvc3ZnPg==\" style=\"--smush-placeholder-width: 600px; --smush-placeholder-aspect-ratio: 600\/750;\" \/><\/a><figcaption id=\"caption-attachment-41153\" class=\"wp-caption-text\"><a href=\"https:\/\/www.brw.pl\/figurka-ogrodowa-baleya-kaczka-brazowy,748020\" target=\"_blank\" rel=\"noopener noreferrer\"><span style=\"font-weight: 400;\">Figurka ogrodowa Kaczka<\/span><\/a><\/figcaption><\/figure>\n<\/div>\n<p>Chcesz wprowadzi\u0107 do ogrodu dekoracyjny akcent? Postaw na <a href=\"https:\/\/www.brw.pl\/ogrod\/dekoracje-ogrodowe\/figurki-i-rzezby-ogrodowe\/\" target=\"_blank\" rel=\"noopener\">figurki i rze\u017aby ogrodowe<\/a>. Na rynku znajdziesz du\u017cy wyb\u00f3r ozd\u00f3b tego rodzaju \u2013 od klasycznych krasnali i anio\u0142k\u00f3w, przez urocze figurki zwierz\u0105t, po nowoczesne rze\u017aby inspirowane sztuk\u0105 wsp\u00f3\u0142czesn\u0105. Figurki, nawet te najmniejszych rozmiar\u00f3w, przyci\u0105gaj\u0105 wzrok i tworz\u0105 wyr\u00f3\u017cniaj\u0105ce si\u0119 punkty kompozycyjne. To prosty spos\u00f3b na estetyczn\u0105 aran\u017cacj\u0119 ogrodu.<\/p>\n<h3>Jak dobra\u0107 figurki do stylu ogrodu?<\/h3>\n<p>Najwa\u017cniejsz\u0105 zasad\u0105 jest sp\u00f3jno\u015b\u0107. Dekoracje powinny wsp\u00f3\u0142gra\u0107 z charakterem przestrzeni i stylem, w jakim jest ona urz\u0105dzona.<\/p>\n<p>W ogrodach nowoczesnych najlepiej prezentuj\u0105 si\u0119 proste, geometryczne rze\u017aby wykonane z metalu, betonu lub kamienia. Minimalistyczne aran\u017cacje to r\u00f3wnie\u017c odpowiednie otoczenie dla dekoracyjnych kul czy figur w stylu futurystycznym.<\/p>\n<p>W ogrodach rustykalnych i romantycznych mo\u017cna pozwoli\u0107 sobie na wi\u0119kszy rozmach. Metalowe figurki z motywami zwierz\u0105t, stare konewki, kanki, zegary s\u0142oneczne, poide\u0142ka dla ptak\u00f3w czy fontanny znakomicie wpisuj\u0105 si\u0119 w sielski klimat.<\/p>\n<div style=\"display: flex; align-items: center; justify-content: center; text-align: center;\">\n<figure id=\"attachment_41155\" aria-describedby=\"caption-attachment-41155\" style=\"width: 300px\" class=\"wp-caption alignnone\"><a href=\"https:\/\/www.brw.pl\/ozdobna-kanka-z-cynku,87514\" target=\"_blank\" rel=\"noopener noreferrer\"><img decoding=\"async\" class=\"wp-image-41155 lazyload\" data-src=\"https:\/\/www.brw.pl\/blog\/wp-content\/uploads\/2026\/03\/ozdobna-kanka-z-cynku-slarge.jpg\" alt=\"Ozdobna kanka z cynku\" width=\"300\" height=\"300\" data-srcset=\"https:\/\/www.brw.pl\/blog\/wp-content\/uploads\/2026\/03\/ozdobna-kanka-z-cynku-slarge.jpg 600w, https:\/\/www.brw.pl\/blog\/wp-content\/uploads\/2026\/03\/ozdobna-kanka-z-cynku-slarge-150x150.jpg 150w, https:\/\/www.brw.pl\/blog\/wp-content\/uploads\/2026\/03\/ozdobna-kanka-z-cynku-slarge-165x165.jpg 165w, https:\/\/www.brw.pl\/blog\/wp-content\/uploads\/2026\/03\/ozdobna-kanka-z-cynku-slarge-120x120.jpg 120w\" data-sizes=\"(max-width: 300px) 100vw, 300px\" src=\"data:image\/svg+xml;base64,PHN2ZyB3aWR0aD0iMSIgaGVpZ2h0PSIxIiB4bWxucz0iaHR0cDovL3d3dy53My5vcmcvMjAwMC9zdmciPjwvc3ZnPg==\" style=\"--smush-placeholder-width: 300px; --smush-placeholder-aspect-ratio: 300\/300;\" \/><\/a><figcaption id=\"caption-attachment-41155\" class=\"wp-caption-text\"><a href=\"https:\/\/www.brw.pl\/ozdobna-kanka-z-cynku,87514\" target=\"_blank\" rel=\"noopener noreferrer\"><span style=\"font-weight: 400;\">Ozdobna kanka z cynku<\/span><\/a><\/figcaption><\/figure>\n<figure id=\"attachment_41154\" aria-describedby=\"caption-attachment-41154\" style=\"width: 240px\" class=\"wp-caption alignnone\"><a href=\"https:\/\/www.brw.pl\/figurka-ogrodowa-damaro-dzieci-brazowy,732506\" target=\"_blank\" rel=\"noopener noreferrer\"><img decoding=\"async\" class=\"wp-image-41154 lazyload\" data-src=\"https:\/\/www.brw.pl\/blog\/wp-content\/uploads\/2026\/03\/figurka-ogrodowa-damaro-dzieci-brazowy-slarge.jpg\" alt=\"Figurka ogrodowa Dzieci\" width=\"240\" height=\"300\" src=\"data:image\/svg+xml;base64,PHN2ZyB3aWR0aD0iMSIgaGVpZ2h0PSIxIiB4bWxucz0iaHR0cDovL3d3dy53My5vcmcvMjAwMC9zdmciPjwvc3ZnPg==\" style=\"--smush-placeholder-width: 240px; --smush-placeholder-aspect-ratio: 240\/300;\" \/><\/a><figcaption id=\"caption-attachment-41154\" class=\"wp-caption-text\"><a href=\"https:\/\/www.brw.pl\/figurka-ogrodowa-damaro-dzieci-brazowy,732506\" target=\"_blank\" rel=\"noopener noreferrer\"><span style=\"font-weight: 400;\">Figurka ogrodowa Dzieci<\/span><\/a><\/figcaption><\/figure>\n<figure id=\"attachment_41156\" aria-describedby=\"caption-attachment-41156\" style=\"width: 400px\" class=\"wp-caption alignnone\"><a href=\"https:\/\/www.brw.pl\/poidelko-dla-ptakow-do-ogrodu-brazowe,489758\" target=\"_blank\" rel=\"noopener noreferrer\"><img decoding=\"async\" class=\"wp-image-41156 lazyload\" data-src=\"https:\/\/www.brw.pl\/blog\/wp-content\/uploads\/2026\/03\/poidelko-dla-ptakow-do-ogrodu-brazowe-slarge.jpg\" alt=\"Poide\u0142ko dla ptak\u00f3w do ogrodu\" width=\"400\" height=\"300\" data-srcset=\"https:\/\/www.brw.pl\/blog\/wp-content\/uploads\/2026\/03\/poidelko-dla-ptakow-do-ogrodu-brazowe-slarge.jpg 800w, https:\/\/www.brw.pl\/blog\/wp-content\/uploads\/2026\/03\/poidelko-dla-ptakow-do-ogrodu-brazowe-slarge-768x576.jpg 768w\" data-sizes=\"(max-width: 400px) 100vw, 400px\" src=\"data:image\/svg+xml;base64,PHN2ZyB3aWR0aD0iMSIgaGVpZ2h0PSIxIiB4bWxucz0iaHR0cDovL3d3dy53My5vcmcvMjAwMC9zdmciPjwvc3ZnPg==\" style=\"--smush-placeholder-width: 400px; --smush-placeholder-aspect-ratio: 400\/300;\" \/><\/a><figcaption id=\"caption-attachment-41156\" class=\"wp-caption-text\"><a href=\"https:\/\/www.brw.pl\/poidelko-dla-ptakow-do-ogrodu-brazowe,489758\" target=\"_blank\" rel=\"noopener noreferrer\"><span style=\"font-weight: 400;\">Poide\u0142ko dla ptak\u00f3w do ogrodu<\/span><\/a><\/figcaption><\/figure>\n<\/div>\n<h3>Gdzie ustawi\u0107 figurki, by wygl\u0105da\u0142y efektownie?<\/h3>\n<p>Figurki wyeksponuj w miejscach, z kt\u00f3rych s\u0105 dobrze widoczne. Dekoracje powinny harmonijnie wpisywa\u0107 si\u0119 w ogrodow\u0105 sceneri\u0119 i korespondowa\u0107 z ni\u0105 motywem, stylem lub kolorem.<\/p>\n<p><strong>Ciekawym rozwi\u0105zaniem jest ustawienie ich w\u015br\u00f3d ro\u015blinno\u015bci, przy \u015bcie\u017ckach albo na rabatach<\/strong>. To odpowiednie lokalizacje dla figurek ptak\u00f3w, je\u017cy, krasnali, anio\u0142k\u00f3w. Ma\u0142e i \u015brednie ozdoby \u015bwietnie wygl\u0105daj\u0105 r\u00f3wnie\u017c w pobli\u017cu tarasu czy altany.<\/p>\n<p>W s\u0105siedztwie oczka wodnego b\u0105d\u017a fontanny warto postawi\u0107 figur\u0119 kobiety trzymaj\u0105cej dzban \u2013 motyw wody w naturalny spos\u00f3b nawi\u0105zuje do otoczenia.<\/p>\n<h2><strong>Budki l\u0119gowe i karmniki \u2013 dekoracja do ogrodu, kt\u00f3ra \u017cyje<\/strong><\/h2>\n<div style=\"display: flex; align-items: center; justify-content: center; text-align: center;\">\n<figure id=\"attachment_39830\" aria-describedby=\"caption-attachment-39830\" style=\"width: 800px\" class=\"wp-caption aligncenter\"><a href=\"https:\/\/www.brw.pl\/karmnik-dla-ptakow-solidny-drewniany-szczygiel-ii-estetyczny-duzy-ozdoba,77803\" target=\"_blank\" rel=\"noopener noreferrer\"><img decoding=\"async\" class=\"wp-image-39830 size-medium lazyload\" data-src=\"https:\/\/www.brw.pl\/blog\/wp-content\/uploads\/2024\/10\/karmnik-dla-ptakow-solidny-drewniany-szczygiel-ii-estetyczny-duzy-ozdoba-xlarge-800x477.jpg\" alt=\"Karmnik dla ptak\u00f3w Szczygie\u0142 II\" width=\"800\" height=\"477\" data-srcset=\"https:\/\/www.brw.pl\/blog\/wp-content\/uploads\/2024\/10\/karmnik-dla-ptakow-solidny-drewniany-szczygiel-ii-estetyczny-duzy-ozdoba-xlarge-800x477.jpg 800w, https:\/\/www.brw.pl\/blog\/wp-content\/uploads\/2024\/10\/karmnik-dla-ptakow-solidny-drewniany-szczygiel-ii-estetyczny-duzy-ozdoba-xlarge-768x458.jpg 768w, https:\/\/www.brw.pl\/blog\/wp-content\/uploads\/2024\/10\/karmnik-dla-ptakow-solidny-drewniany-szczygiel-ii-estetyczny-duzy-ozdoba-xlarge.jpg 1440w\" data-sizes=\"(max-width: 800px) 100vw, 800px\" src=\"data:image\/svg+xml;base64,PHN2ZyB3aWR0aD0iMSIgaGVpZ2h0PSIxIiB4bWxucz0iaHR0cDovL3d3dy53My5vcmcvMjAwMC9zdmciPjwvc3ZnPg==\" style=\"--smush-placeholder-width: 800px; --smush-placeholder-aspect-ratio: 800\/477;\" \/><\/a><figcaption id=\"caption-attachment-39830\" class=\"wp-caption-text\"><a href=\"https:\/\/www.brw.pl\/karmnik-dla-ptakow-solidny-drewniany-szczygiel-ii-estetyczny-duzy-ozdoba,77803\" target=\"_blank\" rel=\"noopener noreferrer\"><span style=\"font-weight: 400;\">Karmnik dla ptak\u00f3w Szczygie\u0142 II<\/span><\/a><\/figcaption><\/figure>\n<\/div>\n<p>Szukasz dekoracji, kt\u00f3ra nie tylko \u0142adnie si\u0119 prezentuje, ale r\u00f3wnie\u017c pe\u0142ni funkcj\u0119 praktyczn\u0105? Po\u0142\u0105cz estetyk\u0119 z trosk\u0105 o \u015brodowisko, wybieraj\u0105c <a href=\"https:\/\/www.brw.pl\/ogrod\/dekoracje-ogrodowe\/budki-legowe-i-karminiki\/\" target=\"_blank\" rel=\"noopener\">budk\u0119 l\u0119gow\u0105 lub karmnik<\/a>. Ozdoba przyci\u0105gnie ptaki, co b\u0119dzie korzystne i dla nich, i dla ogrodu.<\/p>\n<h3>Dlaczego warto zaprosi\u0107 ptaki do ogrodu?<\/h3>\n<p>Obecno\u015b\u0107 ptak\u00f3w wp\u0142ywa pozytywnie na ca\u0142y ekosystem ogrodu. <strong>Ptaki to wyj\u0105tkowo po\u017cyteczni s\u0105siedzi\u00a0\u2013 pomagaj\u0105 ogranicza\u0107 liczb\u0119 owad\u00f3w, w tym szkodnik\u00f3w, kt\u00f3re \u017ceruj\u0105 na li\u015bciach i p\u0119dach<\/strong>, wspieraj\u0105c przy tym naturaln\u0105 r\u00f3wnowag\u0119 w\u015br\u00f3d ro\u015blin.<\/p>\n<p>Na uwag\u0119 zas\u0142uguje estetyczny aspekt ca\u0142ego przedsi\u0119wzi\u0119cia. \u015apiew ptak\u00f3w wprowadza do ogrodu wyj\u0105tkowy klimat. Wyobra\u017a sobie: pijesz porann\u0105 kaw\u0119 na tarasie, a w tle s\u0142ycha\u0107 ptasie trele&#8230; Trudno o przyjemniejszy pocz\u0105tek dnia.<\/p>\n<p>Jesieni\u0105 warto pomy\u015ble\u0107 r\u00f3wnie\u017c o innych schronieniach dla zwierz\u0105t. Wiele os\u00f3b decyduje si\u0119 wtedy na <a href=\"https:\/\/www.brw.pl\/blog\/jesien-w-ogrodzie-jak-zrobic-domek-dla-ptakow-owadow-czy-jezy\/\" target=\"_blank\" rel=\"noopener\">domki dla ptak\u00f3w, owad\u00f3w czy je\u017cy<\/a>, kt\u00f3re pomagaj\u0105 przetrwa\u0107 zim\u0119 mieszka\u0144com ogrodu.<\/p>\n<h3>Jak wybra\u0107 odpowiedni karmnik lub budk\u0119?<\/h3>\n<p>Najistotniejszym kryterium wyboru karmnika lub budki l\u0119gowej jest materia\u0142. <strong>Przyjrzyj si\u0119 modelom wykonanym z surowc\u00f3w, kt\u00f3re s\u0105 trwa\u0142e i odporne na warunki atmosferyczne<\/strong>. Dobrej jako\u015bci karmniki b\u0119d\u0105 s\u0142u\u017cy\u0107 ptakom przez wiele sezon\u00f3w.<\/p>\n<p>W drugiej kolejno\u015bci warto pochyli\u0107 si\u0119 nad estetyk\u0105 karmnika. Tradycyjne drewniane konstrukcje to \u015bwietna propozycja do ogrod\u00f3w angielskich, wiejskich, orientalnych czy \u015br\u00f3dziemnomorskich. Je\u015bli Tw\u00f3j ogr\u00f3d to minimalistyczna przestrze\u0144, wybierz prosty model ze stali lub tworzywa sztucznego.<\/p>\n<h2><strong>Ciekawe ozdoby do ogrodu, kt\u00f3re tworz\u0105 klimat<\/strong><\/h2>\n<div style=\"display: flex; align-items: center; justify-content: center; text-align: center;\">\n<figure id=\"attachment_36776\" aria-describedby=\"caption-attachment-36776\" style=\"width: 800px\" class=\"wp-caption aligncenter\"><a href=\"https:\/\/www.brw.pl\/kinkiet-zewnetrzny-endura-style-led-z-czujnikiem-dnia-i-nocy-szary,233152\" target=\"_blank\" rel=\"noopener noreferrer\"><img decoding=\"async\" class=\"wp-image-36776 size-medium lazyload\" data-src=\"https:\/\/www.brw.pl\/blog\/wp-content\/uploads\/2024\/08\/lampa-solarna-endura-style-led-50-cm-czarna-xlargea-800x556.jpg\" alt=\"Lampa solarna Endura Style LED\" width=\"800\" height=\"556\" data-srcset=\"https:\/\/www.brw.pl\/blog\/wp-content\/uploads\/2024\/08\/lampa-solarna-endura-style-led-50-cm-czarna-xlargea-800x556.jpg 800w, https:\/\/www.brw.pl\/blog\/wp-content\/uploads\/2024\/08\/lampa-solarna-endura-style-led-50-cm-czarna-xlargea-768x534.jpg 768w, https:\/\/www.brw.pl\/blog\/wp-content\/uploads\/2024\/08\/lampa-solarna-endura-style-led-50-cm-czarna-xlargea.jpg 1475w\" data-sizes=\"(max-width: 800px) 100vw, 800px\" src=\"data:image\/svg+xml;base64,PHN2ZyB3aWR0aD0iMSIgaGVpZ2h0PSIxIiB4bWxucz0iaHR0cDovL3d3dy53My5vcmcvMjAwMC9zdmciPjwvc3ZnPg==\" style=\"--smush-placeholder-width: 800px; --smush-placeholder-aspect-ratio: 800\/556;\" \/><\/a><figcaption id=\"caption-attachment-36776\" class=\"wp-caption-text\"><a href=\"https:\/\/www.brw.pl\/kinkiet-zewnetrzny-endura-style-led-z-czujnikiem-dnia-i-nocy-szary,233152\" target=\"_blank\" rel=\"noopener noreferrer\"><span style=\"font-weight: 400;\">Lampa solarna Endura Style LED<\/span><\/a><\/figcaption><\/figure>\n<\/div>\n<p>Nie tylko figurki i karmniki mog\u0105 sta\u0107 si\u0119 ozdob\u0105 Twojego ogrodu. Wiosn\u0105 warto zainwestowa\u0107 w dekoracje, kt\u00f3re buduj\u0105 nastr\u00f3j i sprawiaj\u0105, \u017ce ogr\u00f3d zmienia si\u0119 w idealne miejsce do relaksu.<\/p>\n<p>Je\u015bli zale\u017cy Ci na stworzeniu przytulnej atmosfery, si\u0119gnij po lampiony. Ustaw je na tarasie albo w altanie, a wieczorem domownicy b\u0119d\u0105 mogli cieszy\u0107 si\u0119 nastrojow\u0105 przestrzeni\u0105. Ciep\u0142e \u015bwiat\u0142o <a href=\"https:\/\/www.brw.pl\/ogrod\/oswietlenie-zewnetrzne\/lampy-ogrodowe\/lampy-solarne\/\" target=\"_blank\" rel=\"noopener\">lampki solarnej<\/a> podkre\u015bli ziele\u0144 ro\u015blin. Podobn\u0105 funkcj\u0119 pe\u0142ni\u0105 nieco bardziej szykowne latarnie ogrodowe.<\/p>\n<p>Girlandy \u015bwietlne to kolejny pomys\u0142 na ozdoby do ogrodu. Mo\u017cesz zawiesi\u0107 je mi\u0119dzy drzewami, na pergoli albo nad tarasem \u2013 subtelne \u015bwiat\u0142o to doskona\u0142a oprawa dla wieczornych rozm\u00f3w przy stole.<\/p>\n<p>W ogrodzie i na tarasie oraz przed wej\u015bciem do domu warto rozmie\u015bci\u0107 dekoracyjne <a href=\"https:\/\/www.brw.pl\/dekoracje\/doniczki-i-oslonki\/doniczki\/\" target=\"_blank\" rel=\"noopener\">donice<\/a> i kwietniki. Do uprawy w doniczkach nadaj\u0105 si\u0119 nie tylko kwiaty, ale r\u00f3wnie\u017c krzewy i ma\u0142e drzewka. Stworzysz z nich pi\u0119kn\u0105, zr\u00f3\u017cnicowan\u0105 kompozycj\u0119.<\/p>\n<h2><strong>Jak zaaran\u017cowa\u0107 nowoczesny ogr\u00f3d?<\/strong><\/h2>\n<div style=\"display: flex; align-items: center; justify-content: center; text-align: center;\">\n<figure id=\"attachment_41152\" aria-describedby=\"caption-attachment-41152\" style=\"width: 800px\" class=\"wp-caption aligncenter\"><a href=\"https:\/\/www.brw.pl\/zestaw-mebli-ogrodowych-z-drewna-lido-sofa-2-fotele-stolik-poduszki,959767\" target=\"_blank\" rel=\"noopener noreferrer\"><img decoding=\"async\" class=\"wp-image-41152 size-medium lazyload\" data-src=\"https:\/\/www.brw.pl\/blog\/wp-content\/uploads\/2026\/03\/OM-TAY-SET_4-LIDO_ar_GEN-800x537.jpg\" alt=\"Zestaw mebli ogrodowych Lido - aran\u017cacja tarasu\" width=\"800\" height=\"537\" data-srcset=\"https:\/\/www.brw.pl\/blog\/wp-content\/uploads\/2026\/03\/OM-TAY-SET_4-LIDO_ar_GEN-800x537.jpg 800w, https:\/\/www.brw.pl\/blog\/wp-content\/uploads\/2026\/03\/OM-TAY-SET_4-LIDO_ar_GEN-768x516.jpg 768w, https:\/\/www.brw.pl\/blog\/wp-content\/uploads\/2026\/03\/OM-TAY-SET_4-LIDO_ar_GEN-1536x1032.jpg 1536w, https:\/\/www.brw.pl\/blog\/wp-content\/uploads\/2026\/03\/OM-TAY-SET_4-LIDO_ar_GEN.jpg 1602w\" data-sizes=\"(max-width: 800px) 100vw, 800px\" src=\"data:image\/svg+xml;base64,PHN2ZyB3aWR0aD0iMSIgaGVpZ2h0PSIxIiB4bWxucz0iaHR0cDovL3d3dy53My5vcmcvMjAwMC9zdmciPjwvc3ZnPg==\" style=\"--smush-placeholder-width: 800px; --smush-placeholder-aspect-ratio: 800\/537;\" \/><\/a><figcaption id=\"caption-attachment-41152\" class=\"wp-caption-text\"><a href=\"https:\/\/www.brw.pl\/zestaw-mebli-ogrodowych-z-drewna-lido-sofa-2-fotele-stolik-poduszki,959767\" target=\"_blank\" rel=\"noopener noreferrer\"><span style=\"font-weight: 400;\">Zestaw mebli ogrodowych Lido<\/span><\/a><\/figcaption><\/figure>\n<\/div>\n<p>Nowoczesny ogr\u00f3d opiera si\u0119 przede wszystkim na umiarze i konsekwencji stylistycznej. Wybierz kilka wyrazistych element\u00f3w, np. geometrycznych rze\u017ab, kt\u00f3re stan\u0105 si\u0119 mocnym akcentem aran\u017cacji \u2013 efekt b\u0119dzie lepszy ni\u017c w przypadku wielu drobnych dekoracji.<\/p>\n<p>W minimalistycznej przestrzeni szczeg\u00f3lnie wa\u017cna jest r\u00f3wnowaga mi\u0119dzy ro\u015blinno\u015bci\u0105 a dodatkami. <strong>Dekoracje powinny subtelnie wpisywa\u0107 si\u0119 w naturaln\u0105 tkank\u0119 ogrodu<\/strong>. Dobrym przyk\u0142adem s\u0105 du\u017ce donice, kt\u00f3re porz\u0105dkuj\u0105 kompozycj\u0119 rabat i pozwalaj\u0105 wyeksponowa\u0107 ro\u015bliny w wybranych punktach.<\/p>\n<blockquote><p>Nowoczesna przestrze\u0144 ogrodowa powinna by\u0107 przede wszystkim funkcjonalna. Poza dekoracjami warto zadba\u0107 o wygodne meble ogrodowe oraz mi\u0119kkie poduszki, kt\u00f3re zach\u0119caj\u0105 do odpoczynku. Dzi\u0119ki strefom relaksu ogr\u00f3d stanie si\u0119 naturalnym przed\u0142u\u017ceniem domu <strong>\u2013 dodaje ekspert Black Red White.<\/strong><\/p><\/blockquote>\n<h2><strong>Niech Tw\u00f3j ogr\u00f3d rozkwitnie \u2013 tak\u017ce dzi\u0119ki dekoracjom i ozdobom<\/strong><\/h2>\n<p>Nawet drobne zmiany mog\u0105 przynie\u015b\u0107 du\u017cy efekt. Przekonaj si\u0119 o tym, wybieraj\u0105c niepowtarzalne dekoracje do swojego ogrodu: figurki, rze\u017aby, karmniki, budki l\u0119gowe, produkty o\u015bwietleniowe i doniczki. Stw\u00f3rz wyj\u0105tkow\u0105 przestrze\u0144 relaksu \u2013 postaw na ozdoby, dzi\u0119ki kt\u00f3rym Tw\u00f3j ogr\u00f3d po d\u0142ugiej zimie rozkwitnie na nowo.<\/p>\n<p style=\"text-align: center;\"><strong>Wi\u0119cej inspiracji znajdziesz w <a href=\"https:\/\/www.brw.pl\/\" target=\"_blank\" rel=\"noopener\">sklepie internetowych Black Red White<\/a>. Zapraszamy na zakupy!<\/strong><\/p>\n\n","protected":false},"excerpt":{"rendered":"<p>Gdy nadchodz\u0105 pierwsze ciep\u0142e dni, ogr\u00f3d zaczyna \u017cy\u0107 na nowo. Wiosna to dobry moment, aby przyjrze\u0107 si\u0119 przestrzeni wok\u00f3\u0142 domu i pomy\u015ble\u0107 o drobnych zmianach. Ciekawe ozdoby do ogrodu urozmaic\u0105 aran\u017cacj\u0119 rabat, tarasu czy altany. Sprawd\u017a, kt\u00f3re dekoracje ogrodowe najlepiej sprawdz\u0105 si\u0119 w wiosennym otoczeniu!<\/p>\n","protected":false},"author":21,"featured_media":41151,"comment_status":"closed","ping_status":"open","sticky":false,"template":"","format":"standard","meta":{"footnotes":""},"categories":[575],"tags":[],"aioseo_notices":[],"_links":{"self":[{"href":"https:\/\/www.brw.pl\/blog\/wp-json\/wp\/v2\/posts\/41150"}],"collection":[{"href":"https:\/\/www.brw.pl\/blog\/wp-json\/wp\/v2\/posts"}],"about":[{"href":"https:\/\/www.brw.pl\/blog\/wp-json\/wp\/v2\/types\/post"}],"author":[{"embeddable":true,"href":"https:\/\/www.brw.pl\/blog\/wp-json\/wp\/v2\/users\/21"}],"replies":[{"embeddable":true,"href":"https:\/\/www.brw.pl\/blog\/wp-json\/wp\/v2\/comments?post=41150"}],"version-history":[{"count":2,"href":"https:\/\/www.brw.pl\/blog\/wp-json\/wp\/v2\/posts\/41150\/revisions"}],"predecessor-version":[{"id":41174,"href":"https:\/\/www.brw.pl\/blog\/wp-json\/wp\/v2\/posts\/41150\/revisions\/41174"}],"wp:featuredmedia":[{"embeddable":true,"href":"https:\/\/www.brw.pl\/blog\/wp-json\/wp\/v2\/media\/41151"}],"wp:attachment":[{"href":"https:\/\/www.brw.pl\/blog\/wp-json\/wp\/v2\/media?parent=41150"}],"wp:term":[{"taxonomy":"category","embeddable":true,"href":"https:\/\/www.brw.pl\/blog\/wp-json\/wp\/v2\/categories?post=41150"},{"taxonomy":"post_tag","embeddable":true,"href":"https:\/\/www.brw.pl\/blog\/wp-json\/wp\/v2\/tags?post=41150"}],"curies":[{"name":"wp","href":"https:\/\/api.w.org\/{rel}","templated":true}]}}