{"id":41788,"date":"2026-09-02T09:05:40","date_gmt":"2026-09-02T07:05:40","guid":{"rendered":"https:\/\/www.brw.pl\/blog\/?p=41788"},"modified":"2026-09-03T11:52:38","modified_gmt":"2026-09-03T09:52:38","slug":"jak-dobrac-szafke-pod-umywalke-sprawdz-najwazniejsze-kwestie","status":"publish","type":"post","link":"https:\/\/www.brw.pl\/blog\/jak-dobrac-szafke-pod-umywalke-sprawdz-najwazniejsze-kwestie\/","title":{"rendered":"Jak dobra\u0107 szafk\u0119 pod umywalk\u0119? Sprawd\u017a najwa\u017cniejsze kwestie!"},"content":{"rendered":"<p><strong>Strefa umywalkowa to wa\u017cny element aran\u017cacji \u0142azienki \u2013 warto zadba\u0107 o jej estetyk\u0119 i dobr\u0105 organizacj\u0119. Zastanawiasz si\u0119, jak dobra\u0107 odpowiedni\u0105 szafk\u0119 pod umywalk\u0119? Jak dopasowa\u0107 j\u0105 do ceramiki \u0142azienkowej i wygospodarowa\u0107 wystarczaj\u0105co du\u017co miejsca do przechowywania? Przeczytaj nasze porady!<\/strong><!--more--><\/p>\n<p><img decoding=\"async\" class=\"size-medium wp-image-41789 aligncenter lazyload\" data-src=\"https:\/\/www.brw.pl\/blog\/wp-content\/uploads\/2026\/09\/Jak-dobrac-szafke-pod-umywalke-Sprawdz-najwazniejsze-kwestie-4-800x447.jpg\" alt=\"Jak dobra\u0107 szafk\u0119 pod umywalk\u0119? Aran\u017cacja \u0142azienki\" width=\"800\" height=\"447\" data-srcset=\"https:\/\/www.brw.pl\/blog\/wp-content\/uploads\/2026\/09\/Jak-dobrac-szafke-pod-umywalke-Sprawdz-najwazniejsze-kwestie-4-800x447.jpg 800w, https:\/\/www.brw.pl\/blog\/wp-content\/uploads\/2026\/09\/Jak-dobrac-szafke-pod-umywalke-Sprawdz-najwazniejsze-kwestie-4-768x429.jpg 768w, https:\/\/www.brw.pl\/blog\/wp-content\/uploads\/2026\/09\/Jak-dobrac-szafke-pod-umywalke-Sprawdz-najwazniejsze-kwestie-4-1536x858.jpg 1536w, https:\/\/www.brw.pl\/blog\/wp-content\/uploads\/2026\/09\/Jak-dobrac-szafke-pod-umywalke-Sprawdz-najwazniejsze-kwestie-4.jpg 1920w\" data-sizes=\"(max-width: 800px) 100vw, 800px\" src=\"data:image\/svg+xml;base64,PHN2ZyB3aWR0aD0iMSIgaGVpZ2h0PSIxIiB4bWxucz0iaHR0cDovL3d3dy53My5vcmcvMjAwMC9zdmciPjwvc3ZnPg==\" style=\"--smush-placeholder-width: 800px; --smush-placeholder-aspect-ratio: 800\/447;\" \/><\/p>\n<p>Z tego artyku\u0142u dowiesz si\u0119:<\/p>\n<ul>\n<li>jak dopasowa\u0107 szafk\u0119 do rodzaju i rozmiaru umywalki,<\/li>\n<li>jak dobra\u0107 wysoko\u015b\u0107, szeroko\u015b\u0107 i g\u0142\u0119boko\u015b\u0107 szafki pod umywalk\u0119;<\/li>\n<li>o czym nale\u017cy pami\u0119ta\u0107 przed monta\u017cem mebla,<\/li>\n<li>czym r\u00f3\u017cni\u0105 si\u0119 szafki wisz\u0105ce i stoj\u0105ce,<\/li>\n<li>kiedy lepiej wybra\u0107 szuflady, a kiedy klasyczne p\u00f3\u0142ki;<\/li>\n<li>jakie modele sprawdzaj\u0105 si\u0119 w ma\u0142ych i du\u017cych \u0142azienkach,<\/li>\n<li>jak dopasowa\u0107 szafk\u0119 umywalkow\u0105 do stylu aran\u017cacji.<\/li>\n<\/ul>\n<p><strong>Najwa\u017cniejsze informacje<\/strong>.<\/p>\n<ul>\n<li>Rodzaj umywalki decyduje o konstrukcji szafki. Innego modelu wymaga umywalka nablatowa, a innego wpuszczana w blat.<\/li>\n<li>Wysoko\u015b\u0107 szafki dobierz do sposobu monta\u017cu umywalki. Przy modelu nablatowym uwzgl\u0119dnij r\u00f3wnie\u017c wysoko\u015b\u0107 ceramiki.<\/li>\n<li>Szeroko\u015b\u0107 i g\u0142\u0119boko\u015b\u0107 szafki dopasuj do metra\u017cu \u0142azienki, tak aby mebel nie ogranicza\u0142 swobody poruszania si\u0119.<\/li>\n<li>Sprawd\u017a po\u0142o\u017cenie odp\u0142ywu, przy\u0142\u0105czy i syfonu. Instalacja musi zmie\u015bci\u0107 si\u0119 wewn\u0105trz szafki i nie kolidowa\u0107 z szufladami.<\/li>\n<li>Szuflady zapewniaj\u0105 \u0142atwy dost\u0119p do zawarto\u015bci szafki, a p\u00f3\u0142ki pozwalaj\u0105 wygodnie przechowywa\u0107 du\u017ce przedmioty.<\/li>\n<li>Szafka wisz\u0105ca wizualnie odci\u0105\u017ca wn\u0119trze i u\u0142atwia sprz\u0105tanie, natomiast stoj\u0105ca zapewnia stabilno\u015b\u0107 i du\u017co miejsca do przechowywania.<\/li>\n<\/ul>\n<h2><strong><span aria-hidden=\"true\">Czy wyb\u00f3r szafki pod umywalk\u0119 jest faktycznie wa\u017cny?<\/span><\/strong><\/h2>\n<p>Zdecydowanie tak! Z szafki umywalkowej korzystamy przecie\u017c codziennie \u2013 to jeden z najcz\u0119\u015bciej u\u017cywanych <a href=\"https:\/\/www.brw.pl\/wyposazenie-lazienki\/meble-lazienkowe\/\">mebli \u0142azienkowych<\/a>. O tym, czy b\u0119dzie wygodna, decyduje przede wszystkim jej konstrukcja. Je\u015bli \u017ale dobierzesz wysoko\u015b\u0107, korzystanie z umywalki prawdopodobnie b\u0119dzie utrudnione, je\u015bli nie przemy\u015blisz uk\u0142adu szuflad \u2013 mebel mo\u017ce kolidowa\u0107 z syfonem. Zanim wi\u0119c zdecydujesz si\u0119 na konkretny model, przemy\u015bl dok\u0142adnie wszystkie \u201eza\u201d i \u201eprzeciw\u201d.<\/p>\n<p><a href=\"https:\/\/www.brw.pl\/wyposazenie-lazienki\/umywalki-i-akcesoria\/szafki-z-umywalka\/\">Szafka pod umywalk\u0119<\/a> pe\u0142ni kilka funkcji. <strong>Dzi\u0119ki niej ukryjesz elementy instalacji wodno-kanalizacyjnej, a przestrze\u0144 wok\u00f3\u0142 nich wykorzystasz do przechowywania<\/strong>. Mo\u017cesz trzyma\u0107 w niej zapas r\u0119cznik\u00f3w do r\u0105k i twarzy, kosmetyki, suszark\u0119 do w\u0142os\u00f3w, \u015brodki higieniczne czy detergenty. W wi\u0119kszo\u015bci \u0142azienek takie dodatkowe miejsce trudno zast\u0105pi\u0107.<\/p>\n<h2 data-section-id=\"1vgf0rt\" data-start=\"1203\" data-end=\"1237\"><strong>Jak dobra\u0107 szafk\u0119 pod umywalk\u0119?<\/strong><\/h2>\n<p>Najlepiej rozpocz\u0105\u0107 od analizy kwestii technicznych, takich jak typ i rozmiar umywalki, po\u0142o\u017cenie instalacji oraz wymiary dost\u0119pnej przestrzeni. Na tej podstawie okre\u015blisz, jaka szafka \u0142azienkowa b\u0119dzie najlepszym wyborem.<\/p>\n<h3 data-section-id=\"l2rr8j\" data-start=\"1239\" data-end=\"1277\">Umywalki nablatowe czy umywalki wpuszczane w blat? Dopasuj szafk\u0119 do rodzaju ceramiki<\/h3>\n<p>Szafka i umywalka musz\u0105 stanowi\u0107 zgrany duet \u2013 dopasowanie pod wzgl\u0119dem konstrukcji i wymiar\u00f3w to warunek konieczny.<\/p>\n<p>Jaka szafka pod <a href=\"https:\/\/www.brw.pl\/wyposazenie-lazienki\/umywalki-i-akcesoria\/umywalki\/sposob-montazu-nablatowa\/\">umywalk\u0119 nablatow\u0105<\/a>? Do ceramiki osadzonej na blacie potrzebny jest mebel z otworem na odp\u0142yw, szerszy przynajmniej o 10\u201315 cm ni\u017c umywalka. Nale\u017cy pami\u0119ta\u0107, \u017ce ostateczn\u0105 wysoko\u015b\u0107 strefy mycia wyznacza g\u00f3rna kraw\u0119d\u017a umywalki, a nie blat szafki.<\/p>\n<p><a href=\"https:\/\/www.brw.pl\/wyposazenie-lazienki\/umywalki-i-akcesoria\/umywalki\/sposob-montazu-wpuszczana-w-blat\/\">Umywalki wpuszczane w blat<\/a> wymagaj\u0105 z kolei odpowiednio przygotowanego otworu monta\u017cowego. O szczeg\u00f3\u0142ach opowiada nasz specjalista.<\/p>\n<blockquote><p>W tego rodzaju zabudowie cz\u0119\u015b\u0107 misy znajduje si\u0119 wewn\u0105trz szafki, co cz\u0119\u015bciowo ogranicza mo\u017cliwo\u015bci przechowywania. Je\u015bli decydujemy si\u0119 na umywalk\u0119 wpuszczan\u0105 w blat, pomy\u015blmy raczej o wyborze gotowego zestawu, w kt\u00f3rym oba elementy s\u0105 do siebie dopasowane fabrycznie <strong>\u2013 podpowiada ekspert Black Red White.<\/strong><\/p><\/blockquote>\n<p>Podobaj\u0105 Ci si\u0119 umywalki nablatowe? Je\u015bli <a href=\"https:\/\/www.brw.pl\/wyposazenie-lazienki\/umywalki-i-akcesoria\/baterie-umywalkowe\/\">bateria<\/a> r\u00f3wnie\u017c ma stan\u0105\u0107 na blacie, przestrze\u0144 dok\u0142adnie za \u015brodkiem misy mo\u017ce nie by\u0107 najbardziej fortunnym miejscem na monta\u017c. <strong>Umie\u015b\u0107\u00a0bateri\u0119 nieco z boku \u2013 dost\u0119p do powierzchni za umywalk\u0105, gdzie zbieraj\u0105 si\u0119 woda i osad, b\u0119dzie o wiele \u0142atwiejszy<\/strong>.<\/p>\n<div style=\"display: flex; align-items: center; justify-content: center; text-align: center;\">\n<figure id=\"attachment_41791\" aria-describedby=\"caption-attachment-41791\" style=\"width: 800px\" class=\"wp-caption aligncenter\"><a href=\"https:\/\/www.brw.pl\/bateria-umywalkowa-podtynkowa-traful-mosiadz-czarny,748039\" target=\"_blank\" rel=\"noopener noreferrer\"><img decoding=\"async\" class=\"wp-image-41791 size-medium lazyload\" data-src=\"https:\/\/www.brw.pl\/blog\/wp-content\/uploads\/2026\/09\/bateria-umywalkowa-podtynkowa-traful-mosiadz-czarny-xlarge-800x600.jpg\" alt=\"Bateria umywalkowa podtynkowa Traful\" width=\"800\" height=\"600\" data-srcset=\"https:\/\/www.brw.pl\/blog\/wp-content\/uploads\/2026\/09\/bateria-umywalkowa-podtynkowa-traful-mosiadz-czarny-xlarge-800x600.jpg 800w, https:\/\/www.brw.pl\/blog\/wp-content\/uploads\/2026\/09\/bateria-umywalkowa-podtynkowa-traful-mosiadz-czarny-xlarge.jpg 1440w, https:\/\/www.brw.pl\/blog\/wp-content\/uploads\/2026\/09\/bateria-umywalkowa-podtynkowa-traful-mosiadz-czarny-xlarge-768x576.jpg 768w\" data-sizes=\"(max-width: 800px) 100vw, 800px\" src=\"data:image\/svg+xml;base64,PHN2ZyB3aWR0aD0iMSIgaGVpZ2h0PSIxIiB4bWxucz0iaHR0cDovL3d3dy53My5vcmcvMjAwMC9zdmciPjwvc3ZnPg==\" style=\"--smush-placeholder-width: 800px; --smush-placeholder-aspect-ratio: 800\/600;\" \/><\/a><figcaption id=\"caption-attachment-41791\" class=\"wp-caption-text\"><b> Jak utrzyma\u0107 higien\u0119 wok\u00f3\u0142 umywalki? Pomocna b\u0119dzie <\/b><a href=\"https:\/\/www.brw.pl\/bateria-umywalkowa-podtynkowa-traful-mosiadz-czarny,748039\" target=\"_blank\" rel=\"noopener noreferrer\"><span style=\"font-weight: 400;\">Bateria umywalkowa podtynkowa Traful<\/span><\/a><\/figcaption><\/figure>\n<\/div>\n<h3 data-section-id=\"1gew6bj\" data-start=\"1435\" data-end=\"1461\">Zwr\u00f3\u0107 uwag\u0119 na wymiary: wysoko\u015b\u0107, szeroko\u015b\u0107 i g\u0142\u0119boko\u015b\u0107<\/h3>\n<p>Przyjmuje si\u0119, \u017ce <strong>g\u00f3rna kraw\u0119d\u017a umywalki powinna znajdowa\u0107 si\u0119 mniej wi\u0119cej<\/strong> <strong>85\u201390 cm nad pod\u0142og\u0105<\/strong>, cho\u0107 oczywi\u015bcie warto dopasowa\u0107 j\u0105 do wzrostu domownik\u00f3w. <strong>W przypadku umywalki nablatowej od tej warto\u015bci trzeba odj\u0105\u0107 wysoko\u015b\u0107 misy \u2013 blat szafki znajdzie si\u0119 wi\u0119c odpowiednio ni\u017cej<\/strong>.<\/p>\n<p>Szeroko\u015b\u0107 mebla dopasuj\u00a0zar\u00f3wno do rozmiaru umywalki, jak i ilo\u015bci potrzebnego miejsca do przechowywania. Niewielkie szafki o szeroko\u015bci oko\u0142o <strong>40 do 60 cm<\/strong> sprawdzaj\u0105 si\u0119 w ma\u0142ych \u0142azienkach i toaletach. Modele <strong>80 cm<\/strong> to standardowa opcja, zapewniaj\u0105ca optymaln\u0105 pojemno\u015b\u0107 szuflad. Szafki o szeroko\u015bci <strong>120 cm<\/strong> to odpowiednie modele nawet na dwie umywalki.<\/p>\n<p><strong>Co z g\u0142\u0119boko\u015bci\u0105?<\/strong> Standardowe modele maj\u0105 zwykle oko\u0142o <strong>45\u201350 cm<\/strong>, ale do w\u0105skiego wn\u0119trza mo\u017cna wybra\u0107 p\u0142ytszy mebel, np. o g\u0142\u0119boko\u015bci <strong>40 cm<\/strong>. Warto upewni\u0107 si\u0119, \u017ce po otwarciu szuflad lub drzwiczek nadal b\u0119dzie mo\u017cna swobodnie porusza\u0107 si\u0119 po \u0142azience.<\/p>\n<h3 data-section-id=\"1p1um7e\" data-start=\"1650\" data-end=\"1678\">Sprawd\u017a uk\u0142ad instalacji wodno-kanalizacyjnej<\/h3>\n<p>Przed zakupem sprawd\u017a po\u0142o\u017cenie odp\u0142ywu oraz przy\u0142\u0105czy ciep\u0142ej i zimnej wody. Szczeg\u00f3lnie wa\u017cne jest miejsce, w kt\u00f3rym po zamontowaniu umywalki znajdzie si\u0119 syfon.<\/p>\n<p>W szafkach z szufladami na og\u00f3\u0142 stosuje si\u0119 specjalne wyci\u0119cia umo\u017cliwiaj\u0105ce poprowadzenie instalacji. Wyci\u0119te szuflady zachowuj\u0105 swoj\u0105 funkcjonalno\u015b\u0107, s\u0105 jedynie nieco mniejsze ni\u017c standardowo.<\/p>\n<p>W przypadku modeli z p\u00f3\u0142kami mo\u017cliwo\u015bci dopasowania instalacji bywaj\u0105 wi\u0119ksze, nadal jednak nale\u017cy upewni\u0107 si\u0119, \u017ce syfon nie b\u0119dzie z nimi kolidowa\u0142. Sprawdzaj\u0105c wymiary zawczasu, oszcz\u0119dzisz sobie p\u00f3\u017aniejszego wycinania element\u00f3w nowego mebla albo kosztownego i k\u0142opotliwego przenoszenia instalacji.<\/p>\n<h2 data-section-id=\"t2wad1\" data-start=\"1859\" data-end=\"1913\"><strong>Jak\u0105 szafk\u0119 pod umywalk\u0119 wybra\u0107 do swojej \u0142azienki?<\/strong><\/h2>\n<p><img decoding=\"async\" class=\"size-medium wp-image-41795 aligncenter lazyload\" data-src=\"https:\/\/www.brw.pl\/blog\/wp-content\/uploads\/2026\/09\/Jak-dobrac-szafke-pod-umywalke-Sprawdz-najwazniejsze-kwestie-2-800x447.jpg\" alt=\"Jak dobra\u0107 szafk\u0119 pod umywalk\u0119? Aran\u017cacja \u0142azienki\" width=\"800\" height=\"447\" data-srcset=\"https:\/\/www.brw.pl\/blog\/wp-content\/uploads\/2026\/09\/Jak-dobrac-szafke-pod-umywalke-Sprawdz-najwazniejsze-kwestie-2-800x447.jpg 800w, https:\/\/www.brw.pl\/blog\/wp-content\/uploads\/2026\/09\/Jak-dobrac-szafke-pod-umywalke-Sprawdz-najwazniejsze-kwestie-2-768x429.jpg 768w, https:\/\/www.brw.pl\/blog\/wp-content\/uploads\/2026\/09\/Jak-dobrac-szafke-pod-umywalke-Sprawdz-najwazniejsze-kwestie-2-1536x858.jpg 1536w, https:\/\/www.brw.pl\/blog\/wp-content\/uploads\/2026\/09\/Jak-dobrac-szafke-pod-umywalke-Sprawdz-najwazniejsze-kwestie-2.jpg 1920w\" data-sizes=\"(max-width: 800px) 100vw, 800px\" src=\"data:image\/svg+xml;base64,PHN2ZyB3aWR0aD0iMSIgaGVpZ2h0PSIxIiB4bWxucz0iaHR0cDovL3d3dy53My5vcmcvMjAwMC9zdmciPjwvc3ZnPg==\" style=\"--smush-placeholder-width: 800px; --smush-placeholder-aspect-ratio: 800\/447;\" \/><\/p>\n<p>Wisz\u0105ca czy stoj\u0105ca? Z szufladami czy klasycznymi drzwiczkami? Ka\u017cde z tych rozwi\u0105za\u0144 ma swoje zalety. Szafk\u0119 dopasuj przede wszystkim do wielko\u015bci \u0142azienki, sposobu monta\u017cu oraz jej przeznaczenia \u2013 zastan\u00f3w si\u0119, co zamierzasz w niej przechowywa\u0107.<\/p>\n<h3 data-section-id=\"1p8akaf\" data-start=\"1915\" data-end=\"1963\">Szafka wisz\u0105ca \u2013 lekko\u015b\u0107 i nowoczesny wygl\u0105d<\/h3>\n<p>Wisz\u0105ca szafka pod umywalk\u0119 nie styka si\u0119 z pod\u0142og\u0105, dzi\u0119ki czemu optycznie odci\u0105\u017ca zabudow\u0119 i u\u0142atwia sprz\u0105tanie. To \u015bwietny wyb\u00f3r do ma\u0142ych \u0142azienek, cho\u0107 oczywi\u015bcie nic nie stoi na przeszkodzie, aby wykorzysta\u0107 j\u0105 r\u00f3wnie\u017c w przestronnym, nowoczesnym wn\u0119trzu.<\/p>\n<p>Wysoko\u015b\u0107 monta\u017cu mo\u017cna w pewnym zakresie dopasowa\u0107 do potrzeb domownik\u00f3w oraz rodzaju umywalki. <strong>Miej jednak na uwadze, \u017ce mebel wraz z ceramik\u0105 i zawarto\u015bci\u0105 sporo wa\u017cy<\/strong>. Taka szafka wymaga solidnego zamocowania do \u015bciany.<\/p>\n<p>Wolna przestrze\u0144 pod meblem ma te\u017c praktyczne zastosowanie. Mo\u017cesz wsun\u0105\u0107 tam schodek dla dziecka, kt\u00f3ry przyda si\u0119 podczas mycia r\u0105k i z\u0119b\u00f3w, albo przechowywa\u0107 wiadro czy inne akcesoria u\u017cywane podczas sprz\u0105tania.<\/p>\n<h3 data-section-id=\"vqp0c1\" data-start=\"2086\" data-end=\"2141\">Szafka stoj\u0105ca \u2013 klasyczne i praktyczne rozwi\u0105zanie<\/h3>\n<p>Szafka pod umywalk\u0119 stoj\u0105ca opiera sw\u00f3j ci\u0119\u017car na pod\u0142odze, nie wymaga wi\u0119c tak solidnego mocowania do \u015bciany jak model wisz\u0105cy. To dobry wyb\u00f3r m.in. do \u0142azienki w starszym budownictwie, gdy rodzaj lub stan \u015bciany utrudnia bezpieczne zawieszenie ci\u0119\u017ckiego mebla. Modele stoj\u0105ce maj\u0105 r\u00f3wnie\u017c wi\u0119ksz\u0105 pojemno\u015b\u0107. Bez problemu zmie\u015bcisz w nich kosmetyki i akcesoria kilku os\u00f3b.<\/p>\n<div style=\"display: flex; align-items: center; justify-content: center; text-align: center;\">\n<figure id=\"attachment_41792\" aria-describedby=\"caption-attachment-41792\" style=\"width: 400px\" class=\"wp-caption alignnone\"><a href=\"https:\/\/www.brw.pl\/szafka-do-lazienki-z-umywalka-stojaca-60-x-47-cm-dab-wotan-nozki-czarne,786387\" target=\"_blank\" rel=\"noopener noreferrer\"><img decoding=\"async\" class=\"wp-image-41792 lazyload\" data-src=\"https:\/\/www.brw.pl\/blog\/wp-content\/uploads\/2026\/09\/szafka-do-lazienki-z-umywalka-stojaca-60-x-47-cm-dab-wotan-nozki-czarne-slarge.jpg\" alt=\"Szafka do \u0142azienki z umywalk\u0105 stoj\u0105ca\" width=\"400\" height=\"400\" data-srcset=\"https:\/\/www.brw.pl\/blog\/wp-content\/uploads\/2026\/09\/szafka-do-lazienki-z-umywalka-stojaca-60-x-47-cm-dab-wotan-nozki-czarne-slarge.jpg 600w, https:\/\/www.brw.pl\/blog\/wp-content\/uploads\/2026\/09\/szafka-do-lazienki-z-umywalka-stojaca-60-x-47-cm-dab-wotan-nozki-czarne-slarge-150x150.jpg 150w, https:\/\/www.brw.pl\/blog\/wp-content\/uploads\/2026\/09\/szafka-do-lazienki-z-umywalka-stojaca-60-x-47-cm-dab-wotan-nozki-czarne-slarge-165x165.jpg 165w, https:\/\/www.brw.pl\/blog\/wp-content\/uploads\/2026\/09\/szafka-do-lazienki-z-umywalka-stojaca-60-x-47-cm-dab-wotan-nozki-czarne-slarge-120x120.jpg 120w\" data-sizes=\"(max-width: 400px) 100vw, 400px\" src=\"data:image\/svg+xml;base64,PHN2ZyB3aWR0aD0iMSIgaGVpZ2h0PSIxIiB4bWxucz0iaHR0cDovL3d3dy53My5vcmcvMjAwMC9zdmciPjwvc3ZnPg==\" style=\"--smush-placeholder-width: 400px; --smush-placeholder-aspect-ratio: 400\/400;\" \/><\/a><figcaption id=\"caption-attachment-41792\" class=\"wp-caption-text\"><a href=\"https:\/\/www.brw.pl\/szafka-do-lazienki-z-umywalka-stojaca-60-x-47-cm-dab-wotan-nozki-czarne,786387\" target=\"_blank\" rel=\"noopener noreferrer\"><span style=\"font-weight: 400;\">Szafka do \u0142azienki z umywalk\u0105 stoj\u0105ca<\/span><\/a><\/figcaption><\/figure>\n<figure id=\"attachment_41793\" aria-describedby=\"caption-attachment-41793\" style=\"width: 400px\" class=\"wp-caption alignnone\"><a href=\"https:\/\/www.brw.pl\/szafka-lazienkowa-z-umywalka-biala-polysk-70-cm-stojaca-szuflada-softclose,1152524\" target=\"_blank\" rel=\"noopener noreferrer\"><img decoding=\"async\" class=\"wp-image-41793 lazyload\" data-src=\"https:\/\/www.brw.pl\/blog\/wp-content\/uploads\/2026\/09\/szafka-lazienkowa-z-umywalka-biala-polysk-70-cm-stojaca-szuflada-softclose-slarge.webp\" alt=\"Szafka \u0142azienkowa z umywalk\u0105 stoj\u0105ca\" width=\"400\" height=\"400\" data-srcset=\"https:\/\/www.brw.pl\/blog\/wp-content\/uploads\/2026\/09\/szafka-lazienkowa-z-umywalka-biala-polysk-70-cm-stojaca-szuflada-softclose-slarge.webp 600w, https:\/\/www.brw.pl\/blog\/wp-content\/uploads\/2026\/09\/szafka-lazienkowa-z-umywalka-biala-polysk-70-cm-stojaca-szuflada-softclose-slarge-150x150.webp 150w, https:\/\/www.brw.pl\/blog\/wp-content\/uploads\/2026\/09\/szafka-lazienkowa-z-umywalka-biala-polysk-70-cm-stojaca-szuflada-softclose-slarge-165x165.webp 165w, https:\/\/www.brw.pl\/blog\/wp-content\/uploads\/2026\/09\/szafka-lazienkowa-z-umywalka-biala-polysk-70-cm-stojaca-szuflada-softclose-slarge-120x120.webp 120w\" data-sizes=\"(max-width: 400px) 100vw, 400px\" src=\"data:image\/svg+xml;base64,PHN2ZyB3aWR0aD0iMSIgaGVpZ2h0PSIxIiB4bWxucz0iaHR0cDovL3d3dy53My5vcmcvMjAwMC9zdmciPjwvc3ZnPg==\" style=\"--smush-placeholder-width: 400px; --smush-placeholder-aspect-ratio: 400\/400;\" \/><\/a><figcaption id=\"caption-attachment-41793\" class=\"wp-caption-text\"><a href=\"https:\/\/www.brw.pl\/szafka-lazienkowa-z-umywalka-biala-polysk-70-cm-stojaca-szuflada-softclose,1152524\" target=\"_blank\" rel=\"noopener noreferrer\"><span style=\"font-weight: 400;\">Szafka \u0142azienkowa z umywalk\u0105 stoj\u0105ca<\/span><\/a><\/figcaption><\/figure>\n<\/div>\n<h3 data-section-id=\"lhj6mm\" data-start=\"2252\" data-end=\"2294\">Szafka z szufladami czy z drzwiczkami?<\/h3>\n<p>Szuflady to idealny spos\u00f3b na pe\u0142ne wykorzystanie g\u0142\u0119boko\u015bci szafki. Szczeg\u00f3lnie wygodne s\u0105 modele z pe\u0142nym wysuwem i cichym domykiem. Wk\u0142ady oraz niewielkie organizery dodatkowo u\u0142atwiaj\u0105 uporz\u0105dkowanie kosmetyk\u00f3w, zapas\u00f3w higienicznych i drobnych akcesori\u00f3w.<\/p>\n<p>W klasycznej szafce z p\u00f3\u0142kami \u0142atwiej mieszcz\u0105 si\u0119 du\u017ce opakowania detergent\u00f3w, zapas papieru czy suszarka. Taka konstrukcja bywa r\u00f3wnie\u017c mniej problematyczna, je\u015bli instalacje przebiegaj\u0105 nietypowo.<\/p>\n<p>Twoja \u0142azienka nie nale\u017cy do najmniejszych? W szerokiej szafce mo\u017cesz po\u0142\u0105czy\u0107 szuflady z cz\u0119\u015bci\u0105 zamykan\u0105 drzwiczkami i przeznaczy\u0107 ka\u017cd\u0105 z nich na inny rodzaj wyposa\u017cenia.<\/p>\n<h2 data-section-id=\"42ug1l\" data-start=\"2884\" data-end=\"2940\"><strong>Jak dobra\u0107 szafk\u0119 pod umywalk\u0119 do wielko\u015bci \u0142azienki?<\/strong><\/h2>\n<p>To, na jak\u0105 szafk\u0119 mo\u017cesz sobie pozwoli\u0107, zale\u017cy w du\u017cej mierze od metra\u017cu \u0142azienki. W ma\u0142ym wn\u0119trzu najwa\u017cniejsza jest oszcz\u0119dno\u015b\u0107 miejsca i wyb\u00f3r takich rozwi\u0105za\u0144, kt\u00f3re wykorzystuj\u0105 dost\u0119pn\u0105 przestrze\u0144 w stu procentach. Przestronna \u0142azienka lub pok\u00f3j k\u0105pielowy daj\u0105 z kolei mo\u017cliwo\u015b\u0107 rozbudowania strefy umywalkowej o naprawd\u0119 pojemne meble. W obu przypadkach zyskujesz dodatkowe miejsce do przechowywania.<\/p>\n<p><strong>Do ma\u0142ej \u0142azienki wybierz szafk\u0119 o szeroko\u015bci do 60 cm<\/strong>. Strza\u0142em w dziesi\u0105tk\u0119 b\u0119dzie model wisz\u0105cy, kt\u00f3re optycznie powi\u0119kszy przestrze\u0144. Je\u015bli pomieszczenie jest w\u0105skie, postaw na szafk\u0119 o g\u0142\u0119boko\u015bci 40 cm. Dobrym wyborem b\u0119dzie w\u00f3wczas dopasowana do niej p\u0142ytka ceramika.<\/p>\n<p>W <strong>\u0142azience o \u015brednim metra\u017cu<\/strong> \u015bmia\u0142o mo\u017cesz wyj\u015b\u0107 poza szeroko\u015b\u0107 umywalki.\u00a0<strong>Szafka 80 cm lub szersza daje do dyspozycji wygodny <a href=\"https:\/\/www.brw.pl\/wyposazenie-lazienki\/meble-lazienkowe\/blaty-lazienkowe\/\">blat<\/a><\/strong>, na kt\u00f3rym mo\u017cesz postawi\u0107 dozownik, kosmetyki u\u017cywane ka\u017cdego dnia czy niewielk\u0105 tac\u0119 z akcesoriami. Wi\u0119kszy mebel oznacza te\u017c pojemniejsze szuflady.<\/p>\n<p>Masz \u0142azienk\u0119 zaaran\u017cowan\u0105 na komfortowy <strong>pok\u00f3j k\u0105pielowy<\/strong>? Zastan\u00f3w si\u0119 nad<strong> szafk\u0105 o szeroko\u015bci oko\u0142o 120 cm z dwiema umywalkami<\/strong>. Je\u015bli z \u0142azienki korzysta jednocze\u015bnie kilka os\u00f3b, b\u0119dzie to sporym u\u0142atwieniem. Przed zakupem sprawd\u017a mo\u017cliwo\u015b\u0107 wykonania odpowiednich przy\u0142\u0105czy dla obu umywalek.<\/p>\n<div style=\"display: flex; align-items: center; justify-content: center; text-align: center;\">\n<figure id=\"attachment_41794\" aria-describedby=\"caption-attachment-41794\" style=\"width: 800px\" class=\"wp-caption aligncenter\"><a href=\"https:\/\/www.brw.pl\/deante-umywalka-ceramiczna-wpuszczana-z-miejscem-na-baterie,509997\" target=\"_blank\" rel=\"noopener noreferrer\"><img decoding=\"async\" class=\"wp-image-41794 size-medium lazyload\" data-src=\"https:\/\/www.brw.pl\/blog\/wp-content\/uploads\/2026\/09\/deante-umywalka-ceramiczna-wpuszczana-z-miejscem-na-baterie-xlarge-800x571.jpg\" alt=\"Umywalka ceramiczna wpuszczana Deante\" width=\"800\" height=\"571\" data-srcset=\"https:\/\/www.brw.pl\/blog\/wp-content\/uploads\/2026\/09\/deante-umywalka-ceramiczna-wpuszczana-z-miejscem-na-baterie-xlarge-800x571.jpg 800w, https:\/\/www.brw.pl\/blog\/wp-content\/uploads\/2026\/09\/deante-umywalka-ceramiczna-wpuszczana-z-miejscem-na-baterie-xlarge.jpg 1512w, https:\/\/www.brw.pl\/blog\/wp-content\/uploads\/2026\/09\/deante-umywalka-ceramiczna-wpuszczana-z-miejscem-na-baterie-xlarge-768x549.jpg 768w\" data-sizes=\"(max-width: 800px) 100vw, 800px\" src=\"data:image\/svg+xml;base64,PHN2ZyB3aWR0aD0iMSIgaGVpZ2h0PSIxIiB4bWxucz0iaHR0cDovL3d3dy53My5vcmcvMjAwMC9zdmciPjwvc3ZnPg==\" style=\"--smush-placeholder-width: 800px; --smush-placeholder-aspect-ratio: 800\/571;\" \/><\/a><figcaption id=\"caption-attachment-41794\" class=\"wp-caption-text\"><a href=\"https:\/\/www.brw.pl\/deante-umywalka-ceramiczna-wpuszczana-z-miejscem-na-baterie,509997\" target=\"_blank\" rel=\"noopener noreferrer\"><span style=\"font-weight: 400;\">Umywalka ceramiczna wpuszczana Deante<\/span><\/a><\/figcaption><\/figure>\n<\/div>\n<h2 data-section-id=\"t2a4gm\" data-start=\"3325\" data-end=\"3380\"><strong>Jak dopasowa\u0107 szafk\u0119 pod umywalk\u0119 do stylu \u0142azienki?<\/strong><\/h2>\n<p>Skoro kwestie techniczne mamy za sob\u0105, pora przyjrze\u0107 si\u0119 wygl\u0105dowi mebla. Szafka wraz z umywalk\u0105 zajmuje zwykle eksponowane miejsce, ma zatem du\u017cy wp\u0142yw na charakter aran\u017cacji. Jakie kolory i wyko\u0144czenia wybra\u0107, aby mebel dobrze wpisywa\u0142 si\u0119 w styl wn\u0119trza? Sprawdzamy!<\/p>\n<h3 data-section-id=\"9yntym\" data-start=\"3382\" data-end=\"3405\">Nowoczesna \u0142azienka<\/h3>\n<p>W nowoczesnym wn\u0119trzu doskonale prezentuj\u0105 si\u0119 proste bry\u0142y i g\u0142adkie fronty pozbawione zb\u0119dnych zdobie\u0144. Mo\u017cesz wybra\u0107 model z niewielkimi, minimalistycznymi uchwytami albo systemem bezuchwytowym, kt\u00f3ry dodatkowo podkre\u015bli oszcz\u0119dn\u0105 form\u0119 zabudowy.<\/p>\n<p>Paleta barw nie musi ogranicza\u0107 si\u0119 do bieli. Be\u017c, kaszmir, szaro\u015b\u0107, grafit czy czer\u0144 \u015bwietnie odnajduj\u0105 si\u0119 w nowoczesnej aran\u017cacji. Ciekawie prezentuj\u0105 si\u0119 r\u00f3wnie\u017c matowe fronty zestawione z blatem imituj\u0105cym drewno lub kamie\u0144. Je\u015bli wolisz delikatny efekt, alternatyw\u0105 mo\u017ce by\u0107 subtelne, satynowe wyko\u0144czenie.<\/p>\n<p style=\"text-align: center;\"><strong>Sprawd\u017a nasze porady aran\u017cacyjne: <a href=\"https:\/\/www.brw.pl\/blog\/nowoczesna-lazienka-jak-ja-urzadzic-ze-smakiem-podpowiedzi-od-brw\/\">&#8222;Nowoczesna \u0142azienka \u2013 jak j\u0105 urz\u0105dzi\u0107 ze smakiem? Podpowiedzi od BRW&#8221;<\/a>.<\/strong><\/p>\n<h3 data-section-id=\"1hnn3pz\" data-start=\"3481\" data-end=\"3502\">Styl skandynawski<\/h3>\n<p>Jasne kolory i dekor drewna to naturalny wyb\u00f3r do \u0142azienki inspirowanej stylem skandynawskim. Bia\u0142\u0105 szafk\u0119 mo\u017cesz zestawi\u0107 z drewnianym blatem albo postawi\u0107 na mebel w ca\u0142o\u015bci wyko\u0144czony dekorem o naturalnym rysunku s\u0142oj\u00f3w.<\/p>\n<p>W \u0142azience w stylu scandi mile widziane s\u0105 przede wszystkim proste, funkcjonalne meble. Je\u015bli zale\u017cy Ci na efekcie lekko\u015bci, zdecyduj si\u0119 na szafk\u0119 podwieszan\u0105. Bia\u0142y model wspaniale zaprezentuje si\u0119 w towarzystwie minimalistycznej ceramiki i jasnych p\u0142ytek.<\/p>\n<h3 data-section-id=\"1pu73y1\" data-start=\"3551\" data-end=\"3572\">Loft i industrial<\/h3>\n<p>Czer\u0144, grafit, ciemne drewno i metaliczne detale dobrze oddaj\u0105 surowy charakter aran\u017cacji loftowych. Szafka pod umywalk\u0119 mo\u017ce mie\u0107 prost\u0105, masywn\u0105 bry\u0142\u0119 albo zosta\u0107 osadzona na czarnym metalowym stela\u017cu.<\/p>\n<p>Nie chcesz, aby aran\u017cacja w ca\u0142o\u015bci opiera\u0142a si\u0119 na ciemnych powierzchniach? Nic straconego. Dekor drewna zestawiony z czarnymi uchwytami, bateri\u0105 i ram\u0105 lustra wystarczy, aby zaznaczy\u0107 industrialny charakter strefy umywalkowej. Takie rozwi\u0105zanie b\u0119dzie \u0142atwiejsze do zastosowania r\u00f3wnie\u017c w niewielkiej \u0142azience.<\/p>\n<h3 data-section-id=\"1xrxy4u\" data-start=\"3652\" data-end=\"3674\">\u0141azienka klasyczna<\/h3>\n<p>W klasycznej \u0142azience warto szuka\u0107 szafek o dekoracyjnych formach. Postaw na frezowane fronty i subtelnie rze\u017abione uchwyty. Kolory takie jak biel, be\u017c, ecru lub ciep\u0142e odcienie drewna wsp\u00f3\u0142graj\u0105 z ponadczasowym charakterem takiego wn\u0119trza. Do szafki dobierz umywalk\u0119 o \u0142agodnie zaokr\u0105glonej formie, lustro w wyra\u017anie zaznaczonej ramie i klasyczne kinkiety.<\/p>\n<h2><strong>Dobrze dobrana szafka pod umywalk\u0119 to wygodniejsza i pi\u0119kniejsza \u0142azienka<\/strong><\/h2>\n<p>Czy jeden mebel mo\u017ce wp\u0142yn\u0105\u0107 na wygod\u0119 korzystania z ca\u0142ej \u0142azienki? Z pewno\u015bci\u0105 tak! Dobrze dobrana szafka nie tylko zapewnia potrzebne miejsce do przechowywania, ale r\u00f3wnie\u017c dope\u0142nia aran\u017cacj\u0119, tworz\u0105c z umywalk\u0105 estetyczn\u0105 ca\u0142o\u015b\u0107. Mamy nadziej\u0119, \u017ce nasze wskaz\u00f3wki u\u0142atwi\u0105 Ci znalezienie modelu \u0142\u0105cz\u0105cego ergonomi\u0119 i design. Wybierz szafk\u0119 dopasowan\u0105 do swoich potrzeb i urz\u0105d\u017a wygodn\u0105 stref\u0119 umywalkow\u0105, w kt\u00f3rej wszystko ma swoje miejsce.<\/p>\n<p style=\"text-align: center;\"><strong>Meble i dodatki do \u0142azienki czekaj\u0105 na Ciebie w <a href=\"https:\/\/www.brw.pl\/\">sklepie internetowym Black Red White<\/a>. Zapraszamy na zakupy!<\/strong><\/p>\n\n","protected":false},"excerpt":{"rendered":"<p>Strefa umywalkowa to wa\u017cny element aran\u017cacji \u0142azienki \u2013 warto zadba\u0107 o jej estetyk\u0119 i dobr\u0105 organizacj\u0119. Zastanawiasz si\u0119, jak dobra\u0107 odpowiedni\u0105 szafk\u0119 pod umywalk\u0119? Jak dopasowa\u0107 j\u0105 do ceramiki \u0142azienkowej i wygospodarowa\u0107 wystarczaj\u0105co du\u017co miejsca do przechowywania? Przeczytaj nasze porady!<\/p>\n","protected":false},"author":21,"featured_media":41789,"comment_status":"closed","ping_status":"open","sticky":false,"template":"","format":"standard","meta":{"footnotes":""},"categories":[737],"tags":[],"aioseo_notices":[],"aioseo_head":"\n\t\t<!-- All in One SEO 5.0.1.1 - aioseo.com -->\n\t<meta name=\"description\" content=\"Zastanawiasz si\u0119, jak dobra\u0107 odpowiedni\u0105 szafk\u0119 pod umywalk\u0119 do \u0142azienki? Jak dopasowa\u0107 j\u0105 do ceramiki i wygospodarowa\u0107 miejsce do przechowywania? Sprawd\u017a!\" \/>\n\t<meta name=\"robots\" content=\"max-snippet:-1, max-image-preview:large, max-video-preview:-1\" \/>\n\t<meta name=\"author\" content=\"Anna Hudek\"\/>\n\t<link rel=\"canonical\" href=\"https:\/\/www.brw.pl\/blog\/jak-dobrac-szafke-pod-umywalke-sprawdz-najwazniejsze-kwestie\/\" \/>\n\t<meta name=\"generator\" content=\"All in One SEO (AIOSEO) 5.0.1.1\" \/>\n\t\t<meta property=\"og:locale\" content=\"pl_PL\" \/>\n\t\t<meta property=\"og:site_name\" content=\"Blog wn\u0119trzarski \u2013 \u017ar\u00f3d\u0142o inspiracji wystroju wn\u0119trz | Black Red White - Szukasz inspiracji wystroju wn\u0119trz? Na wn\u0119trzarskim blogu BRW znajdziesz artyku\u0142y i porady dotycz\u0105ce aran\u017cacji mieszkania. Urz\u0105d\u017a sw\u00f3j dom z Black Red White!\" \/>\n\t\t<meta property=\"og:type\" content=\"article\" \/>\n\t\t<meta property=\"og:title\" content=\"Jak dobra\u0107 szafk\u0119 pod umywalk\u0119? Sprawd\u017a najwa\u017cniejsze kwestie!\" \/>\n\t\t<meta property=\"og:description\" content=\"Zastanawiasz si\u0119, jak dobra\u0107 odpowiedni\u0105 szafk\u0119 pod umywalk\u0119 do \u0142azienki? Jak dopasowa\u0107 j\u0105 do ceramiki i wygospodarowa\u0107 miejsce do przechowywania? Sprawd\u017a!\" \/>\n\t\t<meta property=\"og:url\" content=\"https:\/\/www.brw.pl\/blog\/jak-dobrac-szafke-pod-umywalke-sprawdz-najwazniejsze-kwestie\/\" \/>\n\t\t<meta property=\"og:image\" content=\"https:\/\/www.brw.pl\/blog\/wp-content\/uploads\/2026\/09\/Jak-dobrac-szafke-pod-umywalke-Sprawdz-najwazniejsze-kwestie-4.jpg\" \/>\n\t\t<meta property=\"og:image:secure_url\" content=\"https:\/\/www.brw.pl\/blog\/wp-content\/uploads\/2026\/09\/Jak-dobrac-szafke-pod-umywalke-Sprawdz-najwazniejsze-kwestie-4.jpg\" \/>\n\t\t<meta property=\"og:image:width\" content=\"1920\" \/>\n\t\t<meta property=\"og:image:height\" content=\"1072\" \/>\n\t\t<meta property=\"article:published_time\" content=\"2026-09-02T07:05:40+00:00\" \/>\n\t\t<meta property=\"article:modified_time\" content=\"2026-09-03T09:52:38+00:00\" \/>\n\t\t<meta property=\"article:publisher\" content=\"https:\/\/www.facebook.com\/BlackRedWhitePL\" \/>\n\t\t<script type=\"application\/ld+json\" class=\"aioseo-schema\">\n\t\t\t{\"@context\":\"https:\\\/\\\/schema.org\",\"@graph\":[{\"@type\":\"BlogPosting\",\"@id\":\"https:\\\/\\\/www.brw.pl\\\/blog\\\/jak-dobrac-szafke-pod-umywalke-sprawdz-najwazniejsze-kwestie\\\/#blogposting\",\"name\":\"Jak dobra\\u0107 szafk\\u0119 pod umywalk\\u0119? Sprawd\\u017a najwa\\u017cniejsze kwestie!\",\"headline\":\"Jak dobra\\u0107 szafk\\u0119 pod umywalk\\u0119? Sprawd\\u017a najwa\\u017cniejsze kwestie!\",\"author\":{\"@id\":\"https:\\\/\\\/www.brw.pl\\\/blog\\\/author\\\/annahudek\\\/#author\"},\"publisher\":{\"@id\":\"https:\\\/\\\/www.brw.pl\\\/blog\\\/#organization\"},\"image\":{\"@type\":\"ImageObject\",\"url\":\"https:\\\/\\\/www.brw.pl\\\/blog\\\/wp-content\\\/uploads\\\/2026\\\/09\\\/Jak-dobrac-szafke-pod-umywalke-Sprawdz-najwazniejsze-kwestie-4.jpg\",\"width\":1920,\"height\":1072,\"caption\":\"Jak dobra\\u0107 szafk\\u0119 pod umywalk\\u0119? Aran\\u017cacja \\u0142azienki\"},\"datePublished\":\"2026-09-02T09:05:40+02:00\",\"dateModified\":\"2026-09-03T11:52:38+02:00\",\"inLanguage\":\"pl-PL\",\"mainEntityOfPage\":{\"@id\":\"https:\\\/\\\/www.brw.pl\\\/blog\\\/jak-dobrac-szafke-pod-umywalke-sprawdz-najwazniejsze-kwestie\\\/#webpage\"},\"isPartOf\":{\"@id\":\"https:\\\/\\\/www.brw.pl\\\/blog\\\/jak-dobrac-szafke-pod-umywalke-sprawdz-najwazniejsze-kwestie\\\/#webpage\"},\"articleSection\":\"\\u0141azienka\"},{\"@type\":\"BreadcrumbList\",\"@id\":\"https:\\\/\\\/www.brw.pl\\\/blog\\\/jak-dobrac-szafke-pod-umywalke-sprawdz-najwazniejsze-kwestie\\\/#breadcrumblist\",\"itemListElement\":[{\"@type\":\"ListItem\",\"@id\":\"https:\\\/\\\/www.brw.pl\\\/blog#listItem\",\"position\":1,\"name\":\"Home\",\"item\":\"https:\\\/\\\/www.brw.pl\\\/blog\",\"nextItem\":{\"@type\":\"ListItem\",\"@id\":\"https:\\\/\\\/www.brw.pl\\\/blog\\\/lazienka\\\/#listItem\",\"name\":\"\\u0141azienka\"}},{\"@type\":\"ListItem\",\"@id\":\"https:\\\/\\\/www.brw.pl\\\/blog\\\/lazienka\\\/#listItem\",\"position\":2,\"name\":\"\\u0141azienka\",\"item\":\"https:\\\/\\\/www.brw.pl\\\/blog\\\/lazienka\\\/\",\"nextItem\":{\"@type\":\"ListItem\",\"@id\":\"https:\\\/\\\/www.brw.pl\\\/blog\\\/jak-dobrac-szafke-pod-umywalke-sprawdz-najwazniejsze-kwestie\\\/#listItem\",\"name\":\"Jak dobra\\u0107 szafk\\u0119 pod umywalk\\u0119? Sprawd\\u017a najwa\\u017cniejsze kwestie!\"},\"previousItem\":{\"@type\":\"ListItem\",\"@id\":\"https:\\\/\\\/www.brw.pl\\\/blog#listItem\",\"name\":\"Home\"}},{\"@type\":\"ListItem\",\"@id\":\"https:\\\/\\\/www.brw.pl\\\/blog\\\/jak-dobrac-szafke-pod-umywalke-sprawdz-najwazniejsze-kwestie\\\/#listItem\",\"position\":3,\"name\":\"Jak dobra\\u0107 szafk\\u0119 pod umywalk\\u0119? Sprawd\\u017a najwa\\u017cniejsze kwestie!\",\"previousItem\":{\"@type\":\"ListItem\",\"@id\":\"https:\\\/\\\/www.brw.pl\\\/blog\\\/lazienka\\\/#listItem\",\"name\":\"\\u0141azienka\"}}]},{\"@type\":\"Organization\",\"@id\":\"https:\\\/\\\/www.brw.pl\\\/blog\\\/#organization\",\"name\":\"Black Red White S.A.\",\"description\":\"Szukasz inspiracji wystroju wn\\u0119trz? Na wn\\u0119trzarskim blogu BRW znajdziesz artyku\\u0142y i porady dotycz\\u0105ce aran\\u017cacji mieszkania. Urz\\u0105d\\u017a sw\\u00f3j dom z Black Red White!\",\"url\":\"https:\\\/\\\/www.brw.pl\\\/blog\\\/\",\"email\":\"bok@brwsa.com.pl\",\"telephone\":\"+48846850202\",\"foundingDate\":\"1991-01-01\",\"logo\":{\"@type\":\"ImageObject\",\"url\":\"https:\\\/\\\/www.brw.pl\\\/blog\\\/wp-content\\\/uploads\\\/2022\\\/04\\\/logoBRW-720x720-1.png\",\"@id\":\"https:\\\/\\\/www.brw.pl\\\/blog\\\/jak-dobrac-szafke-pod-umywalke-sprawdz-najwazniejsze-kwestie\\\/#organizationLogo\",\"width\":720,\"height\":720},\"image\":{\"@id\":\"https:\\\/\\\/www.brw.pl\\\/blog\\\/jak-dobrac-szafke-pod-umywalke-sprawdz-najwazniejsze-kwestie\\\/#organizationLogo\"},\"sameAs\":[\"https:\\\/\\\/www.instagram.com\\\/blackredwhitepl\\\/\",\"https:\\\/\\\/pl.pinterest.com\\\/blackredwhitepl\\\/\",\"https:\\\/\\\/www.youtube.com\\\/user\\\/brwmeble\"]},{\"@type\":\"Person\",\"@id\":\"https:\\\/\\\/www.brw.pl\\\/blog\\\/author\\\/annahudek\\\/#author\",\"url\":\"https:\\\/\\\/www.brw.pl\\\/blog\\\/author\\\/annahudek\\\/\",\"name\":\"Anna Hudek\",\"image\":{\"@type\":\"ImageObject\",\"@id\":\"https:\\\/\\\/www.brw.pl\\\/blog\\\/jak-dobrac-szafke-pod-umywalke-sprawdz-najwazniejsze-kwestie\\\/#authorImage\",\"url\":\"https:\\\/\\\/secure.gravatar.com\\\/avatar\\\/1a1be84f9f5bdf080e68358a9ee9ca75?s=96&d=mm&r=g\",\"width\":96,\"height\":96,\"caption\":\"Anna Hudek\"}},{\"@type\":\"WebPage\",\"@id\":\"https:\\\/\\\/www.brw.pl\\\/blog\\\/jak-dobrac-szafke-pod-umywalke-sprawdz-najwazniejsze-kwestie\\\/#webpage\",\"url\":\"https:\\\/\\\/www.brw.pl\\\/blog\\\/jak-dobrac-szafke-pod-umywalke-sprawdz-najwazniejsze-kwestie\\\/\",\"name\":\"Jak dobra\\u0107 szafk\\u0119 pod umywalk\\u0119? Sprawd\\u017a najwa\\u017cniejsze kwestie!\",\"description\":\"Zastanawiasz si\\u0119, jak dobra\\u0107 odpowiedni\\u0105 szafk\\u0119 pod umywalk\\u0119 do \\u0142azienki? Jak dopasowa\\u0107 j\\u0105 do ceramiki i wygospodarowa\\u0107 miejsce do przechowywania? Sprawd\\u017a!\",\"inLanguage\":\"pl-PL\",\"isPartOf\":{\"@id\":\"https:\\\/\\\/www.brw.pl\\\/blog\\\/#website\"},\"breadcrumb\":{\"@id\":\"https:\\\/\\\/www.brw.pl\\\/blog\\\/jak-dobrac-szafke-pod-umywalke-sprawdz-najwazniejsze-kwestie\\\/#breadcrumblist\"},\"author\":{\"@id\":\"https:\\\/\\\/www.brw.pl\\\/blog\\\/author\\\/annahudek\\\/#author\"},\"creator\":{\"@id\":\"https:\\\/\\\/www.brw.pl\\\/blog\\\/author\\\/annahudek\\\/#author\"},\"image\":{\"@type\":\"ImageObject\",\"url\":\"https:\\\/\\\/www.brw.pl\\\/blog\\\/wp-content\\\/uploads\\\/2026\\\/09\\\/Jak-dobrac-szafke-pod-umywalke-Sprawdz-najwazniejsze-kwestie-4.jpg\",\"@id\":\"https:\\\/\\\/www.brw.pl\\\/blog\\\/jak-dobrac-szafke-pod-umywalke-sprawdz-najwazniejsze-kwestie\\\/#mainImage\",\"width\":1920,\"height\":1072,\"caption\":\"Jak dobra\\u0107 szafk\\u0119 pod umywalk\\u0119? Aran\\u017cacja \\u0142azienki\"},\"primaryImageOfPage\":{\"@id\":\"https:\\\/\\\/www.brw.pl\\\/blog\\\/jak-dobrac-szafke-pod-umywalke-sprawdz-najwazniejsze-kwestie\\\/#mainImage\"},\"datePublished\":\"2026-09-02T09:05:40+02:00\",\"dateModified\":\"2026-09-03T11:52:38+02:00\"},{\"@type\":\"WebSite\",\"@id\":\"https:\\\/\\\/www.brw.pl\\\/blog\\\/#website\",\"url\":\"https:\\\/\\\/www.brw.pl\\\/blog\\\/\",\"name\":\"Blog wn\\u0119trzarski \\u2013 \\u017ar\\u00f3d\\u0142o inspiracji wystroju wn\\u0119trz | Black Red White\",\"description\":\"Szukasz inspiracji wystroju wn\\u0119trz? Na wn\\u0119trzarskim blogu BRW znajdziesz artyku\\u0142y i porady dotycz\\u0105ce aran\\u017cacji mieszkania. Urz\\u0105d\\u017a sw\\u00f3j dom z Black Red White!\",\"inLanguage\":\"pl-PL\",\"publisher\":{\"@id\":\"https:\\\/\\\/www.brw.pl\\\/blog\\\/#organization\"}}]}\n\t\t<\/script>\n\t\t<!-- All in One SEO -->\n\n","aioseo_head_json":{"title":"Jak dobra\u0107 szafk\u0119 pod umywalk\u0119? Sprawd\u017a najwa\u017cniejsze kwestie!","description":"Zastanawiasz si\u0119, jak dobra\u0107 odpowiedni\u0105 szafk\u0119 pod umywalk\u0119 do \u0142azienki? Jak dopasowa\u0107 j\u0105 do ceramiki i wygospodarowa\u0107 miejsce do przechowywania? Sprawd\u017a!","canonical_url":"https:\/\/www.brw.pl\/blog\/jak-dobrac-szafke-pod-umywalke-sprawdz-najwazniejsze-kwestie\/","robots":"max-snippet:-1, max-image-preview:large, max-video-preview:-1","keywords":"","webmasterTools":{"miscellaneous":""},"schema":{"@context":"https:\/\/schema.org","@graph":[{"@type":"BlogPosting","@id":"https:\/\/www.brw.pl\/blog\/jak-dobrac-szafke-pod-umywalke-sprawdz-najwazniejsze-kwestie\/#blogposting","name":"Jak dobra\u0107 szafk\u0119 pod umywalk\u0119? Sprawd\u017a najwa\u017cniejsze kwestie!","headline":"Jak dobra\u0107 szafk\u0119 pod umywalk\u0119? Sprawd\u017a najwa\u017cniejsze kwestie!","author":{"@id":"https:\/\/www.brw.pl\/blog\/author\/annahudek\/#author"},"publisher":{"@id":"https:\/\/www.brw.pl\/blog\/#organization"},"image":{"@type":"ImageObject","url":"https:\/\/www.brw.pl\/blog\/wp-content\/uploads\/2026\/09\/Jak-dobrac-szafke-pod-umywalke-Sprawdz-najwazniejsze-kwestie-4.jpg","width":1920,"height":1072,"caption":"Jak dobra\u0107 szafk\u0119 pod umywalk\u0119? Aran\u017cacja \u0142azienki"},"datePublished":"2026-09-02T09:05:40+02:00","dateModified":"2026-09-03T11:52:38+02:00","inLanguage":"pl-PL","mainEntityOfPage":{"@id":"https:\/\/www.brw.pl\/blog\/jak-dobrac-szafke-pod-umywalke-sprawdz-najwazniejsze-kwestie\/#webpage"},"isPartOf":{"@id":"https:\/\/www.brw.pl\/blog\/jak-dobrac-szafke-pod-umywalke-sprawdz-najwazniejsze-kwestie\/#webpage"},"articleSection":"\u0141azienka"},{"@type":"BreadcrumbList","@id":"https:\/\/www.brw.pl\/blog\/jak-dobrac-szafke-pod-umywalke-sprawdz-najwazniejsze-kwestie\/#breadcrumblist","itemListElement":[{"@type":"ListItem","@id":"https:\/\/www.brw.pl\/blog#listItem","position":1,"name":"Home","item":"https:\/\/www.brw.pl\/blog","nextItem":{"@type":"ListItem","@id":"https:\/\/www.brw.pl\/blog\/lazienka\/#listItem","name":"\u0141azienka"}},{"@type":"ListItem","@id":"https:\/\/www.brw.pl\/blog\/lazienka\/#listItem","position":2,"name":"\u0141azienka","item":"https:\/\/www.brw.pl\/blog\/lazienka\/","nextItem":{"@type":"ListItem","@id":"https:\/\/www.brw.pl\/blog\/jak-dobrac-szafke-pod-umywalke-sprawdz-najwazniejsze-kwestie\/#listItem","name":"Jak dobra\u0107 szafk\u0119 pod umywalk\u0119? Sprawd\u017a najwa\u017cniejsze kwestie!"},"previousItem":{"@type":"ListItem","@id":"https:\/\/www.brw.pl\/blog#listItem","name":"Home"}},{"@type":"ListItem","@id":"https:\/\/www.brw.pl\/blog\/jak-dobrac-szafke-pod-umywalke-sprawdz-najwazniejsze-kwestie\/#listItem","position":3,"name":"Jak dobra\u0107 szafk\u0119 pod umywalk\u0119? Sprawd\u017a najwa\u017cniejsze kwestie!","previousItem":{"@type":"ListItem","@id":"https:\/\/www.brw.pl\/blog\/lazienka\/#listItem","name":"\u0141azienka"}}]},{"@type":"Organization","@id":"https:\/\/www.brw.pl\/blog\/#organization","name":"Black Red White S.A.","description":"Szukasz inspiracji wystroju wn\u0119trz? Na wn\u0119trzarskim blogu BRW znajdziesz artyku\u0142y i porady dotycz\u0105ce aran\u017cacji mieszkania. Urz\u0105d\u017a sw\u00f3j dom z Black Red White!","url":"https:\/\/www.brw.pl\/blog\/","email":"bok@brwsa.com.pl","telephone":"+48846850202","foundingDate":"1991-01-01","logo":{"@type":"ImageObject","url":"https:\/\/www.brw.pl\/blog\/wp-content\/uploads\/2022\/04\/logoBRW-720x720-1.png","@id":"https:\/\/www.brw.pl\/blog\/jak-dobrac-szafke-pod-umywalke-sprawdz-najwazniejsze-kwestie\/#organizationLogo","width":720,"height":720},"image":{"@id":"https:\/\/www.brw.pl\/blog\/jak-dobrac-szafke-pod-umywalke-sprawdz-najwazniejsze-kwestie\/#organizationLogo"},"sameAs":["https:\/\/www.instagram.com\/blackredwhitepl\/","https:\/\/pl.pinterest.com\/blackredwhitepl\/","https:\/\/www.youtube.com\/user\/brwmeble"]},{"@type":"Person","@id":"https:\/\/www.brw.pl\/blog\/author\/annahudek\/#author","url":"https:\/\/www.brw.pl\/blog\/author\/annahudek\/","name":"Anna Hudek","image":{"@type":"ImageObject","@id":"https:\/\/www.brw.pl\/blog\/jak-dobrac-szafke-pod-umywalke-sprawdz-najwazniejsze-kwestie\/#authorImage","url":"https:\/\/secure.gravatar.com\/avatar\/1a1be84f9f5bdf080e68358a9ee9ca75?s=96&d=mm&r=g","width":96,"height":96,"caption":"Anna Hudek"}},{"@type":"WebPage","@id":"https:\/\/www.brw.pl\/blog\/jak-dobrac-szafke-pod-umywalke-sprawdz-najwazniejsze-kwestie\/#webpage","url":"https:\/\/www.brw.pl\/blog\/jak-dobrac-szafke-pod-umywalke-sprawdz-najwazniejsze-kwestie\/","name":"Jak dobra\u0107 szafk\u0119 pod umywalk\u0119? Sprawd\u017a najwa\u017cniejsze kwestie!","description":"Zastanawiasz si\u0119, jak dobra\u0107 odpowiedni\u0105 szafk\u0119 pod umywalk\u0119 do \u0142azienki? Jak dopasowa\u0107 j\u0105 do ceramiki i wygospodarowa\u0107 miejsce do przechowywania? Sprawd\u017a!","inLanguage":"pl-PL","isPartOf":{"@id":"https:\/\/www.brw.pl\/blog\/#website"},"breadcrumb":{"@id":"https:\/\/www.brw.pl\/blog\/jak-dobrac-szafke-pod-umywalke-sprawdz-najwazniejsze-kwestie\/#breadcrumblist"},"author":{"@id":"https:\/\/www.brw.pl\/blog\/author\/annahudek\/#author"},"creator":{"@id":"https:\/\/www.brw.pl\/blog\/author\/annahudek\/#author"},"image":{"@type":"ImageObject","url":"https:\/\/www.brw.pl\/blog\/wp-content\/uploads\/2026\/09\/Jak-dobrac-szafke-pod-umywalke-Sprawdz-najwazniejsze-kwestie-4.jpg","@id":"https:\/\/www.brw.pl\/blog\/jak-dobrac-szafke-pod-umywalke-sprawdz-najwazniejsze-kwestie\/#mainImage","width":1920,"height":1072,"caption":"Jak dobra\u0107 szafk\u0119 pod umywalk\u0119? Aran\u017cacja \u0142azienki"},"primaryImageOfPage":{"@id":"https:\/\/www.brw.pl\/blog\/jak-dobrac-szafke-pod-umywalke-sprawdz-najwazniejsze-kwestie\/#mainImage"},"datePublished":"2026-09-02T09:05:40+02:00","dateModified":"2026-09-03T11:52:38+02:00"},{"@type":"WebSite","@id":"https:\/\/www.brw.pl\/blog\/#website","url":"https:\/\/www.brw.pl\/blog\/","name":"Blog wn\u0119trzarski \u2013 \u017ar\u00f3d\u0142o inspiracji wystroju wn\u0119trz | Black Red White","description":"Szukasz inspiracji wystroju wn\u0119trz? Na wn\u0119trzarskim blogu BRW znajdziesz artyku\u0142y i porady dotycz\u0105ce aran\u017cacji mieszkania. Urz\u0105d\u017a sw\u00f3j dom z Black Red White!","inLanguage":"pl-PL","publisher":{"@id":"https:\/\/www.brw.pl\/blog\/#organization"}}]},"og:locale":"pl_PL","og:site_name":"Blog wn\u0119trzarski \u2013 \u017ar\u00f3d\u0142o inspiracji wystroju wn\u0119trz | Black Red White - Szukasz inspiracji wystroju wn\u0119trz? Na wn\u0119trzarskim blogu BRW znajdziesz artyku\u0142y i porady dotycz\u0105ce aran\u017cacji mieszkania. Urz\u0105d\u017a sw\u00f3j dom z Black Red White!","og:type":"article","og:title":"Jak dobra\u0107 szafk\u0119 pod umywalk\u0119? Sprawd\u017a najwa\u017cniejsze kwestie!","og:description":"Zastanawiasz si\u0119, jak dobra\u0107 odpowiedni\u0105 szafk\u0119 pod umywalk\u0119 do \u0142azienki? Jak dopasowa\u0107 j\u0105 do ceramiki i wygospodarowa\u0107 miejsce do przechowywania? Sprawd\u017a!","og:url":"https:\/\/www.brw.pl\/blog\/jak-dobrac-szafke-pod-umywalke-sprawdz-najwazniejsze-kwestie\/","og:image":"https:\/\/www.brw.pl\/blog\/wp-content\/uploads\/2026\/09\/Jak-dobrac-szafke-pod-umywalke-Sprawdz-najwazniejsze-kwestie-4.jpg","og:image:secure_url":"https:\/\/www.brw.pl\/blog\/wp-content\/uploads\/2026\/09\/Jak-dobrac-szafke-pod-umywalke-Sprawdz-najwazniejsze-kwestie-4.jpg","og:image:width":1920,"og:image:height":1072,"article:published_time":"2026-09-02T07:05:40+00:00","article:modified_time":"2026-09-03T09:52:38+00:00","article:publisher":"https:\/\/www.facebook.com\/BlackRedWhitePL"},"aioseo_meta_data":{"post_id":"41788","title":"#post_title","description":"Zastanawiasz si\u0119, jak dobra\u0107 odpowiedni\u0105 szafk\u0119 pod umywalk\u0119 do \u0142azienki? Jak dopasowa\u0107 j\u0105 do ceramiki i wygospodarowa\u0107 miejsce do przechowywania? Sprawd\u017a!","keywords":null,"keyphrases":{"focus":{"keyphrase":"","score":0,"analysis":{"keyphraseInTitle":{"score":0,"maxScore":9,"error":1}}},"additional":[]},"primary_term":null,"canonical_url":null,"og_title":null,"og_description":null,"og_object_type":"default","og_image_type":"default","og_image_url":null,"og_image_width":null,"og_image_height":null,"og_image_custom_url":null,"og_image_custom_fields":null,"og_video":"","og_custom_url":null,"og_article_section":null,"og_article_tags":null,"twitter_use_og":false,"twitter_card":"default","twitter_image_type":"default","twitter_image_url":null,"twitter_image_custom_url":null,"twitter_image_custom_fields":null,"twitter_title":null,"twitter_description":null,"schema":{"blockGraphs":[],"customGraphs":[],"default":{"data":{"Article":[],"Course":[],"Dataset":[],"FAQPage":[],"Movie":[],"Person":[],"Product":[],"ProductReview":[],"Car":[],"Recipe":[],"Service":[],"SoftwareApplication":[],"WebPage":[]},"graphName":"BlogPosting","isEnabled":true},"graphs":[]},"schema_type":"default","schema_type_options":null,"pillar_content":false,"robots_default":true,"robots_noindex":false,"robots_noarchive":false,"robots_nosnippet":false,"robots_nofollow":false,"robots_noimageindex":false,"robots_noodp":false,"robots_notranslate":false,"robots_max_snippet":"-1","robots_max_videopreview":"-1","robots_max_imagepreview":"large","priority":null,"frequency":"default","local_seo":null,"breadcrumb_settings":null,"limit_modified_date":false,"ai":{"faqs":[],"keyPoints":[],"schemas":[],"titles":[],"descriptions":[],"socialPosts":{"email":{"subject":"","preview":"","content":""},"linkedin":[],"twitter":[],"facebook":[],"instagram":[]}},"created":"2026-09-01 14:13:06","updated":"2026-09-03 10:19:54","seo_analyzer_scan_date":null,"focus_keyword":null,"additional_keywords":null,"truseo_locale":null},"aioseo_breadcrumb":"<div class=\"aioseo-breadcrumbs\"><span class=\"aioseo-breadcrumb\">\n\t\t\t<a href=\"https:\/\/www.brw.pl\/blog\" title=\"Home\">Home<\/a>\n\t\t<\/span><span class=\"aioseo-breadcrumb-separator\">&raquo;<\/span><span class=\"aioseo-breadcrumb\">\n\t\t\t<a href=\"https:\/\/www.brw.pl\/blog\/lazienka\/\" title=\"\u0141azienka\">\u0141azienka<\/a>\n\t\t<\/span><span class=\"aioseo-breadcrumb-separator\">&raquo;<\/span><span class=\"aioseo-breadcrumb\">\n\t\t\tJak dobra\u0107 szafk\u0119 pod umywalk\u0119? Sprawd\u017a najwa\u017cniejsze kwestie!\n\t\t<\/span><\/div>","aioseo_breadcrumb_json":[{"label":"Home","link":"https:\/\/www.brw.pl\/blog"},{"label":"\u0141azienka","link":"https:\/\/www.brw.pl\/blog\/lazienka\/"},{"label":"Jak dobra\u0107 szafk\u0119 pod umywalk\u0119? Sprawd\u017a najwa\u017cniejsze kwestie!","link":"https:\/\/www.brw.pl\/blog\/jak-dobrac-szafke-pod-umywalke-sprawdz-najwazniejsze-kwestie\/"}],"_links":{"self":[{"href":"https:\/\/www.brw.pl\/blog\/wp-json\/wp\/v2\/posts\/41788"}],"collection":[{"href":"https:\/\/www.brw.pl\/blog\/wp-json\/wp\/v2\/posts"}],"about":[{"href":"https:\/\/www.brw.pl\/blog\/wp-json\/wp\/v2\/types\/post"}],"author":[{"embeddable":true,"href":"https:\/\/www.brw.pl\/blog\/wp-json\/wp\/v2\/users\/21"}],"replies":[{"embeddable":true,"href":"https:\/\/www.brw.pl\/blog\/wp-json\/wp\/v2\/comments?post=41788"}],"version-history":[{"count":3,"href":"https:\/\/www.brw.pl\/blog\/wp-json\/wp\/v2\/posts\/41788\/revisions"}],"predecessor-version":[{"id":41803,"href":"https:\/\/www.brw.pl\/blog\/wp-json\/wp\/v2\/posts\/41788\/revisions\/41803"}],"wp:featuredmedia":[{"embeddable":true,"href":"https:\/\/www.brw.pl\/blog\/wp-json\/wp\/v2\/media\/41789"}],"wp:attachment":[{"href":"https:\/\/www.brw.pl\/blog\/wp-json\/wp\/v2\/media?parent=41788"}],"wp:term":[{"taxonomy":"category","embeddable":true,"href":"https:\/\/www.brw.pl\/blog\/wp-json\/wp\/v2\/categories?post=41788"},{"taxonomy":"post_tag","embeddable":true,"href":"https:\/\/www.brw.pl\/blog\/wp-json\/wp\/v2\/tags?post=41788"}],"curies":[{"name":"wp","href":"https:\/\/api.w.org\/{rel}","templated":true}]}}