{"id":4655,"date":"2019-03-28T16:08:39","date_gmt":"2019-03-28T15:08:39","guid":{"rendered":"https:\/\/www.brw.pl\/blog\/?p=4655"},"modified":"2023-04-22T20:26:35","modified_gmt":"2023-04-22T18:26:35","slug":"funkcjonalna-garderoba-nie-tylko-dla-fashionistek","status":"publish","type":"post","link":"https:\/\/www.brw.pl\/blog\/funkcjonalna-garderoba-nie-tylko-dla-fashionistek\/","title":{"rendered":"Funkcjonalna garderoba: nie tylko dla fashionistek"},"content":{"rendered":"<p><img decoding=\"async\" class=\"size-medium wp-image-4661 alignleft lazyload\" data-src=\"https:\/\/www.brw.pl\/blog\/wp-content\/uploads\/2019\/03\/szafa-narozna-wektra-28730-xlarge-800x600.jpg\" alt=\"\" width=\"800\" height=\"600\" data-srcset=\"https:\/\/www.brw.pl\/blog\/wp-content\/uploads\/2019\/03\/szafa-narozna-wektra-28730-xlarge.jpg 800w, https:\/\/www.brw.pl\/blog\/wp-content\/uploads\/2019\/03\/szafa-narozna-wektra-28730-xlarge-768x576.jpg 768w\" data-sizes=\"(max-width: 800px) 100vw, 800px\" src=\"data:image\/svg+xml;base64,PHN2ZyB3aWR0aD0iMSIgaGVpZ2h0PSIxIiB4bWxucz0iaHR0cDovL3d3dy53My5vcmcvMjAwMC9zdmciPjwvc3ZnPg==\" style=\"--smush-placeholder-width: 800px; --smush-placeholder-aspect-ratio: 800\/600;\" \/><\/p>\n<p>Jeszcze do niedawna garderoba by\u0142a domen\u0105 dom\u00f3w jednorodzinnych, gdzie metra\u017c pozwala\u0142 na wyodr\u0119bnienie tego typu pomieszczenia. Obecnie, g\u0142\u00f3wnie dzi\u0119ki meblom na wymiar, garderobiany k\u0105cik mo\u017cna zagospodarowa\u0107 nawet w ciasnym mieszkaniu. Jak odpowiednio zaplanowa\u0107 aran\u017cacj\u0119 przestrzeni? Na to pytanie znajdziesz odpowied\u017a w naszym tek\u015bcie! Zapraszamy do czytania!<!--more--><\/p>\n<p>Z tego artyku\u0142u dowiesz si\u0119:<\/p>\n<ul>\n<li>jak powinna wygl\u0105da\u0107 funkcjonalna garderoba,<\/li>\n<li>czy warto decydowa\u0107 si\u0119 na modu\u0142y do garderoby,<\/li>\n<li>jak sprawnie urz\u0105dzi\u0107 funkcjonaln\u0105 garderob\u0119.<\/li>\n<\/ul>\n<h2 class=\"ql-align-justify\"><strong>Otwarta garderoba \u2013 wst\u0119p<\/strong><\/h2>\n<p style=\"text-align: justify;\">Funkcjonalna garderoba to rozwi\u0105zanie, kt\u00f3re sprawdzi si\u0119 zar\u00f3wno dla singielki, m\u0142odego ma\u0142\u017ce\u0144stwa czy wi\u0119kszej rodziny. Garderoba pozwala na \u201ezebranie\u201d wszystkich element\u00f3w naszego ubioru i dodatk\u00f3w w jednym miejscu, co znacznie u\u0142atwia utrzymanie porz\u0105dku w ca\u0142ym domu i szybki dost\u0119p do tego, czego w danym momencie potrzebujemy.<\/p>\n<h2 style=\"text-align: justify;\"><strong>Funkcjonalna garderoba<\/strong><\/h2>\n<p style=\"text-align: justify;\">Je\u015bli projekt mieszkania nie uwzgl\u0119dnia\u0142 garderoby, miejsce na ni\u0105 mo\u017cna wydzieli\u0107 np. w sypialni i jest to jedno z najch\u0119tniej wybieranych rozwi\u0105za\u0144. Przestronne szafy z mn\u00f3stwem wieszak\u00f3w, p\u00f3\u0142ek, koszy i dodatkowych szuflad s\u0105 nieocenionymi pomocnikami dnia codziennego. Ukryte w sypialni pozwalaj\u0105 zaoszcz\u0119dzi\u0107 przestrze\u0144 w reprezentacyjnych cz\u0119\u015bciach domu, takich jak salon czy przedpok\u00f3j.<\/p>\n<p style=\"text-align: justify;\">Wiele os\u00f3b zadaje sobie pytanie: jak stworzy\u0107 garderob\u0119 w ma\u0142ym pomieszczeniu? W tej sytuacji recept\u0105 na wszelkie bol\u0105czki s\u0105 <a href=\"https:\/\/www.brw.pl\/szafy-flex\/\">meble na wymiar<\/a>, kt\u00f3re pozwol\u0105 praktycznie wykorzysta\u0107 ka\u017cdy centymetr wn\u0119trza! Dzi\u0119ki rozwi\u0105zaniom szytym na miar\u0119 jeste\u015bmy w stanie dopasowa\u0107 mebel do ka\u017cdego wn\u0119trza, nawet takiego z problematycznymi skosami czy niepraktyczn\u0105 wn\u0119k\u0105. Funkcj\u0119 garderoby mog\u0105 pe\u0142ni\u0107 tak\u017ce nowoczesne zabudowy meblowe podokienne.<\/p>\n<p style=\"text-align: justify;\">Do aran\u017cacji naszej garderoby najlepiej sprawdz\u0105 si\u0119 rozwi\u0105zania dedykowane, czyli takie, kt\u00f3re zosta\u0142y stworzone z my\u015bl\u0105 o przechowywaniu ubra\u0144 , obuwia czy r\u00f3\u017cnych akcesori\u00f3w. Takie rozwi\u0105zania cz\u0119sto dost\u0119pne s\u0105 w tzw. <a href=\"https:\/\/www.brw.pl\/meble\/szafy\/szafy-modulowe\/\">szafach modu\u0142owych<\/a>. Co to takiego? To szafy, kt\u00f3re mo\u017cemy budowa\u0107 samodzielnie, wybieraj\u0105c jedynie dodatkowe modu\u0142y i \u0142\u0105cz\u0105c je ze sob\u0105. To bardzo praktyczne rozwi\u0105zanie ma wiele zalet \u2013 tego rodzaju szaf\u0119 mo\u017cemy \u0142atwo rozbudowa\u0107, b\u0105d\u017a zmniejszy\u0107, demontuj\u0105c dany modu\u0142.<\/p>\n<figure id=\"attachment_4657\" aria-describedby=\"caption-attachment-4657\" style=\"width: 787px\" class=\"wp-caption alignnone\"><a href=\"https:\/\/www.brw.pl\/kolekcja-szafy-nadir,408\"><img decoding=\"async\" class=\"wp-image-4657 lazyload\" data-src=\"https:\/\/www.brw.pl\/blog\/wp-content\/uploads\/2019\/03\/front-do-szafy-nadir-210-220-kolor-bialy-lustro-57846-xlarge-800x601.jpg\" alt=\"\" width=\"787\" height=\"591\" data-srcset=\"https:\/\/www.brw.pl\/blog\/wp-content\/uploads\/2019\/03\/front-do-szafy-nadir-210-220-kolor-bialy-lustro-57846-xlarge-800x601.jpg 800w, https:\/\/www.brw.pl\/blog\/wp-content\/uploads\/2019\/03\/front-do-szafy-nadir-210-220-kolor-bialy-lustro-57846-xlarge-768x577.jpg 768w, https:\/\/www.brw.pl\/blog\/wp-content\/uploads\/2019\/03\/front-do-szafy-nadir-210-220-kolor-bialy-lustro-57846-xlarge.jpg 1438w\" data-sizes=\"(max-width: 787px) 100vw, 787px\" src=\"data:image\/svg+xml;base64,PHN2ZyB3aWR0aD0iMSIgaGVpZ2h0PSIxIiB4bWxucz0iaHR0cDovL3d3dy53My5vcmcvMjAwMC9zdmciPjwvc3ZnPg==\" style=\"--smush-placeholder-width: 787px; --smush-placeholder-aspect-ratio: 787\/591;\" \/><\/a><figcaption id=\"caption-attachment-4657\" class=\"wp-caption-text\"><center><a href=\"https:\/\/www.brw.pl\/kolekcja-szafy-nadir,408\">Szafa Nadir<\/a> idealnie sprawdzi si\u0119 do stworzenia minimalistycznej garderoby<\/center><\/figcaption><\/figure>\n<h2 style=\"text-align: justify;\"><strong>Podstawowe zasady organizacji w funkcjonalnej garderobie<\/strong><\/h2>\n<p style=\"text-align: justify;\">Organizacja garderoby zale\u017cy g\u0142\u00f3wnie od indywidulanych preferencji, ale jest kilka uniwersalnych zasad dotycz\u0105cych przechowywania rzeczy. Regu\u0142y te mo\u017cna stosowa\u0107 bez wzgl\u0119du na to, czy mamy niewielk\u0105 garderob\u0119 kapsu\u0142ow\u0105 czy te\u017c poka\u017anych rozmiar\u00f3w zabudowan\u0105 garderob\u0119.<\/p>\n<ul style=\"text-align: justify;\">\n<li>Uk\u0142adaj rzeczy sezonowo, zmieniaj\u0105c uk\u0142ad wraz z nadej\u015bciem nowej pory roku.<\/li>\n<li>Zadbaj o przegr\u00f3dki w szufladach, \u017ceby rzeczy si\u0119 nie miesza\u0142y.<\/li>\n<li>Je\u015bli domownik\u00f3w jest kilku \u2013 wydziel ka\u017cdemu z nich osobist\u0105 cz\u0119\u015b\u0107 garderoby lub przegr\u00f3dki w szufladach.<\/li>\n<li>Rozmieszczaj poszczeg\u00f3lne rzeczy w garderobie kategoriami i priorytetami. Najszybszy dost\u0119p powiniene\u015b mie\u0107 do rzeczy, w kt\u00f3rych najcz\u0119\u015bciej chodzisz. Na najwy\u017cszych p\u00f3\u0142kach umie\u015b\u0107 rzeczy, kt\u00f3rych rzadko kiedy u\u017cywasz.<\/li>\n<li>Nie zapominaj o <a href=\"https:\/\/www.brw.pl\/przechowywanie\/przechowywanie-w-szafie\/pokrowce-na-ubrania\/\">pokrowcach<\/a> na ubrania, kt\u00f3re wk\u0142adasz na specjalne okazje.<\/li>\n<li>Pami\u0119taj o woreczkach zapachowych, kt\u00f3re odstrasz\u0105 niepo\u017c\u0105danych go\u015bci w postaci moli.<\/li>\n<\/ul>\n<p style=\"text-align: justify;\">Garderoba ma to do siebie, \u017ce pomie\u015bci wiele r\u00f3\u017cnych element\u00f3w naszego ubioru. \u017beby jednak szybko\u00a0 nie zrobi\u0142 si\u0119 ba\u0142agan, a skarpetki nie pomiesza\u0142y si\u0119 z m\u0119skimi krawatami, warto rozwa\u017cy\u0107 kilka dedykowanych rozwi\u0105za\u0144. W przypadku drobiazg\u00f3w, takich jak okulary przeciws\u0142oneczne, paski etc., najlepsz\u0105 opcj\u0105 b\u0119d\u0105 wszelkiego rodzaju organizery i pude\u0142ka. Z perspektywy wygody u\u017cytkowania najlepszym rozwi\u0105zaniem b\u0119d\u0105 oczywi\u015bcie przezroczyste lub otwarte pojemniki. Dzi\u0119ki temu, po otwarciu garderoby, szybko znajdziemy to, czego szukamy.<\/p>\n<figure id=\"attachment_4660\" aria-describedby=\"caption-attachment-4660\" style=\"width: 345px\" class=\"wp-caption alignleft\"><a href=\"https:\/\/www.brw.pl\/organizer-z-szufladami,24187\"><img decoding=\"async\" class=\"wp-image-4660 lazyload\" data-src=\"https:\/\/www.brw.pl\/blog\/wp-content\/uploads\/2019\/03\/organizer-z-szufladami-46845-xlarge-800x601.jpg\" alt=\"\" width=\"345\" height=\"259\" data-srcset=\"https:\/\/www.brw.pl\/blog\/wp-content\/uploads\/2019\/03\/organizer-z-szufladami-46845-xlarge-800x601.jpg 800w, https:\/\/www.brw.pl\/blog\/wp-content\/uploads\/2019\/03\/organizer-z-szufladami-46845-xlarge-768x577.jpg 768w, https:\/\/www.brw.pl\/blog\/wp-content\/uploads\/2019\/03\/organizer-z-szufladami-46845-xlarge.jpg 1438w\" data-sizes=\"(max-width: 345px) 100vw, 345px\" src=\"data:image\/svg+xml;base64,PHN2ZyB3aWR0aD0iMSIgaGVpZ2h0PSIxIiB4bWxucz0iaHR0cDovL3d3dy53My5vcmcvMjAwMC9zdmciPjwvc3ZnPg==\" style=\"--smush-placeholder-width: 345px; --smush-placeholder-aspect-ratio: 345\/259;\" \/><\/a><figcaption id=\"caption-attachment-4660\" class=\"wp-caption-text\"><center><a href=\"https:\/\/www.brw.pl\/organizer-z-szufladami,24187\">Organizer<\/a> na drobne przedmioty<\/center><\/figcaption><\/figure>\n<figure id=\"attachment_4659\" aria-describedby=\"caption-attachment-4659\" style=\"width: 345px\" class=\"wp-caption alignleft\"><a href=\"https:\/\/www.brw.pl\/kpl-organizerow-do-szuflady-6szt-,24188\"><img decoding=\"async\" class=\"wp-image-4659 lazyload\" data-src=\"https:\/\/www.brw.pl\/blog\/wp-content\/uploads\/2019\/03\/organizer-do-szuflady-kpl-6szt-46846-xlarge-800x601.jpg\" alt=\"\" width=\"345\" height=\"259\" data-srcset=\"https:\/\/www.brw.pl\/blog\/wp-content\/uploads\/2019\/03\/organizer-do-szuflady-kpl-6szt-46846-xlarge-800x601.jpg 800w, https:\/\/www.brw.pl\/blog\/wp-content\/uploads\/2019\/03\/organizer-do-szuflady-kpl-6szt-46846-xlarge-768x577.jpg 768w, https:\/\/www.brw.pl\/blog\/wp-content\/uploads\/2019\/03\/organizer-do-szuflady-kpl-6szt-46846-xlarge.jpg 1438w\" data-sizes=\"(max-width: 345px) 100vw, 345px\" src=\"data:image\/svg+xml;base64,PHN2ZyB3aWR0aD0iMSIgaGVpZ2h0PSIxIiB4bWxucz0iaHR0cDovL3d3dy53My5vcmcvMjAwMC9zdmciPjwvc3ZnPg==\" style=\"--smush-placeholder-width: 345px; --smush-placeholder-aspect-ratio: 345\/259;\" \/><\/a><figcaption id=\"caption-attachment-4659\" class=\"wp-caption-text\"><center><a href=\"https:\/\/www.brw.pl\/kpl-organizerow-do-szuflady-6szt-,24188\">Przezroczysty organizer <\/a>z przegr\u00f3dkami<\/center><\/figcaption><\/figure>\n<figure id=\"attachment_4658\" aria-describedby=\"caption-attachment-4658\" style=\"width: 600px\" class=\"wp-caption aligncenter\"><a href=\"https:\/\/www.brw.pl\/kosz-na-bielizne-nadir,15477\"><img decoding=\"async\" class=\"wp-image-4658 lazyload\" data-src=\"https:\/\/www.brw.pl\/blog\/wp-content\/uploads\/2019\/03\/kosz-na-bielizne-nadir-opcja-dodatkowa-metal-57867-xlarge-800x527.jpg\" alt=\"\" width=\"600\" height=\"395\" data-srcset=\"https:\/\/www.brw.pl\/blog\/wp-content\/uploads\/2019\/03\/kosz-na-bielizne-nadir-opcja-dodatkowa-metal-57867-xlarge-800x527.jpg 800w, https:\/\/www.brw.pl\/blog\/wp-content\/uploads\/2019\/03\/kosz-na-bielizne-nadir-opcja-dodatkowa-metal-57867-xlarge-768x506.jpg 768w, https:\/\/www.brw.pl\/blog\/wp-content\/uploads\/2019\/03\/kosz-na-bielizne-nadir-opcja-dodatkowa-metal-57867-xlarge.jpg 1639w\" data-sizes=\"(max-width: 600px) 100vw, 600px\" src=\"data:image\/svg+xml;base64,PHN2ZyB3aWR0aD0iMSIgaGVpZ2h0PSIxIiB4bWxucz0iaHR0cDovL3d3dy53My5vcmcvMjAwMC9zdmciPjwvc3ZnPg==\" style=\"--smush-placeholder-width: 600px; --smush-placeholder-aspect-ratio: 600\/395;\" \/><\/a><figcaption id=\"caption-attachment-4658\" class=\"wp-caption-text\"><center><a href=\"https:\/\/www.brw.pl\/kosz-na-bielizne-nadir,15477\">Kosz na bielizn\u0119<\/a> i <a href=\"https:\/\/www.brw.pl\/kosz-na-buty-nadir,15478\">pojemnik na buty<\/a> to pozycje obowi\u0105zkowe ka\u017cdej garderoby.<\/center><\/figcaption><\/figure>\n<h2><strong>Si\u0142a tkwi w szczeg\u00f3le<\/strong><\/h2>\n<p>Funkcjonalna garderoba to prawdziwy skarb i to w\u0142a\u015bnie pozornie ma\u0142o istotne elementy sprawiaj\u0105, \u017ce b\u0119dzie s\u0142u\u017cy\u0107 zgodnie z naszymi oczekiwaniami. Pod\u015bwietlane wieszaki, obszerne lustro, przemy\u015blane przegr\u00f3dki oraz inne detale, wp\u0142ywaj\u0105 na to, \u017ce garderoba stanie si\u0119 miejscem, do kt\u00f3rego ch\u0119tnie b\u0119dziemy zagl\u0105da\u0107.<\/p>\n<h2><strong>Podsumowanie: jak urz\u0105dzi\u0107 funkcjonaln\u0105 garderob\u0119, wykorzystuj\u0105c m.in. r\u00f3\u017cnego rodzaju dr\u0105\u017cki<\/strong><\/h2>\n<p>Funkcjonalna garderoba to przestrze\u0144 bardzo przydatna. Mo\u017ce s\u0142u\u017cy\u0107 do przechowywania odzie\u017cy, jak r\u00f3wnie\u017c innych przydatnych w sypialni element\u00f3w (np. zapasowej po\u015bcieli). W\u0142a\u015bnie dlatego projektuj\u0105c garderob\u0119 nale\u017cy pami\u0119ta\u0107 o kilku istotnych szczeg\u00f3\u0142ach. P\u00f3\u0142ki do przechowywania ubra\u0144, na kt\u00f3rych mo\u017cesz trzyma\u0107 r\u00f3\u017cne akcesoria to bardzo istotna cz\u0119\u015b\u0107 garderoby. Dobre rozwi\u0105zanie to zainstalowanie dr\u0105\u017ck\u00f3w, na kt\u00f3rych powiesisz ubrania na wieszakach. Dodaj do tego szuflady na obuwie oraz kilka p\u00f3\u0142ek na mniejsze drobiazgi i wi\u0119ksze akcesoria. Szk\u0142o mleczne wprawione w drzwi garderoby z \u0142atwo\u015bci\u0105 ukryje ewentualny nieporz\u0105dek panuj\u0105cy w garderobie.<\/p>\n","protected":false},"excerpt":{"rendered":"<p>Jeszcze do niedawna garderoba by\u0142a domen\u0105 dom\u00f3w jednorodzinnych, gdzie metra\u017c pozwala\u0142 na wyodr\u0119bnienie tego typu pomieszczenia. Obecnie, g\u0142\u00f3wnie dzi\u0119ki meblom na wymiar, garderobiany k\u0105cik mo\u017cna zagospodarowa\u0107 nawet w ciasnym mieszkaniu. Jak odpowiednio zaplanowa\u0107 aran\u017cacj\u0119 przestrzeni? Na to pytanie znajdziesz odpowied\u017a w naszym tek\u015bcie! Zapraszamy do czytania!<\/p>\n","protected":false},"author":15,"featured_media":4664,"comment_status":"open","ping_status":"open","sticky":false,"template":"","format":"standard","meta":{"footnotes":""},"categories":[574,29],"tags":[521,520,518,519],"aioseo_notices":[],"_links":{"self":[{"href":"https:\/\/www.brw.pl\/blog\/wp-json\/wp\/v2\/posts\/4655"}],"collection":[{"href":"https:\/\/www.brw.pl\/blog\/wp-json\/wp\/v2\/posts"}],"about":[{"href":"https:\/\/www.brw.pl\/blog\/wp-json\/wp\/v2\/types\/post"}],"author":[{"embeddable":true,"href":"https:\/\/www.brw.pl\/blog\/wp-json\/wp\/v2\/users\/15"}],"replies":[{"embeddable":true,"href":"https:\/\/www.brw.pl\/blog\/wp-json\/wp\/v2\/comments?post=4655"}],"version-history":[{"count":7,"href":"https:\/\/www.brw.pl\/blog\/wp-json\/wp\/v2\/posts\/4655\/revisions"}],"predecessor-version":[{"id":31446,"href":"https:\/\/www.brw.pl\/blog\/wp-json\/wp\/v2\/posts\/4655\/revisions\/31446"}],"wp:featuredmedia":[{"embeddable":true,"href":"https:\/\/www.brw.pl\/blog\/wp-json\/wp\/v2\/media\/4664"}],"wp:attachment":[{"href":"https:\/\/www.brw.pl\/blog\/wp-json\/wp\/v2\/media?parent=4655"}],"wp:term":[{"taxonomy":"category","embeddable":true,"href":"https:\/\/www.brw.pl\/blog\/wp-json\/wp\/v2\/categories?post=4655"},{"taxonomy":"post_tag","embeddable":true,"href":"https:\/\/www.brw.pl\/blog\/wp-json\/wp\/v2\/tags?post=4655"}],"curies":[{"name":"wp","href":"https:\/\/api.w.org\/{rel}","templated":true}]}}