{"id":6056,"date":"2019-07-31T15:03:33","date_gmt":"2019-07-31T13:03:33","guid":{"rendered":"https:\/\/www.brw.pl\/blog\/?p=6056"},"modified":"2024-10-08T11:10:19","modified_gmt":"2024-10-08T09:10:19","slug":"o-sztuce-laczenia-czyli-jak-ulozyc-poduszki-na-lozku","status":"publish","type":"post","link":"https:\/\/www.brw.pl\/blog\/o-sztuce-laczenia-czyli-jak-ulozyc-poduszki-na-lozku\/","title":{"rendered":"Jak u\u0142o\u017cy\u0107 poduszki na \u0142\u00f3\u017cku?"},"content":{"rendered":"<p style=\"text-align: justify;\"><strong>Dzi\u0119ki poduszkom dekoracyjnym wn\u0119trze nabiera indywidualnego charakteru. Jednak jak je u\u0142o\u017cy\u0107, aby unikn\u0105\u0107 wra\u017cenia chaosu i ba\u0142aganu? Jak \u0142\u0105czy\u0107 r\u00f3\u017cne formy, kolory i faktury poduch, by wci\u0105\u017c sprawia\u0142y wra\u017cenie przemy\u015blanej i sp\u00f3jnej ca\u0142o\u015bci?<\/strong><\/p>\n<p><img decoding=\"async\" class=\"size-medium wp-image-6065 aligncenter lazyload\" data-src=\"https:\/\/www.brw.pl\/blog\/wp-content\/uploads\/2019\/07\/Molisa_tapicerka_27_05_2019-15-800x533.jpg\" alt=\"\" width=\"800\" height=\"533\" data-srcset=\"https:\/\/www.brw.pl\/blog\/wp-content\/uploads\/2019\/07\/Molisa_tapicerka_27_05_2019-15-800x533.jpg 800w, https:\/\/www.brw.pl\/blog\/wp-content\/uploads\/2019\/07\/Molisa_tapicerka_27_05_2019-15-768x512.jpg 768w, https:\/\/www.brw.pl\/blog\/wp-content\/uploads\/2019\/07\/Molisa_tapicerka_27_05_2019-15.jpg 1620w\" data-sizes=\"(max-width: 800px) 100vw, 800px\" src=\"data:image\/svg+xml;base64,PHN2ZyB3aWR0aD0iMSIgaGVpZ2h0PSIxIiB4bWxucz0iaHR0cDovL3d3dy53My5vcmcvMjAwMC9zdmciPjwvc3ZnPg==\" style=\"--smush-placeholder-width: 800px; --smush-placeholder-aspect-ratio: 800\/533;\" \/><\/p>\n<p class=\"ql-align-justify\">Z tego artyku\u0142u dowiesz si\u0119:<\/p>\n<ul>\n<li class=\"ql-align-justify\">jakie poduszki dekoracyjne mo\u017cesz wybra\u0107 do swojej sypialni,<\/li>\n<li class=\"ql-align-justify\">w jaki spos\u00f3b uk\u0142ada\u0107 poduszki zr\u00f3\u017cnicowane pod wzgl\u0119dem wielko\u015bci,<\/li>\n<li class=\"ql-align-justify\">jak u\u0142o\u017cy\u0107 na \u0142\u00f3\u017cku dekoracyjne poduszki o r\u00f3\u017cnych kszta\u0142tach,<\/li>\n<li class=\"ql-align-justify\">jak dobra\u0107 do siebie poduszki pod wzgl\u0119dem kolorystyki,<\/li>\n<li class=\"ql-align-justify\">w jaki spos\u00f3b \u0142\u0105czy\u0107 ze sob\u0105 poduszki dekoracyjne w r\u00f3\u017cnych wzorach,<\/li>\n<li class=\"ql-align-justify\">ile poduszek dekoracyjnych wybra\u0107, by stworzy\u0107 udan\u0105 kompozycj\u0119.<\/li>\n<\/ul>\n<h2 style=\"text-align: justify;\"><strong>Poduszki dekoracyjne na \u0142\u00f3\u017cko: jest w czym wybiera\u0107!<\/strong><\/h2>\n<p style=\"text-align: justify;\">Ma\u0142e i du\u017ce, prostok\u0105tne, okr\u0105g\u0142e lub kwadratowe, wzorzyste lub jednokolorowe, b\u0142yszcz\u0105ce, w\u0142ochate\u2026 \u2013 poduszki dekoracyjne s\u0105 jednym z najpopularniejszych dodatk\u00f3w, kt\u00f3ry sprawia, \u017ce ka\u017cde wn\u0119trze staje si\u0119 znacznie bardziej przytulne. S\u0105 one r\u00f3wnie\u017c bardzo prostym i tanim sposobem na odmienienie charakteru ca\u0142ego pomieszczenia, a tak\u017ce wprowadzenie do aran\u017cacji ciekawych akcent\u00f3w.<\/p>\n<p style=\"text-align: justify;\">Ich odpowiedni dob\u00f3r i kompozycja to nic trudnego \u2013 wystarczy tylko zna\u0107 kilka zasad i trick\u00f3w. Jak u\u0142o\u017cy\u0107 poduszki w sypialni, by stworzy\u0107 niebanaln\u0105 i funkcjonaln\u0105 dekoracj\u0119? Przeczytasz o tym w kolejnych akapitach.<\/p>\n<p>&nbsp;<\/p>\n<h2 style=\"text-align: justify;\"><strong>Jak \u0142adnie u\u0142o\u017cy\u0107 poduszki na \u0142\u00f3\u017cku? Zabawa wielko\u015bci\u0105<\/strong><\/h2>\n<p style=\"text-align: justify;\">Standardowo poduszki dekoracyjne s\u0105 kwadratami o boku oko\u0142o 45-50 cm. To w\u0142a\u015bnie one najcz\u0119\u015bciej trafiaj\u0105 do naszych sklep\u00f3w, a nast\u0119pnie dom\u00f3w. Je\u015bli jednak chcesz stworzy\u0107 ciekaw\u0105 aran\u017cacj\u0119 i zastanawiasz si\u0119, jak u\u0142o\u017cy\u0107 poduszki na \u0142\u00f3\u017cku w nieco mniej klasyczny spos\u00f3b, nie b\u00f3j si\u0119 \u0142\u0105czenia wi\u0119kszych i mniejszych poduszek. Ju\u017c ten niezwykle prosty trick da ciekawy efekt.<\/p>\n<p style=\"text-align: justify;\"><strong>Najwi\u0119ksze poduszki powinny znale\u017a\u0107 si\u0119 u wezg\u0142owia, a na nich mo\u017cesz u\u0142o\u017cy\u0107 nieco mniejsze.<\/strong> Najlepiej wykorzysta\u0107 do tego 5 poduszek: 2 du\u017ce, kt\u00f3re s\u0142u\u017c\u0105 do spania po\u0142\u00f3\u017c najpierw, a na nich oprzyj 2 nieco mniejsze poduszki ozdobne. Na samym ko\u0144cu dodaj jedn\u0105 ma\u0142\u0105 poduszk\u0119 wielko\u015bci klasycznego \u201eja\u015bka\u201d lub wa\u0142ka i u\u0142\u00f3\u017c j\u0105 na \u015brodku \u0142\u00f3\u017cka. Dzi\u0119ki takiemu zestawieniu \u0142\u00f3\u017cko zaprezentuje si\u0119 elegancko i schludnie.<\/p>\n<p>&nbsp;<\/p>\n<p><img decoding=\"async\" class=\"size-medium wp-image-6063 alignleft lazyload\" data-src=\"https:\/\/www.brw.pl\/blog\/wp-content\/uploads\/2019\/07\/Aranz-Style-Glamour-4-800x506.jpg\" alt=\"\" width=\"800\" height=\"506\" data-srcset=\"https:\/\/www.brw.pl\/blog\/wp-content\/uploads\/2019\/07\/Aranz-Style-Glamour-4-800x506.jpg 800w, https:\/\/www.brw.pl\/blog\/wp-content\/uploads\/2019\/07\/Aranz-Style-Glamour-4-768x486.jpg 768w, https:\/\/www.brw.pl\/blog\/wp-content\/uploads\/2019\/07\/Aranz-Style-Glamour-4.jpg 1708w\" data-sizes=\"(max-width: 800px) 100vw, 800px\" src=\"data:image\/svg+xml;base64,PHN2ZyB3aWR0aD0iMSIgaGVpZ2h0PSIxIiB4bWxucz0iaHR0cDovL3d3dy53My5vcmcvMjAwMC9zdmciPjwvc3ZnPg==\" style=\"--smush-placeholder-width: 800px; --smush-placeholder-aspect-ratio: 800\/506;\" \/><\/p>\n<h2 style=\"text-align: justify;\"><strong>Tr\u00f3jk\u0105ty i kwadraty\u2026 w Twojej sypialni?<\/strong><\/h2>\n<p style=\"text-align: justify;\">Je\u015bli ch\u0119tnie eksperymentujesz w kwestii designu, zabaw si\u0119 r\u00f3wnie\u017c form\u0105. Interesuj\u0105co b\u0119dzie prezentowa\u0107 si\u0119 po\u0142o\u017cenie obok siebie poduszek o r\u00f3\u017cnych kszta\u0142tach: nie tylko kwadrat\u00f3w z prostok\u0105tami, ale r\u00f3wnie\u017c z okr\u0105g\u0142ymi poduszkami. To \u015bwietne po\u0142\u0105czenie, kt\u00f3re daje ogromne pole do popisu Twojej kreatywno\u015bci.<\/p>\n<p style=\"text-align: justify;\">Dla jeszcze ciekawszego efektu mo\u017cesz poszuka\u0107 dodatk\u00f3w o nieregularnych formach np. chmur, gwiazd czy w\u0119z\u0142\u00f3w, kt\u00f3re od\u015bwie\u017c\u0105 kompozycj\u0119 i uczyni\u0105 j\u0105 naprawd\u0119 wyj\u0105tkow\u0105. Do gustu przypadn\u0105 one szczeg\u00f3lnie najm\u0142odszym, dlatego to \u015bwietna opcja na u\u0142o\u017cenie poduszek na \u0142\u00f3\u017cku dzieci\u0119cym. <strong>Wa\u017cne, by nie \u0142\u0105czy\u0107 ze sob\u0105 kilku niestandardowych form, gdy\u017c da to efekt przypadkowo\u015bci oraz chaosu.<\/strong><\/p>\n<p>&nbsp;<\/p>\n<figure id=\"attachment_6072\" aria-describedby=\"caption-attachment-6072\" style=\"width: 230px\" class=\"wp-caption alignleft\"><a href=\"https:\/\/www.brw.pl\/poduszka-dekoracyjna-fat-supel,27039\"><img decoding=\"async\" class=\"wp-image-6072 lazyload\" data-src=\"https:\/\/www.brw.pl\/blog\/wp-content\/uploads\/2019\/07\/poduszka-fat-supel-79263-xlarge-800x601.jpg\" alt=\"\" width=\"230\" height=\"173\" data-srcset=\"https:\/\/www.brw.pl\/blog\/wp-content\/uploads\/2019\/07\/poduszka-fat-supel-79263-xlarge-800x601.jpg 800w, https:\/\/www.brw.pl\/blog\/wp-content\/uploads\/2019\/07\/poduszka-fat-supel-79263-xlarge-768x577.jpg 768w, https:\/\/www.brw.pl\/blog\/wp-content\/uploads\/2019\/07\/poduszka-fat-supel-79263-xlarge.jpg 1438w\" data-sizes=\"(max-width: 230px) 100vw, 230px\" src=\"data:image\/svg+xml;base64,PHN2ZyB3aWR0aD0iMSIgaGVpZ2h0PSIxIiB4bWxucz0iaHR0cDovL3d3dy53My5vcmcvMjAwMC9zdmciPjwvc3ZnPg==\" style=\"--smush-placeholder-width: 230px; --smush-placeholder-aspect-ratio: 230\/173;\" \/><\/a><figcaption id=\"caption-attachment-6072\" class=\"wp-caption-text\"><center><a href=\"https:\/\/www.brw.pl\/poduszka-dekoracyjna-fat-supel,27039\">Poduszka Fat Supe\u0142<\/a><\/center><\/figcaption><\/figure>\n<figure id=\"attachment_6066\" aria-describedby=\"caption-attachment-6066\" style=\"width: 230px\" class=\"wp-caption alignleft\"><a href=\"https:\/\/www.brw.pl\/poduszka-dekoracyjna-chmurka,21986\"><img decoding=\"async\" class=\"wp-image-6066 lazyload\" data-src=\"https:\/\/www.brw.pl\/blog\/wp-content\/uploads\/2019\/07\/poduszka-chmurka-42922-xlarge-800x601.jpg\" alt=\"\" width=\"230\" height=\"173\" data-srcset=\"https:\/\/www.brw.pl\/blog\/wp-content\/uploads\/2019\/07\/poduszka-chmurka-42922-xlarge-800x601.jpg 800w, https:\/\/www.brw.pl\/blog\/wp-content\/uploads\/2019\/07\/poduszka-chmurka-42922-xlarge-768x577.jpg 768w, https:\/\/www.brw.pl\/blog\/wp-content\/uploads\/2019\/07\/poduszka-chmurka-42922-xlarge.jpg 1438w\" data-sizes=\"(max-width: 230px) 100vw, 230px\" src=\"data:image\/svg+xml;base64,PHN2ZyB3aWR0aD0iMSIgaGVpZ2h0PSIxIiB4bWxucz0iaHR0cDovL3d3dy53My5vcmcvMjAwMC9zdmciPjwvc3ZnPg==\" style=\"--smush-placeholder-width: 230px; --smush-placeholder-aspect-ratio: 230\/173;\" \/><\/a><figcaption id=\"caption-attachment-6066\" class=\"wp-caption-text\"><center><a href=\"https:\/\/www.brw.pl\/poduszka-dekoracyjna-chmurka,21986\">Poduszka Chmurka<\/a><\/center><\/figcaption><\/figure>\n<figure id=\"attachment_6073\" aria-describedby=\"caption-attachment-6073\" style=\"width: 230px\" class=\"wp-caption alignleft\"><a href=\"https:\/\/www.brw.pl\/poduszka-dekoracyjna-gwiazdka,21984\"><img decoding=\"async\" class=\"wp-image-6073 lazyload\" data-src=\"https:\/\/www.brw.pl\/blog\/wp-content\/uploads\/2019\/07\/poduszka-gwiazdka-42915-xlarge-800x601.jpg\" alt=\"\" width=\"230\" height=\"173\" data-srcset=\"https:\/\/www.brw.pl\/blog\/wp-content\/uploads\/2019\/07\/poduszka-gwiazdka-42915-xlarge-800x601.jpg 800w, https:\/\/www.brw.pl\/blog\/wp-content\/uploads\/2019\/07\/poduszka-gwiazdka-42915-xlarge-768x577.jpg 768w, https:\/\/www.brw.pl\/blog\/wp-content\/uploads\/2019\/07\/poduszka-gwiazdka-42915-xlarge.jpg 1438w\" data-sizes=\"(max-width: 230px) 100vw, 230px\" src=\"data:image\/svg+xml;base64,PHN2ZyB3aWR0aD0iMSIgaGVpZ2h0PSIxIiB4bWxucz0iaHR0cDovL3d3dy53My5vcmcvMjAwMC9zdmciPjwvc3ZnPg==\" style=\"--smush-placeholder-width: 230px; --smush-placeholder-aspect-ratio: 230\/173;\" \/><\/a><figcaption id=\"caption-attachment-6073\" class=\"wp-caption-text\"><center><a href=\"https:\/\/www.brw.pl\/poduszka-dekoracyjna-gwiazdka,21984\">Poduszka Gwiazdka<\/a><\/center><\/figcaption><\/figure>\n<h2 style=\"text-align: justify;\"><strong>Jak u\u0142o\u017cy\u0107 poduszki na \u0142\u00f3\u017cku? Fuzja kolor\u00f3w vs klasyczny monochromatyzm<\/strong><\/h2>\n<p style=\"text-align: justify;\">W przypadku wyboru kolorystyki poduszek \u015bcieraj\u0105 si\u0119 ze sob\u0105 dwie szko\u0142y. Pierwsza z nich, zdecydowanie bardziej tradycyjna, m\u00f3wi, \u017ce dodatki powinny by\u0107 stonowane, nawi\u0105zuj\u0105ce kolorystyk\u0105 do sofy lub <a href=\"https:\/\/www.brw.pl\/meble\/lozka\/\">\u0142\u00f3\u017cka<\/a>, na kt\u00f3rym si\u0119 znajduj\u0105. W ten spos\u00f3b uzyskujemy monochromatyczny, minimalistyczny design tak popularny w ostatnich latach.<\/p>\n<p style=\"text-align: justify;\">W ca\u0142kowitej opozycji do tego stylu znajduje si\u0119 drugi trend. Zak\u0142ada on, \u017ce <a href=\"https:\/\/www.brw.pl\/tekstylia\/poduszki-dekoracyjne\/\">poduszki dekoracyjne<\/a> powinny stanowi\u0107 silny akcent we wn\u0119trzu, wyr\u00f3\u017cniaj\u0105c si\u0119 kolorystyk\u0105 i kontrastuj\u0105c z innymi elementami wystroju.<\/p>\n<p style=\"text-align: justify;\">To, w kt\u00f3rym kierunku zdecydujesz si\u0119 pod\u0105\u017ca\u0107, zale\u017cy od twoich indywidualnych upodoba\u0144 i przyzwyczaje\u0144.\u00a0 Je\u015bli zdecydujesz si\u0119 na pierwszy wariant,\u00a0 wybierz poduszki w kilku odcieniach tej samej barwy, co nieco urozmaici ca\u0142\u0105 aran\u017cacj\u0119. Ciekawym rozwi\u0105zaniem b\u0119dzie r\u00f3wnie\u017c zabawa materia\u0142ami, przy zachowaniu jednolitego koloru.<\/p>\n<p style=\"text-align: justify;\">W przypadku drugiego rozwi\u0105zania, pami\u0119taj o zachowaniu umiaru i wywa\u017cenia, aby efekt ko\u0144cowy nie by\u0142 przyt\u0142aczaj\u0105cy. Dobieraj\u0105c poduszki, we\u017a pod uwag\u0119 nie tylko <a href=\"https:\/\/www.brw.pl\/blog\/tapicerka-meblowa-jakie-wzory-i-kolory-opanuja-najblizsze-sezony\/\">tapicerk\u0119 kanapy<\/a>, ale r\u00f3wnie\u017c kolor ca\u0142ego wn\u0119trza, w tym \u015bcian i element\u00f3w wyposa\u017cenia.<\/p>\n<p style=\"text-align: justify;\">Dobrym pomys\u0142em b\u0119dzie pos\u0142u\u017cenie si\u0119 ko\u0142em barw. Dzi\u0119ki niemu dobierzesz idealnie pasuj\u0105ce do siebie kolory \u2013 znajduj\u0105ce si\u0119 po przeciwnych stronach ko\u0142a oraz tzw. barwy uzupe\u0142niaj\u0105ce, czyli te, kt\u00f3re na kole barw s\u0105siaduj\u0105 ze sob\u0105.<\/p>\n<figure id=\"attachment_6075\" aria-describedby=\"caption-attachment-6075\" style=\"width: 230px\" class=\"wp-caption alignleft\"><a href=\"https:\/\/www.brw.pl\/poszewka-dekoracyjna-otello,15962\"><img decoding=\"async\" class=\"wp-image-6075 lazyload\" data-src=\"https:\/\/www.brw.pl\/blog\/wp-content\/uploads\/2019\/07\/poszewka-dekoracyjna-otello-39789-xlarge-800x601.jpg\" alt=\"\" width=\"230\" height=\"173\" data-srcset=\"https:\/\/www.brw.pl\/blog\/wp-content\/uploads\/2019\/07\/poszewka-dekoracyjna-otello-39789-xlarge-800x601.jpg 800w, https:\/\/www.brw.pl\/blog\/wp-content\/uploads\/2019\/07\/poszewka-dekoracyjna-otello-39789-xlarge-768x577.jpg 768w, https:\/\/www.brw.pl\/blog\/wp-content\/uploads\/2019\/07\/poszewka-dekoracyjna-otello-39789-xlarge.jpg 1438w\" data-sizes=\"(max-width: 230px) 100vw, 230px\" src=\"data:image\/svg+xml;base64,PHN2ZyB3aWR0aD0iMSIgaGVpZ2h0PSIxIiB4bWxucz0iaHR0cDovL3d3dy53My5vcmcvMjAwMC9zdmciPjwvc3ZnPg==\" style=\"--smush-placeholder-width: 230px; --smush-placeholder-aspect-ratio: 230\/173;\" \/><\/a><figcaption id=\"caption-attachment-6075\" class=\"wp-caption-text\"><center><a href=\"https:\/\/www.brw.pl\/poszewka-dekoracyjna-otello,15962\">Poszewka Otello<\/a><\/center><\/figcaption><\/figure>\n<figure id=\"attachment_6070\" aria-describedby=\"caption-attachment-6070\" style=\"width: 230px\" class=\"wp-caption alignleft\"><a href=\"https:\/\/www.brw.pl\/poduszka-dekoracyjna-soft,13783\"><img decoding=\"async\" class=\"wp-image-6070 lazyload\" data-src=\"https:\/\/www.brw.pl\/blog\/wp-content\/uploads\/2019\/07\/poduszka-dekoracyjna-soft-40299-xlarge-800x601.jpg\" alt=\"\" width=\"230\" height=\"173\" data-srcset=\"https:\/\/www.brw.pl\/blog\/wp-content\/uploads\/2019\/07\/poduszka-dekoracyjna-soft-40299-xlarge-800x601.jpg 800w, https:\/\/www.brw.pl\/blog\/wp-content\/uploads\/2019\/07\/poduszka-dekoracyjna-soft-40299-xlarge-768x577.jpg 768w, https:\/\/www.brw.pl\/blog\/wp-content\/uploads\/2019\/07\/poduszka-dekoracyjna-soft-40299-xlarge.jpg 1438w\" data-sizes=\"(max-width: 230px) 100vw, 230px\" src=\"data:image\/svg+xml;base64,PHN2ZyB3aWR0aD0iMSIgaGVpZ2h0PSIxIiB4bWxucz0iaHR0cDovL3d3dy53My5vcmcvMjAwMC9zdmciPjwvc3ZnPg==\" style=\"--smush-placeholder-width: 230px; --smush-placeholder-aspect-ratio: 230\/173;\" \/><\/a><figcaption id=\"caption-attachment-6070\" class=\"wp-caption-text\"><center><a href=\"https:\/\/www.brw.pl\/poduszka-dekoracyjna-soft,13783\">Poduszka dekoracyjna Soft<\/a><\/center><\/figcaption><\/figure>\n<figure id=\"attachment_6069\" aria-describedby=\"caption-attachment-6069\" style=\"width: 230px\" class=\"wp-caption alignleft\"><a href=\"https:\/\/www.brw.pl\/poduszka-dekoracyjna-ludlow,28735\"><img decoding=\"async\" class=\"wp-image-6069 lazyload\" data-src=\"https:\/\/www.brw.pl\/blog\/wp-content\/uploads\/2019\/07\/poduszka-dekoracyjna-ludlow-85042-xlarge-800x601.jpg\" alt=\"\" width=\"230\" height=\"173\" data-srcset=\"https:\/\/www.brw.pl\/blog\/wp-content\/uploads\/2019\/07\/poduszka-dekoracyjna-ludlow-85042-xlarge-800x601.jpg 800w, https:\/\/www.brw.pl\/blog\/wp-content\/uploads\/2019\/07\/poduszka-dekoracyjna-ludlow-85042-xlarge-768x577.jpg 768w, https:\/\/www.brw.pl\/blog\/wp-content\/uploads\/2019\/07\/poduszka-dekoracyjna-ludlow-85042-xlarge.jpg 1438w\" data-sizes=\"(max-width: 230px) 100vw, 230px\" src=\"data:image\/svg+xml;base64,PHN2ZyB3aWR0aD0iMSIgaGVpZ2h0PSIxIiB4bWxucz0iaHR0cDovL3d3dy53My5vcmcvMjAwMC9zdmciPjwvc3ZnPg==\" style=\"--smush-placeholder-width: 230px; --smush-placeholder-aspect-ratio: 230\/173;\" \/><\/a><figcaption id=\"caption-attachment-6069\" class=\"wp-caption-text\"><center><a href=\"https:\/\/www.brw.pl\/poduszka-dekoracyjna-ludlow,28735\">Poduszka dekoracyjna Ludlow<\/a><\/center><\/figcaption><\/figure>\n<h2><\/h2>\n<h2 style=\"text-align: justify;\"><strong>Polub si\u0119 ze wzorzystymi poduszkami!<\/strong><\/h2>\n<p style=\"text-align: justify;\">Tekstura oraz wz\u00f3r wybranych przez ciebie poduszek s\u0105 kluczowe dla ka\u017cdej aran\u017cacji. To w\u0142a\u015bnie one podkre\u015blaj\u0105 indywidualny charakter pomieszczenia oraz stanowi\u0105 przys\u0142owiow\u0105 kropk\u0119 nad \u201ei\u201d. W tym przypadku wyb\u00f3r jest naprawd\u0119 szeroki: poczynaj\u0105c od bardzo modnych wzor\u00f3w geometrycznych i ro\u015blinnych, poprzez motywy retro oraz minimalistyczne, a na tr\u00f3jwymiarowych i po\u0142yskuj\u0105cych fakturach ko\u0144cz\u0105c.<\/p>\n<p><img decoding=\"async\" class=\"size-medium wp-image-6076 alignleft lazyload\" data-src=\"https:\/\/www.brw.pl\/blog\/wp-content\/uploads\/2019\/07\/Zdjecie-style-Porto-5lFaYeqWeaWZRmdiQiHtf-800x533.jpg\" alt=\"\" width=\"800\" height=\"533\" data-srcset=\"https:\/\/www.brw.pl\/blog\/wp-content\/uploads\/2019\/07\/Zdjecie-style-Porto-5lFaYeqWeaWZRmdiQiHtf-800x533.jpg 800w, https:\/\/www.brw.pl\/blog\/wp-content\/uploads\/2019\/07\/Zdjecie-style-Porto-5lFaYeqWeaWZRmdiQiHtf-768x512.jpg 768w, https:\/\/www.brw.pl\/blog\/wp-content\/uploads\/2019\/07\/Zdjecie-style-Porto-5lFaYeqWeaWZRmdiQiHtf.jpg 1620w\" data-sizes=\"(max-width: 800px) 100vw, 800px\" src=\"data:image\/svg+xml;base64,PHN2ZyB3aWR0aD0iMSIgaGVpZ2h0PSIxIiB4bWxucz0iaHR0cDovL3d3dy53My5vcmcvMjAwMC9zdmciPjwvc3ZnPg==\" style=\"--smush-placeholder-width: 800px; --smush-placeholder-aspect-ratio: 800\/533;\" \/><\/p>\n<p style=\"text-align: justify;\"><strong>Nie b\u00f3j si\u0119 r\u00f3\u017cnorodno\u015bci i mieszania wzor\u00f3w<\/strong> \u2013 je\u015bli po\u0142\u0105czy je wsp\u00f3lny mianownik z du\u017cym prawdopodobie\u0144stwem stworz\u0105 wsp\u00f3lnie harmonijn\u0105 ca\u0142o\u015b\u0107. Jednym z najpopularniejszych rozwi\u0105za\u0144 jest \u0142\u0105czenie poduszek przy zachowaniu jednego koloru przewodniego, kt\u00f3ry mo\u017ce powtarza\u0107 si\u0119 w ca\u0142ym pomieszczeniu.<\/p>\n<p style=\"text-align: justify;\">Bardzo ciekawie prezentuje si\u0119 r\u00f3wnie\u017c zabawa wzorami w ramach tego samego stylu, np. kilka poduszek z r\u00f3\u017cnorodnymi wzorami geometrycznymi lub kwiatowymi. Interesuj\u0105ce efekty uzyskasz te\u017c, miksuj\u0105c ze sob\u0105 poszczeg\u00f3lne wzory.<\/p>\n<p style=\"text-align: justify;\">Pami\u0119taj jednak o zachowaniu umiaru i proporcji, aby efekt ko\u0144cowy nie by\u0142 zbyt przyt\u0142aczaj\u0105cy. <strong>Poduszki postaraj si\u0119 \u0142\u0105czy\u0107 w pary, gdzie jeden du\u017cy, zdecydowany wz\u00f3r b\u0119dzie \u0142\u0105czy\u0107 si\u0119 z ma\u0142ym i drobnym. Wzorzyst\u0105 poszewk\u0119 mo\u017cesz te\u017c prze\u0142ama\u0107 jednokolorow\u0105. <\/strong><\/p>\n<figure id=\"attachment_6074\" aria-describedby=\"caption-attachment-6074\" style=\"width: 230px\" class=\"wp-caption alignleft\"><a href=\"https:\/\/www.brw.pl\/poduszka-tanger,16955\"><img decoding=\"async\" class=\"wp-image-6074 lazyload\" data-src=\"https:\/\/www.brw.pl\/blog\/wp-content\/uploads\/2019\/07\/poduszka-tanger-39041-xlarge-800x601.jpg\" alt=\"\" width=\"230\" height=\"173\" data-srcset=\"https:\/\/www.brw.pl\/blog\/wp-content\/uploads\/2019\/07\/poduszka-tanger-39041-xlarge-800x601.jpg 800w, https:\/\/www.brw.pl\/blog\/wp-content\/uploads\/2019\/07\/poduszka-tanger-39041-xlarge-768x577.jpg 768w, https:\/\/www.brw.pl\/blog\/wp-content\/uploads\/2019\/07\/poduszka-tanger-39041-xlarge.jpg 1438w\" data-sizes=\"(max-width: 230px) 100vw, 230px\" src=\"data:image\/svg+xml;base64,PHN2ZyB3aWR0aD0iMSIgaGVpZ2h0PSIxIiB4bWxucz0iaHR0cDovL3d3dy53My5vcmcvMjAwMC9zdmciPjwvc3ZnPg==\" style=\"--smush-placeholder-width: 230px; --smush-placeholder-aspect-ratio: 230\/173;\" \/><\/a><figcaption id=\"caption-attachment-6074\" class=\"wp-caption-text\"><center><a href=\"https:\/\/www.brw.pl\/poduszka-tanger,16955\">Poduszka Tanger<\/a><\/center><\/figcaption><\/figure>\n<figure id=\"attachment_6071\" aria-describedby=\"caption-attachment-6071\" style=\"width: 230px\" class=\"wp-caption alignleft\"><a href=\"https:\/\/www.brw.pl\/poduszka-dekoracyjna-velvet,12711\"><img decoding=\"async\" class=\"wp-image-6071 lazyload\" data-src=\"https:\/\/www.brw.pl\/blog\/wp-content\/uploads\/2019\/07\/poduszka-dekoracyjna-zapinana-na-suwak-velvet-71644-xlarge-800x601.jpg\" alt=\"\" width=\"230\" height=\"173\" data-srcset=\"https:\/\/www.brw.pl\/blog\/wp-content\/uploads\/2019\/07\/poduszka-dekoracyjna-zapinana-na-suwak-velvet-71644-xlarge-800x601.jpg 800w, https:\/\/www.brw.pl\/blog\/wp-content\/uploads\/2019\/07\/poduszka-dekoracyjna-zapinana-na-suwak-velvet-71644-xlarge-768x577.jpg 768w, https:\/\/www.brw.pl\/blog\/wp-content\/uploads\/2019\/07\/poduszka-dekoracyjna-zapinana-na-suwak-velvet-71644-xlarge.jpg 1438w\" data-sizes=\"(max-width: 230px) 100vw, 230px\" src=\"data:image\/svg+xml;base64,PHN2ZyB3aWR0aD0iMSIgaGVpZ2h0PSIxIiB4bWxucz0iaHR0cDovL3d3dy53My5vcmcvMjAwMC9zdmciPjwvc3ZnPg==\" style=\"--smush-placeholder-width: 230px; --smush-placeholder-aspect-ratio: 230\/173;\" \/><\/a><figcaption id=\"caption-attachment-6071\" class=\"wp-caption-text\"><center><a href=\"https:\/\/www.brw.pl\/poduszka-dekoracyjna-velvet,12711\">\u017b\u00f3\u0142ta poduszka Velvet<\/a><\/center><\/figcaption><\/figure>\n<figure id=\"attachment_6067\" aria-describedby=\"caption-attachment-6067\" style=\"width: 230px\" class=\"wp-caption alignleft\"><a href=\"https:\/\/www.brw.pl\/poduszka-dekoracyjna,23041\"><img decoding=\"async\" class=\"wp-image-6067 lazyload\" data-src=\"https:\/\/www.brw.pl\/blog\/wp-content\/uploads\/2019\/07\/poduszka-dekoracyjna-43834-xlarge-800x601.jpg\" alt=\"\" width=\"230\" height=\"173\" data-srcset=\"https:\/\/www.brw.pl\/blog\/wp-content\/uploads\/2019\/07\/poduszka-dekoracyjna-43834-xlarge-800x601.jpg 800w, https:\/\/www.brw.pl\/blog\/wp-content\/uploads\/2019\/07\/poduszka-dekoracyjna-43834-xlarge-768x577.jpg 768w, https:\/\/www.brw.pl\/blog\/wp-content\/uploads\/2019\/07\/poduszka-dekoracyjna-43834-xlarge.jpg 1438w\" data-sizes=\"(max-width: 230px) 100vw, 230px\" src=\"data:image\/svg+xml;base64,PHN2ZyB3aWR0aD0iMSIgaGVpZ2h0PSIxIiB4bWxucz0iaHR0cDovL3d3dy53My5vcmcvMjAwMC9zdmciPjwvc3ZnPg==\" style=\"--smush-placeholder-width: 230px; --smush-placeholder-aspect-ratio: 230\/173;\" \/><\/a><figcaption id=\"caption-attachment-6067\" class=\"wp-caption-text\"><center><a href=\"https:\/\/www.brw.pl\/poduszka-dekoracyjna,23041\">Poduszka dekoracyjna w azteckim stylu<\/a><\/center><\/figcaption><\/figure>\n<h2><\/h2>\n<h2 style=\"text-align: justify;\"><strong>Uk\u0142ad i liczba poduszek te\u017c ma znaczenie!<\/strong><\/h2>\n<p style=\"text-align: justify;\">Gdy zastanawiasz si\u0119, jak u\u0142o\u017cy\u0107 poduszki na \u0142\u00f3\u017cku, koniecznie zastan\u00f3w si\u0119 nie tylko nad ich rozmieszczeniem, ale tak\u017ce nad liczb\u0105. Ta ostatnia powinna by\u0107 dopasowana do wielko\u015bci mebla, kt\u00f3ry chcesz udekorowa\u0107. Male\u0144ka poduszka na ogromnym \u0142o\u017cu ma\u0142\u017ce\u0144skim mo\u017ce wygl\u0105da\u0107 samotnie. Z kolei zbyt du\u017co dodatk\u00f3w na jednoosobowym \u0142\u00f3\u017cku mo\u017ce sprawi\u0107, i\u017c wn\u0119trze b\u0119dzie wydawa\u0107 si\u0119 zagracone.<\/p>\n<p style=\"text-align: justify;\">Jak odnale\u017a\u0107 z\u0142oty \u015brodek? We\u017a z innych pomieszcze\u0144 tyle poduszek, ile planujesz u\u0142o\u017cy\u0107 na \u0142\u00f3\u017cku i \u201ezamarkuj\u201d wymarzony przez Ciebie uk\u0142ad. Teraz oddal si\u0119 o kilka krok\u00f3w od \u0142\u00f3\u017cka i sp\u00f3jrz na nie z dalszej perspektywy. Czy w pomieszczeniu nada zachowane s\u0105 proporcje? Czy na \u0142\u00f3\u017cku da si\u0119 w og\u00f3le\u00a0wygodnie usi\u0105\u015b\u0107?<\/p>\n<p><img decoding=\"async\" class=\"size-medium wp-image-6068 aligncenter lazyload\" data-src=\"https:\/\/www.brw.pl\/blog\/wp-content\/uploads\/2019\/07\/poduszka-dekoracyjna-llanos-84801-xlarge-800x601.jpg\" alt=\"\" width=\"800\" height=\"601\" data-srcset=\"https:\/\/www.brw.pl\/blog\/wp-content\/uploads\/2019\/07\/poduszka-dekoracyjna-llanos-84801-xlarge-800x601.jpg 800w, https:\/\/www.brw.pl\/blog\/wp-content\/uploads\/2019\/07\/poduszka-dekoracyjna-llanos-84801-xlarge-768x577.jpg 768w, https:\/\/www.brw.pl\/blog\/wp-content\/uploads\/2019\/07\/poduszka-dekoracyjna-llanos-84801-xlarge.jpg 1438w\" data-sizes=\"(max-width: 800px) 100vw, 800px\" src=\"data:image\/svg+xml;base64,PHN2ZyB3aWR0aD0iMSIgaGVpZ2h0PSIxIiB4bWxucz0iaHR0cDovL3d3dy53My5vcmcvMjAwMC9zdmciPjwvc3ZnPg==\" style=\"--smush-placeholder-width: 800px; --smush-placeholder-aspect-ratio: 800\/601;\" \/><\/p>\n<p style=\"text-align: justify;\">Je\u015bli chodzi o spos\u00f3b u\u0142o\u017cenia poduszek, nie obowi\u0105zuj\u0105 \u017cadne sztywne regu\u0142y. <strong>Bardzo popularnym rozwi\u0105zaniem jest ich symetryczne rozmieszczenie w 2 lub 3 rz\u0119dach. R\u00f3wnie cz\u0119sto spotka\u0107 mo\u017cna kompozycj\u0119 z nieparzystej liczby poduch \u2013 wtedy nieparzysta poduszka b\u0119d\u0105ca najmocniejszym akcentem ca\u0142ej kompozycji znajduje si\u0119 na \u015brodku \u0142\u00f3\u017cka.<\/strong><\/p>\n<p style=\"text-align: justify;\">Mi\u0142o\u015bnikom artystycznego nie\u0142adu z pewno\u015bci\u0105 przypadnie do gustu uk\u0142ad asymetryczny, kt\u00f3ry idealnie sprawdza si\u0119 w nowoczesnych wn\u0119trzach. Taka kompozycja daje nam zdecydowanie wi\u0119cej swobody, czyni\u0105c aran\u017cacj\u0119 nieco mniej formaln\u0105.<\/p>\n<p style=\"text-align: justify;\">W obu przypadkach warto trzyma\u0107 si\u0119 uk\u0142adu \u201eod najmniejszego do najwi\u0119kszego\u201d, dzi\u0119ki czemu wszystkie poduszki b\u0119d\u0105 mog\u0142y by\u0107 odpowiednio zaprezentowane i \u017cadna nie \u201ezgubi si\u0119\u201d w aran\u017cacji.<\/p>\n<p class=\"ql-align-justify\">Poduszki dekoracyjne, cho\u0107 stanowi\u0105 niepozorny dodatek do wn\u0119trz, to dobrane wed\u0142ug odpowiedniego klucza potrafi\u0105 ca\u0142kowicie odmieni\u0107 wystr\u00f3j sypialni lub pokoju dziennego. Uk\u0142adaj\u0105c poduszki na \u0142\u00f3\u017cku, mo\u017cesz kierowa\u0107 si\u0119 ich wielko\u015bciami, kolorem, kszta\u0142tem, a nawet wzorem i tworzy\u0107 w ten spos\u00f3b oryginalne, przyjemne dla oka kompozycje. Na szcz\u0119\u015bcie, je\u015bli chodzi o dodatki, nie musisz si\u0119 ogranicza\u0107 &#8211; testuj r\u00f3\u017cne warianty i za ka\u017cdym razem podziwiaj efekty swojej pracy. Dobra zabawa gwarantowana!<\/p>\n<p style=\"text-align: justify;\">Wiesz ju\u017c, jak u\u0142o\u017cy\u0107 poduszki w sypialni. <a href=\"https:\/\/www.brw.pl\/blog\/jak-urzadzic-przytulna-sypialnie\/\">Chcesz urz\u0105dzi\u0107 przytuln\u0105 sypialni\u0119?<\/a> Kliknij obok i przeczytaj nasz artyku\u0142.<\/p>\n","protected":false},"excerpt":{"rendered":"<p>Dzi\u0119ki poduszkom dekoracyjnym wn\u0119trze nabiera indywidualnego charakteru. Jednak jak je u\u0142o\u017cy\u0107, aby unikn\u0105\u0107 wra\u017cenia chaosu i ba\u0142aganu? Jak \u0142\u0105czy\u0107 r\u00f3\u017cne formy, kolory i faktury poduch, by wci\u0105\u017c sprawia\u0142y wra\u017cenie przemy\u015blanej i sp\u00f3jnej ca\u0142o\u015bci? Z tego artyku\u0142u dowiesz si\u0119: jakie poduszki dekoracyjne mo\u017cesz wybra\u0107 do swojej sypialni, w jaki spos\u00f3b uk\u0142ada\u0107 poduszki zr\u00f3\u017cnicowane pod wzgl\u0119dem wielko\u015bci, [&hellip;]<\/p>\n","protected":false},"author":15,"featured_media":6063,"comment_status":"open","ping_status":"open","sticky":false,"template":"","format":"standard","meta":{"footnotes":""},"categories":[28,574,29],"tags":[733],"aioseo_notices":[],"_links":{"self":[{"href":"https:\/\/www.brw.pl\/blog\/wp-json\/wp\/v2\/posts\/6056"}],"collection":[{"href":"https:\/\/www.brw.pl\/blog\/wp-json\/wp\/v2\/posts"}],"about":[{"href":"https:\/\/www.brw.pl\/blog\/wp-json\/wp\/v2\/types\/post"}],"author":[{"embeddable":true,"href":"https:\/\/www.brw.pl\/blog\/wp-json\/wp\/v2\/users\/15"}],"replies":[{"embeddable":true,"href":"https:\/\/www.brw.pl\/blog\/wp-json\/wp\/v2\/comments?post=6056"}],"version-history":[{"count":11,"href":"https:\/\/www.brw.pl\/blog\/wp-json\/wp\/v2\/posts\/6056\/revisions"}],"predecessor-version":[{"id":37542,"href":"https:\/\/www.brw.pl\/blog\/wp-json\/wp\/v2\/posts\/6056\/revisions\/37542"}],"wp:featuredmedia":[{"embeddable":true,"href":"https:\/\/www.brw.pl\/blog\/wp-json\/wp\/v2\/media\/6063"}],"wp:attachment":[{"href":"https:\/\/www.brw.pl\/blog\/wp-json\/wp\/v2\/media?parent=6056"}],"wp:term":[{"taxonomy":"category","embeddable":true,"href":"https:\/\/www.brw.pl\/blog\/wp-json\/wp\/v2\/categories?post=6056"},{"taxonomy":"post_tag","embeddable":true,"href":"https:\/\/www.brw.pl\/blog\/wp-json\/wp\/v2\/tags?post=6056"}],"curies":[{"name":"wp","href":"https:\/\/api.w.org\/{rel}","templated":true}]}}