{"id":609,"date":"2015-10-19T08:00:19","date_gmt":"2015-10-19T06:00:19","guid":{"rendered":"http:\/\/www.mojaplanetadom.pl\/?p=609"},"modified":"2024-10-04T09:19:42","modified_gmt":"2024-10-04T07:19:42","slug":"urzadz-salon-laczony-z-kuchnia","status":"publish","type":"post","link":"https:\/\/www.brw.pl\/blog\/urzadz-salon-laczony-z-kuchnia\/","title":{"rendered":"Urz\u0105d\u017a salon \u0142\u0105czony z kuchni\u0105"},"content":{"rendered":"<p data-pm-slice=\"1 1 []\"><strong>Trendy w dzisiejszej architekturze wn\u0119trz w du\u017cej mierze dotycz\u0105 otwartej strefy dziennej, czyli \u0142\u0105czenia ze sob\u0105 kilku pomieszcze\u0144: salonu, kuchni oraz jadalni. Tak zwany kuchnio-salon to rozwi\u0105zanie dobre zar\u00f3wno dla ma\u0142ych, jak i du\u017cych wn\u0119trz. Efektown\u0105 przestrze\u0144 tego typu mo\u017cna wypracowa\u0107 na wiele sposob\u00f3w. A co r\u00f3wnie istotne \u2013 ten pomys\u0142 aran\u017cacyjny sprawdzi si\u0119 zar\u00f3wno w nowoczesnym wydaniu, jak i w stylach inspirowanych minionymi czasami.<\/strong><\/p>\n<p>\u0141\u0105czenie ze sob\u0105 poszczeg\u00f3lnych pomieszcze\u0144 to rozwi\u0105zanie modne i wygodne. Aran\u017cacja kuchni po\u0142\u0105czonej z salonem jest \u0142atwiejsza, poniewa\u017c nie ma \u015bcian, kt\u00f3re optycznie ograniczaj\u0105 przestrze\u0144. W dodatku \u0142adne meble kuchenne s\u0105 poniek\u0105d ozdob\u0105 r\u00f3wnie\u017c salonu, czy te\u017c cz\u0119\u015bci jadalnianej. Jak m\u0105drze urz\u0105dzi\u0107 t\u0119 przestrze\u0144?<\/p>\n<h2><strong>Meble kuchenne &#8211; wybierz takie, kt\u00f3re optycznie powi\u0119kszaj\u0105 przestrze\u0144<\/strong><\/h2>\n<p>Stref\u0105 dzienn\u0105 nazywamy najbardziej reprezentacyjn\u0105 cz\u0119\u015b\u0107 domu b\u0105d\u017a mieszkania. Jej odpowiednie rozplanowanie umo\u017cliwia wsp\u00f3lne spo\u017cywanie posi\u0142k\u00f3w oraz ogl\u0105danie telewizji. Wa\u017cne jest jednak wypracowanie sp\u00f3jnej ca\u0142o\u015bci. Mo\u017cna to uzyska\u0107 na wiele sposob\u00f3w, m.in. przemy\u015blanym o\u015bwietleniem oraz ustawieniem mebli.<\/p>\n<p>Specjali\u015bci z naszej <a href=\"https:\/\/www.brw.pl\/\" target=\"_blank\" rel=\"noopener noreferrer\">firmy Black Red White<\/a> podpowiadaj\u0105, na kt\u00f3re elementy wystroju warto zwr\u00f3ci\u0107 uwag\u0119, aby otwarta strefa dzienna by\u0142a zar\u00f3wno funkcjonalna, jak i efektowna.<\/p>\n<figure id=\"attachment_611\" aria-describedby=\"caption-attachment-611\" style=\"width: 653px\" class=\"wp-caption aligncenter\"><a href=\"https:\/\/www.brw.pl\/blog\/wp-content\/uploads\/2015\/10\/Black-Red-White-Senso-Kitchens-38th-elysee-avenue.jpg\"><img decoding=\"async\" class=\"size-medium wp-image-611 lazyload\" data-src=\"\/blog\/wp-content\/uploads\/2015\/10\/Black-Red-White-Senso-Kitchens-38th-elysee-avenue-653x367.jpg\" alt=\"Black Red White, Senso Kitchens 38th elysee avenue\" width=\"653\" height=\"367\" data-srcset=\"https:\/\/www.brw.pl\/blog\/wp-content\/uploads\/2015\/10\/Black-Red-White-Senso-Kitchens-38th-elysee-avenue-653x367.jpg 653w, https:\/\/www.brw.pl\/blog\/wp-content\/uploads\/2015\/10\/Black-Red-White-Senso-Kitchens-38th-elysee-avenue.jpg 956w\" data-sizes=\"(max-width: 653px) 100vw, 653px\" src=\"data:image\/svg+xml;base64,PHN2ZyB3aWR0aD0iMSIgaGVpZ2h0PSIxIiB4bWxucz0iaHR0cDovL3d3dy53My5vcmcvMjAwMC9zdmciPjwvc3ZnPg==\" style=\"--smush-placeholder-width: 653px; --smush-placeholder-aspect-ratio: 653\/367;\" \/><\/a><figcaption id=\"caption-attachment-611\" class=\"wp-caption-text\">Black Red White, Senso Kitchens 38th elysee avenue<\/figcaption><\/figure>\n<ul>\n<li style=\"list-style-type: none;\">\n<ol data-pm-slice=\"3 3 []\">\n<li>\n<h2><strong>Rodzaj kuchni<\/strong><\/h2>\n<\/li>\n<\/ol>\n<p>Otwarta strefa dzienna to przede wszystkim kuchnia i salon oraz to, w jaki spos\u00f3b si\u0119 przenikaj\u0105. Istnieje kilka mo\u017cliwo\u015bci:<\/p>\n<ul>\n<li><strong>Kuchnia, kt\u00f3ra wtapia si\u0119 w t\u0142o.<\/strong> Mo\u017cna uzyska\u0107 ten efekt dzi\u0119ki sprz\u0119tom AGD przeznaczonym pod zabudow\u0119 oraz niewyr\u00f3\u017cnianiu poszczeg\u00f3lnych pomieszcze\u0144 za pomoc\u0105 materia\u0142\u00f3w wyko\u0144czeniowych (np. r\u00f3\u017cnych p\u0142ytek ceramicznych w kuchni i paneli w salonie). Dobieraj j\u0105 r\u00f3wnie\u017c pod k\u0105tem kolorystyki \u015bcian. Jasna kuchnia przy jasnym wystroju i ciemna &#8211; je\u015bli aneks kuchenny \u0142\u0105czy si\u0119 z ciemnym wn\u0119trzem salonu.<\/li>\n<li><strong>Kuchnia w postaci wyspy.<\/strong> To najciekawsza i najbardziej wymagaj\u0105ca forma aran\u017cacji pomieszczenia, poniewa\u017c ka\u017cdy element jest widziany z salonu. Wyspa kuchenna to najcz\u0119\u015bciej miejsce, na kt\u00f3rym znajduje si\u0119 p\u0142yta grzewcza lub kuchenka gazowa. \u015awietnie sprawdzi si\u0119 tutaj nasza <a href=\"https:\/\/www.brw.pl\/capital-38th-elysee-avenue,22125\" target=\"_blank\" rel=\"noopener noreferrer\"><strong>kolekcja Senso Kitchens \u2013 Capital<\/strong><\/a>. Szeroki wyb\u00f3r kolorowych front\u00f3w oraz modu\u0142owa \u0142\u0105czliwo\u015b\u0107 to pomys\u0142 na stworzenie wn\u0119trza dostosowanego do Twoich oczekiwa\u0144.Wyspa kuchenna jest bardzo stylowym rozwi\u0105zaniem, jednak trzeba pami\u0119ta\u0107, \u017ce w\u00f3wczas aneks kuchenny jest do\u015b\u0107 mocno wyeksponowany. Ma\u0142a kuchnia mo\u017ce nie ud\u017awign\u0105\u0107 takiego rozwi\u0105zania.<\/li>\n<li><strong>Tradycyjna kuchnia schowana we wn\u0119ce.<\/strong> Je\u015bli pozwala na to uk\u0142ad pomieszczenia i mo\u017cesz nieco ukry\u0107 kuchni\u0119, czemu tego nie zrobi\u0107? Taka aran\u017cacja zale\u017cy od rodzaju wn\u0119trza oraz wielko\u015bci wn\u0119ki, ale dzi\u0119ki wspomnianemu rozwi\u0105zaniu kuchnia zostaje wyodr\u0119bniona, a jednocze\u015bnie dyskretnie wtapia si\u0119 w mieszkanie. Wszystko w my\u015bl zasady \u201erazem, a jednak osobno\u201d. Je\u015bli w dodatku wn\u0119ka znajduje si\u0119 w naro\u017cniku pomieszczenia &#8211; tym lepiej. Mo\u017cesz oddzieli\u0107 je np. a\u017curow\u0105 \u015bciank\u0105 z drewna. W rogu kuchni swobodnie mo\u017ce stan\u0105\u0107 praktyczna szafka naro\u017cna, w kt\u00f3rej znajdzie si\u0119 miejsce na wiele sprz\u0119t\u00f3w kuchennych.<\/li>\n<\/ul>\n<\/li>\n<\/ul>\n<figure id=\"attachment_612\" aria-describedby=\"caption-attachment-612\" style=\"width: 653px\" class=\"wp-caption aligncenter\"><a href=\"https:\/\/www.brw.pl\/blog\/wp-content\/uploads\/2015\/10\/Black-Red-White-Senso-Kitchens-Capital.jpg\"><img decoding=\"async\" class=\"size-medium wp-image-612 lazyload\" data-src=\"\/blog\/wp-content\/uploads\/2015\/10\/Black-Red-White-Senso-Kitchens-Capital-653x367.jpg\" alt=\"Black Red White, Senso Kitchens Capital\" width=\"653\" height=\"367\" data-srcset=\"https:\/\/www.brw.pl\/blog\/wp-content\/uploads\/2015\/10\/Black-Red-White-Senso-Kitchens-Capital-653x367.jpg 653w, https:\/\/www.brw.pl\/blog\/wp-content\/uploads\/2015\/10\/Black-Red-White-Senso-Kitchens-Capital-1024x576.jpg 1024w, https:\/\/www.brw.pl\/blog\/wp-content\/uploads\/2015\/10\/Black-Red-White-Senso-Kitchens-Capital.jpg 1920w\" data-sizes=\"(max-width: 653px) 100vw, 653px\" src=\"data:image\/svg+xml;base64,PHN2ZyB3aWR0aD0iMSIgaGVpZ2h0PSIxIiB4bWxucz0iaHR0cDovL3d3dy53My5vcmcvMjAwMC9zdmciPjwvc3ZnPg==\" style=\"--smush-placeholder-width: 653px; --smush-placeholder-aspect-ratio: 653\/367;\" \/><\/a><figcaption id=\"caption-attachment-612\" class=\"wp-caption-text\">Black Red White, Senso Kitchens Capital<\/figcaption><\/figure>\n<ol start=\"2\" data-pm-slice=\"3 1 []\">\n<li>\n<h2><strong>Zr\u00f3\u017cnicowanie materia\u0142\u00f3w<\/strong><\/h2>\n<\/li>\n<\/ol>\n<p>Wyko\u0144czenie pod\u0142\u00f3g oraz \u015bcian w r\u00f3\u017cny spos\u00f3b to pierwszy krok do klarownego wydzielenia w otwartej przestrzeni odr\u0119bnych pomieszcze\u0144. W kuchni \u2013 wymagaj\u0105cej nieustannej piel\u0119gnacji \u2013 sprawdz\u0105 si\u0119 p\u0142ytki ceramiczne, kt\u00f3re s\u0105 nie tylko estetyczne, lecz tak\u017ce zapewniaj\u0105 komfort u\u017cytkowania. Wszystko dzi\u0119ki ich w\u0142a\u015bciwo\u015bciom: odporne na zmiany temperatur, \u0142atwe w czyszczeniu oraz piel\u0119gnacji, umo\u017cliwiaj\u0105 instalacj\u0119 ogrzewania pod\u0142ogowego.<\/p>\n<p>Salon natomiast wspaniale si\u0119 prezentuje z drewnianym parkietem b\u0105d\u017a panelami. Zestawienie ich z ceramik\u0105 daje jasny podzia\u0142 przestrzeni, ale\u2026 trendy si\u0119 zmieniaj\u0105 i coraz cz\u0119\u015bciej tak\u017ce w salonie pojawiaj\u0105 si\u0119 p\u0142ytki. Umieszczenie p\u0142ytek ceramicznych od strony salonu mo\u017ce si\u0119 okaza\u0107 bardzo dobrym pomys\u0142em. Jest to rozwi\u0105zanie praktyczne, a p\u0142ytki mo\u017cesz dobra\u0107 tak, by doskonale imitowa\u0142y deski.<\/p>\n<ol start=\"3\">\n<li>\n<h2><strong>Ustawienie mebli<\/strong><\/h2>\n<\/li>\n<\/ol>\n<p>Kluczem do sukcesu jest rozplanowanie przestrzeni i stworzenie klarownych korytarzy komunikacyjnych. Jeden z takich element\u00f3w to wspomniana wcze\u015bniej wyspa, oddzielaj\u0105ca kuchni\u0119 od salonu. Drugim pomys\u0142em s\u0105 naro\u017cniki, kt\u00f3re \u2013 wbrew nazwie i przyzwyczajeniom \u2013 nie musz\u0105 koniecznie sta\u0107 w rogu. Ustawione ty\u0142em do kuchni utworz\u0105 jasn\u0105 granic\u0119 i uporz\u0105dkuj\u0105 przestrze\u0144. <a href=\"https:\/\/www.brw.pl\/meble\/meble-wypoczynkowe\/narozniki\/\" target=\"_blank\" rel=\"noopener noreferrer\">Naro\u017cnik Loft<\/a> \u015bwietnie wkomponuje si\u0119 zar\u00f3wno w klasyczn\u0105, jak i nowoczesn\u0105 stylizacj\u0119. Szary kolor to natomiast podstawa do bardziej wyrazistych dodatk\u00f3w.<\/p>\n<p>Czasem warto r\u00f3wnie\u017c wykorzysta\u0107 sprz\u0119t AGD, by oddzieli\u0107 przestrze\u0144 kuchni od salonu. O ile kuchenka gazowa, czy p\u0142yta grzewcza musz\u0105 mie\u0107 swoje okre\u015blone miejsce, najcz\u0119\u015bciej wbudowane w meble, o tyle lod\u00f3wk\u0105 wolnostoj\u0105c\u0105 mo\u017cesz skutecznie te przestrzenie zr\u00f3\u017cnicowa\u0107. Je\u015bli wybierzesz stylow\u0105, \u0142adn\u0105 lod\u00f3wk\u0119 &#8211; zamiast ustawia\u0107 j\u0105 w rogu kuchni &#8211; postaw j\u0105 przy wyj\u015bciu z niej.<\/p>\n<figure id=\"attachment_613\" aria-describedby=\"caption-attachment-613\" style=\"width: 653px\" class=\"wp-caption aligncenter\"><a href=\"https:\/\/www.brw.pl\/blog\/wp-content\/uploads\/2015\/10\/Black-Red-White-Senso-Kitchens-Traffic1.jpg\"><img decoding=\"async\" class=\"size-medium wp-image-613 lazyload\" data-src=\"\/blog\/wp-content\/uploads\/2015\/10\/Black-Red-White-Senso-Kitchens-Traffic1-653x367.jpg\" alt=\"Black Red White, Senso Kitchens Traffic\" width=\"653\" height=\"367\" data-srcset=\"https:\/\/www.brw.pl\/blog\/wp-content\/uploads\/2015\/10\/Black-Red-White-Senso-Kitchens-Traffic1-653x367.jpg 653w, https:\/\/www.brw.pl\/blog\/wp-content\/uploads\/2015\/10\/Black-Red-White-Senso-Kitchens-Traffic1-1024x576.jpg 1024w, https:\/\/www.brw.pl\/blog\/wp-content\/uploads\/2015\/10\/Black-Red-White-Senso-Kitchens-Traffic1.jpg 1920w\" data-sizes=\"(max-width: 653px) 100vw, 653px\" src=\"data:image\/svg+xml;base64,PHN2ZyB3aWR0aD0iMSIgaGVpZ2h0PSIxIiB4bWxucz0iaHR0cDovL3d3dy53My5vcmcvMjAwMC9zdmciPjwvc3ZnPg==\" style=\"--smush-placeholder-width: 653px; --smush-placeholder-aspect-ratio: 653\/367;\" \/><\/a><figcaption id=\"caption-attachment-613\" class=\"wp-caption-text\">Black Red White, Senso Kitchens Traffic<\/figcaption><\/figure>\n<ol start=\"4\" data-pm-slice=\"3 1 []\">\n<li>\n<h2><strong>O\u015bwietlenie<\/strong><\/h2>\n<\/li>\n<\/ol>\n<p>Najlepiej zr\u00f3\u017cnicowane, poniewa\u017c ka\u017cde z pomieszcze\u0144 wchodz\u0105cych w sk\u0142ad strefy dziennej rz\u0105dzi si\u0119 innymi prawami.<\/p>\n<ul>\n<li>W kuchni konieczne jest bardzo jasne \u015bwiat\u0142o, najlepiej padaj\u0105ce z g\u00f3ry i docieraj\u0105ce do wszystkich zakamark\u00f3w. Dlaczego? Dobrze wiedzie\u0107, co si\u0119 dosypuje do potrawy i przypadkiem nie skaleczy\u0107 si\u0119 w palce podczas krojenia. Przydatne oka\u017c\u0105 si\u0119 np. listwy ledowe zamontowane pod wisz\u0105cymi szafkami. Dadz\u0105 doskona\u0142e \u015bwiat\u0142o, a przy tym s\u0105 ta\u0144sze w eksploatacji ni\u017c halogeny. Dobre o\u015bwietlenie przyda si\u0119 tak\u017ce w rogu kuchni, je\u015bli to pomieszczenie nie ma dost\u0119pu do \u015bwiat\u0142a dziennego.<\/li>\n<li>W jadalni najwa\u017cniejsze b\u0119dzie jedno g\u0142\u00f3wne \u017ar\u00f3d\u0142o \u015bwiat\u0142a tu\u017c nad sto\u0142em. Pow\u00f3d takiego umiejscowienia pokrywa si\u0119 z tymi podanymi przy kuchni \u2013 dobrze i bezpiecznie widzie\u0107 swoje posi\u0142ki. <strong>W tym pomieszczeniu mo\u017cna zaszale\u0107 i wybra\u0107 efektowny, bogato zdobiony \u017cyrandol, np. Luna White Oval.<\/strong><\/li>\n<li>Natomiast salon potrzebuje jednego g\u0142\u00f3wnego \u015bwiat\u0142a \u2013 albo wisz\u0105cej, albo stoj\u0105cej lampy. Sprawdz\u0105 si\u0119 tak\u017ce kinkiety wystaj\u0105ce ze \u015bcian i o\u015bwietlenie dekoracyjne zamontowane np. w szklanych witrynach.<\/li>\n<\/ul>\n<p>Dobrze pami\u0119ta\u0107, \u017ceby \u015bwiat\u0142a nie by\u0142y ze sob\u0105 zintegrowane i pozwala\u0142y na odr\u0119bne o\u015bwietlanie ka\u017cdego z pomieszcze\u0144. To du\u017ca oszcz\u0119dno\u015b\u0107 oraz ciekawy efekt wizualny.<\/p>\n","protected":false},"excerpt":{"rendered":"<p>Trendy w dzisiejszej architekturze wn\u0119trz w du\u017cej mierze dotycz\u0105 otwartej strefy dziennej, czyli \u0142\u0105czenia ze sob\u0105 kilku pomieszcze\u0144: salonu, kuchni oraz jadalni. Tak zwany kuchnio-salon to rozwi\u0105zanie dobre zar\u00f3wno dla ma\u0142ych, jak i du\u017cych wn\u0119trz. Efektown\u0105 przestrze\u0144 tego typu mo\u017cna wypracowa\u0107 na wiele sposob\u00f3w. A co r\u00f3wnie istotne \u2013 ten pomys\u0142 aran\u017cacyjny sprawdzi si\u0119 zar\u00f3wno [&hellip;]<\/p>\n","protected":false},"author":3,"featured_media":694,"comment_status":"open","ping_status":"open","sticky":false,"template":"","format":"standard","meta":{"footnotes":""},"categories":[26,574],"tags":[147,146,148],"aioseo_notices":[],"_links":{"self":[{"href":"https:\/\/www.brw.pl\/blog\/wp-json\/wp\/v2\/posts\/609"}],"collection":[{"href":"https:\/\/www.brw.pl\/blog\/wp-json\/wp\/v2\/posts"}],"about":[{"href":"https:\/\/www.brw.pl\/blog\/wp-json\/wp\/v2\/types\/post"}],"author":[{"embeddable":true,"href":"https:\/\/www.brw.pl\/blog\/wp-json\/wp\/v2\/users\/3"}],"replies":[{"embeddable":true,"href":"https:\/\/www.brw.pl\/blog\/wp-json\/wp\/v2\/comments?post=609"}],"version-history":[{"count":13,"href":"https:\/\/www.brw.pl\/blog\/wp-json\/wp\/v2\/posts\/609\/revisions"}],"predecessor-version":[{"id":32259,"href":"https:\/\/www.brw.pl\/blog\/wp-json\/wp\/v2\/posts\/609\/revisions\/32259"}],"wp:featuredmedia":[{"embeddable":true,"href":"https:\/\/www.brw.pl\/blog\/wp-json\/wp\/v2\/media\/694"}],"wp:attachment":[{"href":"https:\/\/www.brw.pl\/blog\/wp-json\/wp\/v2\/media?parent=609"}],"wp:term":[{"taxonomy":"category","embeddable":true,"href":"https:\/\/www.brw.pl\/blog\/wp-json\/wp\/v2\/categories?post=609"},{"taxonomy":"post_tag","embeddable":true,"href":"https:\/\/www.brw.pl\/blog\/wp-json\/wp\/v2\/tags?post=609"}],"curies":[{"name":"wp","href":"https:\/\/api.w.org\/{rel}","templated":true}]}}