{"id":6521,"date":"2019-08-30T07:42:37","date_gmt":"2019-08-30T05:42:37","guid":{"rendered":"https:\/\/www.brw.pl\/blog\/?p=6521"},"modified":"2024-10-01T14:59:38","modified_gmt":"2024-10-01T12:59:38","slug":"ile-kosztuje-kuchnia-na-wymiar","status":"publish","type":"post","link":"https:\/\/www.brw.pl\/blog\/ile-kosztuje-kuchnia-na-wymiar\/","title":{"rendered":"Jaki jest koszt kuchni na wymiar?"},"content":{"rendered":"<p data-pm-slice=\"1 1 []\"><strong>Marzysz o tym, by domownicy czuli si\u0119 w kuchni tak dobrze, <span data-color=\"var(--purple-10)\">by nie mieli ochoty<\/span> z niej wychodzi\u0107? To mo\u017cliwe dzi\u0119ki kuchniom na wymiar. Rozwi\u0105zanie to sprawdza si\u0119 najlepiej w kuchniach o niestandardowych wymiarach, gdzie meble kupione w sklepie nie chc\u0105 si\u0119 wpasowa\u0107. Trudno sobie wyobrazi\u0107 w pe\u0142ni funkcjonaln\u0105 kuchni\u0119 bez ca\u0142ego zestawu konkretnych sprz\u0119t\u00f3w, wi\u0119c niekiedy to po prostu najlepsze rozwi\u0105zanie z mo\u017cliwych. Ile kosztuje kuchnia na wymiar?<\/strong><!--more--><\/p>\n<p><img decoding=\"async\" class=\"aligncenter wp-image-6528 size-medium lazyload\" data-src=\"https:\/\/www.brw.pl\/blog\/wp-content\/uploads\/2019\/08\/76a81658d1-800x450.jpg\" alt=\"Jaki jest koszt kuchni na wymiar?\" width=\"800\" height=\"450\" data-srcset=\"https:\/\/www.brw.pl\/blog\/wp-content\/uploads\/2019\/08\/76a81658d1-800x450.jpg 800w, https:\/\/www.brw.pl\/blog\/wp-content\/uploads\/2019\/08\/76a81658d1-768x432.jpg 768w, https:\/\/www.brw.pl\/blog\/wp-content\/uploads\/2019\/08\/76a81658d1.jpg 956w\" data-sizes=\"(max-width: 800px) 100vw, 800px\" src=\"data:image\/svg+xml;base64,PHN2ZyB3aWR0aD0iMSIgaGVpZ2h0PSIxIiB4bWxucz0iaHR0cDovL3d3dy53My5vcmcvMjAwMC9zdmciPjwvc3ZnPg==\" style=\"--smush-placeholder-width: 800px; --smush-placeholder-aspect-ratio: 800\/450;\" \/><\/p>\n<p data-pm-slice=\"1 3 []\">Je\u015bli zastanawiasz si\u0119, <span data-color=\"var(--purple-10)\">jaka jest cena mebli kuchennych na wymiar<\/span> i jakie s\u0105 plusy tej aran\u017cacji, to dobrze trafi\u0142e\u015b.\u00a0Z tego artyku\u0142u dowiesz si\u0119 mi\u0119dzy innymi:<\/p>\n<ul>\n<li><span data-color=\"var(--purple-10)\">ile kosztuj\u0105 meble kuchenne na wymiar,<\/span><\/li>\n<li><span data-color=\"var(--purple-10)\">czy warto postawi\u0107 na meble kuchenne na wymiar,<\/span><\/li>\n<li><span data-color=\"var(--purple-10)\">od czego zale\u017cy cena kuchni na wymiar,<\/span><\/li>\n<li>z jakich materia\u0142\u00f3w dobrze skorzysta\u0107 planuj\u0105c tak\u0105 aran\u017cacj\u0119,<\/li>\n<li>co warto wiedzie\u0107 wybieraj\u0105c meble kuchenne na wymiar.<\/li>\n<\/ul>\n<h2>Potrzeba matk\u0105 wynalazku\u2026 i kuchni na wymiar<\/h2>\n<p>\u015awiat, w kt\u00f3rym kuchnia w ka\u017cdym polskim mieszkaniu wygl\u0105da\u0142a identycznie, przemin\u0105\u0142 wraz ko\u0144cem epoki PRL. Dzisiaj tyle, ilu jest ludzi, tyle pomys\u0142\u00f3w na to, jakie powinny by\u0107 idealne fronty, blaty, uchwyty do szafek czy krzes\u0142a. I bardzo dobrze, \u017ce tak si\u0119 r\u00f3\u017cnimy!<\/p>\n<p>Nasze wyobra\u017cenia co do tego, jakie funkcje powinno spe\u0142nia\u0107 to pomieszczenie, nie zmieni\u0142o si\u0119 znacz\u0105co na przestrzeni dekad. Kuchnia chyba nigdy nie by\u0142a miejscem odwiedzanym wy\u0142\u0105cznie po to, aby przygotowa\u0107 obiad albo schowa\u0107 produkty spo\u017cywcze do lod\u00f3wki, ale tak\u017ce po to, by zrelaksowa\u0107 si\u0119 przy kubku kawy i porannej pras\u00f3wce, porozmawia\u0107 z dzie\u0107mi, a czasem nawet pom\u00f3c im w odrabianiu lekcji czy popracowa\u0107.<\/p>\n<p>Faktem jest tak\u017ce to, \u017ce coraz cz\u0119\u015bciej kuchnia \u0142\u0105czy si\u0119 z salonem, przez co staje si\u0119 przestrzeni\u0105, gdzie odbywaj\u0105 si\u0119 r\u00f3\u017cnego rodzaju spotkania rodzinne i towarzyskie. <span data-color=\"var(--purple-10)\">Dobrze urz\u0105dzona kuchnia powinna sprosta\u0107 ka\u017cdej z tych okazji<\/span>, a <span data-color=\"var(--purple-10)\">meble na wymiar <\/span>z pewno\u015bci\u0105 mog\u0105 w tym pom\u00f3c, podobnie jak jednolite fronty sprz\u0119t\u00f3w AGD np. z litego drewna.<\/p>\n<p>Maj\u0105c na uwadze te dwa fakty, warto mocniej zastanowi\u0107 si\u0119 nad tym, jak umeblowa\u0107 kuchni\u0119. <a href=\"https:\/\/www.brw.pl\/kolekcja-senso-kitchens,238\">Kuchnia na wymiar<\/a> jest jedn\u0105 z wartych rozwa\u017cenia opcji.<\/p>\n<figure id=\"attachment_6532\" aria-describedby=\"caption-attachment-6532\" style=\"width: 800px\" class=\"wp-caption aligncenter\"><a href=\"https:\/\/www.brw.pl\/traffic-87th-smooth-street,22143\" target=\"_blank\" rel=\"noopener noreferrer\"><img decoding=\"async\" class=\"wp-image-6532 size-medium lazyload\" data-src=\"https:\/\/www.brw.pl\/blog\/wp-content\/uploads\/2019\/08\/56f90d13c6-800x450.jpg\" alt=\"Kuchnia Traffic\" width=\"800\" height=\"450\" data-srcset=\"https:\/\/www.brw.pl\/blog\/wp-content\/uploads\/2019\/08\/56f90d13c6-800x450.jpg 800w, https:\/\/www.brw.pl\/blog\/wp-content\/uploads\/2019\/08\/56f90d13c6-768x432.jpg 768w, https:\/\/www.brw.pl\/blog\/wp-content\/uploads\/2019\/08\/56f90d13c6.jpg 956w\" data-sizes=\"(max-width: 800px) 100vw, 800px\" src=\"data:image\/svg+xml;base64,PHN2ZyB3aWR0aD0iMSIgaGVpZ2h0PSIxIiB4bWxucz0iaHR0cDovL3d3dy53My5vcmcvMjAwMC9zdmciPjwvc3ZnPg==\" style=\"--smush-placeholder-width: 800px; --smush-placeholder-aspect-ratio: 800\/450;\" \/><\/a><figcaption id=\"caption-attachment-6532\" class=\"wp-caption-text\"><a href=\"https:\/\/www.brw.pl\/traffic-87th-smooth-street,22143\" target=\"_blank\" rel=\"noopener noreferrer\">NOWOCZESNY PROJEKT KUCHNI &#8211; TRAFFIC<\/a><\/figcaption><\/figure>\n<h2>Kuchnie na wymiar, modu\u0142owe czy ekonomiczne?<\/h2>\n<p>Kiedy zaczniesz aran\u017cowa\u0107 kuchni\u0119, by\u0107 mo\u017ce kto\u015b zasugeruje Ci, \u017ceby\u015b si\u0119 zastanowi\u0142, ile kosztuje kuchnia na wymiar i zamiast niej wybra\u0142 gotowe meble, <span data-color=\"var(--purple-10)\">kt\u00f3re s\u0105 dost\u0119pne w salonach meblowych b\u0105d\u017a marketach.<\/span><\/p>\n<p data-pm-slice=\"1 1 []\"><span data-color=\"var(--purple-10)\">Tego typu zabudowa wykonana jest z \u0142atwo dost\u0119pnych materia\u0142\u00f3w oraz zaprojektowana<\/span> tak, aby zadowoli\u0107 jak najszersze gusta oraz pasowa\u0107 do standardowych wymiar\u00f3w pomieszcze\u0144. Nie uwzgl\u0119dnia natomiast nietypowego wymiaru kuchni oraz Twoich oryginalnych pomys\u0142\u00f3w na wygl\u0105d tego wn\u0119trza.<\/p>\n<p>Czy gotowe zestawy kuchenne s\u0105 z\u0142ym wyborem? Absolutnie nie! Tak\u0105 alternatyw\u0119 dla mebli na wymiar rozwa\u017c wtedy, je\u015bli dysponujesz mocno ograniczonym bud\u017cetem, a Twoja kuchnia jest klasyczn\u0105 przestrzeni\u0105 bez nietypowych udziwnie\u0144 architektonicznych (niski strop, nieu\u017cywana wn\u0119ka itp.).<\/p>\n<p>Nie jeden raz s\u0142ysza\u0142e\u015b r\u00f3wnie\u017c o meblach modu\u0142owych. Pozwol\u0105 Ci one na nieco wi\u0119ksz\u0105 swobod\u0119 ni\u017c wariant ekonomicznych zestaw\u00f3w, jednak wci\u0105\u017c nie jest to tak du\u017cy stopie\u0144 personalizacji, jaki daj\u0105 kuchnie na wymiar.<\/p>\n<blockquote class=\"instagram-media\" style=\"background: #FFF; border: 0; border-radius: 3px; box-shadow: 0 0 1px 0 rgba(0,0,0,0.5),0 1px 10px 0 rgba(0,0,0,0.15); margin: 1px; max-width: 540px; min-width: 326px; padding: 0; width: calc(100% - 2px);\" data-instgrm-permalink=\"https:\/\/www.instagram.com\/p\/BvQ0sJ0gMPX\/\" data-instgrm-version=\"12\">\n<div style=\"padding: 16px;\">\n<div style=\"display: flex; flex-direction: row; align-items: center;\"><\/div>\n<div style=\"padding: 19% 0;\"><\/div>\n<div style=\"display: block; height: 50px; margin: 0 auto 12px; width: 50px;\"><\/div>\n<div style=\"padding-top: 8px;\">\n<div style=\"color: #3897f0; font-family: Arial,sans-serif; font-size: 14px; font-style: normal; font-weight: 550; line-height: 18px;\">Wy\u015bwietl ten post na Instagramie.<\/div>\n<\/div>\n<div style=\"padding: 12.5% 0;\"><\/div>\n<div style=\"display: flex; flex-direction: row; margin-bottom: 14px; align-items: center;\"><\/div>\n<div style=\"display: flex; flex-direction: column; flex-grow: 1; justify-content: center; margin-bottom: 24px;\"><\/div>\n<p style=\"color: #c9c8cd; font-family: Arial,sans-serif; font-size: 14px; line-height: 17px; margin-bottom: 0; margin-top: 8px; overflow: hidden; padding: 8px 0 7px; text-align: center; text-overflow: ellipsis; white-space: nowrap;\"><a style=\"color: #c9c8cd; font-family: Arial,sans-serif; font-size: 14px; font-style: normal; font-weight: normal; line-height: 17px; text-decoration: none;\" href=\"https:\/\/www.instagram.com\/p\/BvQ0sJ0gMPX\/\" target=\"_blank\" rel=\"noopener noreferrer\">Post udost\u0119pniony przez @blackredwhitepl<\/a> <time style=\"font-family: Arial,sans-serif; font-size: 14px; line-height: 17px;\" datetime=\"2019-03-21T08:00:02+00:00\">Mar 21, 2019 o 1:00 PDT<\/time><\/p>\n<\/div>\n<\/blockquote>\n<p><script async=\"\" src=\"\/\/www.instagram.com\/embed.js\"><\/script><\/p>\n<h2 data-pm-slice=\"1 1 []\"><span data-color=\"var(--purple-10)\">Kuchenne meble na wymiar \u2013 o czym warto wiedzie\u0107?<\/span><\/h2>\n<p>Wymarzon\u0105 kuchni\u0119, kt\u00f3ra ma s\u0142u\u017cy\u0107 Tobie i Twoim dzieciom, warto zaprojektowa\u0107 na indywidualne zam\u00f3wienie. Najwi\u0119ksza zalet\u0105 takiej opcji jest odebranie zestawu mebli perfekcyjnie dostosowanych do Twojego mieszkania.<\/p>\n<p>W projekcie <a href=\"https:\/\/www.brw.pl\/kolekcja-senso-kitchens,238\" target=\"_blank\" rel=\"noopener noreferrer\">kuchni na wymiar <\/a>wszelkie konstrukcyjne niedogodno\u015bci, takie jak na przyk\u0142ad pochy\u0142a \u015bciana, nisko zwisaj\u0105ce krokwie pod sufitem, czy okno w osobliwym miejscu zostan\u0105 uwzgl\u0119dnione i w efekcie ko\u0144cowym b\u0119d\u0105 naturalnie wkomponowane w przestrze\u0144 pomieszczenia.<\/p>\n<p>Dzi\u0119ki kuchni na wymiar ca\u0142a dost\u0119pna przestrze\u0144 do zabudowy zostanie wykorzystana. Tam, gdzie w przypadku gotowych zestaw\u00f3w kuchennych, mog\u0142y pozostawa\u0107 wolne i niezagospodarowane k\u0105ty, w projekcie na wymiar pojawi\u0105 si\u0119 cho\u0107by wisz\u0105ce szafki czy funkcjonalne kosze.<\/p>\n<p>Kuchnie na wymiar doceni\u0105 te\u017c w\u0142a\u015bciciele niewielkich kuchni, gdzie cz\u0119sto dos\u0142ownie centymetry decyduj\u0105 o tym, czy w pomieszczeniu zmieszcz\u0105 si\u0119 wszystkie niezb\u0119dne sprz\u0119ty oraz akcesoria.<\/p>\n<div style=\"display: flex; align-items: center; justify-content: center; text-align: center;\">\n<figure id=\"attachment_6538\" aria-describedby=\"caption-attachment-6538\" style=\"width: 110px\" class=\"wp-caption alignleft\"><a href=\"https:\/\/www.brw.pl\/meble\/meble-kuchenne\/blaty\/\"><img decoding=\"async\" class=\"wp-image-6538 size-full lazyload\" data-src=\"https:\/\/www.brw.pl\/blog\/wp-content\/uploads\/2019\/08\/0d276fc78a.jpg\" alt=\"Blat - d\u0105b Lora\" width=\"110\" height=\"110\" src=\"data:image\/svg+xml;base64,PHN2ZyB3aWR0aD0iMSIgaGVpZ2h0PSIxIiB4bWxucz0iaHR0cDovL3d3dy53My5vcmcvMjAwMC9zdmciPjwvc3ZnPg==\" style=\"--smush-placeholder-width: 110px; --smush-placeholder-aspect-ratio: 110\/110;\" \/><\/a><figcaption id=\"caption-attachment-6538\" class=\"wp-caption-text\"><a href=\"https:\/\/www.brw.pl\/meble\/meble-kuchenne\/blaty\/\" target=\"_blank\" rel=\"noopener noreferrer\">Blat &#8211; d\u0105b Lora<\/a><\/figcaption><\/figure>\n<figure id=\"attachment_6539\" aria-describedby=\"caption-attachment-6539\" style=\"width: 110px\" class=\"wp-caption alignleft\"><a href=\"https:\/\/www.brw.pl\/meble\/meble-kuchenne\/blaty\/\"><img decoding=\"async\" class=\"wp-image-6539 size-full lazyload\" data-src=\"https:\/\/www.brw.pl\/blog\/wp-content\/uploads\/2019\/08\/6265cb8b89.jpg\" alt=\"Blat - arabeska\" width=\"110\" height=\"110\" src=\"data:image\/svg+xml;base64,PHN2ZyB3aWR0aD0iMSIgaGVpZ2h0PSIxIiB4bWxucz0iaHR0cDovL3d3dy53My5vcmcvMjAwMC9zdmciPjwvc3ZnPg==\" style=\"--smush-placeholder-width: 110px; --smush-placeholder-aspect-ratio: 110\/110;\" \/><\/a><figcaption id=\"caption-attachment-6539\" class=\"wp-caption-text\"><a href=\"https:\/\/www.brw.pl\/meble\/meble-kuchenne\/blaty\/\" target=\"_blank\" rel=\"noopener noreferrer\">BLAT &#8211; ARABESKA <\/a><\/figcaption><\/figure>\n<figure id=\"attachment_6540\" aria-describedby=\"caption-attachment-6540\" style=\"width: 110px\" class=\"wp-caption alignleft\"><a href=\"https:\/\/www.brw.pl\/meble\/meble-kuchenne\/blaty\/\"><img decoding=\"async\" class=\"wp-image-6540 size-full lazyload\" data-src=\"https:\/\/www.brw.pl\/blog\/wp-content\/uploads\/2019\/08\/2319138ce7.jpg\" alt=\"Blat - debesis\" width=\"110\" height=\"110\" src=\"data:image\/svg+xml;base64,PHN2ZyB3aWR0aD0iMSIgaGVpZ2h0PSIxIiB4bWxucz0iaHR0cDovL3d3dy53My5vcmcvMjAwMC9zdmciPjwvc3ZnPg==\" style=\"--smush-placeholder-width: 110px; --smush-placeholder-aspect-ratio: 110\/110;\" \/><\/a><figcaption id=\"caption-attachment-6540\" class=\"wp-caption-text\"><a href=\"https:\/\/www.brw.pl\/meble\/meble-kuchenne\/blaty\/\" target=\"_blank\" rel=\"noopener noreferrer\">BLAT &#8211; DEBESIS<\/a><\/figcaption><\/figure>\n<\/div>\n<p>Kiedy ju\u017c dobierzesz meble idealnie dopasowane do Twojej kuchni, nie zapomnij o tym, \u017ce musz\u0105 si\u0119 one atrakcyjnie prezentowa\u0107 r\u00f3wnie\u017c wieczorem \u2013 w zwi\u0105zku z tym zainwestuj w odpowiednie o\u015bwietlenie. Wolisz lampy o barwie cieplejszej czy zimniejszej? Marzysz o o\u015bwietleniu, kt\u00f3re b\u0119dzie o\u015bwietla\u0107 wn\u0119trze szuflady w chwili, kiedy j\u0105 otworzysz? A mo\u017ce chcia\u0142by\u015b efektownie wyeksponowa\u0107 dno wisz\u0105cych szafek? W\u0142a\u015bciwie dobrane o\u015bwietlenie mo\u017ce sprawi\u0107, \u017ce w kuchni b\u0119dziesz czu\u0107 si\u0119 dobrze niezale\u017cnie od pory dnia. Mo\u017cliwo\u015b\u0107 dostosowania o\u015bwietlenia daj\u0105 Ci zar\u00f3wno kuchnie na wymiar, jak r\u00f3wnie\u017c \u2013 kuchnie modu\u0142owe.<\/p>\n<div>\n<figure id=\"attachment_6553\" aria-describedby=\"caption-attachment-6553\" style=\"width: 800px\" class=\"wp-caption aligncenter\"><a href=\"https:\/\/kuchnie.brw.com.pl\/oferta\/sentima\/\" target=\"_blank\" rel=\"noopener noreferrer\"><img decoding=\"async\" class=\"wp-image-6553 size-medium lazyload\" data-src=\"https:\/\/www.brw.pl\/blog\/wp-content\/uploads\/2019\/08\/58d0c7644f-800x450.jpg\" alt=\"Kuchnia Sentima\" width=\"800\" height=\"450\" data-srcset=\"https:\/\/www.brw.pl\/blog\/wp-content\/uploads\/2019\/08\/58d0c7644f-800x450.jpg 800w, https:\/\/www.brw.pl\/blog\/wp-content\/uploads\/2019\/08\/58d0c7644f-768x432.jpg 768w, https:\/\/www.brw.pl\/blog\/wp-content\/uploads\/2019\/08\/58d0c7644f.jpg 956w\" data-sizes=\"(max-width: 800px) 100vw, 800px\" src=\"data:image\/svg+xml;base64,PHN2ZyB3aWR0aD0iMSIgaGVpZ2h0PSIxIiB4bWxucz0iaHR0cDovL3d3dy53My5vcmcvMjAwMC9zdmciPjwvc3ZnPg==\" style=\"--smush-placeholder-width: 800px; --smush-placeholder-aspect-ratio: 800\/450;\" \/><\/a><figcaption id=\"caption-attachment-6553\" class=\"wp-caption-text\"><a href=\"https:\/\/www.brw.pl\/sentima-kasetta,22158\" target=\"_blank\" rel=\"noopener noreferrer\">KLASYCZNY PROJEKT KUCHNI &#8211; SENTIMA<\/a><\/figcaption><\/figure>\n<h2 data-pm-slice=\"1 1 []\"><span data-color=\"var(--purple-10)\">Cena kuchni na wymiar<\/span><\/h2>\n<p>\u015arodki wydane na zaaran\u017cowanie kuchni zwr\u00f3c\u0105 si\u0119 w postaci komfortu u\u017cytkowania oraz zadowolenia domownik\u00f3w. Je\u015bli przemy\u015blisz inwestycj\u0119, b\u0119dziesz si\u0119 m\u00f3g\u0142 cieszy\u0107 pomieszczeniem przez wiele lat i nie przejmowa\u0107 si\u0119 konieczno\u015bci\u0105 szybkiego remontu. Dlatego przed urz\u0105dzeniem kuchni warto od\u0142o\u017cy\u0107 na jej zakup pewn\u0105 sum\u0119 pieni\u0119dzy. Jak\u0105?<\/p>\n<p>To, ile kosztuje kuchnia na wymiar zale\u017cy m.in. od:<\/p>\n<ul>\n<li>zastosowanych rozwi\u0105za\u0144, np. system\u00f3w przechowywania i o\u015bwietlenia,<\/li>\n<li>wielko\u015bci przestrzeni, kt\u00f3r\u0105 chcesz umeblowa\u0107 (<span data-color=\"var(--purple-10)\">z regu\u0142y im wi\u0119kszy metra\u017c, tym wy\u017csza cena<\/span>),<\/li>\n<li>rodzaju materia\u0142\u00f3w, z jakich maj\u0105 by\u0107 wykonane meble (meble z p\u0142yty mdf czy meble drewniane?).<\/li>\n<\/ul>\n<p>W zwi\u0105zku z tym trudno jest ustali\u0107 jedn\u0105, uniwersaln\u0105 stawk\u0119 <span data-color=\"var(--purple-10)\">za meble kuchenne na wymiar. <\/span><\/p>\n<h2 data-pm-slice=\"1 1 []\"><span data-color=\"var(--purple-10)\">Ile kosztuje projekt kuchni na wymiar? Wiele zale\u017cy od materia\u0142\u00f3w<\/span><\/h2>\n<p>Kiedy decydujesz si\u0119 na inwestycj\u0119, jak\u0105 jest kuchnia na miar\u0119, cena jej wyposa\u017cenia b\u0119dzie si\u0119 waha\u0142a w zale\u017cno\u015bci od tego, na jaki materia\u0142 si\u0119 zdecydujesz.<\/p>\n<ul>\n<li><strong>P\u0142yta MDF<\/strong><\/li>\n<\/ul>\n<p data-pm-slice=\"1 1 []\"><span data-color=\"var(--purple-10)\">Meble z p\u0142yty MDF<\/span> to najbardziej przyst\u0119pne, bud\u017cetowe rozwi\u0105zanie, je\u015bli chodzi o kuchenne materia\u0142y. Nazwa tworzywa MDF pochodzi z j\u0119zyka angielskiego (<em>medium-density fibreboard)) <\/em>i oznacza p\u0142yt\u0119 pil\u015bniow\u0105 \u015bredniej g\u0119sto\u015bci.<\/p>\n<p>W praktyce oznacza to, \u017ce powstaje ona w wyniku zmielenia i sprasowania drewna, do kt\u00f3rego dodaje si\u0119 zwi\u0105zki pochodzenia organicznego. W konsekwencji otrzymujemy materia\u0142 wytrzyma\u0142y i \u0142atwy do kszta\u0142towania. Mo\u017cesz pokry\u0107 go foli\u0105 PCV lub lakierem. Dzi\u0119ki temu uzyskasz mo\u017cliwo\u015b\u0107 wi\u0119kszej personalizacji i wyboru blat\u00f3w w rozmaitych odcieniach i wzorach.\u00a0<span data-color=\"var(--purple-10)\">Co wi\u0119cej, taka folia charakteryzuje si\u0119 odporno\u015bci\u0105 na zarysowania czy inne uszkodzenia mechaniczne. <\/span><\/p>\n<p>Chcesz, aby wyko\u0144czenie kuchni poch\u0142on\u0119\u0142o jak najmniej koszt\u00f3w? <span data-color=\"var(--purple-10)\">Zam\u00f3w<\/span> <span data-color=\"var(--purple-10)\">meble na wymiar z p\u0142yty MDF<\/span> \u2013 <span data-color=\"var(--purple-10)\">cena za metr bie\u017c\u0105cy tego materia\u0142u<\/span> jest przyst\u0119pna na ka\u017cd\u0105 kiesze\u0144.<\/p>\n<ul>\n<li><strong>P\u0142yta fornirowa<\/strong><\/li>\n<\/ul>\n<p>Materia\u0142 ten jest zazwyczaj produkowany z p\u0142yty MDF, kt\u00f3ra nast\u0119pnie jest pokrywana cienk\u0105, drewnian\u0105 pow\u0142ok\u0105 o grubo\u015bci mniejszej ni\u017c 1 cm. Mo\u017cesz zdecydowa\u0107, czy chcesz, aby p\u0142yta mia\u0142a po\u0142ysk czy by\u0142a matowa.\u00a0Efekt ko\u0144cowy b\u0119dzie si\u0119 prezentowa\u0142 r\u00f3wnie pi\u0119knie co w przypadku u\u017cycia materia\u0142\u00f3w drewnianych, a poch\u0142onie znacznie mniej koszt\u00f3w.<\/p>\n<p>Cena kuchni na wymiar w przypadku zastosowania do jej wyko\u0144czenia forniru jest z\u0142otym \u015brodkiem pomi\u0119dzy p\u0142yt\u0105 MDF a drewnem.<\/p>\n<ul>\n<li><strong>Drewno<\/strong><\/li>\n<\/ul>\n<p>Jest ono najdro\u017cszym tworzywem, jednak jego wysoka cena jest adekwatna do jako\u015bci, jak\u0105 otrzymujesz w zamian. Front mebli wykonany z drewna (np. d\u0119bowego) gwarantuje wysok\u0105 wytrzyma\u0142o\u015b\u0107 na uszkodzenia. Drewno d\u0119bowe nie traci szybko swoich w\u0142a\u015bciwo\u015bci podczas waha\u0144 temperatury, dlatego szafki z tego tworzywa b\u0119d\u0105 Ci s\u0142u\u017cy\u0107 nawet w s\u0105siedztwie kuchenki, na kt\u00f3rej stoi garnek z bulgocz\u0105c\u0105 wod\u0105 na spaghetti.<\/p>\n<div style=\"display: flex; align-items: center; justify-content: center; text-align: center;\">\n<figure id=\"attachment_6557\" aria-describedby=\"caption-attachment-6557\" style=\"width: 110px\" class=\"wp-caption alignleft\"><img decoding=\"async\" class=\"wp-image-6557 size-full lazyload\" data-src=\"https:\/\/www.brw.pl\/blog\/wp-content\/uploads\/2019\/08\/ea1bb27d97.jpg\" alt=\"Korpus - d\u0105b amari\" width=\"110\" height=\"110\" src=\"data:image\/svg+xml;base64,PHN2ZyB3aWR0aD0iMSIgaGVpZ2h0PSIxIiB4bWxucz0iaHR0cDovL3d3dy53My5vcmcvMjAwMC9zdmciPjwvc3ZnPg==\" style=\"--smush-placeholder-width: 110px; --smush-placeholder-aspect-ratio: 110\/110;\" \/><figcaption id=\"caption-attachment-6557\" class=\"wp-caption-text\"><a href=\"https:\/\/kuchnie.brw.com.pl\/oferta\/royal\/produkty\/7-diadema\/\" target=\"_blank\" rel=\"noopener noreferrer\"> KORPUS &#8211; D\u0104B AMARI<\/a><\/figcaption><\/figure>\n<figure id=\"attachment_6556\" aria-describedby=\"caption-attachment-6556\" style=\"width: 110px\" class=\"wp-caption alignleft\"><img decoding=\"async\" class=\"wp-image-6556 size-full lazyload\" data-src=\"https:\/\/www.brw.pl\/blog\/wp-content\/uploads\/2019\/08\/fa03f4e921.jpg\" alt=\"Korpus - kasztan\" width=\"110\" height=\"110\" src=\"data:image\/svg+xml;base64,PHN2ZyB3aWR0aD0iMSIgaGVpZ2h0PSIxIiB4bWxucz0iaHR0cDovL3d3dy53My5vcmcvMjAwMC9zdmciPjwvc3ZnPg==\" style=\"--smush-placeholder-width: 110px; --smush-placeholder-aspect-ratio: 110\/110;\" \/><figcaption id=\"caption-attachment-6556\" class=\"wp-caption-text\"><a href=\"https:\/\/kuchnie.brw.com.pl\/oferta\/royal\/produkty\/7-diadema\/\" target=\"_blank\" rel=\"noopener noreferrer\">KORPUS &#8211; KASZTAN<\/a><\/figcaption><\/figure>\n<figure id=\"attachment_6558\" aria-describedby=\"caption-attachment-6558\" style=\"width: 110px\" class=\"wp-caption alignleft\"><img decoding=\"async\" class=\"wp-image-6558 size-full lazyload\" data-src=\"https:\/\/www.brw.pl\/blog\/wp-content\/uploads\/2019\/08\/74bbadd96d.jpg\" alt=\"Korpus - d\u0105b g\u00f3rski\" width=\"110\" height=\"110\" src=\"data:image\/svg+xml;base64,PHN2ZyB3aWR0aD0iMSIgaGVpZ2h0PSIxIiB4bWxucz0iaHR0cDovL3d3dy53My5vcmcvMjAwMC9zdmciPjwvc3ZnPg==\" style=\"--smush-placeholder-width: 110px; --smush-placeholder-aspect-ratio: 110\/110;\" \/><figcaption id=\"caption-attachment-6558\" class=\"wp-caption-text\"><a href=\"https:\/\/kuchnie.brw.com.pl\/oferta\/royal\/produkty\/7-diadema\/\" target=\"_blank\" rel=\"noopener noreferrer\">KORPUS &#8211; D\u0104B G\u00d3RSKI<\/a><\/figcaption><\/figure>\n<\/div>\n<div style=\"display: flex; align-items: center; justify-content: center; text-align: center;\"><\/div>\n<div>\n<h2>Kuchnia na wymiar \u2013 cena warta efektu ko\u0144cowego<\/h2>\n<p>Meble kuchenne na wymiar b\u0119d\u0105 r\u00f3\u017cni\u0107 si\u0119 od siebie cen\u0105, przede wszystkim w zale\u017cno\u015bci od materia\u0142u, z kt\u00f3rego zosta\u0142y wykonane. Cena mebli z p\u0142yty MDF b\u0119dzie inna ni\u017c szafek kuchennych z litego drewna, a z kolei meble z laminatu czy drewna egzotycznego to jeszcze inny wydatek. Planuj\u0105c kuchni\u0119 na wymiar, warto zainwestowa\u0107 w zestawy mebli. Pami\u0119taj, \u017ce sprz\u0119t AGD i meble kuchenne na wymiar mog\u0105 i\u015b\u0107 ze sob\u0105 w parze z wykorzystaniem zabudowy kuchennej. Zabudowa taka sprawi, \u017ce fronty szafek kuchennych i sprz\u0119t AGD b\u0119d\u0105 identyczne. Pozwoli to na usp\u00f3jniony design wn\u0119trza. Planuj\u0105c meble kuchenne na wymiar we\u017a te\u017c pod uwag\u0119 wielko\u015b\u0107 dost\u0119pnej przestrzeni.<\/p>\n<p>Wiesz ju\u017c, \u017ce w przypadku kuchni na miar\u0119, cena zale\u017cy od wielu czynnik\u00f3w. Warto uwzgl\u0119dni\u0107 jej koszt, by m\u00f3c cieszy\u0107 si\u0119 idealnym dopasowaniem mebli do wielko\u015bci i stylu Twojej kuchni, a tak\u017ce Twoich indywidualnych potrzeb.\u00a0W ko\u0144cu meble kuchenne to inwestycja na lata, dlatego nie warto na niej oszcz\u0119dza\u0107.<\/p>\n<p>Szukasz inspiracji, kt\u00f3re pomog\u0105 Ci zaaran\u017cowa\u0107 Twoj\u0105 kuchni\u0119 marze\u0144? Po palet\u0119 inspiracji si\u0119gnij do <a href=\"https:\/\/www.brw.pl\/kolekcja-senso-kitchens,238\" target=\"_blank\" rel=\"noopener noreferrer\">kolekcji\u00a0 Senso Kitchens Black Red White<\/a>.<\/p>\n<p><a href=\"https:\/\/www.brw.pl\/kolekcja-senso-kitchens,238\" target=\"_blank\" rel=\"noopener noreferrer\"><img decoding=\"async\" class=\"aligncenter wp-image-7607 size-full lazyload\" data-src=\"https:\/\/www.brw.pl\/blog\/wp-content\/uploads\/2019\/08\/kuchnie_senso_kitchens_banner.jpg\" alt=\"\" width=\"758\" height=\"360\" src=\"data:image\/svg+xml;base64,PHN2ZyB3aWR0aD0iMSIgaGVpZ2h0PSIxIiB4bWxucz0iaHR0cDovL3d3dy53My5vcmcvMjAwMC9zdmciPjwvc3ZnPg==\" style=\"--smush-placeholder-width: 758px; --smush-placeholder-aspect-ratio: 758\/360;\" \/><\/a><\/p>\n<\/div>\n<\/div>\n","protected":false},"excerpt":{"rendered":"<p>Marzysz o tym, by domownicy czuli si\u0119 w kuchni tak dobrze, by nie mieli ochoty z niej wychodzi\u0107? To mo\u017cliwe dzi\u0119ki kuchniom na wymiar. Rozwi\u0105zanie to sprawdza si\u0119 najlepiej w kuchniach o niestandardowych wymiarach, gdzie meble kupione w sklepie nie chc\u0105 si\u0119 wpasowa\u0107. Trudno sobie wyobrazi\u0107 w pe\u0142ni funkcjonaln\u0105 kuchni\u0119 bez ca\u0142ego zestawu konkretnych sprz\u0119t\u00f3w, [&hellip;]<\/p>\n","protected":false},"author":18,"featured_media":6528,"comment_status":"open","ping_status":"open","sticky":false,"template":"","format":"standard","meta":{"footnotes":""},"categories":[26,574],"tags":[],"aioseo_notices":[],"_links":{"self":[{"href":"https:\/\/www.brw.pl\/blog\/wp-json\/wp\/v2\/posts\/6521"}],"collection":[{"href":"https:\/\/www.brw.pl\/blog\/wp-json\/wp\/v2\/posts"}],"about":[{"href":"https:\/\/www.brw.pl\/blog\/wp-json\/wp\/v2\/types\/post"}],"author":[{"embeddable":true,"href":"https:\/\/www.brw.pl\/blog\/wp-json\/wp\/v2\/users\/18"}],"replies":[{"embeddable":true,"href":"https:\/\/www.brw.pl\/blog\/wp-json\/wp\/v2\/comments?post=6521"}],"version-history":[{"count":48,"href":"https:\/\/www.brw.pl\/blog\/wp-json\/wp\/v2\/posts\/6521\/revisions"}],"predecessor-version":[{"id":31061,"href":"https:\/\/www.brw.pl\/blog\/wp-json\/wp\/v2\/posts\/6521\/revisions\/31061"}],"wp:featuredmedia":[{"embeddable":true,"href":"https:\/\/www.brw.pl\/blog\/wp-json\/wp\/v2\/media\/6528"}],"wp:attachment":[{"href":"https:\/\/www.brw.pl\/blog\/wp-json\/wp\/v2\/media?parent=6521"}],"wp:term":[{"taxonomy":"category","embeddable":true,"href":"https:\/\/www.brw.pl\/blog\/wp-json\/wp\/v2\/categories?post=6521"},{"taxonomy":"post_tag","embeddable":true,"href":"https:\/\/www.brw.pl\/blog\/wp-json\/wp\/v2\/tags?post=6521"}],"curies":[{"name":"wp","href":"https:\/\/api.w.org\/{rel}","templated":true}]}}