{"id":8667,"date":"2019-11-11T14:25:59","date_gmt":"2019-11-11T13:25:59","guid":{"rendered":"https:\/\/www.brw.pl\/blog\/?p=8667"},"modified":"2024-09-25T09:27:15","modified_gmt":"2024-09-25T07:27:15","slug":"zaprojektuj-garderobe-w-pokoju-bez-okna","status":"publish","type":"post","link":"https:\/\/www.brw.pl\/blog\/zaprojektuj-garderobe-w-pokoju-bez-okna\/","title":{"rendered":"Zaprojektuj garderob\u0119 w pokoju bez okna!"},"content":{"rendered":"<p><strong>Dzi\u0119ki szerokiej ofercie sklep\u00f3w meblowych mo\u017cesz bez problemu urz\u0105dzi\u0107 garderob\u0119 w ka\u017cdym, nawet najmniej ustawnym pomieszczeniu. Utar\u0142o si\u0119 jednak, \u017ce najlepsza jest garderoba z oknem, bo dost\u0119p do \u015bwiat\u0142a dziennego u\u0142atwia przygotowywanie stylizacji. Co jednak, je\u015bli pok\u00f3j nie ma okna? Czy garderoba, w kt\u00f3rej jest sztuczne o\u015bwietlenie mo\u017ce by\u0107 r\u00f3wnie praktycznym rozwi\u0105zaniem, co pomieszczenie z oknem? Co zrobi\u0107, by ciemna garderoba mimo to by\u0142a funkcjonalna?<\/strong><!--more--><\/p>\n<p><img decoding=\"async\" class=\"aligncenter size-medium wp-image-8688 lazyload\" data-src=\"https:\/\/www.brw.pl\/blog\/wp-content\/uploads\/2019\/11\/Garderoba-na-miar\u0119-800x534.jpg\" alt=\"\" width=\"800\" height=\"534\" data-srcset=\"https:\/\/www.brw.pl\/blog\/wp-content\/uploads\/2019\/11\/Garderoba-na-miar\u0119-800x534.jpg 800w, https:\/\/www.brw.pl\/blog\/wp-content\/uploads\/2019\/11\/Garderoba-na-miar\u0119-768x512.jpg 768w, https:\/\/www.brw.pl\/blog\/wp-content\/uploads\/2019\/11\/Garderoba-na-miar\u0119.jpg 1600w\" data-sizes=\"(max-width: 800px) 100vw, 800px\" src=\"data:image\/svg+xml;base64,PHN2ZyB3aWR0aD0iMSIgaGVpZ2h0PSIxIiB4bWxucz0iaHR0cDovL3d3dy53My5vcmcvMjAwMC9zdmciPjwvc3ZnPg==\" style=\"--smush-placeholder-width: 800px; --smush-placeholder-aspect-ratio: 800\/534;\" \/><\/p>\n<p>Z tego wpisu dowiesz si\u0119 m.in.:<\/p>\n<ul>\n<li>W jaki spos\u00f3b urz\u0105dzi\u0107 garderob\u0119 bez okna?<\/li>\n<li>Czy szafa modu\u0142owa sprawdzi si\u0119 w garderobie bez okna?<\/li>\n<li>Jak do\u015bwietli\u0107 garderob\u0119 bez okna i jakie lampy wybra\u0107?<\/li>\n<\/ul>\n<p>Garderoba b\u0119d\u0105ca odr\u0119bnym pomieszczeniem to bardzo wygodne, a tym samym po\u017c\u0105dane rozwi\u0105zanie. Jest szans\u0105 na uporz\u0105dkowanie ca\u0142ej kolekcji odzie\u017cy i obuwia a tak\u017ce \u2013 co r\u00f3wnie istotne \u2013 na uwolnienie pozosta\u0142ej przestrzeni mieszkania od zajmuj\u0105cych miejsce kom\u00f3d, szaf czy pawlaczy. Nie zawsze mamy jednak do dyspozycji wolny ustawny i widny pok\u00f3j. Jak poradzi\u0107 sobie w takiej sytuacji? Przeczytaj nasz poradnik i sprawd\u017a, jak zrobi\u0107 garderob\u0119.<\/p>\n<h2><strong>\u00a0Czy ka\u017cde pomieszczenie w domu musi mie\u0107 okna? Techniczne aspekty \u015bwiat\u0142a w garderobie<\/strong><\/h2>\n<p>Zanim zaczniemy upi\u0119ksza\u0107 pomieszczenie na garderob\u0119 i ustawia\u0107 w niej szafy, p\u00f3\u0142ki i rega\u0142y, po\u015bwi\u0119\u0107my kr\u00f3tk\u0105 chwil\u0119 na kwestie bezpiecze\u0144stwa. Okna w garderobie to nie tylko naturalne \u015bwiat\u0142o, ale r\u00f3wnie\u017c mo\u017cliwo\u015b\u0107 odpowiedniej wentylacji pomieszczenia. Brak wentylacji w miejscu, kt\u00f3re jest przeznaczone dla pobytu ludzi, nie jest ani bezpieczne, ani zgodne z prawem. Je\u015bli zatem miejsce Twojej garderoby to pok\u00f3j, w kt\u00f3rym nie ma \u017cadnego okna, powinna si\u0119 tam znale\u017a\u0107 odpowiednia kratka wentylacyjna. W garderobie mo\u017ce dzia\u0142a\u0107 zar\u00f3wno wentylacja grawitacyjna, jak i wentylacja mechaniczna i u\u0142atwia\u0107 przebywanie w pomieszczeniu.<\/p>\n<p>Inn\u0105 rzecz\u0105 jest wydzielenie garderoby z cz\u0119\u015bci innych pomieszcze\u0144, np. w pobli\u017cu sypialni. W\u00f3wczas w garderobie nie trzeba montowa\u0107 odr\u0119bnej instalacji, a jedynie zadba\u0107 o dobre o\u015bwietlenie, je\u015bli \u015bwiat\u0142o dzienne sypialnianych okien ma problem z dotarciem. Pami\u0119taj bowiem, \u017ce garderoba to nie tylko ca\u0142kiem odr\u0119bny pok\u00f3j, ale r\u00f3wnie\u017c kawa\u0142ek przestrzeni, w kt\u00f3rej organizujesz miejsce na swoje ubrania, dodatki, akcesoria, czy sprz\u0119t sportowy.<\/p>\n<h2>Jak urz\u0105dzi\u0107 garderob\u0119 w pokoju bez okna?<\/h2>\n<p>Ciemne pomieszczenie, kt\u00f3re \u2013 co wi\u0119cej \u2013 ma ma\u0142y metra\u017c mo\u017ce na pierwszy rzut oka wydawa\u0107 si\u0119 wyzwaniem nie do przej\u015bcia. Nic bardziej mylnego! Dzi\u0119ki kilku trikom pok\u00f3j, mimo braku okna, mo\u017ce by\u0107 odpowiednio do\u015bwietlony. Podobnie sprawa si\u0119 ma z nieustawn\u0105 przestrzeni\u0105 \u2013 na t\u0119 bol\u0105czk\u0119 z rozwi\u0105zaniem przyjd\u0105 nowoczesne <a href=\"https:\/\/www.brw.pl\/szafy-flex\/\">meble na miar\u0119<\/a>. Od teraz nie Ty musisz si\u0119 dopasowywa\u0107 do dost\u0119pnej w salonie oferty. To wyposa\u017cenie zostanie dopasowane do Twoich preferencji i warunk\u00f3w mieszkaniowych.<\/p>\n<p>Meble na miar\u0119 to najlepsze rozwi\u0105zanie je\u015bli planujesz umie\u015bci\u0107 garderob\u0119 we wn\u0119trzu ograniczonym ze wzgl\u0119du na metra\u017c, skosy czy nie\u0142atwy do zagospodarowania kszta\u0142t. Tylko dzi\u0119ki us\u0142udze mebli szytych na miar\u0119 w pe\u0142ni wykorzystasz potencja\u0142 nawet najtrudniejszego do zagospodarowania pomieszczenia.<\/p>\n<p><a href=\"https:\/\/www.brw.pl\/szafy-flex\/\" target=\"_blank\" rel=\"noopener noreferrer\"><img decoding=\"async\" class=\"aligncenter wp-image-7602 size-full lazyload\" data-src=\"https:\/\/www.brw.pl\/blog\/wp-content\/uploads\/2019\/10\/meble_na_wymiar_banner.jpg\" alt=\"\" width=\"758\" height=\"360\" src=\"data:image\/svg+xml;base64,PHN2ZyB3aWR0aD0iMSIgaGVpZ2h0PSIxIiB4bWxucz0iaHR0cDovL3d3dy53My5vcmcvMjAwMC9zdmciPjwvc3ZnPg==\" style=\"--smush-placeholder-width: 758px; --smush-placeholder-aspect-ratio: 758\/360;\" \/><\/a><\/p>\n<p>&nbsp;<\/p>\n<p>Jaki rodzaj zabudowy b\u0119dzie najlepszy? W przypadku garderoby doskonale sprawdz\u0105 si\u0119 tzw. \u00a0szafy modu\u0142owe, czyli system pozwalaj\u0105cy na dowoln\u0105 konfiguracj\u0119 wygl\u0105du, jak i wyposa\u017cenia mebli. To Ty wybierasz konkretne modu\u0142y, ich kolor i styl, a nast\u0119pnie \u0142\u0105czysz ze sob\u0105. Mo\u017cesz wybiera\u0107 z gotowych zestaw\u00f3w lub zaprojektowa\u0107 swoj\u0105 szaf\u0119 od podstaw.<\/p>\n<p>&nbsp;<\/p>\n<h2>Szafy modu\u0142owe, czyli spos\u00f3b na funkcjonaln\u0105 garderob\u0119<\/h2>\n<p>Czy w garderobie planujesz przechowywa\u0107 jedynie odzie\u017c, a mo\u017ce i wi\u0119ksze przedmioty, takie jak odkurzacz b\u0105d\u017a desk\u0119 do prasowania? W zale\u017cno\u015bci od decyzji wybierz konkretny rozmiar i rozstawienie poszczeg\u00f3lnych modu\u0142\u00f3w. Miejsc do przechowywania powinno by\u0107 na tyle du\u017co, by\u015b zdo\u0142a\u0142 pomie\u015bci\u0107 w nich wszystkie swoje rzeczy. Im mniej przedmiot\u00f3w pozostanie \u201eluzem\u201d, tym bardziej uporz\u0105dkowana b\u0119dzie Twoja garderoba.<\/p>\n<p>Jak zaprojektowa\u0107 garderob\u0119, wykorzystuj\u0105c systemy modu\u0142owe? Podstaw\u0105 s\u0105 korpusy szaf. To, co znajdzie si\u0119 wewn\u0105trz nich, zale\u017cy tylko od Ciebie. Do wyboru masz szuflady o zr\u00f3\u017cnicowanej g\u0142\u0119boko\u015bci, kosze, p\u00f3\u0142ki, dr\u0105\u017cki na spodnie, uchwyty i wieszaki. Wszystko w dowolnym rozmiarze i stylu.<\/p>\n<figure id=\"attachment_8284\" aria-describedby=\"caption-attachment-8284\" style=\"width: 800px\" class=\"wp-caption aligncenter\"><a href=\"https:\/\/www.brw.pl\/drazek-60-podswietlany-led-z-czujnikiem-ruchu-nadir,15506\" target=\"_blank\" rel=\"noopener noreferrer\"><img decoding=\"async\" class=\"wp-image-8284 size-medium lazyload\" data-src=\"https:\/\/www.brw.pl\/blog\/wp-content\/uploads\/2019\/10\/Dr\u0105\u017cek-pod\u015bwietlany-Nadir-do-szafy-w-Twojej-sypialni-800x459.jpg\" alt=\"\" width=\"800\" height=\"459\" data-srcset=\"https:\/\/www.brw.pl\/blog\/wp-content\/uploads\/2019\/10\/Dr\u0105\u017cek-pod\u015bwietlany-Nadir-do-szafy-w-Twojej-sypialni-800x459.jpg 800w, https:\/\/www.brw.pl\/blog\/wp-content\/uploads\/2019\/10\/Dr\u0105\u017cek-pod\u015bwietlany-Nadir-do-szafy-w-Twojej-sypialni-768x441.jpg 768w, https:\/\/www.brw.pl\/blog\/wp-content\/uploads\/2019\/10\/Dr\u0105\u017cek-pod\u015bwietlany-Nadir-do-szafy-w-Twojej-sypialni.jpg 1881w\" data-sizes=\"(max-width: 800px) 100vw, 800px\" src=\"data:image\/svg+xml;base64,PHN2ZyB3aWR0aD0iMSIgaGVpZ2h0PSIxIiB4bWxucz0iaHR0cDovL3d3dy53My5vcmcvMjAwMC9zdmciPjwvc3ZnPg==\" style=\"--smush-placeholder-width: 800px; --smush-placeholder-aspect-ratio: 800\/459;\" \/><\/a><figcaption id=\"caption-attachment-8284\" class=\"wp-caption-text\">Pod\u015bwietlany <a href=\"https:\/\/www.brw.pl\/drazek-60-podswietlany-led-z-czujnikiem-ruchu-nadir,15506\">dr\u0105\u017cek do szafy Nadir<\/a><\/figcaption><\/figure>\n<p>&nbsp;<\/p>\n<p>Musisz pami\u0119ta\u0107, \u017ce nie zawsze bogatsze wyposa\u017cenie to\u017csame jest z wi\u0119ksz\u0105 funkcjonalno\u015bci\u0105 garderoby. Lepiej od licznych p\u00f3\u0142ek czy wysokich rega\u0142\u00f3w sprawdz\u0105 si\u0119 wysuwane kosze b\u0105d\u017a nisko umieszczone pud\u0142a i pokrowce. Dzi\u0119ki nim schowane w nich przedmioty b\u0119d\u0105 zawsze pod r\u0119k\u0105 i, co najwa\u017cniejsze &#8211; nie b\u0119d\u0105 si\u0119 tak kurzy\u0107.<\/p>\n<p>Co istotne, decyduj\u0105c si\u0119 na tego typu rozwi\u0105zanie, nie musisz polega\u0107 jedynie na sobie. Meble na wymiar to kompleksowa us\u0142uga, na kt\u00f3r\u0105 sk\u0142ada si\u0119 nie tylko projekt i wykonanie, ale tak\u017ce monta\u017c czy indywidualna opieka projektanta wn\u0119trz.<\/p>\n<p>Dzi\u0119ki takiemu dedykowanemu rozwi\u0105zaniu stworzysz garderob\u0119 w ka\u017cdym, nawet najbardziej wymagaj\u0105cym pomieszczeniu. Sama szafa to jednak nie wszystko \u2013 zw\u0142aszcza w pokoju pozbawionym naturalnego o\u015bwietlenia. Na jakie aspekty powiniene\u015b jeszcze zwr\u00f3ci\u0107 uwag\u0119?<\/p>\n<p><strong>\u00a0<\/strong><\/p>\n<h2>Garderoba w pokoju bez okna \u2013 same minusy?<\/h2>\n<p>Brak okna w garderobie mo\u017ce wbrew pozorom nie\u015b\u0107 za sob\u0105 korzy\u015bci. Przede wszystkim masz do dyspozycji dodatkow\u0105 \u015bcian\u0119, na kt\u00f3rej mo\u017cesz umie\u015bci\u0107 p\u00f3\u0142ki. Co wi\u0119cej, w pomieszczeniu nie b\u0119dzie si\u0119 tak kurzy\u0107. Dodatkowo, Twoje ubrania nie b\u0119d\u0105 nara\u017cone na utrat\u0119 koloru z powodu ekspozycji na s\u0142o\u0144ce.<\/p>\n<p>Niestety, brak dost\u0119pu do \u015bwiat\u0142a s\u0142onecznego to tak\u017ce spory k\u0142opot przy u\u017cytkowaniu. Na szcz\u0119\u015bcie istnieje kilka trik\u00f3w, dzi\u0119ki kt\u00f3rym nawet z takiej sytuacji wyjdziesz obronn\u0105 r\u0119k\u0105.<\/p>\n<p><strong>\u00a0<\/strong><\/p>\n<h2>Kilka sposob\u00f3w na do\u015bwietlenie ciemnego pomieszczenia<\/h2>\n<p>Garderoba ma z za\u0142o\u017cenia pomie\u015bci\u0107 jak najwi\u0119cej przedmiot\u00f3w. Liczne szafy, rega\u0142y, p\u00f3\u0142ki i komody w pokoju bez okna mog\u0105 go nadmiernie przyt\u0142oczy\u0107. Z tego powodu warto zastosowa\u0107 pewien prosty trik, jakim jest wykorzystanie jasnych barw i blasku. Zrezygnuj z ciemnych tapet czy farb. Zamiast tego postaw na biel lub be\u017c, kt\u00f3re rozja\u015bni\u0105 i optycznie powi\u0119ksz\u0105 wn\u0119trze.<\/p>\n<p>T\u0119 sam\u0105 zasad\u0119 wykorzystaj przy projektowaniu mebli. Jasne meble posiadaj\u0105ce minimalistyczne, lakierowane fronty b\u0119d\u0105 \u015bwietnie odbija\u0107 \u015bwiat\u0142o. Dzi\u0119ki temu zabiegowi Twoja garderoba nabierze dodatkowo schludnego wygl\u0105du.<\/p>\n<p><strong>\u00a0<\/strong><\/p>\n<h2>Sztuczne \u017ar\u00f3d\u0142o \u015bwiat\u0142a to podstawa<\/h2>\n<p>Urz\u0105dzaj\u0105c garderob\u0119 w pokoju bez okna, musisz pami\u0119ta\u0107 o sporej ilo\u015bci lamp. Planuj\u0105c o\u015bwietlenie, we\u017a pod uwag\u0119 nie tylko liczb\u0119 czy rodzaj lamp, ale tak\u017ce temperatur\u0119 i barw\u0119 \u015bwiat\u0142a. Podstaw\u0105 natomiast jest prawid\u0142owe rozplanowanie rozmieszczenia \u017ar\u00f3de\u0142 \u015bwiat\u0142a.<\/p>\n<p>Bez wzgl\u0119du na rozmiar garderoby, polecamy zastosowa\u0107 zar\u00f3wno \u015bwiat\u0142o g\u00f3rne, jak i kierunkowe, kt\u00f3re do\u015bwietli wybrane punkty. To pierwsze najlepiej zainstalowa\u0107 w centralnym miejscu, dzi\u0119ki czemu r\u00f3wnomiernie roz\u015bwietli ca\u0142\u0105 przestrze\u0144. Gdzie zainstalowa\u0107 o\u015bwietlenie punktowe?<\/p>\n<p>&nbsp;<\/p>\n<p>Jako dodatkowe \u017ar\u00f3d\u0142o \u015bwiat\u0142a \u015bwietnie sprawdz\u0105 si\u0119 halogeny czy ta\u015bmy LED, kt\u00f3re pe\u0142ni\u0105 r\u00f3wnie\u017c funkcj\u0119 dekoracyjn\u0105. Idealnie do\u015bwietl\u0105 wszystkie zakamarki przestrzeni. Pami\u0119taj, \u017ce o\u015bwietlenie w garderobie ma u\u0142atwi\u0107 Ci poszukiwanie czy dob\u00f3r konkretnych element\u00f3w stroju, nierzadko prasowanie czy stylizacj\u0119. Z tego powodu warto o\u015bwietli\u0107 poszczeg\u00f3lne elementy wyposa\u017cenia, takie jak wn\u0119trza szuflad, p\u00f3\u0142ki czy wieszaki. Nie zapomnij o dodatkowej lampie przy lustrze, bez kt\u00f3rego \u017cadna garderoba si\u0119 nie ob\u0119dzie.<\/p>\n<p><strong>\u00a0<\/strong><\/p>\n<h2>Jakie lustro do garderoby?<\/h2>\n<p>Lustro to must have ka\u017cdej garderoby. Poza oczywist\u0105 funkcj\u0105, dodatkowo powi\u0119kszy optycznie przestrze\u0144, odbijaj\u0105c ka\u017cd\u0105, nawet niewielk\u0105 ilo\u015b\u0107 \u015bwiat\u0142a. Jakie lustro b\u0119dzie najbardziej praktyczne w garderobie? Liczy si\u0119 oczywi\u015bcie jego wielko\u015b\u0107, tak by zmie\u015bci\u0142a si\u0119 w nim ca\u0142a Twoja sylwetka.<\/p>\n<p>Je\u015bli masz wystarczaj\u0105co du\u017co wolnej przestrzeni, wybierz lustro stoj\u0105ce. Jego niew\u0105tpliw\u0105 zalet\u0105 jest mobilno\u015b\u0107 i ciekawy design. W mniejszych pomieszczeniach sprawdzi si\u0119 klasyczne lustro do zawieszenia na \u015bcianie. Cenisz sobie oryginalno\u015b\u0107? Zamontuj lustro na drzwiach do pokoju!<\/p>\n<div style=\"display: flex; align-items: center; justify-content: center; text-align: center;\">\n<figure id=\"attachment_8678\" aria-describedby=\"caption-attachment-8678\" style=\"width: 300px\" class=\"wp-caption alignleft\"><a href=\"https:\/\/www.brw.pl\/lustro-stojace,23123\" target=\"_blank\" rel=\"noopener noreferrer\"><img decoding=\"async\" class=\"wp-image-8678 size-full lazyload\" data-src=\"https:\/\/www.brw.pl\/blog\/wp-content\/uploads\/2019\/11\/Lustro-stoj\u0105ce.jpg\" alt=\"\" width=\"300\" height=\"225\" src=\"data:image\/svg+xml;base64,PHN2ZyB3aWR0aD0iMSIgaGVpZ2h0PSIxIiB4bWxucz0iaHR0cDovL3d3dy53My5vcmcvMjAwMC9zdmciPjwvc3ZnPg==\" style=\"--smush-placeholder-width: 300px; --smush-placeholder-aspect-ratio: 300\/225;\" \/><\/a><figcaption id=\"caption-attachment-8678\" class=\"wp-caption-text\"><a href=\"https:\/\/www.brw.pl\/lustro-stojace,23123\">Lustro stoj\u0105ce<\/a><\/figcaption><\/figure>\n<figure id=\"attachment_8683\" aria-describedby=\"caption-attachment-8683\" style=\"width: 300px\" class=\"wp-caption alignleft\"><a href=\"https:\/\/www.brw.pl\/lustro-kaspian,1167\"><img decoding=\"async\" class=\"wp-image-8683 lazyload\" data-src=\"https:\/\/www.brw.pl\/blog\/wp-content\/uploads\/2019\/11\/Lustro-Kaspisan-800x601.jpg\" alt=\"\" width=\"300\" height=\"225\" data-srcset=\"https:\/\/www.brw.pl\/blog\/wp-content\/uploads\/2019\/11\/Lustro-Kaspisan-800x601.jpg 800w, https:\/\/www.brw.pl\/blog\/wp-content\/uploads\/2019\/11\/Lustro-Kaspisan-768x577.jpg 768w, https:\/\/www.brw.pl\/blog\/wp-content\/uploads\/2019\/11\/Lustro-Kaspisan.jpg 1438w\" data-sizes=\"(max-width: 300px) 100vw, 300px\" src=\"data:image\/svg+xml;base64,PHN2ZyB3aWR0aD0iMSIgaGVpZ2h0PSIxIiB4bWxucz0iaHR0cDovL3d3dy53My5vcmcvMjAwMC9zdmciPjwvc3ZnPg==\" style=\"--smush-placeholder-width: 300px; --smush-placeholder-aspect-ratio: 300\/225;\" \/><\/a><figcaption id=\"caption-attachment-8683\" class=\"wp-caption-text\"><a href=\"https:\/\/www.brw.pl\/lustro-kaspian,1167\">Lustro Kaspian <\/a><\/figcaption><\/figure>\n<\/div>\n<p>&nbsp;<\/p>\n<h2>Organizacja, czyli spos\u00f3b na utrzymanie porz\u0105dku<\/h2>\n<p>Ju\u017c wiesz, jak urz\u0105dzi\u0107 garderob\u0119 od podstaw. Niestety takie pomieszczenie bardzo \u0142atwo zagraci\u0107. By tego unikn\u0105\u0107, warto stosowa\u0107 si\u0119 do kilku uniwersalnych zasad, kt\u00f3re sprawdz\u0105 si\u0119 zar\u00f3wno w du\u017cej i przestronnej garderobie, jak i tej wygospodarowanej na niewielkiej przestrzeni.<\/p>\n<p>Ba\u0142aganu pozwol\u0105 unikn\u0105\u0107 przede wszystkim liczne pude\u0142ka i organizatory, w kt\u00f3rych ukryjesz i posegregujesz wszystkie drobne przedmioty. Wybieraj\u0105c pojemniki do garderoby, postaw na te odkryte lub przezroczyste. Ten prosty zabieg sprawi, \u017ce zawsze b\u0119dziesz wiedzie\u0107, gdzie co jest.<\/p>\n<div style=\"display: flex; align-items: center; justify-content: center; text-align: center;\">\n<figure id=\"attachment_8674\" aria-describedby=\"caption-attachment-8674\" style=\"width: 300px\" class=\"wp-caption alignleft\"><a href=\"https:\/\/www.brw.pl\/organizer-z-szufladami,24187\" target=\"_blank\" rel=\"noopener noreferrer\"><img decoding=\"async\" class=\"wp-image-8674 size-full lazyload\" data-src=\"https:\/\/www.brw.pl\/blog\/wp-content\/uploads\/2019\/11\/organizer-z-szufladami.jpg\" alt=\"\" width=\"300\" height=\"225\" src=\"data:image\/svg+xml;base64,PHN2ZyB3aWR0aD0iMSIgaGVpZ2h0PSIxIiB4bWxucz0iaHR0cDovL3d3dy53My5vcmcvMjAwMC9zdmciPjwvc3ZnPg==\" style=\"--smush-placeholder-width: 300px; --smush-placeholder-aspect-ratio: 300\/225;\" \/><\/a><figcaption id=\"caption-attachment-8674\" class=\"wp-caption-text\"><a href=\"https:\/\/www.brw.pl\/organizer-z-szufladami,24187\">Organizer z szufladami<\/a><\/figcaption><\/figure>\n<figure id=\"attachment_8675\" aria-describedby=\"caption-attachment-8675\" style=\"width: 300px\" class=\"wp-caption alignleft\"><a href=\"https:\/\/www.brw.pl\/pojemnik-1-5l-basic,9369\" target=\"_blank\" rel=\"noopener noreferrer\"><img decoding=\"async\" class=\"wp-image-8675 size-full lazyload\" data-src=\"https:\/\/www.brw.pl\/blog\/wp-content\/uploads\/2019\/11\/Pojemnik-Basic.jpg\" alt=\"\" width=\"300\" height=\"225\" src=\"data:image\/svg+xml;base64,PHN2ZyB3aWR0aD0iMSIgaGVpZ2h0PSIxIiB4bWxucz0iaHR0cDovL3d3dy53My5vcmcvMjAwMC9zdmciPjwvc3ZnPg==\" style=\"--smush-placeholder-width: 300px; --smush-placeholder-aspect-ratio: 300\/225;\" \/><\/a><figcaption id=\"caption-attachment-8675\" class=\"wp-caption-text\"><a href=\"https:\/\/www.brw.pl\/pojemnik-1-5l-basic,9369\">Pojemnik Basic<\/a><\/figcaption><\/figure>\n<\/div>\n<p>&nbsp;<\/p>\n<p>O czym jeszcze powiniene\u015b pami\u0119ta\u0107? Je\u015bli garderoba ma pomie\u015bci\u0107 rzeczy kilku domownik\u00f3w, warto wydzieli\u0107 w niej kilka osobnych stref, dzi\u0119ki kt\u00f3rym unikniesz nie tylko rozgardiaszu w szafach, ale i potencjalnych konflikt\u00f3w pomi\u0119dzy ich u\u017cytkownikami. Co wi\u0119cej, wszystkie rzeczy uk\u0142adaj sezonowo i zmieniaj ich uk\u0142ad wraz z nadej\u015bciem kolejnej pory roku.<\/p>\n<p>Odzie\u017c, kt\u00f3rej aktualnie nie u\u017cywasz, umie\u015b\u0107 w workach pr\u00f3\u017cniowych i u\u0142\u00f3\u017c na najwy\u017cszych p\u00f3\u0142kach \u2013 w ten spos\u00f3b zaoszcz\u0119dzisz du\u017co miejsca. Umo\u017cliwi\u0105 Ci to tak\u017ce inne <a href=\"https:\/\/www.brw.pl\/blog\/jak-zorganizowac-szafe-czyli-niezbedne-akcesoria-do-szaf\/\">niezb\u0119dne akcesoria do szaf<\/a>, o kt\u00f3rych przeczytasz w naszym poprzednim artykule. Jest to lektura obowi\u0105zkowa dla wszystkich \u015bwie\u017co upieczonych posiadaczy garderoby!<\/p>\n","protected":false},"excerpt":{"rendered":"<p>Dzi\u0119ki szerokiej ofercie sklep\u00f3w meblowych mo\u017cesz bez problemu urz\u0105dzi\u0107 garderob\u0119 w ka\u017cdym, nawet najmniej ustawnym pomieszczeniu. Utar\u0142o si\u0119 jednak, \u017ce najlepsza jest garderoba z oknem, bo dost\u0119p do \u015bwiat\u0142a dziennego u\u0142atwia przygotowywanie stylizacji. Co jednak, je\u015bli pok\u00f3j nie ma okna? Czy garderoba, w kt\u00f3rej jest sztuczne o\u015bwietlenie mo\u017ce by\u0107 r\u00f3wnie praktycznym rozwi\u0105zaniem, co pomieszczenie z [&hellip;]<\/p>\n","protected":false},"author":18,"featured_media":8688,"comment_status":"open","ping_status":"open","sticky":false,"template":"","format":"standard","meta":{"footnotes":""},"categories":[574],"tags":[],"aioseo_notices":[],"_links":{"self":[{"href":"https:\/\/www.brw.pl\/blog\/wp-json\/wp\/v2\/posts\/8667"}],"collection":[{"href":"https:\/\/www.brw.pl\/blog\/wp-json\/wp\/v2\/posts"}],"about":[{"href":"https:\/\/www.brw.pl\/blog\/wp-json\/wp\/v2\/types\/post"}],"author":[{"embeddable":true,"href":"https:\/\/www.brw.pl\/blog\/wp-json\/wp\/v2\/users\/18"}],"replies":[{"embeddable":true,"href":"https:\/\/www.brw.pl\/blog\/wp-json\/wp\/v2\/comments?post=8667"}],"version-history":[{"count":11,"href":"https:\/\/www.brw.pl\/blog\/wp-json\/wp\/v2\/posts\/8667\/revisions"}],"predecessor-version":[{"id":27543,"href":"https:\/\/www.brw.pl\/blog\/wp-json\/wp\/v2\/posts\/8667\/revisions\/27543"}],"wp:featuredmedia":[{"embeddable":true,"href":"https:\/\/www.brw.pl\/blog\/wp-json\/wp\/v2\/media\/8688"}],"wp:attachment":[{"href":"https:\/\/www.brw.pl\/blog\/wp-json\/wp\/v2\/media?parent=8667"}],"wp:term":[{"taxonomy":"category","embeddable":true,"href":"https:\/\/www.brw.pl\/blog\/wp-json\/wp\/v2\/categories?post=8667"},{"taxonomy":"post_tag","embeddable":true,"href":"https:\/\/www.brw.pl\/blog\/wp-json\/wp\/v2\/tags?post=8667"}],"curies":[{"name":"wp","href":"https:\/\/api.w.org\/{rel}","templated":true}]}}