{"id":942,"date":"2020-04-02T11:05:47","date_gmt":"2020-04-02T09:05:47","guid":{"rendered":"http:\/\/www.mojaplanetadom.pl\/?p=942"},"modified":"2024-10-11T12:21:47","modified_gmt":"2024-10-11T10:21:47","slug":"jak-zaaranzowac-jadalnie","status":"publish","type":"post","link":"https:\/\/www.brw.pl\/blog\/jak-zaaranzowac-jadalnie\/","title":{"rendered":"Jak zaaran\u017cowa\u0107 jadalni\u0119?"},"content":{"rendered":"<p><strong>Przytulna i komfortowa\u2026 Jadalnia \u2013 bo o niej mowa \u2013 to takie miejsce w domu, w kt\u00f3rym ka\u017cdy powinien czu\u0107 si\u0119 dobrze. Jak urz\u0105dzi\u0107 jadalni\u0119 idealn\u0105? Mamy dla was kilka ciekawych rad na to wn\u0119trzarskie wyzwanie.<\/strong><\/p>\n<p><img decoding=\"async\" class=\"aligncenter size-medium wp-image-11390 lazyload\" data-src=\"https:\/\/www.brw.pl\/blog\/wp-content\/uploads\/2015\/11\/komoda-antwerpen-800x524.jpg\" alt=\"\" width=\"800\" height=\"524\" data-srcset=\"https:\/\/www.brw.pl\/blog\/wp-content\/uploads\/2015\/11\/komoda-antwerpen-800x524.jpg 800w, https:\/\/www.brw.pl\/blog\/wp-content\/uploads\/2015\/11\/komoda-antwerpen-768x503.jpg 768w, https:\/\/www.brw.pl\/blog\/wp-content\/uploads\/2015\/11\/komoda-antwerpen.jpg 874w\" data-sizes=\"(max-width: 800px) 100vw, 800px\" src=\"data:image\/svg+xml;base64,PHN2ZyB3aWR0aD0iMSIgaGVpZ2h0PSIxIiB4bWxucz0iaHR0cDovL3d3dy53My5vcmcvMjAwMC9zdmciPjwvc3ZnPg==\" style=\"--smush-placeholder-width: 800px; --smush-placeholder-aspect-ratio: 800\/524;\" \/><\/p>\n<p>Jadalnia mie\u015bci si\u0119 zwykle w kuchni. Jednak coraz cz\u0119\u015bciej \u201ewychodzi na salony\u201d i staje si\u0119 ich cz\u0119\u015bci\u0105. Bez wzgl\u0119du na to, czy wolisz klasyczne stylizacje, czy nowoczesne aran\u017cacje, Twoja jadalnia mo\u017ce si\u0119 sta\u0107 jednym z bardziej reprezentacyjnych wn\u0119trz w domu. Jak urz\u0105dzi\u0107 jadalni\u0119 z salonem, a jak zagospodarowa\u0107 j\u0105 w oddzielnym pomieszczeniu?<\/p>\n<p>&nbsp;<\/p>\n<h2><strong>Jak urz\u0105dzi\u0107 jadalni\u0119? Funkcjonalno\u015b\u0107 to podstawa<\/strong><\/h2>\n<p>We wsp\u00f3\u0142czesnych mieszkaniach na urz\u0105dzenie jadalni najcz\u0119\u015bciej do dyspozycji jest jedynie przestrze\u0144 po\u0142\u0105czona z kuchni\u0105 i salonem, w kt\u00f3rej musi znale\u017a\u0107 si\u0119 jeszcze\u00a0miejsce na zaaran\u017cowanie k\u0105cika do wypoczynku oraz blat\u00f3w roboczych. Jednak bez wzgl\u0119du na metra\u017c, jaki posiadasz, warto, aby\u015b podczas planowania jadalni z salonem, z kuchni\u0105 czy w oddzielnym pomieszczeniu, zadba\u0142 o komfort podczas spo\u017cywania wsp\u00f3lnych posi\u0142k\u00f3w.<\/p>\n<p><strong>Najbardziej ergonomiczne warunki uzyskasz, ustawiaj\u0105c st\u00f3\u0142 w odleg\u0142o\u015bci ok. 120 centymetr\u00f3w od \u015bciany.\u00a0<\/strong>Prostok\u0105tny st\u00f3\u0142 na 4 osoby, ustawiony kr\u00f3tszym bokiem przy \u015bcianie zajmuje oko\u0142o 4,5 m kw. powierzchni. Na 6-osobowy okr\u0105g\u0142y st\u00f3\u0142 b\u0119dziesz potrzebowa\u0107 znacznie wi\u0119cej miejsca \u2013 6 m kw. Krzes\u0142a odsuni\u0119te od sto\u0142u zajmuj\u0105 co najmniej 60-70 cm \u2013 tyle musisz jeszcze\u00a0doliczy\u0107, aby swobodnie przechodzi\u0107 mi\u0119dzy nimi a \u015bcian\u0105.<\/p>\n<p><strong>Szukasz krzese\u0142 do jadalni? Przejd\u017a do artyku\u0142u \u201e<\/strong><a href=\"https:\/\/www.brw.pl\/blog\/wybieramy-krzesla-do-jadalni-drewniane-platikowe-czy-tapicerowane\/\" target=\"_blank\" rel=\"noopener noreferrer\"><strong>Wybieramy krzes\u0142a do jadalni<\/strong><\/a><strong>\u201d.<\/strong><\/p>\n<p>&nbsp;<\/p>\n<figure id=\"attachment_3565\" aria-describedby=\"caption-attachment-3565\" style=\"width: 800px\" class=\"wp-caption aligncenter\"><img decoding=\"async\" class=\"wp-image-3565 size-medium lazyload\" data-src=\"https:\/\/www.brw.pl\/blog\/wp-content\/uploads\/2018\/03\/xUntitled-1-800x800.png\" alt=\"\" width=\"800\" height=\"800\" data-srcset=\"https:\/\/www.brw.pl\/blog\/wp-content\/uploads\/2018\/03\/xUntitled-1-800x800.png 800w, https:\/\/www.brw.pl\/blog\/wp-content\/uploads\/2018\/03\/xUntitled-1-150x150.png 150w, https:\/\/www.brw.pl\/blog\/wp-content\/uploads\/2018\/03\/xUntitled-1-768x768.png 768w, https:\/\/www.brw.pl\/blog\/wp-content\/uploads\/2018\/03\/xUntitled-1.png 1080w, https:\/\/www.brw.pl\/blog\/wp-content\/uploads\/2018\/03\/xUntitled-1-165x165.png 165w\" data-sizes=\"(max-width: 800px) 100vw, 800px\" src=\"data:image\/svg+xml;base64,PHN2ZyB3aWR0aD0iMSIgaGVpZ2h0PSIxIiB4bWxucz0iaHR0cDovL3d3dy53My5vcmcvMjAwMC9zdmciPjwvc3ZnPg==\" style=\"--smush-placeholder-width: 800px; --smush-placeholder-aspect-ratio: 800\/800;\" \/><figcaption id=\"caption-attachment-3565\" class=\"wp-caption-text\"><a href=\"https:\/\/www.brw.pl\/stol-porto,10957\" target=\"_blank\" rel=\"noopener noreferrer\">St\u00f3\u0142<\/a> i <a href=\"https:\/\/www.brw.pl\/krzeslo-porto,20077\" target=\"_blank\" rel=\"noopener noreferrer\">krzes\u0142a<\/a> Porto<\/figcaption><\/figure>\n<p>&nbsp;<\/p>\n<p>Przemy\u015blany wyb\u00f3r pod\u0142ogi oraz \u015bcian pozwoli stworzy\u0107 Ci funkcjonaln\u0105 przestrze\u0144, w kt\u00f3rej domownicy b\u0119d\u0105 mogli cieszy\u0107 si\u0119 wsp\u00f3lnymi posi\u0142kami.<\/p>\n<p><strong>Pod\u0142oga w jadalni\u00a0powinna by\u0107 wytrzyma\u0142a na wszelkie zalania czy zabrudzenia jedzeniem<\/strong>. Wa\u017cne, aby by\u0142a r\u00f3wnie\u017c odporna na\u00a0zarysowania, kt\u00f3re mog\u0105 powsta\u0107 podczas rozstawiania sto\u0142u i przesuwaniu krzese\u0142. Polecanym przez projektant\u00f3w rozwi\u0105zaniem jest zastosowanie tego samego rodzaju pod\u0142ogi jak w kuchni, np. p\u0142ytek ceramicznych, kamienia lub pod\u0142\u00f3g wykonanych z \u017cywicy.<\/p>\n<p><strong>\u015aciany w jadalni\u00a0r\u00f3wnie\u017c powinny by\u0107 odporne na zalania i zanieczyszczenia jedzeniem<\/strong>. W tym przypadku najlepiej sprawdz\u0105 si\u0119 \u0142atwo zmywalne farby oraz tapety. A jaki kolor farby wybra\u0107? Poniewa\u017c jest to miejsce, kt\u00f3re b\u0119d\u0105 odwiedza\u0107 wszyscy domownicy, najlepiej zdecyduj si\u0119 na barwy neutralne oraz \u0142agodne pastele, kt\u00f3re dodatkowo sprzyjaj\u0105 spo\u017cywaniu posi\u0142k\u00f3w.<\/p>\n<p>&nbsp;<\/p>\n<h2><strong>Jakie meble do jadalni wybra\u0107?<\/strong><\/h2>\n<p>W osobnym pomieszczeniu czy w kuchni \u2013 przestrze\u0144, jak\u0105 dysponujesz, nie stanowi \u017cadnej przeszkody przed urz\u0105dzeniem wyj\u0105tkowego wn\u0119trza. Odpowiednio dobrane meble do jadalni sprawi\u0105, \u017ce ka\u017cde wn\u0119trze zyska sw\u00f3j niepowtarzalny klimat.<\/p>\n<p>Je\u017celi wybierasz umeblowanie do przestrzeni, kt\u00f3ra jest po\u0142\u0105czona z inn\u0105, np. jadalni z kuchni\u0105 czy salonem, zadbaj o to, aby pasowa\u0142o ono do ca\u0142o\u015bci aran\u017cacji. Niezb\u0119dn\u0105 podstaw\u0105 mebli jadalnianych b\u0119dzie oczywi\u015bcie st\u00f3\u0142 oraz krzes\u0142a. Je\u015bli dysponujesz wi\u0119ksz\u0105 przestrzeni\u0105 i bud\u017cetem, mo\u017cesz pokusi\u0107 si\u0119 o zakup innych efektownych mebli, kt\u00f3re dobrze sprawdz\u0105 si\u0119 do przechowywania naczy\u0144, obrus\u00f3w, serwetek czy sztu\u0107c\u00f3w. W takiej sytuacji rozwa\u017c zakup bufetu, kredensu, witryn czy kom\u00f3d.<\/p>\n<p>Kszta\u0142t sto\u0142u i jego rozmiary uzale\u017cnione b\u0119d\u0105 od wielko\u015bci pomieszczenia. St\u00f3\u0142 okr\u0105g\u0142y wygl\u0105da bardzo efektownie, jednak wymaga zdecydowanie wi\u0119cej miejsca ni\u017c prostok\u0105tny czy kwadratowy \u2013 w razie potrzeby nie uda si\u0119 go idealnie dosun\u0105\u0107 do \u015bciany, by zajmowa\u0142 mo\u017cliwie jak najmniej miejsca. Bardzo funkcjonalne okazuj\u0105 si\u0119 r\u00f3wnie\u017c sto\u0142y rozk\u0142adane, kt\u00f3re na co dzie\u0144 zajmuj\u0105 mniej miejsca ni\u017c podczas kolacji w wi\u0119kszym gronie znajomych.<\/p>\n<p><strong>Chcesz, aby Twoja jadalnia by\u0142a elegancka i sp\u00f3jna? Opr\u00f3cz sto\u0142u oraz krzese\u0142 dobierz witryny i komody z tej samej kolekcji.\u00a0<\/strong>Uzyskasz w ten spos\u00f3b jednolite stylistycznie wn\u0119trze, a tak\u017ce miejsce na zastaw\u0119 sto\u0142ow\u0105 czy inne drobiazgi.<\/p>\n<p>Pami\u0119taj o kilku najwa\u017cniejszych zasadach podczas wyboru mebli do jadalni.<\/p>\n<ul>\n<li>Wybieraj meble wykonane z dobrych jako\u015bciowo materia\u0142\u00f3w.<\/li>\n<li>St\u00f3\u0142 wybieraj, bior\u0105c pod uwag\u0119 warunki metra\u017cowe oraz liczb\u0119 domownik\u00f3w. St\u00f3\u0142 powinien by\u0107 tak ustawiony, aby mo\u017cna go by\u0142o swobodnie obej\u015b\u0107 i aby ka\u017cde krzes\u0142o da\u0142o si\u0119 bez trudu odsun\u0105\u0107.<\/li>\n<li>Je\u015bli nie masz talentu do \u0142\u0105czenia ciekawych aran\u017cacji z wykorzystaniem odmiennych stylistycznie element\u00f3w \u2013 b\u0105d\u017a konsekwentny w wyborze. Zdecyduj si\u0119 na meble i wyposa\u017cenie w jednym, konkretnym stylu, kt\u00f3ry b\u0119dziesz m\u00f3g\u0142 wzmocni\u0107 za pomoc\u0105 wybranej kolorystyki oraz odpowiednich dodatk\u00f3w. Najbezpieczniejsz\u0105 opcj\u0105 jest zawsze zakup mebli z tej samej kolekcji.<\/li>\n<li>Meble, kt\u00f3re wybierzesz, powinny by\u0107 nie tylko \u0142adne, ale r\u00f3wnie\u017c funkcjonalne. Przytulna jadalnia nie oznacza zagraconej przestrzeni. Bardzo wa\u017cna jest te\u017c \u0142atwo\u015b\u0107 czyszczenia, szczeg\u00f3lnie sto\u0142u.<\/li>\n<\/ul>\n<p>&nbsp;<\/p>\n<h2><strong>Jak urz\u0105dzi\u0107 jadalni\u0119 w kuchni?<\/strong><\/h2>\n<p>W ma\u0142ych mieszkaniach coraz cz\u0119\u015bciej zdarza si\u0119, \u017ce ze wzgl\u0119du na ma\u0142y metra\u017c kuchni, to jadalnia z salonem znajduj\u0105 si\u0119 w jednej, wsp\u00f3lnej przestrzeni domowej. Zasada sp\u00f3jno\u015bci obowi\u0105zuje i w tym przypadku. W pokoju dziennym, podobnie jak w kuchni, stylistyka obu cz\u0119\u015bci powinna do siebie pasowa\u0107.<\/p>\n<p>Na szcz\u0119\u015bcie w salonie masz nieco wi\u0119cej swobody w sposobie aran\u017cacji. Granic\u0119 oddzielaj\u0105c\u0105 od siebie przestrze\u0144 do relaksu i jedzenia mo\u017cesz wyznaczy\u0107 rega\u0142em z ksi\u0105\u017ckami albo po prostu ustawiaj\u0105c st\u00f3\u0142 na dywanie. Dzi\u0119ki takiemu zabiegowi b\u0119dziesz m\u00f3g\u0142 pozwoli\u0107 sobie na zmian\u0119 kolorystyki czy nawet stylistyki samych mebli w obu cz\u0119\u015bciach pomieszczenia.<\/p>\n<p>&nbsp;<\/p>\n<h2><strong>Jak urz\u0105dzi\u0107 jadalni\u0119 z salonem?<\/strong><\/h2>\n<p>Coraz cz\u0119\u015bciej zdarza si\u0119 sytuacja, kiedy to jadalnia z salonem znajduj\u0105 si\u0119 na jednej, wsp\u00f3lnej przestrzeni domowej. W pokoju dziennym, podobnie jak w kuchni, stylistyka obu cz\u0119\u015bci powinna do siebie pasowa\u0107.<\/p>\n<p>Na szcz\u0119\u015bcie w salonie masz nieco wi\u0119cej swobody w sposobie aran\u017cacji. Granic\u0119 oddzielaj\u0105c\u0105 od siebie przestrze\u0144 do relaksu od tej, w kt\u00f3rej spo\u017cywasz posi\u0142ki, mo\u017cesz wyznaczy\u0107 np. rega\u0142em z ksi\u0105\u017ckami albo po prostu ustawiaj\u0105c st\u00f3\u0142 na dywanie. Dzi\u0119ki takiemu zabiegowi b\u0119dziesz m\u00f3g\u0142 pozwoli\u0107 sobie na zmian\u0119 kolorystyki czy nawet stylistyki samych mebli.<\/p>\n<figure id=\"attachment_11391\" aria-describedby=\"caption-attachment-11391\" style=\"width: 800px\" class=\"wp-caption aligncenter\"><img decoding=\"async\" class=\"wp-image-11391 size-medium lazyload\" data-src=\"https:\/\/www.brw.pl\/blog\/wp-content\/uploads\/2015\/11\/braga-800x676.jpg\" alt=\"\" width=\"800\" height=\"676\" data-srcset=\"https:\/\/www.brw.pl\/blog\/wp-content\/uploads\/2015\/11\/braga-800x676.jpg 800w, https:\/\/www.brw.pl\/blog\/wp-content\/uploads\/2015\/11\/braga-768x649.jpg 768w, https:\/\/www.brw.pl\/blog\/wp-content\/uploads\/2015\/11\/braga.jpg 864w\" data-sizes=\"(max-width: 800px) 100vw, 800px\" src=\"data:image\/svg+xml;base64,PHN2ZyB3aWR0aD0iMSIgaGVpZ2h0PSIxIiB4bWxucz0iaHR0cDovL3d3dy53My5vcmcvMjAwMC9zdmciPjwvc3ZnPg==\" style=\"--smush-placeholder-width: 800px; --smush-placeholder-aspect-ratio: 800\/676;\" \/><figcaption id=\"caption-attachment-11391\" class=\"wp-caption-text\">Jadalnia w stylu skandynawski \u2013 w tle witryna <a href=\"https:\/\/www.brw.pl\/witryna-braga,15731\" target=\"_blank\" rel=\"noopener noreferrer\">Braga<\/a><\/figcaption><\/figure>\n<p>&nbsp;<\/p>\n<h2><strong>Jadalnia w oddzielnym pomieszczeniu<\/strong><\/h2>\n<p>Odr\u0119bne pomieszczenie, w kt\u00f3rym mo\u017cesz urz\u0105dzi\u0107 jadalni\u0119, daje Ci najwi\u0119ksz\u0105 swobod\u0119 aran\u017cacyjn\u0105. Na pocz\u0105tek zastan\u00f3w si\u0119, w jakim stylu chcesz urz\u0105dzi\u0107 przestrze\u0144.\u00a0Pomo\u017ce Ci to w okre\u015bleniu kolorystyki oraz stylistyce mebli, jakie ustawisz w pomieszczeniu. W zale\u017cno\u015bci od metra\u017cu, jakim dysponujesz \u2013\u00a0b\u0119dziesz m\u00f3g\u0142 wstawi\u0107 do jadalni du\u017cy prostok\u0105tny st\u00f3\u0142 albo mniejszy,\u00a0<a href=\"https:\/\/www.brw.pl\/stol-rozkladany-roleslaw-ii,17240\" target=\"_blank\" rel=\"noopener noreferrer\">okr\u0105g\u0142y stolik<\/a>.<\/p>\n<p>W ma\u0142ej jadalni opr\u00f3cz sto\u0142u i krzese\u0142 mo\u017cesz wstawi\u0107 r\u00f3wnie\u017c niedu\u017cy kredens albo komod\u0119. W wi\u0119kszym pokoju mo\u017cesz zdecydowa\u0107 si\u0119 na wi\u0119kszy zestaw mebli, np. z rega\u0142ami \u2013 uzyskuj\u0105c w ten spos\u00f3b co\u015b na kszta\u0142t minispi\u017carni. Chcesz stworzy\u0107 do serwowania drink\u00f3w? Postaw na lad\u0119 barow\u0105.<\/p>\n<p>Jedn\u0105 kwesti\u0105 jest wyb\u00f3r mebli, inn\u0105 \u2013 ich stylistyki.<\/p>\n<p>&nbsp;<\/p>\n<h2><strong>Nowoczesna jadalnia czy klasyczna?<\/strong><\/h2>\n<p>Je\u015bli marzysz o <strong>jadalni urz\u0105dzonej w klasycznym<\/strong> stylu, zdecyduj si\u0119 na typowe dla tego stylu rozwi\u0105zania: okr\u0105g\u0142y lub prostok\u0105tny, solidny st\u00f3\u0142 (cz\u0119sto w br\u0105zowej tonacji) i wsp\u00f3\u0142graj\u0105ce z nim stylistycznie krzes\u0142a z tapicerowanymi siedziskami. To bardzo praktyczne rozwi\u0105zanie pozwalaj\u0105ce na zmiany aran\u017cacji poprzez wymian\u0119 tapicerowanych pokrowc\u00f3w lub materia\u0142owych poduch do siedzenia. Miejsce wsp\u00f3lnego biesiadowania stanie si\u0119 dzi\u0119ki nim bardziej przytulne.<\/p>\n<p><strong>Jadalnia industrialna lub w stylu nowoczesnym<\/strong>, gdzie kr\u00f3luje minimalizm, to z kolei idealne miejsce na wstawienie sto\u0142u ze szklanym, hartowanym blatem. Dodatkowo taki mebel powi\u0119kszy optycznie ca\u0142e wn\u0119trze. B\u0119dzie idealnie wygl\u0105da\u0142 zestawiony z oryginalnymi krzes\u0142ami z tworzyw sztucznych \u2013 najlepiej takimi w wyrazistych odcieniach. Zamiast krzese\u0142 mo\u017cesz r\u00f3wnie\u017c wybra\u0107 wygodne\u00a0<a href=\"https:\/\/www.brw.pl\/lawka-gent,10125\">\u0142awki\u00a0<\/a>z mi\u0119kkim siedziskiem.<\/p>\n<p>&nbsp;<\/p>\n<figure id=\"attachment_8713\" aria-describedby=\"caption-attachment-8713\" style=\"width: 800px\" class=\"wp-caption aligncenter\"><img decoding=\"async\" class=\"wp-image-8713 size-medium lazyload\" data-src=\"https:\/\/www.brw.pl\/blog\/wp-content\/uploads\/2019\/11\/vario-modern-ultra-2-800x646.jpg\" alt=\"\" width=\"800\" height=\"646\" data-srcset=\"https:\/\/www.brw.pl\/blog\/wp-content\/uploads\/2019\/11\/vario-modern-ultra-2-800x646.jpg 800w, https:\/\/www.brw.pl\/blog\/wp-content\/uploads\/2019\/11\/vario-modern-ultra-2-768x620.jpg 768w, https:\/\/www.brw.pl\/blog\/wp-content\/uploads\/2019\/11\/vario-modern-ultra-2.jpg 1218w\" data-sizes=\"(max-width: 800px) 100vw, 800px\" src=\"data:image\/svg+xml;base64,PHN2ZyB3aWR0aD0iMSIgaGVpZ2h0PSIxIiB4bWxucz0iaHR0cDovL3d3dy53My5vcmcvMjAwMC9zdmciPjwvc3ZnPg==\" style=\"--smush-placeholder-width: 800px; --smush-placeholder-aspect-ratio: 800\/646;\" \/><figcaption id=\"caption-attachment-8713\" class=\"wp-caption-text\">Jadalnia w stylu industrialnym z krzes\u0142ami <a href=\"https:\/\/www.brw.pl\/krzeslo-ultra-ii,20344\" target=\"_blank\" rel=\"noopener noreferrer\">Ultra II <\/a>i <a href=\"https:\/\/www.brw.pl\/krzeslo-vario-2,27744\" target=\"_blank\" rel=\"noopener noreferrer\">Vario 2<\/a> w roli g\u0142\u00f3wnej<\/figcaption><\/figure>\n<p>&nbsp;<\/p>\n<h2>Aran\u017cacja jadalni w stylu glamour<\/h2>\n<p>Jadalnia glamour kojarzy si\u0119 z przepychem, charakterystycznym dla wystawnych uczt. Ten styl najlepiej b\u0119dzie prezentowa\u0142 si\u0119 w wi\u0119kszym pomieszczeniu. Podejmij swoich go\u015bci i domownik\u00f3w po kr\u00f3lewsku!<\/p>\n<p>Sercem takiej jadalni powinien by\u0107 oczywi\u015bcie st\u00f3\u0142. Zdecyduj si\u0119 na solidny, praktyczny st\u00f3\u0142 rozk\u0142adany, dzi\u0119ki kt\u00f3remu w razie potrzeby ugo\u015bcisz wi\u0119cej os\u00f3b. Je\u015bli dysponujesz du\u017c\u0105 jadalni\u0105, mo\u017cesz zdecydowa\u0107 si\u0119 na d\u0142ugi, prostok\u0105tny model. Idealnym materia\u0142em na blat sto\u0142u w stylu glamour jest bia\u0142e lub czarne drewno (lub jego imitacja). Im mniejsze pomieszczenie, tym ja\u015bniejszy powinien by\u0107 st\u00f3\u0142 i reszta aran\u017cacji. Dzi\u0119ki temu optycznie powi\u0119kszysz wn\u0119trze. Charakteru takiemu meblowi, a zarazem lekko\u015bci wn\u0119trzu jadalni, dodadz\u0105 wygi\u0119te n\u00f3\u017cki mebla.<\/p>\n<p>K\u0105cik jadalniany opr\u00f3cz sto\u0142u wymaga te\u017c wygodnych siedzisk. Zdecyduj si\u0119 na nowoczesne tapicerowane krzes\u0142a z pikowaniami i wygodnymi oparciami na plecy i \u0142okcie. Mog\u0105 by\u0107 to r\u00f3wnie\u017c mniej masywne krzes\u0142a-muszelki, bez pod\u0142okietnik\u00f3w lub rze\u017abione &#8222;Ludwiki&#8221;. Bardzo modne s\u0105 tapicerki welurowe, kt\u00f3re idealnie wpisz\u0105 si\u0119 w stylistyk\u0119 glamour.<\/p>\n<p>Du\u017ca jadalnia glamour nie mo\u017ce oby\u0107 si\u0119 r\u00f3wnie\u017c bez odpowiedniego o\u015bwietlenia. \u015awiat\u0142o w takim wn\u0119trzu \u2013 poza tym, \u017ce jest praktyczne \u2013 pe\u0142ni te\u017c rol\u0119 dekoracyjn\u0105. Pasowa\u0107 b\u0119d\u0105 tutaj wieloramienne lampy z b\u0142yszcz\u0105cymi kloszami oraz kryszta\u0142owe \u017cyrandole. \u015awiat\u0142o b\u0119dzie nadawa\u0107 po\u017c\u0105danego b\u0142ysku we wn\u0119trzach. Padaj\u0105ce refleksy podkre\u015bl\u0105 design mebli na wysoki po\u0142ysk. Dzi\u0119ki nim rozb\u0142ysn\u0105 r\u00f3wnie\u017c metalowe dekoracje, szklane wazony, misy, sztu\u0107ce, kryszta\u0142owe szklanki i inne jadalniane akcesoria. Ponadto w takiej jadalni nie mo\u017ce zabrakn\u0105\u0107 lustrzanych powierzchni, sztukaterii i ornament\u00f3w na \u015bcianach.<\/p>\n<p><strong>W tak urz\u0105dzonej jadalni \u0142atwo o przesad\u0119. Aby unikn\u0105\u0107 kiczowatego efektu, zr\u00f3wnowa\u017c i stonuj nieco b\u0142ysk za pomoc\u0105 matowych, luksusowych tkanin najlepszej jako\u015bci<\/strong>. Obrusy, serwety i inne kuchenne tekstylia powinny by\u0107 wykonane z matowych, ciemnych materia\u0142\u00f3w, kt\u00f3re &#8222;poch\u0142aniaj\u0105&#8221; \u015bwiat\u0142o.<\/p>\n<p>Do jadalni w tym stylu bardzo pasuje czer\u0144, biel, z\u0142oto i srebro. Klasycznie, a zarazem luksusowo wygl\u0105da\u0107 b\u0119dzie kontrast czerni i bieli. Mo\u017cesz te\u017c wykorzysta\u0107 inne barwy: szlachetny granat, butelkow\u0105 ziele\u0144, szaro\u015bci, purpur\u0119 czy te\u017c bordo i prze\u0142ama\u0107 je za pomoc\u0105 z\u0142otych lub srebrnych dodatk\u00f3w i detali.<\/p>\n<p>&nbsp;<\/p>\n<p>Wystr\u00f3j wn\u0119trza jadalni, zw\u0142aszcza w tym stylu, mo\u017ce okaza\u0107 si\u0119 wyzwaniem dla amator\u00f3w dobrego designu, ale przyjemny dla oka efekt i podziw go\u015bci jest zdecydowanie wart wysi\u0142ku.<\/p>\n<p>Niezale\u017cnie, czy masz ma\u0142\u0105 jadalni\u0119, czy odr\u0119bne pomieszczenie do wsp\u00f3lnego jedzenia posi\u0142k\u00f3w i jaki styl preferujesz, przyjemnie jest usi\u0105\u015b\u0107 razem w pi\u0119knym otoczeniu i zje\u015b\u0107 co\u015b smacznego.<\/p>\n<p>&nbsp;<\/p>\n<p>Po stylowe dodatki i meble do jadalni zapraszamy do <a href=\"https:\/\/www.brw.pl\/\" target=\"_blank\" rel=\"noopener noreferrer\">sklepu internetowego BRW.<\/a><\/p>\n","protected":false},"excerpt":{"rendered":"<p>Przytulna i komfortowa\u2026 Jadalnia \u2013 bo o niej mowa \u2013 to takie miejsce w domu, w kt\u00f3rym ka\u017cdy powinien czu\u0107 si\u0119 dobrze. Jak urz\u0105dzi\u0107 jadalni\u0119 idealn\u0105? Mamy dla was kilka ciekawych rad na to wn\u0119trzarskie wyzwanie. Jadalnia mie\u015bci si\u0119 zwykle w kuchni. Jednak coraz cz\u0119\u015bciej \u201ewychodzi na salony\u201d i staje si\u0119 ich cz\u0119\u015bci\u0105. Bez wzgl\u0119du [&hellip;]<\/p>\n","protected":false},"author":11,"featured_media":1083,"comment_status":"open","ping_status":"open","sticky":false,"template":"","format":"standard","meta":{"footnotes":""},"categories":[738,26,574,735],"tags":[43,142,91,72,178,162],"aioseo_notices":[],"_links":{"self":[{"href":"https:\/\/www.brw.pl\/blog\/wp-json\/wp\/v2\/posts\/942"}],"collection":[{"href":"https:\/\/www.brw.pl\/blog\/wp-json\/wp\/v2\/posts"}],"about":[{"href":"https:\/\/www.brw.pl\/blog\/wp-json\/wp\/v2\/types\/post"}],"author":[{"embeddable":true,"href":"https:\/\/www.brw.pl\/blog\/wp-json\/wp\/v2\/users\/11"}],"replies":[{"embeddable":true,"href":"https:\/\/www.brw.pl\/blog\/wp-json\/wp\/v2\/comments?post=942"}],"version-history":[{"count":17,"href":"https:\/\/www.brw.pl\/blog\/wp-json\/wp\/v2\/posts\/942\/revisions"}],"predecessor-version":[{"id":25501,"href":"https:\/\/www.brw.pl\/blog\/wp-json\/wp\/v2\/posts\/942\/revisions\/25501"}],"wp:featuredmedia":[{"embeddable":true,"href":"https:\/\/www.brw.pl\/blog\/wp-json\/wp\/v2\/media\/1083"}],"wp:attachment":[{"href":"https:\/\/www.brw.pl\/blog\/wp-json\/wp\/v2\/media?parent=942"}],"wp:term":[{"taxonomy":"category","embeddable":true,"href":"https:\/\/www.brw.pl\/blog\/wp-json\/wp\/v2\/categories?post=942"},{"taxonomy":"post_tag","embeddable":true,"href":"https:\/\/www.brw.pl\/blog\/wp-json\/wp\/v2\/tags?post=942"}],"curies":[{"name":"wp","href":"https:\/\/api.w.org\/{rel}","templated":true}]}}