{"id":9578,"date":"2019-12-14T09:30:15","date_gmt":"2019-12-14T08:30:15","guid":{"rendered":"https:\/\/www.brw.pl\/blog\/?p=9578"},"modified":"2024-10-21T10:54:54","modified_gmt":"2024-10-21T08:54:54","slug":"rodzicu-badz-kreatywny-aranzacja-pokoju-dzieciecego","status":"publish","type":"post","link":"https:\/\/www.brw.pl\/blog\/rodzicu-badz-kreatywny-aranzacja-pokoju-dzieciecego\/","title":{"rendered":"Rodzicu, b\u0105d\u017a kreatywny! Aran\u017cacja pokoju dzieci\u0119cego"},"content":{"rendered":"<p><strong>Kluczem do stworzenia udanego projektu pokoju dzieci\u0119cego jest znalezienie balansu pomi\u0119dzy sztamp\u0105 a ekstrawagancj\u0105. Wn\u0119trze to musi zawiera\u0107 rozwi\u0105zania wspieraj\u0105ce rozw\u00f3j dziecka i zapewniaj\u0105ce mu warunki do odpoczynku, nauki oraz zabawy. Aran\u017cacje pokoju dzieci\u0119cego musz\u0105 wi\u0119c zak\u0142ada\u0107 takie rozwi\u0105zania, dzi\u0119ki kt\u00f3rym dziecko poczuje si\u0119 we wn\u0119trzu doskonale, a estetyka przestrzeni pozostanie na wysokim poziomie. Jak wykreowa\u0107 taki wystr\u00f3j?<\/strong><\/p>\n<p><img decoding=\"async\" data-src=\"https:\/\/www.brw.pl\/blog\/wp-content\/uploads\/2019\/12\/Nandu-800x531.jpg\" alt=\"Meble Nandu w Black Red White\" src=\"data:image\/svg+xml;base64,PHN2ZyB3aWR0aD0iMSIgaGVpZ2h0PSIxIiB4bWxucz0iaHR0cDovL3d3dy53My5vcmcvMjAwMC9zdmciPjwvc3ZnPg==\" class=\"lazyload\" style=\"--smush-placeholder-width: 800px; --smush-placeholder-aspect-ratio: 800\/531;\" \/><\/p>\n<p>Pok\u00f3j dzieci\u0119cy to jedno z trudniejszych do urz\u0105dzenia wn\u0119trz. Jego wygl\u0105d oraz spos\u00f3b organizacji musi wpisywa\u0107 si\u0119 w bie\u017c\u0105ce potrzeby i upodobania dziecka, a te zmieniaj\u0105 si\u0119 w zastraszaj\u0105cym wr\u0119cz tempie.<\/p>\n<p>Wszystko to, co dla m\u0142odego cz\u0142owieka jest tak bardzo zajmuj\u0105ce dzisiaj, ju\u017c jutro mo\u017ce znale\u017a\u0107 si\u0119 na peryferiach jego uwagi. W takiej sytuacji mo\u017cesz raz po raz kompleksowo zmienia\u0107 wystr\u00f3j pokoju swojej pociechy lub zaplanowa\u0107 go tak, by z niewielkimi modyfikacjami pozosta\u0142 aktualny przez mo\u017cliwie jak najd\u0142u\u017cszy czas.<\/p>\n<h2>Jak zaaran\u017cowa\u0107 pok\u00f3j dzieci\u0119cy? Tych b\u0142\u0119d\u00f3w unikaj<\/h2>\n<p>Dost\u0119pne na wielu portalach inspiracje kusz\u0105, by przeprowadzi\u0107 aran\u017cacj\u0119 pokoju dzieci\u0119cego, wykorzystuj\u0105c za\u0142o\u017cenia konkretnego, mocno sprecyzowanego stylu. Najcz\u0119\u015bciej wi\u0105\u017ce si\u0119 to z kolorystyczn\u0105 nud\u0105 dla zachowania sp\u00f3jno\u015bci, a tak\u017ce ma\u0142o praktycznymi rozwi\u0105zaniami, kt\u00f3re jednak pi\u0119knie prezentuj\u0105 si\u0119 na zdj\u0119ciach, katalogowo.<\/p>\n<p>Pami\u0119taj jednak, \u017ce pok\u00f3j dzieci\u0119cy to miejsce pierwszych przyg\u00f3d, wyzwa\u0144 i wszystkiego, co w dzieci\u0144stwie najlepsze. W swoim pokoju dzieci nie potrzebuj\u0105 wystroju, kt\u00f3rym pochwal\u0105 si\u0119 na portalu spo\u0142eczno\u015bciowym, ale miejsca, w kt\u00f3rym odpoczn\u0105, zbuduj\u0105 fantastyczny zamek z klock\u00f3w, w bezpiecznej i wygodnej pozycji poczytaj\u0105 bajki, a ponad wszystko &#8211; znajd\u0105 mn\u00f3stwo przestrzeni do rozwoju wyobra\u017ani. Potraktuj pok\u00f3j dziecka jak jego centrum dowodzenia, kt\u00f3re ma sprzyja\u0107 jego kreatywno\u015bci i ch\u0119ci rozwoju.<\/p>\n<h3>Ograniczaj niepraktyczne rozwi\u0105zania<\/h3>\n<p>Nie wszystko, co pi\u0119kne, ma szanse powodzenia u dzieci. Dlatego pok\u00f3j dzieci\u0119cy powinien by\u0107 urz\u0105dzony tak, by maluch czu\u0142 si\u0119 w nim komfortowo i m\u00f3g\u0142 w nim realizowa\u0107 swoje pierwsze pasje. Czasem warto niepraktyczn\u0105 zje\u017cd\u017calni\u0119 zamieni\u0107 na mini \u015bciank\u0119 wspinaczkow\u0105, konsol\u0119 do gier na sztalug\u0119 malarsk\u0105, a kwietnik na teleskop. Aby urz\u0105dzi\u0107 pok\u00f3j dzieci\u0119cy, w kt\u00f3rym Twoje dziecko poczuje si\u0119 dobrze &#8211; wys\u0142uchaj go. Jego pasje i jego pomys\u0142y s\u0105 tu niezwykle wa\u017cne.<\/p>\n<h2><strong>Projekt pokoju dzieci\u0119cego, kt\u00f3ry dobrze zniesie pr\u00f3b\u0119 czasu<\/strong><\/h2>\n<p>Elementem o kluczowym znaczeniu w aran\u017cacjach pokoju dziecka s\u0105 oczywi\u015bcie meble. Chcesz wiedzie\u0107, czym warto kierowa\u0107 si\u0119 podczas ich wyboru? Stylistyka wygl\u0105du takiego kompletu jest istotna, ale priorytetem w pokoju dzieci\u0119cym zawsze jest bezpiecze\u0144stwo.<\/p>\n<p>Najlepszy wyb\u00f3r stanowi\u0105 meble z pozytywn\u0105 opini\u0105 Instytutu Matki i Dziecka. Potwierdza ona nale\u017cyt\u0105 jako\u015b\u0107 wykorzystanych do ich produkcji materia\u0142\u00f3w, jak r\u00f3wnie\u017c samej konstrukcji oraz estetyki ich wyko\u0144czenia. Innymi s\u0142owy, meble rekomendowane przez Instytut s\u0105 w pe\u0142ni bezpieczne w u\u017cytkowaniu, a dodatkowo dostosowane do r\u00f3\u017cnych etap\u00f3w rozwoju dziecka.<\/p>\n<p>Zainteresowa\u0142 Ci\u0119 ten temat? Wi\u0119cej informacji znajdziesz w artykule:\u00a0<a href=\"https:\/\/www.brw.pl\/blog\/piekne-funkcjonalne-bezpieczne-meble-brw-z-pozytywna-opinia-instytutu-matki-i-dziecka\/\" target=\"_blank\" rel=\"noopener noreferrer\"><u>\u201ePi\u0119kne, funkcjonalne, bezpieczne. Meble BRW z pozytywn\u0105 opini\u0105 Instytutu Matki i Dziecka\u201d.<\/u><\/a><\/p>\n<p>Znakomitym patentem na ponadczasowe, uniwersalne aran\u017cacje w pokoju dzieci\u0119cym s\u0105 meble o prostej, oszcz\u0119dnej stylistyce. Na poz\u00f3r wydaje si\u0119, \u017ce dla obdarzonych niespo\u017cyt\u0105 energi\u0105, ciekawych otaczaj\u0105cego \u015bwiata dzieciak\u00f3w b\u0119d\u0105 zbyt zachowawcze.<\/p>\n<p>Je\u015bli dobierzesz do nich atrakcyjne, trafiaj\u0105ce w gusta Twojej pociechy\u00a0<a href=\"https:\/\/www.brw.pl\/katalog-produktow\/pokoj-mlodziezowy-asortyment-oswietlenie\/\" target=\"_blank\" rel=\"noopener noreferrer\"><u>o\u015bwietlenie<\/u><\/a>\u00a0i\u00a0<a href=\"https:\/\/www.brw.pl\/dekoracje\/pokoj-mlodziezowy\/\" target=\"_blank\" rel=\"noopener noreferrer\"><u>dekoracje<\/u><\/a>\u00a0\u2013 stworzysz daleki od nudy wystr\u00f3j, a dodatkowo wyj\u0105tkowo \u0142atwy do przekszta\u0142cenia. Ostatecznie mniej k\u0142opotliwa jest wymiana kilku dodatk\u00f3w ni\u017c sk\u0142adaj\u0105cego si\u0119 z wielu element\u00f3w zestawu mebli. Dzi\u0119ki temu pok\u00f3j dzieci\u0119cy b\u0119dzie \u0142atwiej odmieni\u0107 i dostosowa\u0107 do wieku Twojej pociechy.<\/p>\n<p>Jakimi jeszcze cechami powinny wyr\u00f3\u017cnia\u0107 si\u0119 meble do w pokoju dzieci\u0119cym?<\/p>\n<ul>\n<li>\n<h3><strong>Geometryczna, nowoczesna forma<\/strong><\/h3>\n<\/li>\n<\/ul>\n<p>Meble o stonowanym, minimalistycznym wygl\u0105dzie odnajd\u0105 si\u0119 w ka\u017cdej aran\u017cacji. Ich prosta linia wprowadzi do przestrzeni zajmowanej przez Twoje dziecko wra\u017cenie \u0142adu i harmonii. Pok\u00f3j dzieci\u0119cy stanie si\u0119 bezpieczn\u0105 oaz\u0105 dla Twojej pociechy.<\/p>\n<p>Tak skromnie prezentuj\u0105ce si\u0119 meble nie b\u0119d\u0105 go dra\u017cni\u0107 ani rozprasza\u0107, co zdarza si\u0119 w przypadku zestaw\u00f3w o bardziej wymy\u015blnej stylistyce. Dodatkowo maj\u0105 one t\u0119 zalet\u0119, \u017ce b\u0119d\u0105 podoba\u0107 si\u0119 dzieciakom w ka\u017cdym wieku. Dzieci\u0119cy pok\u00f3j w takim wydaniu to z pewno\u015bci\u0105 \u015bwietny pomys\u0142.<\/p>\n<ul>\n<li>\n<h3><strong>Neutralne zabarwienie<\/strong><\/h3>\n<\/li>\n<\/ul>\n<p>Najmodniejsze obecnie meble przeznaczone dla dzieci s\u0105 zachowane w klasycznej bieli. Dla urozmaicenia cz\u0119sto \u0142\u0105czona jest ona ze spokojnymi szaro\u015bciami. W tym samym celu stosowane s\u0105 wstawki w kolorze drewna, kt\u00f3re dodatkowo ocieplaj\u0105 nieco surowy wygl\u0105d modu\u0142\u00f3w.<\/p>\n<p>Po\u0142\u0105czenie bieli oraz drewna prezentuje si\u0119 bardzo elegancko, dlatego coraz cz\u0119\u015bciej mo\u017cna je spotka\u0107. Warto wspomnie\u0107, \u017ce wszelkie rozwi\u0105zania nawi\u0105zuj\u0105ce do pi\u0119kna natury wpisuj\u0105 si\u0119 w najgor\u0119tsze wn\u0119trzarskie trendy.<\/p>\n<ul>\n<li>\n<h3><strong>Personalizacja<\/strong><\/h3>\n<\/li>\n<\/ul>\n<p>Wybieraj\u0105c meble do pokoju swojego dziecka warto rozwa\u017cy\u0107 zakup kolekcji z mo\u017cliwo\u015bci\u0105 personalizacji. Dzi\u0119ki temu pos\u0142u\u017cy przez \u0142adnych par\u0119 lat!<\/p>\n<p>Podobne systemy przewiduj\u0105 mo\u017cliwo\u015b\u0107 zmiany koloru front\u00f3w, a nawet wyboru front\u00f3w z nadrukami cyfrowymi. Jest to o tyle praktyczne, \u017ce je\u015bli Twoje dziecko zapragnie zobaczy\u0107 w swoim wn\u0119trzu troch\u0119 wi\u0119cej koloru, z \u0142atwo\u015bci\u0105 spe\u0142nisz jego \u017cyczenie.<\/p>\n<p>W niekt\u00f3rych kompletach dost\u0119pna jest r\u00f3wnie\u017c opcja zmiany umiejscowienia front\u00f3w. Przy jej pomocy mo\u017cna samodzielnie zmienia\u0107 wygl\u0105d mebli poprzez decydowanie, kt\u00f3re szafki b\u0119d\u0105 zamkni\u0119te, a kt\u00f3re pos\u0142u\u017c\u0105 do ekspozycji cennych dla dziecka drobiazg\u00f3w.<\/p>\n<p><img decoding=\"async\" data-src=\"https:\/\/www.brw.pl\/blog\/wp-content\/uploads\/2019\/12\/nandu-rega%C5%82-533x800.jpg\" alt=\"Kreatywna kolekcja Nandu z mo\u017cliwo\u015bci\u0105 personalizacji \" src=\"data:image\/svg+xml;base64,PHN2ZyB3aWR0aD0iMSIgaGVpZ2h0PSIxIiB4bWxucz0iaHR0cDovL3d3dy53My5vcmcvMjAwMC9zdmciPjwvc3ZnPg==\" class=\"lazyload\" style=\"--smush-placeholder-width: 533px; --smush-placeholder-aspect-ratio: 533\/800;\" \/><\/p>\n<p><a href=\"https:\/\/www.brw.pl\/kolekcja-nandu,526\" target=\"_blank\" rel=\"noopener noreferrer\"><strong>KREATYWNA KOLEKCJA NANDU<\/strong><\/a> z mo\u017cliwo\u015bci\u0105 personalizacji<\/p>\n<ul>\n<li>\n<h3><strong>Inteligentne meble<\/strong><\/h3>\n<\/li>\n<\/ul>\n<p>Meble w pokoju dziecka powinny by\u0107 nie tylko pi\u0119kne, ale przede wszystkim funkcjonalne, by nad\u0105\u017cy\u0107 za szybkim dorastaniem i zmieniaj\u0105cymi si\u0119 potrzebami. Zwr\u00f3\u0107 wi\u0119c uwag\u0119 na rozwi\u0105zania, kt\u00f3re sprawi\u0105, \u017ce kolekcja sprawdzi si\u0119 na przestrzeni kilku lat i nie b\u0119dzie tylko chwilowym zakupem.<\/p>\n<p>W pokoju dziecka z pewno\u015bci\u0105 powinno znale\u017a\u0107 si\u0119 biurko, i to najlepiej takie wyposa\u017cone w regulacj\u0119 wysoko\u015bci blatu. Tak praktyczne meble b\u0119d\u0105 ros\u0142y razem z Twoj\u0105 pociech\u0105, zapewni\u0105 wygod\u0119 i odpowiedni\u0105 postaw\u0119 podczas odrabiania lekcji czy rysowania dzieci\u0119cych portret\u00f3w.<\/p>\n<p>Ciekaw\u0105 opcj\u0119 stanowi nadstawka, kt\u00f3r\u0105 mo\u017cna dobra\u0107 do biurka, a przez to zwi\u0119kszy\u0107 jego mo\u017cliwo\u015bci w zakresie przechowywania. Bardzo pomocna mo\u017ce okaza\u0107 si\u0119 w pokojach starszych dzieciak\u00f3w, kt\u00f3re zd\u0105\u017cy\u0142y ju\u017c zgromadzi\u0107 rozmaite skarby. Dzi\u0119ki takiej zabudowie b\u0119d\u0105 mog\u0142y si\u0119 nimi pochwali\u0107.<\/p>\n<p><img decoding=\"async\" data-src=\"file:\/\/\/C:\/Users\/KATARZ~1.PAJ\/AppData\/Local\/Temp\/lu73449t1w49.tmp\/lu73449t1w4e_tmp_e8a9fbeb14b9b275.jpg\" alt=\"\" src=\"data:image\/svg+xml;base64,PHN2ZyB3aWR0aD0iMSIgaGVpZ2h0PSIxIiB4bWxucz0iaHR0cDovL3d3dy53My5vcmcvMjAwMC9zdmciPjwvc3ZnPg==\" class=\"lazyload\" \/><img decoding=\"async\" data-src=\"https:\/\/www.brw.pl\/blog\/wp-content\/uploads\/2019\/12\/biurko-Princeton-711x800.jpg\" alt=\"Biurko Princeton\u00a0z dwustopniow\u0105 regulacj\u0105 wysoko\u015bci blatu\" src=\"data:image\/svg+xml;base64,PHN2ZyB3aWR0aD0iMSIgaGVpZ2h0PSIxIiB4bWxucz0iaHR0cDovL3d3dy53My5vcmcvMjAwMC9zdmciPjwvc3ZnPg==\" class=\"lazyload\" style=\"--smush-placeholder-width: 711px; --smush-placeholder-aspect-ratio: 711\/800;\" \/><\/p>\n<p><a href=\"https:\/\/www.brw.pl\/biurko-princeton,22966\" target=\"_blank\" rel=\"noopener noreferrer\"><strong>BIURKO PRINCETON<\/strong><\/a>\u00a0z dwustopniow\u0105 regulacj\u0105 wysoko\u015bci blatu<\/p>\n<p>Projekt pokoju dzieci\u0119cego\u00a0powinien te\u017c uwzgl\u0119dnia\u0107 mobilne meble, czyli takie osadzone na k\u00f3\u0142kach. Na og\u00f3\u0142 maj\u0105 one posta\u0107 por\u0119cznych kom\u00f3d lub kontenerk\u00f3w, kt\u00f3re mo\u017cna z \u0142atwo\u015bci\u0105 przesuwa\u0107. S\u0105 one tyle wygodne, \u017ce nie zajmuj\u0105 zbyt du\u017co wolnego miejsca, a ich ustawienie mo\u017cna zmienia\u0107 w zale\u017cno\u015bci od potrzeb.<\/p>\n<p>Dzi\u0119ki obecno\u015bci k\u00f3\u0142ek Twoje dziecko b\u0119dzie mog\u0142o korzysta\u0107 z nich na wiele odmiennych sposob\u00f3w. Sprawdz\u0105 si\u0119 jako meble do przechowywania, ale mog\u0105 mu r\u00f3wnie\u017c pos\u0142u\u017cy\u0107 jako szafka nocna lub stolik.<\/p>\n<p>Wielofunkcyjno\u015b\u0107 oraz mobilno\u015b\u0107 to bardzo mile widziane cechy we wsp\u00f3\u0142czesnych\u00a0aran\u017cacjach pokoi dzieci\u0119cych.<\/p>\n<p><img decoding=\"async\" data-src=\"https:\/\/www.brw.pl\/blog\/wp-content\/uploads\/2019\/12\/komoda-mobilna-stanford.jpg\" alt=\"Komoda mobilna Stanford\" src=\"data:image\/svg+xml;base64,PHN2ZyB3aWR0aD0iMSIgaGVpZ2h0PSIxIiB4bWxucz0iaHR0cDovL3d3dy53My5vcmcvMjAwMC9zdmciPjwvc3ZnPg==\" class=\"lazyload\" style=\"--smush-placeholder-width: 900px; --smush-placeholder-aspect-ratio: 900\/1080;\" \/><\/p>\n<p><a href=\"https:\/\/www.brw.pl\/komoda-mobilna-stanford,26171\" target=\"_blank\" rel=\"noopener noreferrer\"><strong>KOMODA MOBILNA STANFORD<\/strong><\/a><\/p>\n<h2><strong>Barwna aran\u017cacja pokoju dzieci\u0119cego<\/strong><\/h2>\n<p>Dzieciaki lubi\u0105 weso\u0142e, kolorowe wn\u0119trza. Tyle \u017ce trudno jest urz\u0105dzi\u0107 je w spos\u00f3b, kt\u00f3ry pozwoli na unikni\u0119cie przesady. Nadmiar barw jest nie tylko ma\u0142o gustowny, ale na d\u0142u\u017csz\u0105 met\u0119 mo\u017ce by\u0107 bardzo m\u0119cz\u0105cy.<\/p>\n<p><strong>Dobrym sposobem na o\u017cywienie\u00a0aran\u017cacji pokoju dzieci\u0119cego\u00a0jest wyeksponowanie mocniejszych kolorystycznych akcent\u00f3w<\/strong> na jasnym, spokojnym tle. W takim zestawieniu b\u0119d\u0105 dobrze widoczne, ale nie przyt\u0142ocz\u0105 wn\u0119trza. Warto wi\u0119c zainwestowa\u0107 w r\u00f3\u017cnego rodzaju dodatki.<\/p>\n<p>Pami\u0119taj, \u017ce barwa zawsze idzie w parze z form\u0105. Je\u015bli Twoja pociecha gustuje w jaskrawych kolorach, mo\u017cesz przemyci\u0107 je do wn\u0119trza za pomoc\u0105 drobiazg\u00f3w np. drucianej lampy lub pojemnika o lekkiej a\u017curowej konstrukcji. \u017bywe, nasycone kolory umieszczone na niewielkich powierzchniach nie zdominuj\u0105 aran\u017cacji, a jedynie wydob\u0119d\u0105 z niej charakter.<\/p>\n<p>Nie b\u00f3j si\u0119 kolor\u00f3w. Wprowadzaj je do wn\u0119trza \u015bmia\u0142o, ale z wyczuciem. Sekretem jest nie tyle w\u0142a\u015bciwy dob\u00f3r barw, co zachowanie odpowiednich proporcji, aby aran\u017cacja pokoju dzieci\u0119cego by\u0142 gustowna, \u015bwie\u017ca, na czasie i co wa\u017cniejsze, odzwierciedla\u0142a upodobania oraz zainteresowania jego w\u0142a\u015bciciela. Kwesti\u0119 kolor\u00f3w oraz form wykorzystanych dodatk\u00f3w skonsultuj ze swoim dzieckiem. To jego pok\u00f3j, dlatego musi ono czu\u0107 si\u0119 w nim komfortowo i swobodnie.<\/p>\n<p>Potrzebujesz pomocy przy wyborze palety barw do pokoju Twojego dziecka? Cenne wskaz\u00f3wki znajdziesz w artykule:\u00a0<a href=\"https:\/\/www.brw.pl\/blog\/na-zolto-i-na-niebiesko-psychologiczne-znaczenie-kolorow-we-wnetrzu\/\" target=\"_blank\" rel=\"noopener noreferrer\"><u>\u201eNa \u017c\u00f3\u0142to i na niebiesko! Psychologiczne znaczenie kolor\u00f3w we wn\u0119trzu\u201d.<\/u><\/a><\/p>\n","protected":false},"excerpt":{"rendered":"<p>Kluczem do stworzenia udanego projektu pokoju dzieci\u0119cego jest znalezienie balansu pomi\u0119dzy sztamp\u0105 a ekstrawagancj\u0105. Wn\u0119trze to musi zawiera\u0107 rozwi\u0105zania wspieraj\u0105ce rozw\u00f3j dziecka i zapewniaj\u0105ce mu warunki do odpoczynku, nauki oraz zabawy. Aran\u017cacje pokoju dzieci\u0119cego musz\u0105 wi\u0119c zak\u0142ada\u0107 takie rozwi\u0105zania, dzi\u0119ki kt\u00f3rym dziecko poczuje si\u0119 we wn\u0119trzu doskonale, a estetyka przestrzeni pozostanie na wysokim poziomie. Jak [&hellip;]<\/p>\n","protected":false},"author":18,"featured_media":9579,"comment_status":"open","ping_status":"open","sticky":false,"template":"","format":"standard","meta":{"footnotes":""},"categories":[39,750,9],"tags":[],"aioseo_notices":[],"_links":{"self":[{"href":"https:\/\/www.brw.pl\/blog\/wp-json\/wp\/v2\/posts\/9578"}],"collection":[{"href":"https:\/\/www.brw.pl\/blog\/wp-json\/wp\/v2\/posts"}],"about":[{"href":"https:\/\/www.brw.pl\/blog\/wp-json\/wp\/v2\/types\/post"}],"author":[{"embeddable":true,"href":"https:\/\/www.brw.pl\/blog\/wp-json\/wp\/v2\/users\/18"}],"replies":[{"embeddable":true,"href":"https:\/\/www.brw.pl\/blog\/wp-json\/wp\/v2\/comments?post=9578"}],"version-history":[{"count":11,"href":"https:\/\/www.brw.pl\/blog\/wp-json\/wp\/v2\/posts\/9578\/revisions"}],"predecessor-version":[{"id":27732,"href":"https:\/\/www.brw.pl\/blog\/wp-json\/wp\/v2\/posts\/9578\/revisions\/27732"}],"wp:featuredmedia":[{"embeddable":true,"href":"https:\/\/www.brw.pl\/blog\/wp-json\/wp\/v2\/media\/9579"}],"wp:attachment":[{"href":"https:\/\/www.brw.pl\/blog\/wp-json\/wp\/v2\/media?parent=9578"}],"wp:term":[{"taxonomy":"category","embeddable":true,"href":"https:\/\/www.brw.pl\/blog\/wp-json\/wp\/v2\/categories?post=9578"},{"taxonomy":"post_tag","embeddable":true,"href":"https:\/\/www.brw.pl\/blog\/wp-json\/wp\/v2\/tags?post=9578"}],"curies":[{"name":"wp","href":"https:\/\/api.w.org\/{rel}","templated":true}]}}