{"id":981,"date":"2020-04-03T15:48:45","date_gmt":"2020-04-03T13:48:45","guid":{"rendered":"http:\/\/www.mojaplanetadom.pl\/?p=981"},"modified":"2024-09-26T13:50:19","modified_gmt":"2024-09-26T11:50:19","slug":"aranzacja-salonu-ultranowoczesna-biel","status":"publish","type":"post","link":"https:\/\/www.brw.pl\/blog\/aranzacja-salonu-ultranowoczesna-biel\/","title":{"rendered":"Aran\u017cacja salonu \u2013 ultranowoczesna biel"},"content":{"rendered":"<p><strong>Niegdy\u015b wyst\u0119powa\u0142a w niemal wszystkich polskich mieszkaniach. P\u00f3\u017aniej wyparta zosta\u0142a przez odwa\u017cne, wyraziste kolory, by wkr\u00f3tce ze zdwojon\u0105 si\u0142\u0105 powr\u00f3ci\u0107 do czo\u0142\u00f3wki najbardziej po\u017c\u0105danych trend\u00f3w w dekoracji wn\u0119trz. Mowa o klasycznej bieli \u2013 barwie, skrywaj\u0105cej w sobie nies\u0142ychany potencja\u0142 aran\u017cacyjny.<\/strong><\/p>\n<p><img decoding=\"async\" class=\"aligncenter size-medium wp-image-11488 lazyload\" data-src=\"https:\/\/www.brw.pl\/blog\/wp-content\/uploads\/2015\/11\/salon1-800x533.jpg\" alt=\"\" width=\"800\" height=\"533\" data-srcset=\"https:\/\/www.brw.pl\/blog\/wp-content\/uploads\/2015\/11\/salon1-800x533.jpg 800w, https:\/\/www.brw.pl\/blog\/wp-content\/uploads\/2015\/11\/salon1-768x512.jpg 768w, https:\/\/www.brw.pl\/blog\/wp-content\/uploads\/2015\/11\/salon1.jpg 1386w\" data-sizes=\"(max-width: 800px) 100vw, 800px\" src=\"data:image\/svg+xml;base64,PHN2ZyB3aWR0aD0iMSIgaGVpZ2h0PSIxIiB4bWxucz0iaHR0cDovL3d3dy53My5vcmcvMjAwMC9zdmciPjwvc3ZnPg==\" style=\"--smush-placeholder-width: 800px; --smush-placeholder-aspect-ratio: 800\/533;\" \/><\/p>\n<p><!--more--><\/p>\n<p>&nbsp;<\/p>\n<h2><strong>Mieszkanie w bieli \u2013 zalety tej barwy w aran\u017cacjach<\/strong><\/h2>\n<p data-pm-slice=\"1 1 []\">Bia\u0142y salon kojarzy Ci si\u0119 z nudnym i niemodnym prze\u017cytkiem minionej epoki? Nic bardziej mylnego! Mimo i\u017c pozornie barwa ta wydaje si\u0119 pozbawiona wyrazu, odpowiednio wystylizowana potrafi <span data-color=\"var(--purple-10)\">doda\u0107 wn\u0119trzu elegancji i zdzia\u0142a\u0107 w nim<\/span> prawdziwe, aran\u017cacyjne cuda!<\/p>\n<p>Niew\u0105tpliwie najwi\u0119ksz\u0105 zalet\u0105 tego koloru jest jego uniwersalny i ponadczasowy charakter. Podczas gdy wiele trend\u00f3w i styl\u00f3w dekoracyjnych ust\u0119puje wraz z ko\u0144cem ka\u017cdego sezonu, bia\u0142e aran\u017cacje pozostaj\u0105 niezmiennie modne, zachwycaj\u0105c swym subtelnym charakterem i imponuj\u0105c\u0105 u\u017cyteczno\u015bci\u0105. <span data-color=\"var(--purple-10)\">Przy tym zar\u00f3wno farby do malowania \u015bcian, jak i meble czy dodatki posiadaj\u0105 wiele odcieni bieli, kt\u00f3re mo\u017cna ze sob\u0105 zestawia\u0107 w bardzo efektowny spos\u00f3b.<\/span><\/p>\n<p>Do walor\u00f3w wizualnych, dochodz\u0105 r\u00f3wnie\u017c wzgl\u0119dy praktyczne. Schludna, elegancka biel, niezwykle efektownie odbija \u015bwiat\u0142o. To te\u017c sprawia, \u017ce optycznie powi\u0119ksza ona niewielkie wn\u0119trza, w wi\u0119kszych za\u015b \u2013 podkre\u015bla ich przestronno\u015b\u0107 i okaza\u0142o\u015b\u0107. Je\u015bli wi\u0119c zastanawiasz si\u0119, jak wizualnie doda\u0107 swojemu pokojowi go\u015bcinnemu kilka metr\u00f3w przestrzeni, bia\u0142y ma\u0142y salon b\u0119dzie w tym przypadku idealnym rozwi\u0105zaniem.<\/p>\n<div style=\"display: flex; align-items: center; justify-content: center; text-align: center;\">\n<figure id=\"attachment_11490\" aria-describedby=\"caption-attachment-11490\" style=\"width: 662px\" class=\"wp-caption aligncenter\"><a href=\"https:\/\/www.brw.pl\/naroznik-sotelo,28267\"><img decoding=\"async\" class=\"wp-image-11490 size-full lazyload\" data-src=\"https:\/\/www.brw.pl\/blog\/wp-content\/uploads\/2015\/11\/salon-2.jpg\" alt=\"\" width=\"662\" height=\"993\" data-srcset=\"https:\/\/www.brw.pl\/blog\/wp-content\/uploads\/2015\/11\/salon-2.jpg 662w, https:\/\/www.brw.pl\/blog\/wp-content\/uploads\/2015\/11\/salon-2-533x800.jpg 533w\" data-sizes=\"(max-width: 662px) 100vw, 662px\" src=\"data:image\/svg+xml;base64,PHN2ZyB3aWR0aD0iMSIgaGVpZ2h0PSIxIiB4bWxucz0iaHR0cDovL3d3dy53My5vcmcvMjAwMC9zdmciPjwvc3ZnPg==\" style=\"--smush-placeholder-width: 662px; --smush-placeholder-aspect-ratio: 662\/993;\" \/><\/a><figcaption id=\"caption-attachment-11490\" class=\"wp-caption-text\"><a href=\"https:\/\/www.brw.pl\/naroznik-sotelo,28267\">naro\u017cnik Sotelo<\/a><\/figcaption><\/figure>\n<\/div>\n<p>&nbsp;<\/p>\n<h2><strong>Biel jako kolor bazowy aran\u017cacji <\/strong><\/h2>\n<p>Biel to mieszanina wszystkich barw prostych, dlatego te\u017c idealnie wsp\u00f3\u0142gra z niemal ka\u017cdym kolorem. To daje niezwykle szerokie pole manewru i stwarza punkt wyj\u015bcia do kreowania niezwyk\u0142ych, dekoracyjnych eksperyment\u00f3w. W jaki spos\u00f3b wprowadzi\u0107 t\u0119 barw\u0119 do salonu? Bia\u0142e \u015bciany i pod\u0142ogi to niew\u0105tpliwie jeden z cz\u0119\u015bciej spotykanych sposob\u00f3w jej u\u017cycia we wn\u0119trzach.<\/p>\n<p>Rozwi\u0105zanie to szczeg\u00f3lnie sprawdzi si\u0119 w sytuacji, gdy podobaj\u0105 Ci si\u0119 <a href=\"https:\/\/www.brw.pl\/katalog-produktow\/asortyment-meble-skrzyniowe-meble-tapicerowane-stoly-i-krzesla-materace-ogrod-meble-kuchenne\/\">meble<\/a> lub dodatki o odwa\u017cnej lub wyrazistej kolorystyce. Umieszczaj\u0105c je w bia\u0142ym salonie mo\u017cesz mie\u0107 pewno\u015b\u0107, \u017ce unikniesz efektu przyt\u0142oczenia i przesytu we wn\u0119trzu. G\u0142\u0119bokie, nasycone barwy, eleganckie szaro\u015bci, delikatne pastele \u2013 mo\u017cesz wybra\u0107 tak\u0105 kolorystyk\u0119, jaka tylko Ci si\u0119 podoba.<\/p>\n<p>My\u015bl\u0105c o bia\u0142ych \u015bcianach czy pod\u0142ogach, przed oczyma cz\u0119sto widzimy g\u0142adkie, jednolite powierzchnie. To jednak zaledwie jedna z wielu opcji na urz\u0105dzenie bia\u0142ego salonu. Aran\u017cacji z u\u017cyciem tej barwy jest znacznie wi\u0119cej. W pierwszej kolejno\u015bci mo\u017cesz eksperymentowa\u0107 z odcieniami, wprowadzaj\u0105c do wn\u0119trza ca\u0142\u0105 ich gam\u0119 \u2013 od nieskazitelnej, \u015bnie\u017cnobia\u0142ej tonacji, po ciep\u0142e be\u017ce lub surow\u0105 szaro\u015b\u0107.<\/p>\n<figure id=\"attachment_11492\" aria-describedby=\"caption-attachment-11492\" style=\"width: 800px\" class=\"wp-caption aligncenter\"><img decoding=\"async\" class=\"wp-image-11492 size-medium lazyload\" data-src=\"https:\/\/www.brw.pl\/blog\/wp-content\/uploads\/2015\/11\/cannet-800x556.jpg\" alt=\"\" width=\"800\" height=\"556\" data-srcset=\"https:\/\/www.brw.pl\/blog\/wp-content\/uploads\/2015\/11\/cannet-800x556.jpg 800w, https:\/\/www.brw.pl\/blog\/wp-content\/uploads\/2015\/11\/cannet-768x534.jpg 768w, https:\/\/www.brw.pl\/blog\/wp-content\/uploads\/2015\/11\/cannet.jpg 960w\" data-sizes=\"(max-width: 800px) 100vw, 800px\" src=\"data:image\/svg+xml;base64,PHN2ZyB3aWR0aD0iMSIgaGVpZ2h0PSIxIiB4bWxucz0iaHR0cDovL3d3dy53My5vcmcvMjAwMC9zdmciPjwvc3ZnPg==\" style=\"--smush-placeholder-width: 800px; --smush-placeholder-aspect-ratio: 800\/556;\" \/><figcaption id=\"caption-attachment-11492\" class=\"wp-caption-text\">Po\u0142\u0105czenie bieli z naturaln\u0105 barw\u0105 drewna tworzy niepowtarzalny klimat w <a href=\"https:\/\/www.brw.pl\/katalog-produktow\/salon-jadalnia\/\">salonie<\/a><\/figcaption><\/figure>\n<p>&nbsp;<\/p>\n<p>Kolejnym elementem do wyboru s\u0105 faktury. Matowa farba, b\u0142yszcz\u0105ce p\u0142ytki, pobielone drewno \u2013 bia\u0142e powierzchnie nie musz\u0105 by\u0107 nudne!<\/p>\n<p>&nbsp;<\/p>\n<h2><strong>\u201eSalon na bia\u0142o\u201d \u2013 postaw na meble<\/strong><\/h2>\n<p>Pomalowanie \u015bcian czy pod\u0142\u00f3g na bia\u0142o to niejedyny spos\u00f3b na wprowadzenie tego koloru do wn\u0119trza. Innym \u2013 ciesz\u0105cym si\u0119 coraz wi\u0119kszym uznaniem pomys\u0142em \u2013 jest zabarwienie w ten spos\u00f3b mebli. Mimo i\u017c niekt\u00f3rym mog\u0105 wydawa\u0107 si\u0119 one nieco niepraktyczne, w rzeczywisto\u015bci nie tylko zadziwiaj\u0105 sw\u0105 funkcjonalno\u015bci\u0105, ale i zachwycaj\u0105 subtelnym, nowoczesnym wyrazem. W jaki spos\u00f3b zaaran\u017cowa\u0107 wyposa\u017cenie do salonu w bieli? Szeroka oferta mebli w tej kolorystyce sprawia, \u017ce mo\u017cliwo\u015bci s\u0105 praktycznie nieograniczone.<\/p>\n<p>Delikatna, subtelna biel, jest synonim luksusu i elegancji, st\u0105d te\u017c \u2013 zestawiona z ciemn\u0105 barw\u0105 &#8211; idealnie odnajdzie si\u0119 we wn\u0119trzach klasycznych oraz konwencjach w stylu retro. Opr\u00f3cz tego, efektownie prezentuje si\u0119 ona r\u00f3wnie\u017c w towarzystwie naturalnych materia\u0142\u00f3w. Jasny st\u00f3\u0142 lub szafa z drewnianymi akcentami, stolik do kawy ze szklanym blatem, kanapa pokryta zabarwionym w ten spos\u00f3b, we\u0142nianym kocem \u2013 i przytulny salon w bieli gotowy.<\/p>\n<p>Wi\u0119cej informacji na temat zestawiania surowc\u00f3w we wn\u0119trzu mo\u017cesz znale\u017a\u0107 w tek\u015bcie: <a href=\"https:\/\/www.brw.pl\/blog\/polaczenie-klasyki-i-nowoczesnosci-jak-urzadzic-mieszkanie-w-bieli-i-drewnie\/\">\u201ePo\u0142\u0105czenie klasyki i nowoczesno\u015bci \u2013 jak urz\u0105dzi\u0107 mieszkanie w bieli i drewnie?\u201d<\/a><\/p>\n<div style=\"display: flex; align-items: center; justify-content: center; text-align: center;\">\n<figure id=\"attachment_11493\" aria-describedby=\"caption-attachment-11493\" style=\"width: 300px\" class=\"wp-caption aligncenter\"><img decoding=\"async\" class=\"wp-image-11493 size-full lazyload\" data-src=\"https:\/\/www.brw.pl\/blog\/wp-content\/uploads\/2015\/11\/komoda-stockholm-e1585827067554.jpg\" alt=\"\" width=\"300\" height=\"226\" src=\"data:image\/svg+xml;base64,PHN2ZyB3aWR0aD0iMSIgaGVpZ2h0PSIxIiB4bWxucz0iaHR0cDovL3d3dy53My5vcmcvMjAwMC9zdmciPjwvc3ZnPg==\" style=\"--smush-placeholder-width: 300px; --smush-placeholder-aspect-ratio: 300\/226;\" \/><figcaption id=\"caption-attachment-11493\" class=\"wp-caption-text\"><a href=\"https:\/\/www.brw.pl\/komoda-stockholm,15025\">Komoda Stockholm<\/a><\/figcaption><\/figure>\n<figure id=\"attachment_11494\" aria-describedby=\"caption-attachment-11494\" style=\"width: 300px\" class=\"wp-caption aligncenter\"><img decoding=\"async\" class=\"wp-image-11494 size-full lazyload\" data-src=\"https:\/\/www.brw.pl\/blog\/wp-content\/uploads\/2015\/11\/krzes\u0142o-alex-e1585827076307.jpg\" alt=\"\" width=\"300\" height=\"225\" src=\"data:image\/svg+xml;base64,PHN2ZyB3aWR0aD0iMSIgaGVpZ2h0PSIxIiB4bWxucz0iaHR0cDovL3d3dy53My5vcmcvMjAwMC9zdmciPjwvc3ZnPg==\" style=\"--smush-placeholder-width: 300px; --smush-placeholder-aspect-ratio: 300\/225;\" \/><figcaption id=\"caption-attachment-11494\" class=\"wp-caption-text\"><a href=\"https:\/\/www.brw.pl\/krzeslo-buk-bialy-axel,27838\">Krzes\u0142o Axel<\/a><\/figcaption><\/figure>\n<figure id=\"attachment_11495\" aria-describedby=\"caption-attachment-11495\" style=\"width: 300px\" class=\"wp-caption aligncenter\"><img decoding=\"async\" class=\"wp-image-11495 size-full lazyload\" data-src=\"https:\/\/www.brw.pl\/blog\/wp-content\/uploads\/2015\/11\/awa-mango-e1585827158965.jpg\" alt=\"\" width=\"300\" height=\"225\" src=\"data:image\/svg+xml;base64,PHN2ZyB3aWR0aD0iMSIgaGVpZ2h0PSIxIiB4bWxucz0iaHR0cDovL3d3dy53My5vcmcvMjAwMC9zdmciPjwvc3ZnPg==\" style=\"--smush-placeholder-width: 300px; --smush-placeholder-aspect-ratio: 300\/225;\" \/><figcaption id=\"caption-attachment-11495\" class=\"wp-caption-text\"><a href=\"https:\/\/www.brw.pl\/lawa-mango-ii,23582\">\u0141awa Mango II<\/a><\/figcaption><\/figure>\n<\/div>\n<p>&nbsp;<\/p>\n<p>Niezwykle ciekawym pomys\u0142em jest r\u00f3wnie\u017c wykorzystanie omawianej barwy we wsp\u00f3\u0142czesnych aran\u017cacjach. Marzy Ci si\u0119 salon nowoczesny? Bia\u0142y kolor, bezuchwytowe fronty, delikatna linia, a to wszystko rozja\u015bnione pod\u015bwietleniem ledowym &#8211;\u00a0 dzi\u0119ki meblom o takich cechach, po\u017c\u0105dany efekt osi\u0105gniesz \u0142atwiej ni\u017c my\u015blisz!<\/p>\n<figure id=\"attachment_11496\" aria-describedby=\"caption-attachment-11496\" style=\"width: 800px\" class=\"wp-caption aligncenter\"><img decoding=\"async\" class=\"wp-image-11496 size-medium lazyload\" data-src=\"https:\/\/www.brw.pl\/blog\/wp-content\/uploads\/2015\/11\/jadalnia-800x528.jpg\" alt=\"\" width=\"800\" height=\"528\" data-srcset=\"https:\/\/www.brw.pl\/blog\/wp-content\/uploads\/2015\/11\/jadalnia-800x528.jpg 800w, https:\/\/www.brw.pl\/blog\/wp-content\/uploads\/2015\/11\/jadalnia-768x507.jpg 768w, https:\/\/www.brw.pl\/blog\/wp-content\/uploads\/2015\/11\/jadalnia.jpg 1140w\" data-sizes=\"(max-width: 800px) 100vw, 800px\" src=\"data:image\/svg+xml;base64,PHN2ZyB3aWR0aD0iMSIgaGVpZ2h0PSIxIiB4bWxucz0iaHR0cDovL3d3dy53My5vcmcvMjAwMC9zdmciPjwvc3ZnPg==\" style=\"--smush-placeholder-width: 800px; --smush-placeholder-aspect-ratio: 800\/528;\" \/><figcaption id=\"caption-attachment-11496\" class=\"wp-caption-text\"><a href=\"https:\/\/www.brw.pl\/kolekcja-haga,424\">MEBLE HAGA<\/a>\u00a0\u0142\u0105cz\u0105ce w sobie biel i drewno<\/figcaption><\/figure>\n<p>&nbsp;<\/p>\n<div style=\"display: flex; align-items: center; justify-content: center; text-align: center;\">\n<figure id=\"attachment_11499\" aria-describedby=\"caption-attachment-11499\" style=\"width: 283px\" class=\"wp-caption aligncenter\"><img decoding=\"async\" class=\"wp-image-11499 size-full lazyload\" data-src=\"https:\/\/www.brw.pl\/blog\/wp-content\/uploads\/2015\/11\/witryna-dinaro-e1585827475407.jpg\" alt=\"\" width=\"283\" height=\"213\" src=\"data:image\/svg+xml;base64,PHN2ZyB3aWR0aD0iMSIgaGVpZ2h0PSIxIiB4bWxucz0iaHR0cDovL3d3dy53My5vcmcvMjAwMC9zdmciPjwvc3ZnPg==\" style=\"--smush-placeholder-width: 283px; --smush-placeholder-aspect-ratio: 283\/213;\" \/><figcaption id=\"caption-attachment-11499\" class=\"wp-caption-text\"><a href=\"https:\/\/www.brw.pl\/witryna-dinaro,10839\">Witryna Dinaro<\/a><\/figcaption><\/figure>\n<figure id=\"attachment_11497\" aria-describedby=\"caption-attachment-11497\" style=\"width: 276px\" class=\"wp-caption aligncenter\"><img decoding=\"async\" class=\"wp-image-11497 size-full lazyload\" data-src=\"https:\/\/www.brw.pl\/blog\/wp-content\/uploads\/2015\/11\/komoda-azteca-e1585827458974.jpg\" alt=\"\" width=\"276\" height=\"207\" src=\"data:image\/svg+xml;base64,PHN2ZyB3aWR0aD0iMSIgaGVpZ2h0PSIxIiB4bWxucz0iaHR0cDovL3d3dy53My5vcmcvMjAwMC9zdmciPjwvc3ZnPg==\" style=\"--smush-placeholder-width: 276px; --smush-placeholder-aspect-ratio: 276\/207;\" \/><figcaption id=\"caption-attachment-11497\" class=\"wp-caption-text\"><a href=\"https:\/\/www.brw.pl\/komoda-azteca-trio,29593\">Komoda Azteca Trio<\/a><\/figcaption><\/figure>\n<figure id=\"attachment_11498\" aria-describedby=\"caption-attachment-11498\" style=\"width: 283px\" class=\"wp-caption aligncenter\"><img decoding=\"async\" class=\"wp-image-11498 size-full lazyload\" data-src=\"https:\/\/www.brw.pl\/blog\/wp-content\/uploads\/2015\/11\/st\u00f3\u0142-azteca-e1585827468585.jpg\" alt=\"\" width=\"283\" height=\"212\" src=\"data:image\/svg+xml;base64,PHN2ZyB3aWR0aD0iMSIgaGVpZ2h0PSIxIiB4bWxucz0iaHR0cDovL3d3dy53My5vcmcvMjAwMC9zdmciPjwvc3ZnPg==\" style=\"--smush-placeholder-width: 283px; --smush-placeholder-aspect-ratio: 283\/212;\" \/><figcaption id=\"caption-attachment-11498\" class=\"wp-caption-text\"><a href=\"https:\/\/www.brw.pl\/stol-azteca-trio,29904\">St\u00f3\u0142 Azteca Trio<\/a><\/figcaption><\/figure>\n<\/div>\n<p>&nbsp;<\/p>\n<h2><strong>Bia\u0142e dodatki do salonu<\/strong><\/h2>\n<p>Niezale\u017cnie od tego, na jaki spos\u00f3b urz\u0105dzenia swojego salonu w bieli si\u0119 zdecydujesz, nie zapominaj o dobraniu do niego gustownych dodatk\u00f3w. Niewielkie i z pozoru nieznaczne detale \u2013 mog\u0105 ca\u0142kowicie odmieni\u0107 charakter Twojego wn\u0119trza. Na jakie akcenty warto postawi\u0107?<\/p>\n<p>Jak sygnalizowali\u015bmy wcze\u015bniej, biel niezwykle korzystnie prezentuje si\u0119 w towarzystwie naturalnych materia\u0142\u00f3w. St\u0105d te\u017c niew\u0105tpliwie trafionym pomys\u0142em na bia\u0142e dekoracje do salonu s\u0105 ekologiczne tkaniny. Lniane koce, we\u0142niane dywaniki czy narzuty \u2013 to akcesoria, kt\u00f3re wnios\u0105 do Twojego salonu powiew ciep\u0142a i nadadz\u0105 mu przytulnego charakteru. Je\u015bli chcesz doda\u0107 aran\u017cacji nieco wyrazu, mo\u017cesz r\u00f3wnie\u017c zdecydowa\u0107 si\u0119 na jasne dodatki, prze\u0142amane ciekawym, kontrastuj\u0105cym wzorem.<\/p>\n<figure id=\"attachment_11500\" aria-describedby=\"caption-attachment-11500\" style=\"width: 717px\" class=\"wp-caption aligncenter\"><img decoding=\"async\" class=\"wp-image-11500 size-full lazyload\" data-src=\"https:\/\/www.brw.pl\/blog\/wp-content\/uploads\/2015\/11\/dywan-split.png\" alt=\"\" width=\"717\" height=\"449\" src=\"data:image\/svg+xml;base64,PHN2ZyB3aWR0aD0iMSIgaGVpZ2h0PSIxIiB4bWxucz0iaHR0cDovL3d3dy53My5vcmcvMjAwMC9zdmciPjwvc3ZnPg==\" style=\"--smush-placeholder-width: 717px; --smush-placeholder-aspect-ratio: 717\/449;\" \/><figcaption id=\"caption-attachment-11500\" class=\"wp-caption-text\">Bia\u0142y <a href=\"https:\/\/www.brw.pl\/dywan-split,20589\">dywan Split<\/a> prze\u0142amany delikatnym wzorem<\/figcaption><\/figure>\n<p>&nbsp;<\/p>\n<p>Uniwersalna biel kocha oryginalne po\u0142\u0105czenia \u2013 nie tylko barw, ale i faktur. St\u0105d te\u017c obok mi\u0119kkich, puchowych tkanin, efektownie odnajd\u0105 si\u0119 tu r\u00f3wnie\u017c przeszklone, b\u0142yszcz\u0105ce powierzchnie. Ceramiczne <a href=\"https:\/\/www.brw.pl\/dekoracje\/wazony\/\">wazony<\/a>, figurki, ramy luster \u2013 zestawione ze z\u0142otymi akcentami, zamieni\u0105 Tw\u00f3j bia\u0142y salon w prawdziwie wytworne, szykowne wn\u0119trze.<\/p>\n<div style=\"display: flex; align-items: center; justify-content: center; text-align: center;\">\n<figure id=\"attachment_11501\" aria-describedby=\"caption-attachment-11501\" style=\"width: 635px\" class=\"wp-caption aligncenter\"><img decoding=\"async\" class=\"wp-image-11501 size-full lazyload\" data-src=\"https:\/\/www.brw.pl\/blog\/wp-content\/uploads\/2015\/11\/wazon-szklany-1.jpg\" alt=\"\" width=\"635\" height=\"651\" src=\"data:image\/svg+xml;base64,PHN2ZyB3aWR0aD0iMSIgaGVpZ2h0PSIxIiB4bWxucz0iaHR0cDovL3d3dy53My5vcmcvMjAwMC9zdmciPjwvc3ZnPg==\" style=\"--smush-placeholder-width: 635px; --smush-placeholder-aspect-ratio: 635\/651;\" \/><figcaption id=\"caption-attachment-11501\" class=\"wp-caption-text\"><a href=\"https:\/\/www.brw.pl\/wazon,23131\">Wazon szklany<\/a> ze z\u0142otymi wstawkami to pi\u0119kny dodatek do pokoju w bieli<\/figcaption><\/figure>\n<\/div>\n<p>&nbsp;<\/p>\n<p>Umiej\u0119tnie zaaran\u017cowana bia\u0142a barwa wprowadza do ka\u017cdego wn\u0119trza tchnienie orze\u017awienia i \u015bwie\u017co\u015bci. Nie ma za\u015b lepszego sposobu na dope\u0142nienie tego wra\u017cenia, jak si\u0119gni\u0119cie do \u017ar\u00f3de\u0142 natury i umieszczenie w pokoju ro\u015blin. Rozstawione na p\u00f3\u0142kach, stoliku czy parapecie, nie tylko o\u017cywi\u0105 pomieszczenie, ale tak\u017ce stworz\u0105 w nim wyj\u0105tkow\u0105 dekoracj\u0119. Je\u015bli przy tym nie mo\u017cesz lub nie masz odpowiednich warunk\u00f3w na piel\u0119gnacj\u0119 prawdziwych kwiat\u00f3w, pomy\u015bl o sztucznych odpowiednikach.<\/p>\n<div style=\"display: flex; align-items: center; justify-content: center; text-align: center;\">\n<figure id=\"attachment_11503\" aria-describedby=\"caption-attachment-11503\" style=\"width: 300px\" class=\"wp-caption aligncenter\"><img decoding=\"async\" class=\"wp-image-11503 size-full lazyload\" data-src=\"https:\/\/www.brw.pl\/blog\/wp-content\/uploads\/2015\/11\/sztuczny-kaktus-e1585828161145.jpg\" alt=\"\" width=\"300\" height=\"225\" src=\"data:image\/svg+xml;base64,PHN2ZyB3aWR0aD0iMSIgaGVpZ2h0PSIxIiB4bWxucz0iaHR0cDovL3d3dy53My5vcmcvMjAwMC9zdmciPjwvc3ZnPg==\" style=\"--smush-placeholder-width: 300px; --smush-placeholder-aspect-ratio: 300\/225;\" \/><figcaption id=\"caption-attachment-11503\" class=\"wp-caption-text\"><a href=\"https:\/\/www.brw.pl\/sztuczny-kakus-w-doniczce,28595\">Sztuczna ro\u015blina w doniczce Kaktus<\/a><\/figcaption><\/figure>\n<figure id=\"attachment_11502\" aria-describedby=\"caption-attachment-11502\" style=\"width: 300px\" class=\"wp-caption aligncenter\"><img decoding=\"async\" class=\"wp-image-11502 size-full lazyload\" data-src=\"https:\/\/www.brw.pl\/blog\/wp-content\/uploads\/2015\/11\/storczyk-e1585828152803.jpg\" alt=\"\" width=\"300\" height=\"225\" src=\"data:image\/svg+xml;base64,PHN2ZyB3aWR0aD0iMSIgaGVpZ2h0PSIxIiB4bWxucz0iaHR0cDovL3d3dy53My5vcmcvMjAwMC9zdmciPjwvc3ZnPg==\" style=\"--smush-placeholder-width: 300px; --smush-placeholder-aspect-ratio: 300\/225;\" \/><figcaption id=\"caption-attachment-11502\" class=\"wp-caption-text\"><a href=\"https:\/\/www.brw.pl\/sztuczna-orchidea-w-doniczce,23136\">Storczyk w doniczce<\/a><\/figcaption><\/figure>\n<p>&nbsp;<\/p>\n<\/div>\n<p>&nbsp;<\/p>\n<p>To oczywi\u015bcie nie wszystkie pomys\u0142y na bia\u0142e dodatki do salonu. Ciekawe propozycje na nie mo\u017cesz znale\u017a\u0107 praktycznie wsz\u0119dzie. Oryginalny, designerski, zegar, interesuj\u0105cy obraz, lampa na st\u00f3\u0142 w niecodziennym kszta\u0142cie \u2013 akcesoria te efektownie wpisz\u0105 si\u0119 w wystr\u00f3j Twojego salonu na bia\u0142o, dope\u0142niaj\u0105c jego wyj\u0105tkowy, ponadczasowy charakter.<\/p>\n<div style=\"display: flex; align-items: center; justify-content: center; text-align: center;\">\n<figure id=\"attachment_11504\" aria-describedby=\"caption-attachment-11504\" style=\"width: 300px\" class=\"wp-caption aligncenter\"><img decoding=\"async\" class=\"wp-image-11504 size-full lazyload\" data-src=\"https:\/\/www.brw.pl\/blog\/wp-content\/uploads\/2015\/11\/lampa-solvalla-e1585828320872.jpg\" alt=\"\" width=\"300\" height=\"225\" src=\"data:image\/svg+xml;base64,PHN2ZyB3aWR0aD0iMSIgaGVpZ2h0PSIxIiB4bWxucz0iaHR0cDovL3d3dy53My5vcmcvMjAwMC9zdmciPjwvc3ZnPg==\" style=\"--smush-placeholder-width: 300px; --smush-placeholder-aspect-ratio: 300\/225;\" \/><figcaption id=\"caption-attachment-11504\" class=\"wp-caption-text\"><a href=\"https:\/\/www.brw.pl\/lampa-stolowa-dekoracyjna-solvalla,30260\">Lampa sto\u0142owa dekoracyjna Solvalla<\/a><\/figcaption><\/figure>\n<figure id=\"attachment_11506\" aria-describedby=\"caption-attachment-11506\" style=\"width: 300px\" class=\"wp-caption aligncenter\"><img decoding=\"async\" class=\"wp-image-11506 size-full lazyload\" data-src=\"https:\/\/www.brw.pl\/blog\/wp-content\/uploads\/2015\/11\/zegar-\u015bcienny-e1585828336875.jpg\" alt=\"\" width=\"300\" height=\"225\" src=\"data:image\/svg+xml;base64,PHN2ZyB3aWR0aD0iMSIgaGVpZ2h0PSIxIiB4bWxucz0iaHR0cDovL3d3dy53My5vcmcvMjAwMC9zdmciPjwvc3ZnPg==\" style=\"--smush-placeholder-width: 300px; --smush-placeholder-aspect-ratio: 300\/225;\" \/><figcaption id=\"caption-attachment-11506\" class=\"wp-caption-text\"><a href=\"https:\/\/www.brw.pl\/zegar-scienny-na-pasku,23513\">Zegar \u015bcienny na pasku<\/a><\/figcaption><\/figure>\n<figure id=\"attachment_11505\" aria-describedby=\"caption-attachment-11505\" style=\"width: 300px\" class=\"wp-caption aligncenter\"><img decoding=\"async\" class=\"wp-image-11505 size-full lazyload\" data-src=\"https:\/\/www.brw.pl\/blog\/wp-content\/uploads\/2015\/11\/obraz-wilk-e1585828328122.jpg\" alt=\"\" width=\"300\" height=\"225\" src=\"data:image\/svg+xml;base64,PHN2ZyB3aWR0aD0iMSIgaGVpZ2h0PSIxIiB4bWxucz0iaHR0cDovL3d3dy53My5vcmcvMjAwMC9zdmciPjwvc3ZnPg==\" style=\"--smush-placeholder-width: 300px; --smush-placeholder-aspect-ratio: 300\/225;\" \/><figcaption id=\"caption-attachment-11505\" class=\"wp-caption-text\"><a href=\"https:\/\/www.brw.pl\/obraz-wilk,23234\">Obraz Wilk<\/a><\/figcaption><\/figure>\n<\/div>\n<p>&nbsp;<\/p>\n<p>Szukasz pomys\u0142u na atrakcyjn\u0105 dekoracj\u0119 wn\u0119trza, zachwycaj\u0105c\u0105 swym charakterem niezale\u017cnie od zmieniaj\u0105cych si\u0119 trend\u00f3w? Bia\u0142y salon b\u0119dzie dla Ciebie najlepszym rozwi\u0105zaniem. Wi\u0119cej porad dotycz\u0105cych wykorzystania tej barwy w aran\u017cacjach znajdziesz w artykule: <a href=\"https:\/\/www.brw.pl\/blog\/kuchnia-cala-w-bieli-czy-to-dobry-pomysl\/\">\u201eKuchnia ca\u0142a w bieli. Czy to dobry pomys\u0142?\u201d<\/a><\/p>\n","protected":false},"excerpt":{"rendered":"<p>Niegdy\u015b wyst\u0119powa\u0142a w niemal wszystkich polskich mieszkaniach. P\u00f3\u017aniej wyparta zosta\u0142a przez odwa\u017cne, wyraziste kolory, by wkr\u00f3tce ze zdwojon\u0105 si\u0142\u0105 powr\u00f3ci\u0107 do czo\u0142\u00f3wki najbardziej po\u017c\u0105danych trend\u00f3w w dekoracji wn\u0119trz. Mowa o klasycznej bieli \u2013 barwie, skrywaj\u0105cej w sobie nies\u0142ychany potencja\u0142 aran\u017cacyjny.<\/p>\n","protected":false},"author":7,"featured_media":11488,"comment_status":"open","ping_status":"open","sticky":false,"template":"","format":"standard","meta":{"footnotes":""},"categories":[39,28,744,572],"tags":[80,135,222,72,104,61,60],"aioseo_notices":[],"_links":{"self":[{"href":"https:\/\/www.brw.pl\/blog\/wp-json\/wp\/v2\/posts\/981"}],"collection":[{"href":"https:\/\/www.brw.pl\/blog\/wp-json\/wp\/v2\/posts"}],"about":[{"href":"https:\/\/www.brw.pl\/blog\/wp-json\/wp\/v2\/types\/post"}],"author":[{"embeddable":true,"href":"https:\/\/www.brw.pl\/blog\/wp-json\/wp\/v2\/users\/7"}],"replies":[{"embeddable":true,"href":"https:\/\/www.brw.pl\/blog\/wp-json\/wp\/v2\/comments?post=981"}],"version-history":[{"count":14,"href":"https:\/\/www.brw.pl\/blog\/wp-json\/wp\/v2\/posts\/981\/revisions"}],"predecessor-version":[{"id":31752,"href":"https:\/\/www.brw.pl\/blog\/wp-json\/wp\/v2\/posts\/981\/revisions\/31752"}],"wp:featuredmedia":[{"embeddable":true,"href":"https:\/\/www.brw.pl\/blog\/wp-json\/wp\/v2\/media\/11488"}],"wp:attachment":[{"href":"https:\/\/www.brw.pl\/blog\/wp-json\/wp\/v2\/media?parent=981"}],"wp:term":[{"taxonomy":"category","embeddable":true,"href":"https:\/\/www.brw.pl\/blog\/wp-json\/wp\/v2\/categories?post=981"},{"taxonomy":"post_tag","embeddable":true,"href":"https:\/\/www.brw.pl\/blog\/wp-json\/wp\/v2\/tags?post=981"}],"curies":[{"name":"wp","href":"https:\/\/api.w.org\/{rel}","templated":true}]}}